{"id":106550,"date":"2024-06-11T19:40:23","date_gmt":"2024-06-11T17:40:23","guid":{"rendered":"https:\/\/president-ksgov.net\/?p=106550"},"modified":"2024-06-12T10:19:11","modified_gmt":"2024-06-12T08:19:11","slug":"na-inicijativu-prvog-gospodina-prindona-sadriua-a-u-okviru-drzavne-posete-predsednice-osmani-sloveniji-2022-godine-danas-je-u-parku-navje-u-ljubljani-svecano-otvoren-kutak-albanskog-pesnika-alija-p","status":"publish","type":"post","link":"https:\/\/president-ksgov.net\/sr\/na-inicijativu-prvog-gospodina-prindona-sadriua-a-u-okviru-drzavne-posete-predsednice-osmani-sloveniji-2022-godine-danas-je-u-parku-navje-u-ljubljani-svecano-otvoren-kutak-albanskog-pesnika-alija-p\/","title":{"rendered":"Na inicijativu prvog gospodina Prindona Sadriua, a u okviru dr\u017eavne posete predsednice Osmani Sloveniji 2022. godine, danas je u parku Navje u Ljubljani sve\u010dano otvoren kutak albanskog pesnika Alija Podrimje."},"content":{"rendered":"<p>Ovo poslednje pro\u0161irenje \u201eUjedinjenih rastu\u0107ih knjiga sveta\u201c, u okviru projekta \u201eKnjiga u usponu\u201c, koji postoji ve\u0107 15 godina, ima za cilj da promovi\u0161e kulturu dr\u017eave Kosovo kroz poznato delo pesnika Podrimja \u201eJa, tvoj sin Kosovo\u201c. Ova poezija \u0107e od danas biti uklesana u parku Navje na slovena\u010dkom i engleskom jeziku.<\/p>\n<p>Kroz knji\u017eevno stvarala\u0161tvo, ova inicijativa ima za cilj da izgradi mostove izme\u0111u razli\u010ditih kultura u svetu, omogu\u0107i nau\u010dni dijalog i oja\u010da miran su\u017eivot, stvaraju\u0107i mogu\u0107nosti za rast kulturnog i nau\u010dnog znanja. U \u010dast albanskog pesnika i da radi \u00a0slavljenja nastavka ove inicijative, pored prvog gospodina Sadriua, na doga\u0111aju su bile prisutne i mnoge druge va\u017ene li\u010dnosti, kao \u0161to su prvi gospodin Slovenije, predsednik Nacionalnog saveta Slovenije, zamenik gradona\u010delnik grada Ljubljane i mnogi drugi.<\/p>\n<p>Pored ovog doga\u0111aja, tokom ju\u010dera\u0161njeg dana, Njegova ekselencija Sadriu posetio je i grad Kopar, gde je imao priliku da \u010duje vi\u0161e o antropolo\u0161kim studijama koje se sprovode u okviru Centralne biblioteke grada.<\/p>\n","protected":false},"excerpt":{"rendered":"<p>Ovo poslednje pro\u0161irenje \u201eUjedinjenih rastu\u0107ih knjiga sveta\u201c, u okviru projekta \u201eKnjiga u usponu\u201c, koji postoji ve\u0107 15 godina, ima za cilj da promovi\u0161e kulturu dr\u017eave Kosovo kroz poznato delo pesnika Podrimja \u201eJa, tvoj sin Kosovo\u201c. Ova poezija \u0107e od danas biti uklesana u parku Navje na slovena\u010dkom i engleskom jeziku. Kroz knji\u017eevno stvarala\u0161tvo, ova inicijativa ima za cilj da izgradi mostove izme\u0111u razli\u010ditih kultura u svetu, omogu\u0107i nau\u010dni dijalog i oja\u010da miran su\u017eivot, stvaraju\u0107i mogu\u0107nosti za rast kulturnog i nau\u010dnog znanja. U \u010dast albanskog pesnika i da radi \u00a0slavljenja nastavka ove inicijative, pored prvog gospodina Sadriua, na doga\u0111aju su bile prisutne i mnoge druge va\u017ene li\u010dnosti, kao \u0161to su prvi gospodin Slovenije, predsednik Nacionalnog saveta Slovenije, zamenik gradona\u010delnik grada Ljubljane i mnogi drugi. Pored ovog doga\u0111aja, tokom ju\u010dera\u0161njeg dana, Njegova ekselencija Sadriu posetio je i grad Kopar, gde je imao priliku da \u010duje vi\u0161e o antropolo\u0161kim studijama koje se sprovode u okviru Centralne biblioteke grada.<\/p>\n","protected":false},"author":11,"featured_media":106499,"comment_status":"closed","ping_status":"closed","sticky":false,"template":"","format":"standard","meta":{"_eb_attr":"","footnotes":""},"categories":[101],"tags":[],"class_list":["post-106550","post","type-post","status-publish","format-standard","has-post-thumbnail","hentry","category-vesti"],"yoast_head":"<!-- This site is optimized with the Yoast SEO plugin v23.5 - https:\/\/yoast.com\/wordpress\/plugins\/seo\/ -->\n<title>Na inicijativu prvog gospodina Prindona Sadriua, a u okviru dr\u017eavne posete predsednice Osmani Sloveniji 2022. godine, danas je u parku Navje u Ljubljani sve\u010dano otvoren kutak albanskog pesnika Alija Podrimje. - Predsednik Republike Kosovo - DR. VJOSA OSMANI - SADRIU<\/title>\n<meta name=\"description\" content=\"Na inicijativu prvog gospodina Prindona Sadriua, a u okviru dr\u017eavne posete predsednice Osmani Sloveniji 2022. godine, danas je u parku Navje u Ljubljani sve\u010dano otvoren kutak albanskog pesnika Alija Podrimje. - Predsednik Republike Kosovo - DR. VJOSA OSMANI - SADRIU -\" \/>\n<meta name=\"robots\" content=\"index, follow, max-snippet:-1, max-image-preview:large, max-video-preview:-1\" \/>\n<link rel=\"canonical\" href=\"https:\/\/president-ksgov.net\/sr\/na-inicijativu-prvog-gospodina-prindona-sadriua-a-u-okviru-drzavne-posete-predsednice-osmani-sloveniji-2022-godine-danas-je-u-parku-navje-u-ljubljani-svecano-otvoren-kutak-albanskog-pesnika-alija-p\/\" \/>\n<meta property=\"og:locale\" content=\"sr_RS\" \/>\n<meta property=\"og:type\" content=\"article\" \/>\n<meta property=\"og:title\" content=\"Na inicijativu prvog gospodina Prindona Sadriua, a u okviru dr\u017eavne posete predsednice Osmani Sloveniji 2022. godine, danas je u parku Navje u Ljubljani sve\u010dano otvoren kutak albanskog pesnika Alija Podrimje. - Predsednik Republike Kosovo - DR. VJOSA OSMANI - SADRIU\" \/>\n<meta property=\"og:description\" content=\"Na inicijativu prvog gospodina Prindona Sadriua, a u okviru dr\u017eavne posete predsednice Osmani Sloveniji 2022. godine, danas je u parku Navje u Ljubljani sve\u010dano otvoren kutak albanskog pesnika Alija Podrimje. - Predsednik Republike Kosovo - DR. VJOSA OSMANI - SADRIU -\" \/>\n<meta property=\"og:url\" content=\"https:\/\/president-ksgov.net\/sr\/na-inicijativu-prvog-gospodina-prindona-sadriua-a-u-okviru-drzavne-posete-predsednice-osmani-sloveniji-2022-godine-danas-je-u-parku-navje-u-ljubljani-svecano-otvoren-kutak-albanskog-pesnika-alija-p\/\" \/>\n<meta property=\"og:site_name\" content=\"Predsednik Republike Kosovo - DR. VJOSA OSMANI - SADRIU\" \/>\n<meta property=\"article:published_time\" content=\"2024-06-11T17:40:23+00:00\" \/>\n<meta property=\"article:modified_time\" content=\"2024-06-12T08:19:11+00:00\" \/>\n<meta property=\"og:image\" content=\"https:\/\/president-ksgov.net\/wp-content\/uploads\/1-6-scaled.jpeg\" \/>\n\t<meta property=\"og:image:width\" content=\"2560\" \/>\n\t<meta property=\"og:image:height\" content=\"1920\" \/>\n\t<meta property=\"og:image:type\" content=\"image\/jpeg\" \/>\n<meta name=\"author\" content=\"presidentlogin\" \/>\n<meta name=\"twitter:card\" content=\"summary_large_image\" \/>\n<meta name=\"twitter:label1\" content=\"\u041d\u0430\u043f\u0438\u0441\u0430\u043d\u043e \u043e\u0434\" \/>\n\t<meta name=\"twitter:data1\" content=\"presidentlogin\" \/>\n\t<meta name=\"twitter:label2\" content=\"\u041f\u0440\u043e\u0446\u0435\u045a\u0435\u043d\u043e \u0432\u0440\u0435\u043c\u0435 \u0447\u0438\u0442\u0430\u045a\u0430\" \/>\n\t<meta name=\"twitter:data2\" content=\"2 \u043c\u0438\u043d\u0443\u0442\u0430\" \/>\n<script type=\"application\/ld+json\" class=\"yoast-schema-graph\">{\"@context\":\"https:\/\/schema.org\",\"@graph\":[{\"@type\":\"WebPage\",\"@id\":\"https:\/\/president-ksgov.net\/sr\/na-inicijativu-prvog-gospodina-prindona-sadriua-a-u-okviru-drzavne-posete-predsednice-osmani-sloveniji-2022-godine-danas-je-u-parku-navje-u-ljubljani-svecano-otvoren-kutak-albanskog-pesnika-alija-p\/\",\"url\":\"https:\/\/president-ksgov.net\/sr\/na-inicijativu-prvog-gospodina-prindona-sadriua-a-u-okviru-drzavne-posete-predsednice-osmani-sloveniji-2022-godine-danas-je-u-parku-navje-u-ljubljani-svecano-otvoren-kutak-albanskog-pesnika-alija-p\/\",\"name\":\"Na inicijativu prvog gospodina Prindona Sadriua, a u okviru dr\u017eavne posete predsednice Osmani Sloveniji 2022. godine, danas je u parku Navje u Ljubljani sve\u010dano otvoren kutak albanskog pesnika Alija Podrimje. - Predsednik Republike Kosovo - DR. VJOSA OSMANI - SADRIU\",\"isPartOf\":{\"@id\":\"https:\/\/president-ksgov.net\/#website\"},\"primaryImageOfPage\":{\"@id\":\"https:\/\/president-ksgov.net\/sr\/na-inicijativu-prvog-gospodina-prindona-sadriua-a-u-okviru-drzavne-posete-predsednice-osmani-sloveniji-2022-godine-danas-je-u-parku-navje-u-ljubljani-svecano-otvoren-kutak-albanskog-pesnika-alija-p\/#primaryimage\"},\"image\":{\"@id\":\"https:\/\/president-ksgov.net\/sr\/na-inicijativu-prvog-gospodina-prindona-sadriua-a-u-okviru-drzavne-posete-predsednice-osmani-sloveniji-2022-godine-danas-je-u-parku-navje-u-ljubljani-svecano-otvoren-kutak-albanskog-pesnika-alija-p\/#primaryimage\"},\"thumbnailUrl\":\"https:\/\/president-ksgov.net\/wp-content\/uploads\/1-6-scaled.jpeg\",\"datePublished\":\"2024-06-11T17:40:23+00:00\",\"dateModified\":\"2024-06-12T08:19:11+00:00\",\"author\":{\"@id\":\"https:\/\/president-ksgov.net\/#\/schema\/person\/1a2c014cffc81ec60d5a452a36d08d92\"},\"description\":\"Na inicijativu prvog gospodina Prindona Sadriua, a u okviru dr\u017eavne posete predsednice Osmani Sloveniji 2022. godine, danas je u parku Navje u Ljubljani sve\u010dano otvoren kutak albanskog pesnika Alija Podrimje. - Predsednik Republike Kosovo - DR. VJOSA OSMANI - SADRIU -\",\"breadcrumb\":{\"@id\":\"https:\/\/president-ksgov.net\/sr\/na-inicijativu-prvog-gospodina-prindona-sadriua-a-u-okviru-drzavne-posete-predsednice-osmani-sloveniji-2022-godine-danas-je-u-parku-navje-u-ljubljani-svecano-otvoren-kutak-albanskog-pesnika-alija-p\/#breadcrumb\"},\"inLanguage\":\"sr-RS\",\"potentialAction\":[{\"@type\":\"ReadAction\",\"target\":[\"https:\/\/president-ksgov.net\/sr\/na-inicijativu-prvog-gospodina-prindona-sadriua-a-u-okviru-drzavne-posete-predsednice-osmani-sloveniji-2022-godine-danas-je-u-parku-navje-u-ljubljani-svecano-otvoren-kutak-albanskog-pesnika-alija-p\/\"]}]},{\"@type\":\"ImageObject\",\"inLanguage\":\"sr-RS\",\"@id\":\"https:\/\/president-ksgov.net\/sr\/na-inicijativu-prvog-gospodina-prindona-sadriua-a-u-okviru-drzavne-posete-predsednice-osmani-sloveniji-2022-godine-danas-je-u-parku-navje-u-ljubljani-svecano-otvoren-kutak-albanskog-pesnika-alija-p\/#primaryimage\",\"url\":\"https:\/\/president-ksgov.net\/wp-content\/uploads\/1-6-scaled.jpeg\",\"contentUrl\":\"https:\/\/president-ksgov.net\/wp-content\/uploads\/1-6-scaled.jpeg\",\"width\":2560,\"height\":1920},{\"@type\":\"BreadcrumbList\",\"@id\":\"https:\/\/president-ksgov.net\/sr\/na-inicijativu-prvog-gospodina-prindona-sadriua-a-u-okviru-drzavne-posete-predsednice-osmani-sloveniji-2022-godine-danas-je-u-parku-navje-u-ljubljani-svecano-otvoren-kutak-albanskog-pesnika-alija-p\/#breadcrumb\",\"itemListElement\":[{\"@type\":\"ListItem\",\"position\":1,\"name\":\"Home\",\"item\":\"https:\/\/president-ksgov.net\/sr\/\"},{\"@type\":\"ListItem\",\"position\":2,\"name\":\"Na inicijativu prvog gospodina Prindona Sadriua, a u okviru dr\u017eavne posete predsednice Osmani Sloveniji 2022. godine, danas je u parku Navje u Ljubljani sve\u010dano otvoren kutak albanskog pesnika Alija Podrimje.\"}]},{\"@type\":\"WebSite\",\"@id\":\"https:\/\/president-ksgov.net\/#website\",\"url\":\"https:\/\/president-ksgov.net\/\",\"name\":\"Presidente e Republik\u00ebs s\u00eb Kosov\u00ebs\",\"description\":\"Presidente e Republik\u00ebs s\u00eb Kosov\u00ebs\",\"alternateName\":\"DR. VJOSA OSMANI - SADRIU\",\"potentialAction\":[{\"@type\":\"SearchAction\",\"target\":{\"@type\":\"EntryPoint\",\"urlTemplate\":\"https:\/\/president-ksgov.net\/?s={search_term_string}\"},\"query-input\":{\"@type\":\"PropertyValueSpecification\",\"valueRequired\":true,\"valueName\":\"search_term_string\"}}],\"inLanguage\":\"sr-RS\"},{\"@type\":\"Person\",\"@id\":\"https:\/\/president-ksgov.net\/#\/schema\/person\/1a2c014cffc81ec60d5a452a36d08d92\",\"name\":\"presidentlogin\",\"image\":{\"@type\":\"ImageObject\",\"inLanguage\":\"sr-RS\",\"@id\":\"https:\/\/president-ksgov.net\/#\/schema\/person\/image\/\",\"url\":\"https:\/\/secure.gravatar.com\/avatar\/339f00ab0a8a0d5ce1ecff10aa2b4a1f51f58bbd5a57793f8cd6ad624080d807?s=96&d=mm&r=g\",\"contentUrl\":\"https:\/\/secure.gravatar.com\/avatar\/339f00ab0a8a0d5ce1ecff10aa2b4a1f51f58bbd5a57793f8cd6ad624080d807?s=96&d=mm&r=g\",\"caption\":\"presidentlogin\"}}]}<\/script>\n<!-- \/ Yoast SEO plugin. -->","yoast_head_json":{"title":"Na inicijativu prvog gospodina Prindona Sadriua, a u okviru dr\u017eavne posete predsednice Osmani Sloveniji 2022. godine, danas je u parku Navje u Ljubljani sve\u010dano otvoren kutak albanskog pesnika Alija Podrimje. - Predsednik Republike Kosovo - DR. VJOSA OSMANI - SADRIU","description":"Na inicijativu prvog gospodina Prindona Sadriua, a u okviru dr\u017eavne posete predsednice Osmani Sloveniji 2022. godine, danas je u parku Navje u Ljubljani sve\u010dano otvoren kutak albanskog pesnika Alija Podrimje. - Predsednik Republike Kosovo - DR. VJOSA OSMANI - SADRIU -","robots":{"index":"index","follow":"follow","max-snippet":"max-snippet:-1","max-image-preview":"max-image-preview:large","max-video-preview":"max-video-preview:-1"},"canonical":"https:\/\/president-ksgov.net\/sr\/na-inicijativu-prvog-gospodina-prindona-sadriua-a-u-okviru-drzavne-posete-predsednice-osmani-sloveniji-2022-godine-danas-je-u-parku-navje-u-ljubljani-svecano-otvoren-kutak-albanskog-pesnika-alija-p\/","og_locale":"sr_RS","og_type":"article","og_title":"Na inicijativu prvog gospodina Prindona Sadriua, a u okviru dr\u017eavne posete predsednice Osmani Sloveniji 2022. godine, danas je u parku Navje u Ljubljani sve\u010dano otvoren kutak albanskog pesnika Alija Podrimje. - Predsednik Republike Kosovo - DR. VJOSA OSMANI - SADRIU","og_description":"Na inicijativu prvog gospodina Prindona Sadriua, a u okviru dr\u017eavne posete predsednice Osmani Sloveniji 2022. godine, danas je u parku Navje u Ljubljani sve\u010dano otvoren kutak albanskog pesnika Alija Podrimje. - Predsednik Republike Kosovo - DR. VJOSA OSMANI - SADRIU -","og_url":"https:\/\/president-ksgov.net\/sr\/na-inicijativu-prvog-gospodina-prindona-sadriua-a-u-okviru-drzavne-posete-predsednice-osmani-sloveniji-2022-godine-danas-je-u-parku-navje-u-ljubljani-svecano-otvoren-kutak-albanskog-pesnika-alija-p\/","og_site_name":"Predsednik Republike Kosovo - DR. VJOSA OSMANI - SADRIU","article_published_time":"2024-06-11T17:40:23+00:00","article_modified_time":"2024-06-12T08:19:11+00:00","og_image":[{"width":2560,"height":1920,"url":"https:\/\/president-ksgov.net\/wp-content\/uploads\/1-6-scaled.jpeg","type":"image\/jpeg"}],"author":"presidentlogin","twitter_card":"summary_large_image","twitter_misc":{"\u041d\u0430\u043f\u0438\u0441\u0430\u043d\u043e \u043e\u0434":"presidentlogin","\u041f\u0440\u043e\u0446\u0435\u045a\u0435\u043d\u043e \u0432\u0440\u0435\u043c\u0435 \u0447\u0438\u0442\u0430\u045a\u0430":"2 \u043c\u0438\u043d\u0443\u0442\u0430"},"schema":{"@context":"https:\/\/schema.org","@graph":[{"@type":"WebPage","@id":"https:\/\/president-ksgov.net\/sr\/na-inicijativu-prvog-gospodina-prindona-sadriua-a-u-okviru-drzavne-posete-predsednice-osmani-sloveniji-2022-godine-danas-je-u-parku-navje-u-ljubljani-svecano-otvoren-kutak-albanskog-pesnika-alija-p\/","url":"https:\/\/president-ksgov.net\/sr\/na-inicijativu-prvog-gospodina-prindona-sadriua-a-u-okviru-drzavne-posete-predsednice-osmani-sloveniji-2022-godine-danas-je-u-parku-navje-u-ljubljani-svecano-otvoren-kutak-albanskog-pesnika-alija-p\/","name":"Na inicijativu prvog gospodina Prindona Sadriua, a u okviru dr\u017eavne posete predsednice Osmani Sloveniji 2022. godine, danas je u parku Navje u Ljubljani sve\u010dano otvoren kutak albanskog pesnika Alija Podrimje. - Predsednik Republike Kosovo - DR. VJOSA OSMANI - SADRIU","isPartOf":{"@id":"https:\/\/president-ksgov.net\/#website"},"primaryImageOfPage":{"@id":"https:\/\/president-ksgov.net\/sr\/na-inicijativu-prvog-gospodina-prindona-sadriua-a-u-okviru-drzavne-posete-predsednice-osmani-sloveniji-2022-godine-danas-je-u-parku-navje-u-ljubljani-svecano-otvoren-kutak-albanskog-pesnika-alija-p\/#primaryimage"},"image":{"@id":"https:\/\/president-ksgov.net\/sr\/na-inicijativu-prvog-gospodina-prindona-sadriua-a-u-okviru-drzavne-posete-predsednice-osmani-sloveniji-2022-godine-danas-je-u-parku-navje-u-ljubljani-svecano-otvoren-kutak-albanskog-pesnika-alija-p\/#primaryimage"},"thumbnailUrl":"https:\/\/president-ksgov.net\/wp-content\/uploads\/1-6-scaled.jpeg","datePublished":"2024-06-11T17:40:23+00:00","dateModified":"2024-06-12T08:19:11+00:00","author":{"@id":"https:\/\/president-ksgov.net\/#\/schema\/person\/1a2c014cffc81ec60d5a452a36d08d92"},"description":"Na inicijativu prvog gospodina Prindona Sadriua, a u okviru dr\u017eavne posete predsednice Osmani Sloveniji 2022. godine, danas je u parku Navje u Ljubljani sve\u010dano otvoren kutak albanskog pesnika Alija Podrimje. - Predsednik Republike Kosovo - DR. VJOSA OSMANI - SADRIU -","breadcrumb":{"@id":"https:\/\/president-ksgov.net\/sr\/na-inicijativu-prvog-gospodina-prindona-sadriua-a-u-okviru-drzavne-posete-predsednice-osmani-sloveniji-2022-godine-danas-je-u-parku-navje-u-ljubljani-svecano-otvoren-kutak-albanskog-pesnika-alija-p\/#breadcrumb"},"inLanguage":"sr-RS","potentialAction":[{"@type":"ReadAction","target":["https:\/\/president-ksgov.net\/sr\/na-inicijativu-prvog-gospodina-prindona-sadriua-a-u-okviru-drzavne-posete-predsednice-osmani-sloveniji-2022-godine-danas-je-u-parku-navje-u-ljubljani-svecano-otvoren-kutak-albanskog-pesnika-alija-p\/"]}]},{"@type":"ImageObject","inLanguage":"sr-RS","@id":"https:\/\/president-ksgov.net\/sr\/na-inicijativu-prvog-gospodina-prindona-sadriua-a-u-okviru-drzavne-posete-predsednice-osmani-sloveniji-2022-godine-danas-je-u-parku-navje-u-ljubljani-svecano-otvoren-kutak-albanskog-pesnika-alija-p\/#primaryimage","url":"https:\/\/president-ksgov.net\/wp-content\/uploads\/1-6-scaled.jpeg","contentUrl":"https:\/\/president-ksgov.net\/wp-content\/uploads\/1-6-scaled.jpeg","width":2560,"height":1920},{"@type":"BreadcrumbList","@id":"https:\/\/president-ksgov.net\/sr\/na-inicijativu-prvog-gospodina-prindona-sadriua-a-u-okviru-drzavne-posete-predsednice-osmani-sloveniji-2022-godine-danas-je-u-parku-navje-u-ljubljani-svecano-otvoren-kutak-albanskog-pesnika-alija-p\/#breadcrumb","itemListElement":[{"@type":"ListItem","position":1,"name":"Home","item":"https:\/\/president-ksgov.net\/sr\/"},{"@type":"ListItem","position":2,"name":"Na inicijativu prvog gospodina Prindona Sadriua, a u okviru dr\u017eavne posete predsednice Osmani Sloveniji 2022. godine, danas je u parku Navje u Ljubljani sve\u010dano otvoren kutak albanskog pesnika Alija Podrimje."}]},{"@type":"WebSite","@id":"https:\/\/president-ksgov.net\/#website","url":"https:\/\/president-ksgov.net\/","name":"Presidente e Republik\u00ebs s\u00eb Kosov\u00ebs","description":"Presidente e Republik\u00ebs s\u00eb Kosov\u00ebs","alternateName":"DR. VJOSA OSMANI - SADRIU","potentialAction":[{"@type":"SearchAction","target":{"@type":"EntryPoint","urlTemplate":"https:\/\/president-ksgov.net\/?s={search_term_string}"},"query-input":{"@type":"PropertyValueSpecification","valueRequired":true,"valueName":"search_term_string"}}],"inLanguage":"sr-RS"},{"@type":"Person","@id":"https:\/\/president-ksgov.net\/#\/schema\/person\/1a2c014cffc81ec60d5a452a36d08d92","name":"presidentlogin","image":{"@type":"ImageObject","inLanguage":"sr-RS","@id":"https:\/\/president-ksgov.net\/#\/schema\/person\/image\/","url":"https:\/\/secure.gravatar.com\/avatar\/339f00ab0a8a0d5ce1ecff10aa2b4a1f51f58bbd5a57793f8cd6ad624080d807?s=96&d=mm&r=g","contentUrl":"https:\/\/secure.gravatar.com\/avatar\/339f00ab0a8a0d5ce1ecff10aa2b4a1f51f58bbd5a57793f8cd6ad624080d807?s=96&d=mm&r=g","caption":"presidentlogin"}}]}},"_links":{"self":[{"href":"https:\/\/president-ksgov.net\/sr\/wp-json\/wp\/v2\/posts\/106550","targetHints":{"allow":["GET"]}}],"collection":[{"href":"https:\/\/president-ksgov.net\/sr\/wp-json\/wp\/v2\/posts"}],"about":[{"href":"https:\/\/president-ksgov.net\/sr\/wp-json\/wp\/v2\/types\/post"}],"author":[{"embeddable":true,"href":"https:\/\/president-ksgov.net\/sr\/wp-json\/wp\/v2\/users\/11"}],"replies":[{"embeddable":true,"href":"https:\/\/president-ksgov.net\/sr\/wp-json\/wp\/v2\/comments?post=106550"}],"version-history":[{"count":1,"href":"https:\/\/president-ksgov.net\/sr\/wp-json\/wp\/v2\/posts\/106550\/revisions"}],"predecessor-version":[{"id":106551,"href":"https:\/\/president-ksgov.net\/sr\/wp-json\/wp\/v2\/posts\/106550\/revisions\/106551"}],"wp:featuredmedia":[{"embeddable":true,"href":"https:\/\/president-ksgov.net\/sr\/wp-json\/wp\/v2\/media\/106499"}],"wp:attachment":[{"href":"https:\/\/president-ksgov.net\/sr\/wp-json\/wp\/v2\/media?parent=106550"}],"wp:term":[{"taxonomy":"category","embeddable":true,"href":"https:\/\/president-ksgov.net\/sr\/wp-json\/wp\/v2\/categories?post=106550"},{"taxonomy":"post_tag","embeddable":true,"href":"https:\/\/president-ksgov.net\/sr\/wp-json\/wp\/v2\/tags?post=106550"}],"curies":[{"name":"wp","href":"https:\/\/api.w.org\/{rel}","templated":true}]}}