{"id":106368,"date":"2024-06-11T16:16:50","date_gmt":"2024-06-11T14:16:50","guid":{"rendered":"https:\/\/president-ksgov.net\/?p=106368"},"modified":"2025-02-12T11:58:01","modified_gmt":"2025-02-12T10:58:01","slug":"govor-predsednice-osmani-na-146-godisnjici-albanske-prizrenske-lige","status":"publish","type":"post","link":"https:\/\/president-ksgov.net\/sr\/govor-predsednice-osmani-na-146-godisnjici-albanske-prizrenske-lige\/","title":{"rendered":"Govor predsednice Osmani na 146. godi\u0161njici Albanske prizrenske lige"},"content":{"rendered":"<p><strong><em>Po\u0161tovani predsedni\u010de Skup\u0161tine g. Konjufca,<\/em><\/strong><\/p>\n<p><strong><em>Po\u0161tovani premijeru g. Kurti, <\/em><\/strong><\/p>\n<p><strong><em>Po\u0161tovani zamenici premijera, ministri,<\/em><\/strong><\/p>\n<p><strong><em>Predstavnici op\u0161tine Prizren, <\/em><\/strong><\/p>\n<p><strong><em>Predstavnici centralnih i lokalnih institucija, <\/em><\/strong><\/p>\n<p><strong><em>Po\u0161tovani poslanici,<\/em><\/strong><\/p>\n<p><strong><em>Po\u0161tovani gra\u0111ani Prizrena, Republike Kosovo, Albanije i celog albanskog prostora, <\/em><\/strong><\/p>\n<p>&nbsp;<\/p>\n<p>&nbsp;<\/p>\n<p>Danas smo ponovo u Prizrenu kako bismo razmislili o dva klju\u010dna trenutka u istoriji albanskog naroda i Kosova, doga\u0111ajima koji su se odigrali u razmaku vi\u0161e od jednog veka, ali su po svom zna\u010daju duboko povezani: Prizrenska liga 1878. godine i oslobo\u0111enje Kosova 12. juna 1999. godine.<\/p>\n<p>&nbsp;<\/p>\n<p>Ova dva datuma simbolizuju trajni duh na\u0161eg naroda, na\u0161u posve\u0107enost slobodi i na\u0161u nepokolebljivu odlu\u010dnost u borbi za slobodu i nezavisnost.<\/p>\n<p>&nbsp;<\/p>\n<p>Svaki put kada do\u0111e 10. jun, vra\u0107amo se na ovo mesto gde su se pre 146 godina u Skup\u0161tini okupljali ideolozi Ymer Prizreni, Abdyl Frash\u00ebri, Iljaz Pash\u00eb-Dibra, Sylejman Vokshi i mnogi drugi sa ciljem nacionalnog bu\u0111enja protiv opasnosti koja je pretila na\u0161em narodu.<\/p>\n<p>&nbsp;<\/p>\n<p>Spajanjem op\u0161tenarodne politi\u010dke i vojne organizacije, Prizrenska liga predstavlja vrhunsku organizaciju za oslobo\u0111enje albanskih zemalja i njihovu za\u0161titu od svake pretnje i pretenzija drugih zemalja.<\/p>\n<p>&nbsp;<\/p>\n<p>Prizren je izabran kao odgovaraju\u0107a lokacija, u skladu sa tada\u0161njim geostrate\u0161kim i geopoliti\u010dkim kontekstom, kojim je rukovodstvo Lige, kao i drugi narodi u Evropi, ciljalo na svetu misiju nacionalnog preporoda i bu\u0111enja i ostvarivanje prirodnog prava na slobodu i nezavisnost.<\/p>\n<p>&nbsp;<\/p>\n<p>Zahtevi i stavovi Prizrenske lige postali su kamen temeljac i kompas na\u0161e sudbine kao nacije, pored drugih naroda Evrope.<\/p>\n<p>&nbsp;<\/p>\n<p>I pored toga \u0161to na Berlinskom kongresu velike sile nisu razmatrale stavove i zahteve Skup\u0161tine Albanske Prizrenske lige, njeni lideri su prednja\u010dili u organizovanju i sprovo\u0111enju titanskog otpora radi sprovo\u0111enja ideala povezanih sa odlukama Lige Le\u017ee, koju je predvodio na\u0161 nacionalni heroj Gjergj Kastrioti-Sk\u00ebnderbeu.<\/p>\n<p>&nbsp;<\/p>\n<p>Kontinuitet brojnih oslobodila\u010dkih ustanaka, posebno onaj 1910. na Kosovu, zatim onaj 1911. koji je predvodio Ded\u00eb Gjo Luli, progla\u0161enje nezavisnosti 28. novembra 1912. u Vljori, i kona\u010dno progla\u0161enje nezavisnosti Kosova 17. februara 2008. godine, imaju svoj izvor u istoriji Prizrenske lige.<\/p>\n<p>Stoga, Prizrenska liga ostaje zauvek urezana u umove i srca svakog Albanca kao prirodni testament duha na\u0161eg naroda.<\/p>\n<p>&nbsp;<\/p>\n<p>Upravo je ovaj cilj, zajedno sa ciljem Lige, prirodno isprepleten sa junom 1999. godine, sa istorijskom pobedom otpora na\u0161eg naroda, predvo\u0111enog mirnim otporom u po\u010detku od strane istorijskog predsednika Ibrahima Rugove i u oslobodila\u010dkom ratu OVK-a, predvo\u0111enog legendarnim komandantom, Ademom Jasharijem, uz sna\u017enu podr\u0161ku demokratskog sveta predvo\u0111enog Sjedinjenim Ameri\u010dkim Dr\u017eavama, i \u010ditavog Sevetnoatlanskog saveza (NATO).<\/p>\n<p>&nbsp;<\/p>\n<p>I 1998. i 1999. godine, kao i 1878. godine, Albanci iz celog sveta su se okupili da podr\u017ee oslobodila\u010dki rat, \u010dine\u0107i Kosovo slobodnim i nezavisnim, kao \u0161to su generacije sanjale i \u017ertvovale se.<\/p>\n<p>&nbsp;<\/p>\n<p>Kao \u0161to je gospodin Tony Blair rekao danas u Skup\u0161tini Kosova: Kosovo je oslobo\u0111eno od okupatorske sile, jer su oni bili okupatori, ali se nikada ne\u0107e vratiti.<\/p>\n<p>&nbsp;<\/p>\n<p>Me\u0111utim, kako se istorija ponavlja, tako se ponavljaju i trendovi. U ovom turbulentnom vremenu za na\u0161 kontinent, srpske \u0161ovinisti\u010dke ambicije ponovo su na sceni sa apetitima kakve nismo videli 25 godina.<\/p>\n<p>&nbsp;<\/p>\n<p>Dakle, pred velikim bezbednosnim pretnjama, na\u0161e jedinstvo \u0107e slu\u017eiti kao snaga za za\u0161titu na\u0161e dr\u017eave od \u0161ovinisti\u010dkih tendencija susedne Srbije.<\/p>\n<p>&nbsp;<\/p>\n<p>Moramo se izdi\u0107i iznad svojih razli\u010ditosti, osvr\u0107u\u0107i se na doga\u0111aje na\u0161e istorije da na\u0111emo snagu koju smo nekada imali, da u odbrani nacije i otad\u017ebine svi budemo jedno!<\/p>\n<p>&nbsp;<\/p>\n<p><em>Sre\u0107na 146. godi\u0161njica Prizrenske lige!<\/em><\/p>\n<p><em>Sre\u0107na 25. godi\u0161njica oslobo\u0111enja Kosova<\/em><\/p>\n<p><em>Hvala vam!<\/em><\/p>\n<p>&nbsp;<\/p>\n<p><iframe style=\"border: none; overflow: hidden;\" src=\"https:\/\/www.facebook.com\/plugins\/video.php?height=314&amp;href=https%3A%2F%2Fwww.facebook.com%2FPresidencaRKS%2Fvideos%2F1831666093966255%2F&amp;show_text=false&amp;width=560&amp;t=0\" width=\"560\" height=\"560\" frameborder=\"0\" scrolling=\"no\" allowfullscreen=\"allowfullscreen\"><span data-mce-type=\"bookmark\" style=\"display: inline-block; width: 0px; overflow: hidden; line-height: 0;\" class=\"mce_SELRES_start\">\ufeff<\/span><\/iframe><\/p>\n","protected":false},"excerpt":{"rendered":"<p>Po\u0161tovani predsedni\u010de Skup\u0161tine g. Konjufca, Po\u0161tovani premijeru g. Kurti, Po\u0161tovani zamenici premijera, ministri, Predstavnici op\u0161tine Prizren, Predstavnici centralnih i lokalnih institucija, Po\u0161tovani poslanici, Po\u0161tovani gra\u0111ani Prizrena, Republike Kosovo, Albanije i celog albanskog prostora, &nbsp; &nbsp; Danas smo ponovo u Prizrenu kako bismo razmislili o dva klju\u010dna trenutka u istoriji albanskog naroda i Kosova, doga\u0111ajima koji su se odigrali u razmaku vi\u0161e od jednog veka, ali su po svom zna\u010daju duboko povezani: Prizrenska liga 1878. godine i oslobo\u0111enje Kosova 12. juna 1999. godine. &nbsp; Ova dva datuma simbolizuju trajni duh na\u0161eg naroda, na\u0161u posve\u0107enost slobodi i na\u0161u nepokolebljivu odlu\u010dnost u borbi za slobodu i nezavisnost. &nbsp; Svaki put kada do\u0111e 10. jun, vra\u0107amo se na ovo mesto gde su se pre 146 godina u Skup\u0161tini okupljali ideolozi Ymer Prizreni, Abdyl Frash\u00ebri, Iljaz Pash\u00eb-Dibra, Sylejman Vokshi i mnogi drugi sa ciljem nacionalnog bu\u0111enja protiv opasnosti koja je pretila na\u0161em narodu. &nbsp; Spajanjem op\u0161tenarodne politi\u010dke i vojne organizacije, Prizrenska liga predstavlja vrhunsku organizaciju za oslobo\u0111enje albanskih zemalja i njihovu za\u0161titu od svake pretnje i pretenzija drugih zemalja. &nbsp; Prizren je izabran kao odgovaraju\u0107a lokacija, u skladu sa tada\u0161njim geostrate\u0161kim i geopoliti\u010dkim kontekstom, kojim je rukovodstvo Lige, kao i drugi narodi u Evropi, ciljalo na svetu misiju nacionalnog preporoda i bu\u0111enja i ostvarivanje prirodnog prava na slobodu i nezavisnost. &nbsp; Zahtevi i stavovi Prizrenske lige postali su kamen temeljac i kompas na\u0161e sudbine kao nacije, pored drugih naroda Evrope. &nbsp; I pored toga \u0161to na Berlinskom kongresu velike sile nisu razmatrale stavove i zahteve Skup\u0161tine Albanske Prizrenske lige, njeni lideri su prednja\u010dili u organizovanju i sprovo\u0111enju titanskog otpora radi sprovo\u0111enja ideala povezanih sa odlukama Lige Le\u017ee, koju je predvodio na\u0161 nacionalni heroj Gjergj Kastrioti-Sk\u00ebnderbeu. &nbsp; Kontinuitet brojnih oslobodila\u010dkih ustanaka, posebno onaj 1910. na Kosovu, zatim onaj 1911. koji je predvodio Ded\u00eb Gjo Luli, progla\u0161enje nezavisnosti 28. novembra 1912. u Vljori, i kona\u010dno progla\u0161enje nezavisnosti Kosova 17. februara 2008. godine, imaju svoj izvor u istoriji Prizrenske lige. Stoga, Prizrenska liga ostaje zauvek urezana u umove i srca svakog Albanca kao prirodni testament duha na\u0161eg naroda. &nbsp; Upravo je ovaj cilj, zajedno sa ciljem Lige, prirodno isprepleten sa junom 1999. godine, sa istorijskom pobedom otpora na\u0161eg naroda, predvo\u0111enog mirnim otporom u po\u010detku od strane istorijskog predsednika Ibrahima Rugove i u oslobodila\u010dkom ratu OVK-a, predvo\u0111enog legendarnim komandantom, Ademom Jasharijem, uz sna\u017enu podr\u0161ku demokratskog sveta predvo\u0111enog Sjedinjenim Ameri\u010dkim Dr\u017eavama, i \u010ditavog Sevetnoatlanskog saveza (NATO). &nbsp; I 1998. i 1999. godine, kao i 1878. godine, Albanci iz celog sveta su se okupili da podr\u017ee oslobodila\u010dki rat, \u010dine\u0107i Kosovo slobodnim i nezavisnim, kao \u0161to su generacije sanjale i \u017ertvovale se. &nbsp; Kao \u0161to je gospodin Tony Blair rekao danas u Skup\u0161tini Kosova: Kosovo je oslobo\u0111eno od okupatorske sile, jer su oni bili okupatori, ali se nikada ne\u0107e vratiti. &nbsp; Me\u0111utim, kako se istorija ponavlja, tako se ponavljaju i trendovi. U ovom turbulentnom vremenu za na\u0161 kontinent, srpske \u0161ovinisti\u010dke ambicije ponovo su na sceni sa apetitima kakve nismo videli 25 godina. &nbsp; Dakle, pred velikim bezbednosnim pretnjama, na\u0161e jedinstvo \u0107e slu\u017eiti kao snaga za za\u0161titu na\u0161e dr\u017eave od \u0161ovinisti\u010dkih tendencija susedne Srbije. &nbsp; Moramo se izdi\u0107i iznad svojih razli\u010ditosti, osvr\u0107u\u0107i se na doga\u0111aje na\u0161e istorije da na\u0111emo snagu koju smo nekada imali, da u odbrani nacije i otad\u017ebine svi budemo jedno! &nbsp; Sre\u0107na 146. godi\u0161njica Prizrenske lige! Sre\u0107na 25. godi\u0161njica oslobo\u0111enja Kosova Hvala vam! &nbsp; \ufeff<\/p>\n","protected":false},"author":13,"featured_media":106345,"comment_status":"closed","ping_status":"closed","sticky":false,"template":"","format":"standard","meta":{"_eb_attr":"","footnotes":""},"categories":[106,101],"tags":[],"class_list":["post-106368","post","type-post","status-publish","format-standard","has-post-thumbnail","hentry","category-govori","category-vesti"],"yoast_head":"<!-- This site is optimized with the Yoast SEO plugin v23.5 - https:\/\/yoast.com\/wordpress\/plugins\/seo\/ -->\n<title>Govor predsednice Osmani na 146. godi\u0161njici Albanske prizrenske lige - Predsednik Republike Kosovo - DR. VJOSA OSMANI - SADRIU<\/title>\n<meta name=\"description\" content=\"Govor predsednice Osmani na 146. godi\u0161njici Albanske prizrenske lige - Predsednik Republike Kosovo - DR. VJOSA OSMANI - SADRIU -\" \/>\n<meta name=\"robots\" content=\"index, follow, max-snippet:-1, max-image-preview:large, max-video-preview:-1\" \/>\n<link rel=\"canonical\" href=\"https:\/\/president-ksgov.net\/sr\/govor-predsednice-osmani-na-146-godisnjici-albanske-prizrenske-lige\/\" \/>\n<meta property=\"og:locale\" content=\"sr_RS\" \/>\n<meta property=\"og:type\" content=\"article\" \/>\n<meta property=\"og:title\" content=\"Govor predsednice Osmani na 146. godi\u0161njici Albanske prizrenske lige - Predsednik Republike Kosovo - DR. VJOSA OSMANI - SADRIU\" \/>\n<meta property=\"og:description\" content=\"Govor predsednice Osmani na 146. godi\u0161njici Albanske prizrenske lige - Predsednik Republike Kosovo - DR. VJOSA OSMANI - SADRIU -\" \/>\n<meta property=\"og:url\" content=\"https:\/\/president-ksgov.net\/sr\/govor-predsednice-osmani-na-146-godisnjici-albanske-prizrenske-lige\/\" \/>\n<meta property=\"og:site_name\" content=\"Predsednik Republike Kosovo - DR. VJOSA OSMANI - SADRIU\" \/>\n<meta property=\"article:published_time\" content=\"2024-06-11T14:16:50+00:00\" \/>\n<meta property=\"article:modified_time\" content=\"2025-02-12T10:58:01+00:00\" \/>\n<meta property=\"og:image\" content=\"https:\/\/president-ksgov.net\/wp-content\/uploads\/1-Copy.jpg\" \/>\n\t<meta property=\"og:image:width\" content=\"1500\" \/>\n\t<meta property=\"og:image:height\" content=\"999\" \/>\n\t<meta property=\"og:image:type\" content=\"image\/jpeg\" \/>\n<meta name=\"author\" content=\"Edona Krasniqi\" \/>\n<meta name=\"twitter:card\" content=\"summary_large_image\" \/>\n<meta name=\"twitter:label1\" content=\"\u041d\u0430\u043f\u0438\u0441\u0430\u043d\u043e \u043e\u0434\" \/>\n\t<meta name=\"twitter:data1\" content=\"Edona Krasniqi\" \/>\n\t<meta name=\"twitter:label2\" content=\"\u041f\u0440\u043e\u0446\u0435\u045a\u0435\u043d\u043e \u0432\u0440\u0435\u043c\u0435 \u0447\u0438\u0442\u0430\u045a\u0430\" \/>\n\t<meta name=\"twitter:data2\" content=\"4 \u043c\u0438\u043d\u0443\u0442\u0430\" \/>\n<script type=\"application\/ld+json\" class=\"yoast-schema-graph\">{\"@context\":\"https:\/\/schema.org\",\"@graph\":[{\"@type\":\"WebPage\",\"@id\":\"https:\/\/president-ksgov.net\/sr\/govor-predsednice-osmani-na-146-godisnjici-albanske-prizrenske-lige\/\",\"url\":\"https:\/\/president-ksgov.net\/sr\/govor-predsednice-osmani-na-146-godisnjici-albanske-prizrenske-lige\/\",\"name\":\"Govor predsednice Osmani na 146. godi\u0161njici Albanske prizrenske lige - Predsednik Republike Kosovo - DR. VJOSA OSMANI - SADRIU\",\"isPartOf\":{\"@id\":\"https:\/\/president-ksgov.net\/#website\"},\"primaryImageOfPage\":{\"@id\":\"https:\/\/president-ksgov.net\/sr\/govor-predsednice-osmani-na-146-godisnjici-albanske-prizrenske-lige\/#primaryimage\"},\"image\":{\"@id\":\"https:\/\/president-ksgov.net\/sr\/govor-predsednice-osmani-na-146-godisnjici-albanske-prizrenske-lige\/#primaryimage\"},\"thumbnailUrl\":\"https:\/\/president-ksgov.net\/wp-content\/uploads\/1-Copy.jpg\",\"datePublished\":\"2024-06-11T14:16:50+00:00\",\"dateModified\":\"2025-02-12T10:58:01+00:00\",\"author\":{\"@id\":\"https:\/\/president-ksgov.net\/#\/schema\/person\/b9740e15fff71a6f8f26a0e201572567\"},\"description\":\"Govor predsednice Osmani na 146. godi\u0161njici Albanske prizrenske lige - Predsednik Republike Kosovo - DR. VJOSA OSMANI - SADRIU -\",\"breadcrumb\":{\"@id\":\"https:\/\/president-ksgov.net\/sr\/govor-predsednice-osmani-na-146-godisnjici-albanske-prizrenske-lige\/#breadcrumb\"},\"inLanguage\":\"sr-RS\",\"potentialAction\":[{\"@type\":\"ReadAction\",\"target\":[\"https:\/\/president-ksgov.net\/sr\/govor-predsednice-osmani-na-146-godisnjici-albanske-prizrenske-lige\/\"]}]},{\"@type\":\"ImageObject\",\"inLanguage\":\"sr-RS\",\"@id\":\"https:\/\/president-ksgov.net\/sr\/govor-predsednice-osmani-na-146-godisnjici-albanske-prizrenske-lige\/#primaryimage\",\"url\":\"https:\/\/president-ksgov.net\/wp-content\/uploads\/1-Copy.jpg\",\"contentUrl\":\"https:\/\/president-ksgov.net\/wp-content\/uploads\/1-Copy.jpg\",\"width\":1500,\"height\":999},{\"@type\":\"BreadcrumbList\",\"@id\":\"https:\/\/president-ksgov.net\/sr\/govor-predsednice-osmani-na-146-godisnjici-albanske-prizrenske-lige\/#breadcrumb\",\"itemListElement\":[{\"@type\":\"ListItem\",\"position\":1,\"name\":\"Home\",\"item\":\"https:\/\/president-ksgov.net\/sr\/\"},{\"@type\":\"ListItem\",\"position\":2,\"name\":\"Govor predsednice Osmani na 146. godi\u0161njici Albanske prizrenske lige\"}]},{\"@type\":\"WebSite\",\"@id\":\"https:\/\/president-ksgov.net\/#website\",\"url\":\"https:\/\/president-ksgov.net\/\",\"name\":\"Presidente e Republik\u00ebs s\u00eb Kosov\u00ebs\",\"description\":\"Presidente e Republik\u00ebs s\u00eb Kosov\u00ebs\",\"alternateName\":\"DR. VJOSA OSMANI - SADRIU\",\"potentialAction\":[{\"@type\":\"SearchAction\",\"target\":{\"@type\":\"EntryPoint\",\"urlTemplate\":\"https:\/\/president-ksgov.net\/?s={search_term_string}\"},\"query-input\":{\"@type\":\"PropertyValueSpecification\",\"valueRequired\":true,\"valueName\":\"search_term_string\"}}],\"inLanguage\":\"sr-RS\"},{\"@type\":\"Person\",\"@id\":\"https:\/\/president-ksgov.net\/#\/schema\/person\/b9740e15fff71a6f8f26a0e201572567\",\"name\":\"Edona Krasniqi\",\"image\":{\"@type\":\"ImageObject\",\"inLanguage\":\"sr-RS\",\"@id\":\"https:\/\/president-ksgov.net\/#\/schema\/person\/image\/\",\"url\":\"https:\/\/secure.gravatar.com\/avatar\/1f0f749e4b80632decf95bd32db3f33277967a04dc5e29d46781d9c89b703cce?s=96&d=mm&r=g\",\"contentUrl\":\"https:\/\/secure.gravatar.com\/avatar\/1f0f749e4b80632decf95bd32db3f33277967a04dc5e29d46781d9c89b703cce?s=96&d=mm&r=g\",\"caption\":\"Edona Krasniqi\"},\"sameAs\":[\"https:\/\/president-ksgov.net\/\"]}]}<\/script>\n<!-- \/ Yoast SEO plugin. -->","yoast_head_json":{"title":"Govor predsednice Osmani na 146. godi\u0161njici Albanske prizrenske lige - Predsednik Republike Kosovo - DR. VJOSA OSMANI - SADRIU","description":"Govor predsednice Osmani na 146. godi\u0161njici Albanske prizrenske lige - Predsednik Republike Kosovo - DR. VJOSA OSMANI - SADRIU -","robots":{"index":"index","follow":"follow","max-snippet":"max-snippet:-1","max-image-preview":"max-image-preview:large","max-video-preview":"max-video-preview:-1"},"canonical":"https:\/\/president-ksgov.net\/sr\/govor-predsednice-osmani-na-146-godisnjici-albanske-prizrenske-lige\/","og_locale":"sr_RS","og_type":"article","og_title":"Govor predsednice Osmani na 146. godi\u0161njici Albanske prizrenske lige - Predsednik Republike Kosovo - DR. VJOSA OSMANI - SADRIU","og_description":"Govor predsednice Osmani na 146. godi\u0161njici Albanske prizrenske lige - Predsednik Republike Kosovo - DR. VJOSA OSMANI - SADRIU -","og_url":"https:\/\/president-ksgov.net\/sr\/govor-predsednice-osmani-na-146-godisnjici-albanske-prizrenske-lige\/","og_site_name":"Predsednik Republike Kosovo - DR. VJOSA OSMANI - SADRIU","article_published_time":"2024-06-11T14:16:50+00:00","article_modified_time":"2025-02-12T10:58:01+00:00","og_image":[{"width":1500,"height":999,"url":"https:\/\/president-ksgov.net\/wp-content\/uploads\/1-Copy.jpg","type":"image\/jpeg"}],"author":"Edona Krasniqi","twitter_card":"summary_large_image","twitter_misc":{"\u041d\u0430\u043f\u0438\u0441\u0430\u043d\u043e \u043e\u0434":"Edona Krasniqi","\u041f\u0440\u043e\u0446\u0435\u045a\u0435\u043d\u043e \u0432\u0440\u0435\u043c\u0435 \u0447\u0438\u0442\u0430\u045a\u0430":"4 \u043c\u0438\u043d\u0443\u0442\u0430"},"schema":{"@context":"https:\/\/schema.org","@graph":[{"@type":"WebPage","@id":"https:\/\/president-ksgov.net\/sr\/govor-predsednice-osmani-na-146-godisnjici-albanske-prizrenske-lige\/","url":"https:\/\/president-ksgov.net\/sr\/govor-predsednice-osmani-na-146-godisnjici-albanske-prizrenske-lige\/","name":"Govor predsednice Osmani na 146. godi\u0161njici Albanske prizrenske lige - Predsednik Republike Kosovo - DR. VJOSA OSMANI - SADRIU","isPartOf":{"@id":"https:\/\/president-ksgov.net\/#website"},"primaryImageOfPage":{"@id":"https:\/\/president-ksgov.net\/sr\/govor-predsednice-osmani-na-146-godisnjici-albanske-prizrenske-lige\/#primaryimage"},"image":{"@id":"https:\/\/president-ksgov.net\/sr\/govor-predsednice-osmani-na-146-godisnjici-albanske-prizrenske-lige\/#primaryimage"},"thumbnailUrl":"https:\/\/president-ksgov.net\/wp-content\/uploads\/1-Copy.jpg","datePublished":"2024-06-11T14:16:50+00:00","dateModified":"2025-02-12T10:58:01+00:00","author":{"@id":"https:\/\/president-ksgov.net\/#\/schema\/person\/b9740e15fff71a6f8f26a0e201572567"},"description":"Govor predsednice Osmani na 146. godi\u0161njici Albanske prizrenske lige - Predsednik Republike Kosovo - DR. VJOSA OSMANI - SADRIU -","breadcrumb":{"@id":"https:\/\/president-ksgov.net\/sr\/govor-predsednice-osmani-na-146-godisnjici-albanske-prizrenske-lige\/#breadcrumb"},"inLanguage":"sr-RS","potentialAction":[{"@type":"ReadAction","target":["https:\/\/president-ksgov.net\/sr\/govor-predsednice-osmani-na-146-godisnjici-albanske-prizrenske-lige\/"]}]},{"@type":"ImageObject","inLanguage":"sr-RS","@id":"https:\/\/president-ksgov.net\/sr\/govor-predsednice-osmani-na-146-godisnjici-albanske-prizrenske-lige\/#primaryimage","url":"https:\/\/president-ksgov.net\/wp-content\/uploads\/1-Copy.jpg","contentUrl":"https:\/\/president-ksgov.net\/wp-content\/uploads\/1-Copy.jpg","width":1500,"height":999},{"@type":"BreadcrumbList","@id":"https:\/\/president-ksgov.net\/sr\/govor-predsednice-osmani-na-146-godisnjici-albanske-prizrenske-lige\/#breadcrumb","itemListElement":[{"@type":"ListItem","position":1,"name":"Home","item":"https:\/\/president-ksgov.net\/sr\/"},{"@type":"ListItem","position":2,"name":"Govor predsednice Osmani na 146. godi\u0161njici Albanske prizrenske lige"}]},{"@type":"WebSite","@id":"https:\/\/president-ksgov.net\/#website","url":"https:\/\/president-ksgov.net\/","name":"Presidente e Republik\u00ebs s\u00eb Kosov\u00ebs","description":"Presidente e Republik\u00ebs s\u00eb Kosov\u00ebs","alternateName":"DR. VJOSA OSMANI - SADRIU","potentialAction":[{"@type":"SearchAction","target":{"@type":"EntryPoint","urlTemplate":"https:\/\/president-ksgov.net\/?s={search_term_string}"},"query-input":{"@type":"PropertyValueSpecification","valueRequired":true,"valueName":"search_term_string"}}],"inLanguage":"sr-RS"},{"@type":"Person","@id":"https:\/\/president-ksgov.net\/#\/schema\/person\/b9740e15fff71a6f8f26a0e201572567","name":"Edona Krasniqi","image":{"@type":"ImageObject","inLanguage":"sr-RS","@id":"https:\/\/president-ksgov.net\/#\/schema\/person\/image\/","url":"https:\/\/secure.gravatar.com\/avatar\/1f0f749e4b80632decf95bd32db3f33277967a04dc5e29d46781d9c89b703cce?s=96&d=mm&r=g","contentUrl":"https:\/\/secure.gravatar.com\/avatar\/1f0f749e4b80632decf95bd32db3f33277967a04dc5e29d46781d9c89b703cce?s=96&d=mm&r=g","caption":"Edona Krasniqi"},"sameAs":["https:\/\/president-ksgov.net\/"]}]}},"_links":{"self":[{"href":"https:\/\/president-ksgov.net\/sr\/wp-json\/wp\/v2\/posts\/106368","targetHints":{"allow":["GET"]}}],"collection":[{"href":"https:\/\/president-ksgov.net\/sr\/wp-json\/wp\/v2\/posts"}],"about":[{"href":"https:\/\/president-ksgov.net\/sr\/wp-json\/wp\/v2\/types\/post"}],"author":[{"embeddable":true,"href":"https:\/\/president-ksgov.net\/sr\/wp-json\/wp\/v2\/users\/13"}],"replies":[{"embeddable":true,"href":"https:\/\/president-ksgov.net\/sr\/wp-json\/wp\/v2\/comments?post=106368"}],"version-history":[{"count":2,"href":"https:\/\/president-ksgov.net\/sr\/wp-json\/wp\/v2\/posts\/106368\/revisions"}],"predecessor-version":[{"id":153428,"href":"https:\/\/president-ksgov.net\/sr\/wp-json\/wp\/v2\/posts\/106368\/revisions\/153428"}],"wp:featuredmedia":[{"embeddable":true,"href":"https:\/\/president-ksgov.net\/sr\/wp-json\/wp\/v2\/media\/106345"}],"wp:attachment":[{"href":"https:\/\/president-ksgov.net\/sr\/wp-json\/wp\/v2\/media?parent=106368"}],"wp:term":[{"taxonomy":"category","embeddable":true,"href":"https:\/\/president-ksgov.net\/sr\/wp-json\/wp\/v2\/categories?post=106368"},{"taxonomy":"post_tag","embeddable":true,"href":"https:\/\/president-ksgov.net\/sr\/wp-json\/wp\/v2\/tags?post=106368"}],"curies":[{"name":"wp","href":"https:\/\/api.w.org\/{rel}","templated":true}]}}