{"id":105211,"date":"2024-05-23T17:00:51","date_gmt":"2024-05-23T15:00:51","guid":{"rendered":"https:\/\/president-ksgov.net\/?p=105211"},"modified":"2024-05-27T13:56:09","modified_gmt":"2024-05-27T11:56:09","slug":"predsednica-osmani-se-sastala-sa-odborom-asocijacije-kosovskih-opstina","status":"publish","type":"post","link":"https:\/\/president-ksgov.net\/sr\/predsednica-osmani-se-sastala-sa-odborom-asocijacije-kosovskih-opstina\/","title":{"rendered":"Predsednica Osmani se sastala sa Odborom Asocijacije kosovskih op\u0161tina"},"content":{"rendered":"<p>Predsednica Republike Kosovo, Vjosa Osmani, do\u010dekala je tokom nedelje na sastanku Bord Asocijacije kosovskih op\u0161tina, kojim je predsedavao predsednik Agim Aliu.<\/p>\n<p>Glavna tema sastanka bila je potreba za hitnim tretiranjem slu\u010dajeva rodno zasnovanog nasilja od strane svih institucija, posebno imaju\u0107i u vidu nedavne slu\u010dajeve ubistava \u017eena koji su se desili u nekoliko op\u0161tina.<\/p>\n<p>U ovom kontekstu, predsednica Osmani je istakla zna\u010daj posve\u0107enosti op\u0161tina ka podizanju bezbednosnih mera kroz Centre za socijalni rad, kao i odr\u017eivu podr\u0161ku kroz finansijsku podr\u0161ku op\u0161tina za \u017ertve rodno zasnovanog nasilja. Razgovarano je i o nizu neophodnih mera za koje su predsednici pokazali punu spremnost za saradnju.<\/p>\n<p>Predsednica je dalje istakla da se pitanje rodno zasnovanog nasilja tretirali i da se konstantno tretira u Savetu za demokratiju i ljudska prava, iz kojeg su upu\u0107ene konkretne preporuke nadle\u017enim institucijama za hitno delovanje.<\/p>\n<p>Na sastanku se razgovaralo o potrebama op\u0161tina, projektima koji imaju za cilj odr\u017eiv ekonomski rast, kao i o neophodnosti saradnje centralnog i lokalnog nivoa za projekte od gra\u0111anskog interesa.<\/p>\n<p>Predsednica Osmani i predsednici op\u0161tina, izme\u0111u ostalog, govorili su o zna\u010daju ukidanja mera EU, isti\u010du\u0107i da su gra\u0111ani ti koji su ovim merama najvi\u0161e pogo\u0111eni. S tim u vezi, predsednica Osmani je najavila svoje konstantno anga\u017eovanje kako bi se ove mere uklonile \u0161to je pre mogu\u0107e u korist gra\u0111ana Kosova.<\/p>\n<p>Na sastanku sa Odbora AKO-a razgovarano je i o neophodnim ulaganjima u sektor zdravstva i obrazovanja, kao dve prioritetne oblasti, kao i o zajedni\u010dkim projektima za podr\u0161ku deci sa posebnim potrebama.<\/p>\n<p>Razgovarano je i o promociji turizma u kosovskim op\u0161tinama. kao i o saradnji izme\u0111u Kancelarije predsednice i op\u0161tina na realizaciji projekata u ovoj oblasti, tako\u0111e uz podr\u0161ku Albanije.<\/p>\n","protected":false},"excerpt":{"rendered":"<p>Predsednica Republike Kosovo, Vjosa Osmani, do\u010dekala je tokom nedelje na sastanku Bord Asocijacije kosovskih op\u0161tina, kojim je predsedavao predsednik Agim Aliu. Glavna tema sastanka bila je potreba za hitnim tretiranjem slu\u010dajeva rodno zasnovanog nasilja od strane svih institucija, posebno imaju\u0107i u vidu nedavne slu\u010dajeve ubistava \u017eena koji su se desili u nekoliko op\u0161tina. U ovom kontekstu, predsednica Osmani je istakla zna\u010daj posve\u0107enosti op\u0161tina ka podizanju bezbednosnih mera kroz Centre za socijalni rad, kao i odr\u017eivu podr\u0161ku kroz finansijsku podr\u0161ku op\u0161tina za \u017ertve rodno zasnovanog nasilja. Razgovarano je i o nizu neophodnih mera za koje su predsednici pokazali punu spremnost za saradnju. Predsednica je dalje istakla da se pitanje rodno zasnovanog nasilja tretirali i da se konstantno tretira u Savetu za demokratiju i ljudska prava, iz kojeg su upu\u0107ene konkretne preporuke nadle\u017enim institucijama za hitno delovanje. Na sastanku se razgovaralo o potrebama op\u0161tina, projektima koji imaju za cilj odr\u017eiv ekonomski rast, kao i o neophodnosti saradnje centralnog i lokalnog nivoa za projekte od gra\u0111anskog interesa. Predsednica Osmani i predsednici op\u0161tina, izme\u0111u ostalog, govorili su o zna\u010daju ukidanja mera EU, isti\u010du\u0107i da su gra\u0111ani ti koji su ovim merama najvi\u0161e pogo\u0111eni. S tim u vezi, predsednica Osmani je najavila svoje konstantno anga\u017eovanje kako bi se ove mere uklonile \u0161to je pre mogu\u0107e u korist gra\u0111ana Kosova. Na sastanku sa Odbora AKO-a razgovarano je i o neophodnim ulaganjima u sektor zdravstva i obrazovanja, kao dve prioritetne oblasti, kao i o zajedni\u010dkim projektima za podr\u0161ku deci sa posebnim potrebama. Razgovarano je i o promociji turizma u kosovskim op\u0161tinama. kao i o saradnji izme\u0111u Kancelarije predsednice i op\u0161tina na realizaciji projekata u ovoj oblasti, tako\u0111e uz podr\u0161ku Albanije.<\/p>\n","protected":false},"author":11,"featured_media":105168,"comment_status":"open","ping_status":"closed","sticky":false,"template":"","format":"standard","meta":{"_eb_attr":"","footnotes":""},"categories":[101],"tags":[],"class_list":["post-105211","post","type-post","status-publish","format-standard","has-post-thumbnail","hentry","category-vesti"],"yoast_head":"<!-- This site is optimized with the Yoast SEO plugin v23.5 - https:\/\/yoast.com\/wordpress\/plugins\/seo\/ -->\n<title>Predsednica Osmani se sastala sa Odborom Asocijacije kosovskih op\u0161tina - Predsednik Republike Kosovo - DR. VJOSA OSMANI - SADRIU<\/title>\n<meta name=\"description\" content=\"Predsednica Osmani se sastala sa Odborom Asocijacije kosovskih op\u0161tina - Predsednik Republike Kosovo - DR. VJOSA OSMANI - SADRIU -\" \/>\n<meta name=\"robots\" content=\"index, follow, max-snippet:-1, max-image-preview:large, max-video-preview:-1\" \/>\n<link rel=\"canonical\" href=\"https:\/\/president-ksgov.net\/sr\/predsednica-osmani-se-sastala-sa-odborom-asocijacije-kosovskih-opstina\/\" \/>\n<meta property=\"og:locale\" content=\"sr_RS\" \/>\n<meta property=\"og:type\" content=\"article\" \/>\n<meta property=\"og:title\" content=\"Predsednica Osmani se sastala sa Odborom Asocijacije kosovskih op\u0161tina - Predsednik Republike Kosovo - DR. VJOSA OSMANI - SADRIU\" \/>\n<meta property=\"og:description\" content=\"Predsednica Osmani se sastala sa Odborom Asocijacije kosovskih op\u0161tina - Predsednik Republike Kosovo - DR. VJOSA OSMANI - SADRIU -\" \/>\n<meta property=\"og:url\" content=\"https:\/\/president-ksgov.net\/sr\/predsednica-osmani-se-sastala-sa-odborom-asocijacije-kosovskih-opstina\/\" \/>\n<meta property=\"og:site_name\" content=\"Predsednik Republike Kosovo - DR. VJOSA OSMANI - SADRIU\" \/>\n<meta property=\"article:published_time\" content=\"2024-05-23T15:00:51+00:00\" \/>\n<meta property=\"article:modified_time\" content=\"2024-05-27T11:56:09+00:00\" \/>\n<meta property=\"og:image\" content=\"https:\/\/president-ksgov.net\/wp-content\/uploads\/1000011222.jpg\" \/>\n\t<meta property=\"og:image:width\" content=\"2048\" \/>\n\t<meta property=\"og:image:height\" content=\"1364\" \/>\n\t<meta property=\"og:image:type\" content=\"image\/jpeg\" \/>\n<meta name=\"author\" content=\"presidentlogin\" \/>\n<meta name=\"twitter:card\" content=\"summary_large_image\" \/>\n<meta name=\"twitter:label1\" content=\"\u041d\u0430\u043f\u0438\u0441\u0430\u043d\u043e \u043e\u0434\" \/>\n\t<meta name=\"twitter:data1\" content=\"presidentlogin\" \/>\n\t<meta name=\"twitter:label2\" content=\"\u041f\u0440\u043e\u0446\u0435\u045a\u0435\u043d\u043e \u0432\u0440\u0435\u043c\u0435 \u0447\u0438\u0442\u0430\u045a\u0430\" \/>\n\t<meta name=\"twitter:data2\" content=\"2 \u043c\u0438\u043d\u0443\u0442\u0430\" \/>\n<script type=\"application\/ld+json\" class=\"yoast-schema-graph\">{\"@context\":\"https:\/\/schema.org\",\"@graph\":[{\"@type\":\"WebPage\",\"@id\":\"https:\/\/president-ksgov.net\/sr\/predsednica-osmani-se-sastala-sa-odborom-asocijacije-kosovskih-opstina\/\",\"url\":\"https:\/\/president-ksgov.net\/sr\/predsednica-osmani-se-sastala-sa-odborom-asocijacije-kosovskih-opstina\/\",\"name\":\"Predsednica Osmani se sastala sa Odborom Asocijacije kosovskih op\u0161tina - Predsednik Republike Kosovo - DR. VJOSA OSMANI - SADRIU\",\"isPartOf\":{\"@id\":\"https:\/\/president-ksgov.net\/#website\"},\"primaryImageOfPage\":{\"@id\":\"https:\/\/president-ksgov.net\/sr\/predsednica-osmani-se-sastala-sa-odborom-asocijacije-kosovskih-opstina\/#primaryimage\"},\"image\":{\"@id\":\"https:\/\/president-ksgov.net\/sr\/predsednica-osmani-se-sastala-sa-odborom-asocijacije-kosovskih-opstina\/#primaryimage\"},\"thumbnailUrl\":\"https:\/\/president-ksgov.net\/wp-content\/uploads\/1000011222.jpg\",\"datePublished\":\"2024-05-23T15:00:51+00:00\",\"dateModified\":\"2024-05-27T11:56:09+00:00\",\"author\":{\"@id\":\"https:\/\/president-ksgov.net\/#\/schema\/person\/1a2c014cffc81ec60d5a452a36d08d92\"},\"description\":\"Predsednica Osmani se sastala sa Odborom Asocijacije kosovskih op\u0161tina - Predsednik Republike Kosovo - DR. VJOSA OSMANI - SADRIU -\",\"breadcrumb\":{\"@id\":\"https:\/\/president-ksgov.net\/sr\/predsednica-osmani-se-sastala-sa-odborom-asocijacije-kosovskih-opstina\/#breadcrumb\"},\"inLanguage\":\"sr-RS\",\"potentialAction\":[{\"@type\":\"ReadAction\",\"target\":[\"https:\/\/president-ksgov.net\/sr\/predsednica-osmani-se-sastala-sa-odborom-asocijacije-kosovskih-opstina\/\"]}]},{\"@type\":\"ImageObject\",\"inLanguage\":\"sr-RS\",\"@id\":\"https:\/\/president-ksgov.net\/sr\/predsednica-osmani-se-sastala-sa-odborom-asocijacije-kosovskih-opstina\/#primaryimage\",\"url\":\"https:\/\/president-ksgov.net\/wp-content\/uploads\/1000011222.jpg\",\"contentUrl\":\"https:\/\/president-ksgov.net\/wp-content\/uploads\/1000011222.jpg\",\"width\":2048,\"height\":1364},{\"@type\":\"BreadcrumbList\",\"@id\":\"https:\/\/president-ksgov.net\/sr\/predsednica-osmani-se-sastala-sa-odborom-asocijacije-kosovskih-opstina\/#breadcrumb\",\"itemListElement\":[{\"@type\":\"ListItem\",\"position\":1,\"name\":\"Home\",\"item\":\"https:\/\/president-ksgov.net\/sr\/\"},{\"@type\":\"ListItem\",\"position\":2,\"name\":\"Predsednica Osmani se sastala sa Odborom Asocijacije kosovskih op\u0161tina\"}]},{\"@type\":\"WebSite\",\"@id\":\"https:\/\/president-ksgov.net\/#website\",\"url\":\"https:\/\/president-ksgov.net\/\",\"name\":\"Presidente e Republik\u00ebs s\u00eb Kosov\u00ebs\",\"description\":\"Presidente e Republik\u00ebs s\u00eb Kosov\u00ebs\",\"alternateName\":\"DR. VJOSA OSMANI - SADRIU\",\"potentialAction\":[{\"@type\":\"SearchAction\",\"target\":{\"@type\":\"EntryPoint\",\"urlTemplate\":\"https:\/\/president-ksgov.net\/?s={search_term_string}\"},\"query-input\":{\"@type\":\"PropertyValueSpecification\",\"valueRequired\":true,\"valueName\":\"search_term_string\"}}],\"inLanguage\":\"sr-RS\"},{\"@type\":\"Person\",\"@id\":\"https:\/\/president-ksgov.net\/#\/schema\/person\/1a2c014cffc81ec60d5a452a36d08d92\",\"name\":\"presidentlogin\",\"image\":{\"@type\":\"ImageObject\",\"inLanguage\":\"sr-RS\",\"@id\":\"https:\/\/president-ksgov.net\/#\/schema\/person\/image\/\",\"url\":\"https:\/\/secure.gravatar.com\/avatar\/339f00ab0a8a0d5ce1ecff10aa2b4a1f51f58bbd5a57793f8cd6ad624080d807?s=96&d=mm&r=g\",\"contentUrl\":\"https:\/\/secure.gravatar.com\/avatar\/339f00ab0a8a0d5ce1ecff10aa2b4a1f51f58bbd5a57793f8cd6ad624080d807?s=96&d=mm&r=g\",\"caption\":\"presidentlogin\"}}]}<\/script>\n<!-- \/ Yoast SEO plugin. -->","yoast_head_json":{"title":"Predsednica Osmani se sastala sa Odborom Asocijacije kosovskih op\u0161tina - Predsednik Republike Kosovo - DR. VJOSA OSMANI - SADRIU","description":"Predsednica Osmani se sastala sa Odborom Asocijacije kosovskih op\u0161tina - Predsednik Republike Kosovo - DR. VJOSA OSMANI - SADRIU -","robots":{"index":"index","follow":"follow","max-snippet":"max-snippet:-1","max-image-preview":"max-image-preview:large","max-video-preview":"max-video-preview:-1"},"canonical":"https:\/\/president-ksgov.net\/sr\/predsednica-osmani-se-sastala-sa-odborom-asocijacije-kosovskih-opstina\/","og_locale":"sr_RS","og_type":"article","og_title":"Predsednica Osmani se sastala sa Odborom Asocijacije kosovskih op\u0161tina - Predsednik Republike Kosovo - DR. VJOSA OSMANI - SADRIU","og_description":"Predsednica Osmani se sastala sa Odborom Asocijacije kosovskih op\u0161tina - Predsednik Republike Kosovo - DR. VJOSA OSMANI - SADRIU -","og_url":"https:\/\/president-ksgov.net\/sr\/predsednica-osmani-se-sastala-sa-odborom-asocijacije-kosovskih-opstina\/","og_site_name":"Predsednik Republike Kosovo - DR. VJOSA OSMANI - SADRIU","article_published_time":"2024-05-23T15:00:51+00:00","article_modified_time":"2024-05-27T11:56:09+00:00","og_image":[{"width":2048,"height":1364,"url":"https:\/\/president-ksgov.net\/wp-content\/uploads\/1000011222.jpg","type":"image\/jpeg"}],"author":"presidentlogin","twitter_card":"summary_large_image","twitter_misc":{"\u041d\u0430\u043f\u0438\u0441\u0430\u043d\u043e \u043e\u0434":"presidentlogin","\u041f\u0440\u043e\u0446\u0435\u045a\u0435\u043d\u043e \u0432\u0440\u0435\u043c\u0435 \u0447\u0438\u0442\u0430\u045a\u0430":"2 \u043c\u0438\u043d\u0443\u0442\u0430"},"schema":{"@context":"https:\/\/schema.org","@graph":[{"@type":"WebPage","@id":"https:\/\/president-ksgov.net\/sr\/predsednica-osmani-se-sastala-sa-odborom-asocijacije-kosovskih-opstina\/","url":"https:\/\/president-ksgov.net\/sr\/predsednica-osmani-se-sastala-sa-odborom-asocijacije-kosovskih-opstina\/","name":"Predsednica Osmani se sastala sa Odborom Asocijacije kosovskih op\u0161tina - Predsednik Republike Kosovo - DR. VJOSA OSMANI - SADRIU","isPartOf":{"@id":"https:\/\/president-ksgov.net\/#website"},"primaryImageOfPage":{"@id":"https:\/\/president-ksgov.net\/sr\/predsednica-osmani-se-sastala-sa-odborom-asocijacije-kosovskih-opstina\/#primaryimage"},"image":{"@id":"https:\/\/president-ksgov.net\/sr\/predsednica-osmani-se-sastala-sa-odborom-asocijacije-kosovskih-opstina\/#primaryimage"},"thumbnailUrl":"https:\/\/president-ksgov.net\/wp-content\/uploads\/1000011222.jpg","datePublished":"2024-05-23T15:00:51+00:00","dateModified":"2024-05-27T11:56:09+00:00","author":{"@id":"https:\/\/president-ksgov.net\/#\/schema\/person\/1a2c014cffc81ec60d5a452a36d08d92"},"description":"Predsednica Osmani se sastala sa Odborom Asocijacije kosovskih op\u0161tina - Predsednik Republike Kosovo - DR. VJOSA OSMANI - SADRIU -","breadcrumb":{"@id":"https:\/\/president-ksgov.net\/sr\/predsednica-osmani-se-sastala-sa-odborom-asocijacije-kosovskih-opstina\/#breadcrumb"},"inLanguage":"sr-RS","potentialAction":[{"@type":"ReadAction","target":["https:\/\/president-ksgov.net\/sr\/predsednica-osmani-se-sastala-sa-odborom-asocijacije-kosovskih-opstina\/"]}]},{"@type":"ImageObject","inLanguage":"sr-RS","@id":"https:\/\/president-ksgov.net\/sr\/predsednica-osmani-se-sastala-sa-odborom-asocijacije-kosovskih-opstina\/#primaryimage","url":"https:\/\/president-ksgov.net\/wp-content\/uploads\/1000011222.jpg","contentUrl":"https:\/\/president-ksgov.net\/wp-content\/uploads\/1000011222.jpg","width":2048,"height":1364},{"@type":"BreadcrumbList","@id":"https:\/\/president-ksgov.net\/sr\/predsednica-osmani-se-sastala-sa-odborom-asocijacije-kosovskih-opstina\/#breadcrumb","itemListElement":[{"@type":"ListItem","position":1,"name":"Home","item":"https:\/\/president-ksgov.net\/sr\/"},{"@type":"ListItem","position":2,"name":"Predsednica Osmani se sastala sa Odborom Asocijacije kosovskih op\u0161tina"}]},{"@type":"WebSite","@id":"https:\/\/president-ksgov.net\/#website","url":"https:\/\/president-ksgov.net\/","name":"Presidente e Republik\u00ebs s\u00eb Kosov\u00ebs","description":"Presidente e Republik\u00ebs s\u00eb Kosov\u00ebs","alternateName":"DR. VJOSA OSMANI - SADRIU","potentialAction":[{"@type":"SearchAction","target":{"@type":"EntryPoint","urlTemplate":"https:\/\/president-ksgov.net\/?s={search_term_string}"},"query-input":{"@type":"PropertyValueSpecification","valueRequired":true,"valueName":"search_term_string"}}],"inLanguage":"sr-RS"},{"@type":"Person","@id":"https:\/\/president-ksgov.net\/#\/schema\/person\/1a2c014cffc81ec60d5a452a36d08d92","name":"presidentlogin","image":{"@type":"ImageObject","inLanguage":"sr-RS","@id":"https:\/\/president-ksgov.net\/#\/schema\/person\/image\/","url":"https:\/\/secure.gravatar.com\/avatar\/339f00ab0a8a0d5ce1ecff10aa2b4a1f51f58bbd5a57793f8cd6ad624080d807?s=96&d=mm&r=g","contentUrl":"https:\/\/secure.gravatar.com\/avatar\/339f00ab0a8a0d5ce1ecff10aa2b4a1f51f58bbd5a57793f8cd6ad624080d807?s=96&d=mm&r=g","caption":"presidentlogin"}}]}},"_links":{"self":[{"href":"https:\/\/president-ksgov.net\/sr\/wp-json\/wp\/v2\/posts\/105211","targetHints":{"allow":["GET"]}}],"collection":[{"href":"https:\/\/president-ksgov.net\/sr\/wp-json\/wp\/v2\/posts"}],"about":[{"href":"https:\/\/president-ksgov.net\/sr\/wp-json\/wp\/v2\/types\/post"}],"author":[{"embeddable":true,"href":"https:\/\/president-ksgov.net\/sr\/wp-json\/wp\/v2\/users\/11"}],"replies":[{"embeddable":true,"href":"https:\/\/president-ksgov.net\/sr\/wp-json\/wp\/v2\/comments?post=105211"}],"version-history":[{"count":1,"href":"https:\/\/president-ksgov.net\/sr\/wp-json\/wp\/v2\/posts\/105211\/revisions"}],"predecessor-version":[{"id":105213,"href":"https:\/\/president-ksgov.net\/sr\/wp-json\/wp\/v2\/posts\/105211\/revisions\/105213"}],"wp:featuredmedia":[{"embeddable":true,"href":"https:\/\/president-ksgov.net\/sr\/wp-json\/wp\/v2\/media\/105168"}],"wp:attachment":[{"href":"https:\/\/president-ksgov.net\/sr\/wp-json\/wp\/v2\/media?parent=105211"}],"wp:term":[{"taxonomy":"category","embeddable":true,"href":"https:\/\/president-ksgov.net\/sr\/wp-json\/wp\/v2\/categories?post=105211"},{"taxonomy":"post_tag","embeddable":true,"href":"https:\/\/president-ksgov.net\/sr\/wp-json\/wp\/v2\/tags?post=105211"}],"curies":[{"name":"wp","href":"https:\/\/api.w.org\/{rel}","templated":true}]}}