{"id":105086,"date":"2024-05-21T22:19:58","date_gmt":"2024-05-21T20:19:58","guid":{"rendered":"https:\/\/president-ksgov.net\/?p=105086"},"modified":"2024-05-22T09:00:28","modified_gmt":"2024-05-22T07:00:28","slug":"predsednica-osmani-sastala-se-sa-ambasadorima-evropskih-zemalja","status":"publish","type":"post","link":"https:\/\/president-ksgov.net\/sr\/predsednica-osmani-sastala-se-sa-ambasadorima-evropskih-zemalja\/","title":{"rendered":"Predsednica Osmani sastala se sa ambasadorima evropskih zemalja"},"content":{"rendered":"<p>Predsednica Republike Kosovo Vjosa Osmani do\u010dekala je danas na sastanku ambasadore nekoliko evropskih zemalja, kao i EULEX-a, na \u010delu sa ambasadorom EU Thomasom Szunyogom, kako bi razgovarali o koordinaciji me\u0111unarodne agende, kao i o koordinaciji sa politikama EU i sa drugim savezni\u010dkim dr\u017eavama po pitanjima spoljne politike i bezbednosti.<\/p>\n<p>Predsednica Osmani je istakla da Kosovo nastavlja da bude u potpunosti uskla\u0111eno sa politikama EU u oblasti bezbednosti i spoljne politike, uklju\u010duju\u0107i i uvo\u0111enje sankcija Rusiji, kao i drugim dr\u017eavama ili grupama koje ugro\u017eavaju globalnu bezbednost i mir.<\/p>\n<p>Predsednica Osmani je dalje govorila i o potrebi da se uklone mere protiv Kosova, koje najvi\u0161e uti\u010du na dobrobit gra\u0111ana Kosova, bez razlike, isti\u010du\u0107i da je Kosovo ve\u0107 ispunilo sve uslove.<\/p>\n<p>Na sastanku su prisutni ambasadori obavestili predsednicu o pripremama \u00a0za Samit mira za Ukrajinu koji \u0107e se odr\u017eati u \u0160vajcarskoj.<\/p>\n","protected":false},"excerpt":{"rendered":"<p>Predsednica Republike Kosovo Vjosa Osmani do\u010dekala je danas na sastanku ambasadore nekoliko evropskih zemalja, kao i EULEX-a, na \u010delu sa ambasadorom EU Thomasom Szunyogom, kako bi razgovarali o koordinaciji me\u0111unarodne agende, kao i o koordinaciji sa politikama EU i sa drugim savezni\u010dkim dr\u017eavama po pitanjima spoljne politike i bezbednosti. Predsednica Osmani je istakla da Kosovo nastavlja da bude u potpunosti uskla\u0111eno sa politikama EU u oblasti bezbednosti i spoljne politike, uklju\u010duju\u0107i i uvo\u0111enje sankcija Rusiji, kao i drugim dr\u017eavama ili grupama koje ugro\u017eavaju globalnu bezbednost i mir. Predsednica Osmani je dalje govorila i o potrebi da se uklone mere protiv Kosova, koje najvi\u0161e uti\u010du na dobrobit gra\u0111ana Kosova, bez razlike, isti\u010du\u0107i da je Kosovo ve\u0107 ispunilo sve uslove. Na sastanku su prisutni ambasadori obavestili predsednicu o pripremama \u00a0za Samit mira za Ukrajinu koji \u0107e se odr\u017eati u \u0160vajcarskoj.<\/p>\n","protected":false},"author":11,"featured_media":105076,"comment_status":"open","ping_status":"closed","sticky":false,"template":"","format":"standard","meta":{"_eb_attr":"","footnotes":""},"categories":[101],"tags":[],"class_list":["post-105086","post","type-post","status-publish","format-standard","has-post-thumbnail","hentry","category-vesti"],"yoast_head":"<!-- This site is optimized with the Yoast SEO plugin v23.5 - https:\/\/yoast.com\/wordpress\/plugins\/seo\/ -->\n<title>Predsednica Osmani sastala se sa ambasadorima evropskih zemalja - Predsednik Republike Kosovo - DR. VJOSA OSMANI - SADRIU<\/title>\n<meta name=\"description\" content=\"Predsednica Osmani sastala se sa ambasadorima evropskih zemalja - Predsednik Republike Kosovo - DR. VJOSA OSMANI - SADRIU -\" \/>\n<meta name=\"robots\" content=\"index, follow, max-snippet:-1, max-image-preview:large, max-video-preview:-1\" \/>\n<link rel=\"canonical\" href=\"https:\/\/president-ksgov.net\/sr\/predsednica-osmani-sastala-se-sa-ambasadorima-evropskih-zemalja\/\" \/>\n<meta property=\"og:locale\" content=\"sr_RS\" \/>\n<meta property=\"og:type\" content=\"article\" \/>\n<meta property=\"og:title\" content=\"Predsednica Osmani sastala se sa ambasadorima evropskih zemalja - Predsednik Republike Kosovo - DR. VJOSA OSMANI - SADRIU\" \/>\n<meta property=\"og:description\" content=\"Predsednica Osmani sastala se sa ambasadorima evropskih zemalja - Predsednik Republike Kosovo - DR. VJOSA OSMANI - SADRIU -\" \/>\n<meta property=\"og:url\" content=\"https:\/\/president-ksgov.net\/sr\/predsednica-osmani-sastala-se-sa-ambasadorima-evropskih-zemalja\/\" \/>\n<meta property=\"og:site_name\" content=\"Predsednik Republike Kosovo - DR. VJOSA OSMANI - SADRIU\" \/>\n<meta property=\"article:published_time\" content=\"2024-05-21T20:19:58+00:00\" \/>\n<meta property=\"article:modified_time\" content=\"2024-05-22T07:00:28+00:00\" \/>\n<meta property=\"og:image\" content=\"https:\/\/president-ksgov.net\/wp-content\/uploads\/NAR_6894.jpg\" \/>\n\t<meta property=\"og:image:width\" content=\"2048\" \/>\n\t<meta property=\"og:image:height\" content=\"1364\" \/>\n\t<meta property=\"og:image:type\" content=\"image\/jpeg\" \/>\n<meta name=\"author\" content=\"presidentlogin\" \/>\n<meta name=\"twitter:card\" content=\"summary_large_image\" \/>\n<meta name=\"twitter:label1\" content=\"\u041d\u0430\u043f\u0438\u0441\u0430\u043d\u043e \u043e\u0434\" \/>\n\t<meta name=\"twitter:data1\" content=\"presidentlogin\" \/>\n\t<meta name=\"twitter:label2\" content=\"\u041f\u0440\u043e\u0446\u0435\u045a\u0435\u043d\u043e \u0432\u0440\u0435\u043c\u0435 \u0447\u0438\u0442\u0430\u045a\u0430\" \/>\n\t<meta name=\"twitter:data2\" content=\"1 \u043c\u0438\u043d\u0443\u0442\" \/>\n<script type=\"application\/ld+json\" class=\"yoast-schema-graph\">{\"@context\":\"https:\/\/schema.org\",\"@graph\":[{\"@type\":\"WebPage\",\"@id\":\"https:\/\/president-ksgov.net\/sr\/predsednica-osmani-sastala-se-sa-ambasadorima-evropskih-zemalja\/\",\"url\":\"https:\/\/president-ksgov.net\/sr\/predsednica-osmani-sastala-se-sa-ambasadorima-evropskih-zemalja\/\",\"name\":\"Predsednica Osmani sastala se sa ambasadorima evropskih zemalja - Predsednik Republike Kosovo - DR. VJOSA OSMANI - SADRIU\",\"isPartOf\":{\"@id\":\"https:\/\/president-ksgov.net\/#website\"},\"primaryImageOfPage\":{\"@id\":\"https:\/\/president-ksgov.net\/sr\/predsednica-osmani-sastala-se-sa-ambasadorima-evropskih-zemalja\/#primaryimage\"},\"image\":{\"@id\":\"https:\/\/president-ksgov.net\/sr\/predsednica-osmani-sastala-se-sa-ambasadorima-evropskih-zemalja\/#primaryimage\"},\"thumbnailUrl\":\"https:\/\/president-ksgov.net\/wp-content\/uploads\/NAR_6894.jpg\",\"datePublished\":\"2024-05-21T20:19:58+00:00\",\"dateModified\":\"2024-05-22T07:00:28+00:00\",\"author\":{\"@id\":\"https:\/\/president-ksgov.net\/#\/schema\/person\/1a2c014cffc81ec60d5a452a36d08d92\"},\"description\":\"Predsednica Osmani sastala se sa ambasadorima evropskih zemalja - Predsednik Republike Kosovo - DR. VJOSA OSMANI - SADRIU -\",\"breadcrumb\":{\"@id\":\"https:\/\/president-ksgov.net\/sr\/predsednica-osmani-sastala-se-sa-ambasadorima-evropskih-zemalja\/#breadcrumb\"},\"inLanguage\":\"sr-RS\",\"potentialAction\":[{\"@type\":\"ReadAction\",\"target\":[\"https:\/\/president-ksgov.net\/sr\/predsednica-osmani-sastala-se-sa-ambasadorima-evropskih-zemalja\/\"]}]},{\"@type\":\"ImageObject\",\"inLanguage\":\"sr-RS\",\"@id\":\"https:\/\/president-ksgov.net\/sr\/predsednica-osmani-sastala-se-sa-ambasadorima-evropskih-zemalja\/#primaryimage\",\"url\":\"https:\/\/president-ksgov.net\/wp-content\/uploads\/NAR_6894.jpg\",\"contentUrl\":\"https:\/\/president-ksgov.net\/wp-content\/uploads\/NAR_6894.jpg\",\"width\":2048,\"height\":1364},{\"@type\":\"BreadcrumbList\",\"@id\":\"https:\/\/president-ksgov.net\/sr\/predsednica-osmani-sastala-se-sa-ambasadorima-evropskih-zemalja\/#breadcrumb\",\"itemListElement\":[{\"@type\":\"ListItem\",\"position\":1,\"name\":\"Home\",\"item\":\"https:\/\/president-ksgov.net\/sr\/\"},{\"@type\":\"ListItem\",\"position\":2,\"name\":\"Predsednica Osmani sastala se sa ambasadorima evropskih zemalja\"}]},{\"@type\":\"WebSite\",\"@id\":\"https:\/\/president-ksgov.net\/#website\",\"url\":\"https:\/\/president-ksgov.net\/\",\"name\":\"Presidente e Republik\u00ebs s\u00eb Kosov\u00ebs\",\"description\":\"Presidente e Republik\u00ebs s\u00eb Kosov\u00ebs\",\"alternateName\":\"DR. VJOSA OSMANI - SADRIU\",\"potentialAction\":[{\"@type\":\"SearchAction\",\"target\":{\"@type\":\"EntryPoint\",\"urlTemplate\":\"https:\/\/president-ksgov.net\/?s={search_term_string}\"},\"query-input\":{\"@type\":\"PropertyValueSpecification\",\"valueRequired\":true,\"valueName\":\"search_term_string\"}}],\"inLanguage\":\"sr-RS\"},{\"@type\":\"Person\",\"@id\":\"https:\/\/president-ksgov.net\/#\/schema\/person\/1a2c014cffc81ec60d5a452a36d08d92\",\"name\":\"presidentlogin\",\"image\":{\"@type\":\"ImageObject\",\"inLanguage\":\"sr-RS\",\"@id\":\"https:\/\/president-ksgov.net\/#\/schema\/person\/image\/\",\"url\":\"https:\/\/secure.gravatar.com\/avatar\/339f00ab0a8a0d5ce1ecff10aa2b4a1f51f58bbd5a57793f8cd6ad624080d807?s=96&d=mm&r=g\",\"contentUrl\":\"https:\/\/secure.gravatar.com\/avatar\/339f00ab0a8a0d5ce1ecff10aa2b4a1f51f58bbd5a57793f8cd6ad624080d807?s=96&d=mm&r=g\",\"caption\":\"presidentlogin\"}}]}<\/script>\n<!-- \/ Yoast SEO plugin. -->","yoast_head_json":{"title":"Predsednica Osmani sastala se sa ambasadorima evropskih zemalja - Predsednik Republike Kosovo - DR. VJOSA OSMANI - SADRIU","description":"Predsednica Osmani sastala se sa ambasadorima evropskih zemalja - Predsednik Republike Kosovo - DR. VJOSA OSMANI - SADRIU -","robots":{"index":"index","follow":"follow","max-snippet":"max-snippet:-1","max-image-preview":"max-image-preview:large","max-video-preview":"max-video-preview:-1"},"canonical":"https:\/\/president-ksgov.net\/sr\/predsednica-osmani-sastala-se-sa-ambasadorima-evropskih-zemalja\/","og_locale":"sr_RS","og_type":"article","og_title":"Predsednica Osmani sastala se sa ambasadorima evropskih zemalja - Predsednik Republike Kosovo - DR. VJOSA OSMANI - SADRIU","og_description":"Predsednica Osmani sastala se sa ambasadorima evropskih zemalja - Predsednik Republike Kosovo - DR. VJOSA OSMANI - SADRIU -","og_url":"https:\/\/president-ksgov.net\/sr\/predsednica-osmani-sastala-se-sa-ambasadorima-evropskih-zemalja\/","og_site_name":"Predsednik Republike Kosovo - DR. VJOSA OSMANI - SADRIU","article_published_time":"2024-05-21T20:19:58+00:00","article_modified_time":"2024-05-22T07:00:28+00:00","og_image":[{"width":2048,"height":1364,"url":"https:\/\/president-ksgov.net\/wp-content\/uploads\/NAR_6894.jpg","type":"image\/jpeg"}],"author":"presidentlogin","twitter_card":"summary_large_image","twitter_misc":{"\u041d\u0430\u043f\u0438\u0441\u0430\u043d\u043e \u043e\u0434":"presidentlogin","\u041f\u0440\u043e\u0446\u0435\u045a\u0435\u043d\u043e \u0432\u0440\u0435\u043c\u0435 \u0447\u0438\u0442\u0430\u045a\u0430":"1 \u043c\u0438\u043d\u0443\u0442"},"schema":{"@context":"https:\/\/schema.org","@graph":[{"@type":"WebPage","@id":"https:\/\/president-ksgov.net\/sr\/predsednica-osmani-sastala-se-sa-ambasadorima-evropskih-zemalja\/","url":"https:\/\/president-ksgov.net\/sr\/predsednica-osmani-sastala-se-sa-ambasadorima-evropskih-zemalja\/","name":"Predsednica Osmani sastala se sa ambasadorima evropskih zemalja - Predsednik Republike Kosovo - DR. VJOSA OSMANI - SADRIU","isPartOf":{"@id":"https:\/\/president-ksgov.net\/#website"},"primaryImageOfPage":{"@id":"https:\/\/president-ksgov.net\/sr\/predsednica-osmani-sastala-se-sa-ambasadorima-evropskih-zemalja\/#primaryimage"},"image":{"@id":"https:\/\/president-ksgov.net\/sr\/predsednica-osmani-sastala-se-sa-ambasadorima-evropskih-zemalja\/#primaryimage"},"thumbnailUrl":"https:\/\/president-ksgov.net\/wp-content\/uploads\/NAR_6894.jpg","datePublished":"2024-05-21T20:19:58+00:00","dateModified":"2024-05-22T07:00:28+00:00","author":{"@id":"https:\/\/president-ksgov.net\/#\/schema\/person\/1a2c014cffc81ec60d5a452a36d08d92"},"description":"Predsednica Osmani sastala se sa ambasadorima evropskih zemalja - Predsednik Republike Kosovo - DR. VJOSA OSMANI - SADRIU -","breadcrumb":{"@id":"https:\/\/president-ksgov.net\/sr\/predsednica-osmani-sastala-se-sa-ambasadorima-evropskih-zemalja\/#breadcrumb"},"inLanguage":"sr-RS","potentialAction":[{"@type":"ReadAction","target":["https:\/\/president-ksgov.net\/sr\/predsednica-osmani-sastala-se-sa-ambasadorima-evropskih-zemalja\/"]}]},{"@type":"ImageObject","inLanguage":"sr-RS","@id":"https:\/\/president-ksgov.net\/sr\/predsednica-osmani-sastala-se-sa-ambasadorima-evropskih-zemalja\/#primaryimage","url":"https:\/\/president-ksgov.net\/wp-content\/uploads\/NAR_6894.jpg","contentUrl":"https:\/\/president-ksgov.net\/wp-content\/uploads\/NAR_6894.jpg","width":2048,"height":1364},{"@type":"BreadcrumbList","@id":"https:\/\/president-ksgov.net\/sr\/predsednica-osmani-sastala-se-sa-ambasadorima-evropskih-zemalja\/#breadcrumb","itemListElement":[{"@type":"ListItem","position":1,"name":"Home","item":"https:\/\/president-ksgov.net\/sr\/"},{"@type":"ListItem","position":2,"name":"Predsednica Osmani sastala se sa ambasadorima evropskih zemalja"}]},{"@type":"WebSite","@id":"https:\/\/president-ksgov.net\/#website","url":"https:\/\/president-ksgov.net\/","name":"Presidente e Republik\u00ebs s\u00eb Kosov\u00ebs","description":"Presidente e Republik\u00ebs s\u00eb Kosov\u00ebs","alternateName":"DR. VJOSA OSMANI - SADRIU","potentialAction":[{"@type":"SearchAction","target":{"@type":"EntryPoint","urlTemplate":"https:\/\/president-ksgov.net\/?s={search_term_string}"},"query-input":{"@type":"PropertyValueSpecification","valueRequired":true,"valueName":"search_term_string"}}],"inLanguage":"sr-RS"},{"@type":"Person","@id":"https:\/\/president-ksgov.net\/#\/schema\/person\/1a2c014cffc81ec60d5a452a36d08d92","name":"presidentlogin","image":{"@type":"ImageObject","inLanguage":"sr-RS","@id":"https:\/\/president-ksgov.net\/#\/schema\/person\/image\/","url":"https:\/\/secure.gravatar.com\/avatar\/339f00ab0a8a0d5ce1ecff10aa2b4a1f51f58bbd5a57793f8cd6ad624080d807?s=96&d=mm&r=g","contentUrl":"https:\/\/secure.gravatar.com\/avatar\/339f00ab0a8a0d5ce1ecff10aa2b4a1f51f58bbd5a57793f8cd6ad624080d807?s=96&d=mm&r=g","caption":"presidentlogin"}}]}},"_links":{"self":[{"href":"https:\/\/president-ksgov.net\/sr\/wp-json\/wp\/v2\/posts\/105086","targetHints":{"allow":["GET"]}}],"collection":[{"href":"https:\/\/president-ksgov.net\/sr\/wp-json\/wp\/v2\/posts"}],"about":[{"href":"https:\/\/president-ksgov.net\/sr\/wp-json\/wp\/v2\/types\/post"}],"author":[{"embeddable":true,"href":"https:\/\/president-ksgov.net\/sr\/wp-json\/wp\/v2\/users\/11"}],"replies":[{"embeddable":true,"href":"https:\/\/president-ksgov.net\/sr\/wp-json\/wp\/v2\/comments?post=105086"}],"version-history":[{"count":1,"href":"https:\/\/president-ksgov.net\/sr\/wp-json\/wp\/v2\/posts\/105086\/revisions"}],"predecessor-version":[{"id":105088,"href":"https:\/\/president-ksgov.net\/sr\/wp-json\/wp\/v2\/posts\/105086\/revisions\/105088"}],"wp:featuredmedia":[{"embeddable":true,"href":"https:\/\/president-ksgov.net\/sr\/wp-json\/wp\/v2\/media\/105076"}],"wp:attachment":[{"href":"https:\/\/president-ksgov.net\/sr\/wp-json\/wp\/v2\/media?parent=105086"}],"wp:term":[{"taxonomy":"category","embeddable":true,"href":"https:\/\/president-ksgov.net\/sr\/wp-json\/wp\/v2\/categories?post=105086"},{"taxonomy":"post_tag","embeddable":true,"href":"https:\/\/president-ksgov.net\/sr\/wp-json\/wp\/v2\/tags?post=105086"}],"curies":[{"name":"wp","href":"https:\/\/api.w.org\/{rel}","templated":true}]}}