{"id":104948,"date":"2024-02-04T14:46:59","date_gmt":"2024-02-04T13:46:59","guid":{"rendered":"https:\/\/president-ksgov.net\/?p=104948"},"modified":"2024-05-17T13:19:29","modified_gmt":"2024-05-17T11:19:29","slug":"predsednica-osmani-dogadaji-od-3-do-4-februara-2000-godine-u-mitrovici-tuzni-podsetnik-na-borbu-za-opstanak-i-odbranu-slobode","status":"publish","type":"post","link":"https:\/\/president-ksgov.net\/sr\/predsednica-osmani-dogadaji-od-3-do-4-februara-2000-godine-u-mitrovici-tuzni-podsetnik-na-borbu-za-opstanak-i-odbranu-slobode\/","title":{"rendered":"Predsednica Osmani: Doga\u0111aji od 3. do 4. februara 2000. godine u Mitrovici, tu\u017eni podsetnik na borbu za opstanak i odbranu slobode"},"content":{"rendered":"<p>Predsednica Republike Kosovo Vjosa Osmani podsetila je na dane u\u017easa 3-4. februara 2000. godine u Mitrovici, kada su srpske kriminalne grupe ubile 10 civila, 25 ih je povre\u0111eno, dok su 1.564 porodice sa 11.364 \u010dlana proterane iz njihovih domova.<\/p>\n<p>Ceo post predsednice Osmani:<\/p>\n<p>U znak se\u0107anja na dve no\u0107i u\u017easa 3. i 4. februara 2000. godine u Mitrovici, danas odajemo po\u010dast izgubljenim \u017eivotima 10 nevinih gra\u0111ana, me\u0111u kojima su starci, \u017eene i deca, koje su svirepo ubile zlo\u010dina\u010dke bande, koje je podstakla Srbija .<\/p>\n<p>Po\u0161tovanje i za 25 ranjenih, koji su pre\u017eiveli i \u017eive sa fizi\u010dkim i emotivnim ranama iz u\u017easne no\u0107i.<\/p>\n<p>1.564 porodice sa 11.364 \u010dlana, koje su proterane iz svojih domova, dokaz su tendencije etni\u010dkog \u010di\u0161\u0107enja ovog dela Mitrovice od strane kriminalnih grupa.<\/p>\n<p>Doga\u0111aji te dve u\u017easne no\u0107i slu\u017ee kao tu\u017ean podsetnik na borbu za opstanak i za\u0161titu slobode ste\u010dene krvlju i \u017ertvom.<\/p>\n<p>Privo\u0111enje po\u010dinilaca zlo\u010dina pred lice pravde je neophodnost za dugoro\u010dni mir!<\/p>\n<p>Neka je ve\u010dno se\u0107anje na poginule 3-4. februara 2000. godine u Mitrovici!<\/p>\n<p>&nbsp;<\/p>\n","protected":false},"excerpt":{"rendered":"<p>Predsednica Republike Kosovo Vjosa Osmani podsetila je na dane u\u017easa 3-4. februara 2000. godine u Mitrovici, kada su srpske kriminalne grupe ubile 10 civila, 25 ih je povre\u0111eno, dok su 1.564 porodice sa 11.364 \u010dlana proterane iz njihovih domova. Ceo post predsednice Osmani: U znak se\u0107anja na dve no\u0107i u\u017easa 3. i 4. februara 2000. godine u Mitrovici, danas odajemo po\u010dast izgubljenim \u017eivotima 10 nevinih gra\u0111ana, me\u0111u kojima su starci, \u017eene i deca, koje su svirepo ubile zlo\u010dina\u010dke bande, koje je podstakla Srbija . Po\u0161tovanje i za 25 ranjenih, koji su pre\u017eiveli i \u017eive sa fizi\u010dkim i emotivnim ranama iz u\u017easne no\u0107i. 1.564 porodice sa 11.364 \u010dlana, koje su proterane iz svojih domova, dokaz su tendencije etni\u010dkog \u010di\u0161\u0107enja ovog dela Mitrovice od strane kriminalnih grupa. Doga\u0111aji te dve u\u017easne no\u0107i slu\u017ee kao tu\u017ean podsetnik na borbu za opstanak i za\u0161titu slobode ste\u010dene krvlju i \u017ertvom. Privo\u0111enje po\u010dinilaca zlo\u010dina pred lice pravde je neophodnost za dugoro\u010dni mir! Neka je ve\u010dno se\u0107anje na poginule 3-4. februara 2000. godine u Mitrovici! &nbsp;<\/p>\n","protected":false},"author":13,"featured_media":103447,"comment_status":"open","ping_status":"closed","sticky":false,"template":"","format":"standard","meta":{"_eb_attr":"","footnotes":""},"categories":[101],"tags":[],"class_list":["post-104948","post","type-post","status-publish","format-standard","has-post-thumbnail","hentry","category-vesti"],"yoast_head":"<!-- This site is optimized with the Yoast SEO plugin v23.5 - https:\/\/yoast.com\/wordpress\/plugins\/seo\/ -->\n<title>Predsednica Osmani: Doga\u0111aji od 3. do 4. februara 2000. godine u Mitrovici, tu\u017eni podsetnik na borbu za opstanak i odbranu slobode - Predsednik Republike Kosovo - DR. VJOSA OSMANI - SADRIU<\/title>\n<meta name=\"description\" content=\"Predsednica Osmani: Doga\u0111aji od 3. do 4. februara 2000. godine u Mitrovici, tu\u017eni podsetnik na borbu za opstanak i odbranu slobode - Predsednik Republike Kosovo - DR. VJOSA OSMANI - SADRIU -\" \/>\n<meta name=\"robots\" content=\"index, follow, max-snippet:-1, max-image-preview:large, max-video-preview:-1\" \/>\n<link rel=\"canonical\" href=\"https:\/\/president-ksgov.net\/sr\/predsednica-osmani-dogadaji-od-3-do-4-februara-2000-godine-u-mitrovici-tuzni-podsetnik-na-borbu-za-opstanak-i-odbranu-slobode\/\" \/>\n<meta property=\"og:locale\" content=\"sr_RS\" \/>\n<meta property=\"og:type\" content=\"article\" \/>\n<meta property=\"og:title\" content=\"Predsednica Osmani: Doga\u0111aji od 3. do 4. februara 2000. godine u Mitrovici, tu\u017eni podsetnik na borbu za opstanak i odbranu slobode - Predsednik Republike Kosovo - DR. VJOSA OSMANI - SADRIU\" \/>\n<meta property=\"og:description\" content=\"Predsednica Osmani: Doga\u0111aji od 3. do 4. februara 2000. godine u Mitrovici, tu\u017eni podsetnik na borbu za opstanak i odbranu slobode - Predsednik Republike Kosovo - DR. VJOSA OSMANI - SADRIU -\" \/>\n<meta property=\"og:url\" content=\"https:\/\/president-ksgov.net\/sr\/predsednica-osmani-dogadaji-od-3-do-4-februara-2000-godine-u-mitrovici-tuzni-podsetnik-na-borbu-za-opstanak-i-odbranu-slobode\/\" \/>\n<meta property=\"og:site_name\" content=\"Predsednik Republike Kosovo - DR. VJOSA OSMANI - SADRIU\" \/>\n<meta property=\"article:published_time\" content=\"2024-02-04T13:46:59+00:00\" \/>\n<meta property=\"article:modified_time\" content=\"2024-05-17T11:19:29+00:00\" \/>\n<meta property=\"og:image\" content=\"https:\/\/president-ksgov.net\/wp-content\/uploads\/ZPRK-2.png\" \/>\n\t<meta property=\"og:image:width\" content=\"2000\" \/>\n\t<meta property=\"og:image:height\" content=\"1000\" \/>\n\t<meta property=\"og:image:type\" content=\"image\/png\" \/>\n<meta name=\"author\" content=\"Edona Krasniqi\" \/>\n<meta name=\"twitter:card\" content=\"summary_large_image\" \/>\n<meta name=\"twitter:label1\" content=\"\u041d\u0430\u043f\u0438\u0441\u0430\u043d\u043e \u043e\u0434\" \/>\n\t<meta name=\"twitter:data1\" content=\"Edona Krasniqi\" \/>\n\t<meta name=\"twitter:label2\" content=\"\u041f\u0440\u043e\u0446\u0435\u045a\u0435\u043d\u043e \u0432\u0440\u0435\u043c\u0435 \u0447\u0438\u0442\u0430\u045a\u0430\" \/>\n\t<meta name=\"twitter:data2\" content=\"2 \u043c\u0438\u043d\u0443\u0442\u0430\" \/>\n<script type=\"application\/ld+json\" class=\"yoast-schema-graph\">{\"@context\":\"https:\/\/schema.org\",\"@graph\":[{\"@type\":\"WebPage\",\"@id\":\"https:\/\/president-ksgov.net\/sr\/predsednica-osmani-dogadaji-od-3-do-4-februara-2000-godine-u-mitrovici-tuzni-podsetnik-na-borbu-za-opstanak-i-odbranu-slobode\/\",\"url\":\"https:\/\/president-ksgov.net\/sr\/predsednica-osmani-dogadaji-od-3-do-4-februara-2000-godine-u-mitrovici-tuzni-podsetnik-na-borbu-za-opstanak-i-odbranu-slobode\/\",\"name\":\"Predsednica Osmani: Doga\u0111aji od 3. do 4. februara 2000. godine u Mitrovici, tu\u017eni podsetnik na borbu za opstanak i odbranu slobode - Predsednik Republike Kosovo - DR. VJOSA OSMANI - SADRIU\",\"isPartOf\":{\"@id\":\"https:\/\/president-ksgov.net\/#website\"},\"primaryImageOfPage\":{\"@id\":\"https:\/\/president-ksgov.net\/sr\/predsednica-osmani-dogadaji-od-3-do-4-februara-2000-godine-u-mitrovici-tuzni-podsetnik-na-borbu-za-opstanak-i-odbranu-slobode\/#primaryimage\"},\"image\":{\"@id\":\"https:\/\/president-ksgov.net\/sr\/predsednica-osmani-dogadaji-od-3-do-4-februara-2000-godine-u-mitrovici-tuzni-podsetnik-na-borbu-za-opstanak-i-odbranu-slobode\/#primaryimage\"},\"thumbnailUrl\":\"https:\/\/president-ksgov.net\/wp-content\/uploads\/ZPRK-2.png\",\"datePublished\":\"2024-02-04T13:46:59+00:00\",\"dateModified\":\"2024-05-17T11:19:29+00:00\",\"author\":{\"@id\":\"https:\/\/president-ksgov.net\/#\/schema\/person\/b9740e15fff71a6f8f26a0e201572567\"},\"description\":\"Predsednica Osmani: Doga\u0111aji od 3. do 4. februara 2000. godine u Mitrovici, tu\u017eni podsetnik na borbu za opstanak i odbranu slobode - Predsednik Republike Kosovo - DR. VJOSA OSMANI - SADRIU -\",\"breadcrumb\":{\"@id\":\"https:\/\/president-ksgov.net\/sr\/predsednica-osmani-dogadaji-od-3-do-4-februara-2000-godine-u-mitrovici-tuzni-podsetnik-na-borbu-za-opstanak-i-odbranu-slobode\/#breadcrumb\"},\"inLanguage\":\"sr-RS\",\"potentialAction\":[{\"@type\":\"ReadAction\",\"target\":[\"https:\/\/president-ksgov.net\/sr\/predsednica-osmani-dogadaji-od-3-do-4-februara-2000-godine-u-mitrovici-tuzni-podsetnik-na-borbu-za-opstanak-i-odbranu-slobode\/\"]}]},{\"@type\":\"ImageObject\",\"inLanguage\":\"sr-RS\",\"@id\":\"https:\/\/president-ksgov.net\/sr\/predsednica-osmani-dogadaji-od-3-do-4-februara-2000-godine-u-mitrovici-tuzni-podsetnik-na-borbu-za-opstanak-i-odbranu-slobode\/#primaryimage\",\"url\":\"https:\/\/president-ksgov.net\/wp-content\/uploads\/ZPRK-2.png\",\"contentUrl\":\"https:\/\/president-ksgov.net\/wp-content\/uploads\/ZPRK-2.png\",\"width\":2000,\"height\":1000},{\"@type\":\"BreadcrumbList\",\"@id\":\"https:\/\/president-ksgov.net\/sr\/predsednica-osmani-dogadaji-od-3-do-4-februara-2000-godine-u-mitrovici-tuzni-podsetnik-na-borbu-za-opstanak-i-odbranu-slobode\/#breadcrumb\",\"itemListElement\":[{\"@type\":\"ListItem\",\"position\":1,\"name\":\"Home\",\"item\":\"https:\/\/president-ksgov.net\/sr\/\"},{\"@type\":\"ListItem\",\"position\":2,\"name\":\"Predsednica Osmani: Doga\u0111aji od 3. do 4. februara 2000. godine u Mitrovici, tu\u017eni podsetnik na borbu za opstanak i odbranu slobode\"}]},{\"@type\":\"WebSite\",\"@id\":\"https:\/\/president-ksgov.net\/#website\",\"url\":\"https:\/\/president-ksgov.net\/\",\"name\":\"Presidente e Republik\u00ebs s\u00eb Kosov\u00ebs\",\"description\":\"Presidente e Republik\u00ebs s\u00eb Kosov\u00ebs\",\"alternateName\":\"DR. VJOSA OSMANI - SADRIU\",\"potentialAction\":[{\"@type\":\"SearchAction\",\"target\":{\"@type\":\"EntryPoint\",\"urlTemplate\":\"https:\/\/president-ksgov.net\/?s={search_term_string}\"},\"query-input\":{\"@type\":\"PropertyValueSpecification\",\"valueRequired\":true,\"valueName\":\"search_term_string\"}}],\"inLanguage\":\"sr-RS\"},{\"@type\":\"Person\",\"@id\":\"https:\/\/president-ksgov.net\/#\/schema\/person\/b9740e15fff71a6f8f26a0e201572567\",\"name\":\"Edona Krasniqi\",\"image\":{\"@type\":\"ImageObject\",\"inLanguage\":\"sr-RS\",\"@id\":\"https:\/\/president-ksgov.net\/#\/schema\/person\/image\/\",\"url\":\"https:\/\/secure.gravatar.com\/avatar\/1f0f749e4b80632decf95bd32db3f33277967a04dc5e29d46781d9c89b703cce?s=96&d=mm&r=g\",\"contentUrl\":\"https:\/\/secure.gravatar.com\/avatar\/1f0f749e4b80632decf95bd32db3f33277967a04dc5e29d46781d9c89b703cce?s=96&d=mm&r=g\",\"caption\":\"Edona Krasniqi\"},\"sameAs\":[\"https:\/\/president-ksgov.net\/\"]}]}<\/script>\n<!-- \/ Yoast SEO plugin. -->","yoast_head_json":{"title":"Predsednica Osmani: Doga\u0111aji od 3. do 4. februara 2000. godine u Mitrovici, tu\u017eni podsetnik na borbu za opstanak i odbranu slobode - Predsednik Republike Kosovo - DR. VJOSA OSMANI - SADRIU","description":"Predsednica Osmani: Doga\u0111aji od 3. do 4. februara 2000. godine u Mitrovici, tu\u017eni podsetnik na borbu za opstanak i odbranu slobode - Predsednik Republike Kosovo - DR. VJOSA OSMANI - SADRIU -","robots":{"index":"index","follow":"follow","max-snippet":"max-snippet:-1","max-image-preview":"max-image-preview:large","max-video-preview":"max-video-preview:-1"},"canonical":"https:\/\/president-ksgov.net\/sr\/predsednica-osmani-dogadaji-od-3-do-4-februara-2000-godine-u-mitrovici-tuzni-podsetnik-na-borbu-za-opstanak-i-odbranu-slobode\/","og_locale":"sr_RS","og_type":"article","og_title":"Predsednica Osmani: Doga\u0111aji od 3. do 4. februara 2000. godine u Mitrovici, tu\u017eni podsetnik na borbu za opstanak i odbranu slobode - Predsednik Republike Kosovo - DR. VJOSA OSMANI - SADRIU","og_description":"Predsednica Osmani: Doga\u0111aji od 3. do 4. februara 2000. godine u Mitrovici, tu\u017eni podsetnik na borbu za opstanak i odbranu slobode - Predsednik Republike Kosovo - DR. VJOSA OSMANI - SADRIU -","og_url":"https:\/\/president-ksgov.net\/sr\/predsednica-osmani-dogadaji-od-3-do-4-februara-2000-godine-u-mitrovici-tuzni-podsetnik-na-borbu-za-opstanak-i-odbranu-slobode\/","og_site_name":"Predsednik Republike Kosovo - DR. VJOSA OSMANI - SADRIU","article_published_time":"2024-02-04T13:46:59+00:00","article_modified_time":"2024-05-17T11:19:29+00:00","og_image":[{"width":2000,"height":1000,"url":"https:\/\/president-ksgov.net\/wp-content\/uploads\/ZPRK-2.png","type":"image\/png"}],"author":"Edona Krasniqi","twitter_card":"summary_large_image","twitter_misc":{"\u041d\u0430\u043f\u0438\u0441\u0430\u043d\u043e \u043e\u0434":"Edona Krasniqi","\u041f\u0440\u043e\u0446\u0435\u045a\u0435\u043d\u043e \u0432\u0440\u0435\u043c\u0435 \u0447\u0438\u0442\u0430\u045a\u0430":"2 \u043c\u0438\u043d\u0443\u0442\u0430"},"schema":{"@context":"https:\/\/schema.org","@graph":[{"@type":"WebPage","@id":"https:\/\/president-ksgov.net\/sr\/predsednica-osmani-dogadaji-od-3-do-4-februara-2000-godine-u-mitrovici-tuzni-podsetnik-na-borbu-za-opstanak-i-odbranu-slobode\/","url":"https:\/\/president-ksgov.net\/sr\/predsednica-osmani-dogadaji-od-3-do-4-februara-2000-godine-u-mitrovici-tuzni-podsetnik-na-borbu-za-opstanak-i-odbranu-slobode\/","name":"Predsednica Osmani: Doga\u0111aji od 3. do 4. februara 2000. godine u Mitrovici, tu\u017eni podsetnik na borbu za opstanak i odbranu slobode - Predsednik Republike Kosovo - DR. VJOSA OSMANI - SADRIU","isPartOf":{"@id":"https:\/\/president-ksgov.net\/#website"},"primaryImageOfPage":{"@id":"https:\/\/president-ksgov.net\/sr\/predsednica-osmani-dogadaji-od-3-do-4-februara-2000-godine-u-mitrovici-tuzni-podsetnik-na-borbu-za-opstanak-i-odbranu-slobode\/#primaryimage"},"image":{"@id":"https:\/\/president-ksgov.net\/sr\/predsednica-osmani-dogadaji-od-3-do-4-februara-2000-godine-u-mitrovici-tuzni-podsetnik-na-borbu-za-opstanak-i-odbranu-slobode\/#primaryimage"},"thumbnailUrl":"https:\/\/president-ksgov.net\/wp-content\/uploads\/ZPRK-2.png","datePublished":"2024-02-04T13:46:59+00:00","dateModified":"2024-05-17T11:19:29+00:00","author":{"@id":"https:\/\/president-ksgov.net\/#\/schema\/person\/b9740e15fff71a6f8f26a0e201572567"},"description":"Predsednica Osmani: Doga\u0111aji od 3. do 4. februara 2000. godine u Mitrovici, tu\u017eni podsetnik na borbu za opstanak i odbranu slobode - Predsednik Republike Kosovo - DR. VJOSA OSMANI - SADRIU -","breadcrumb":{"@id":"https:\/\/president-ksgov.net\/sr\/predsednica-osmani-dogadaji-od-3-do-4-februara-2000-godine-u-mitrovici-tuzni-podsetnik-na-borbu-za-opstanak-i-odbranu-slobode\/#breadcrumb"},"inLanguage":"sr-RS","potentialAction":[{"@type":"ReadAction","target":["https:\/\/president-ksgov.net\/sr\/predsednica-osmani-dogadaji-od-3-do-4-februara-2000-godine-u-mitrovici-tuzni-podsetnik-na-borbu-za-opstanak-i-odbranu-slobode\/"]}]},{"@type":"ImageObject","inLanguage":"sr-RS","@id":"https:\/\/president-ksgov.net\/sr\/predsednica-osmani-dogadaji-od-3-do-4-februara-2000-godine-u-mitrovici-tuzni-podsetnik-na-borbu-za-opstanak-i-odbranu-slobode\/#primaryimage","url":"https:\/\/president-ksgov.net\/wp-content\/uploads\/ZPRK-2.png","contentUrl":"https:\/\/president-ksgov.net\/wp-content\/uploads\/ZPRK-2.png","width":2000,"height":1000},{"@type":"BreadcrumbList","@id":"https:\/\/president-ksgov.net\/sr\/predsednica-osmani-dogadaji-od-3-do-4-februara-2000-godine-u-mitrovici-tuzni-podsetnik-na-borbu-za-opstanak-i-odbranu-slobode\/#breadcrumb","itemListElement":[{"@type":"ListItem","position":1,"name":"Home","item":"https:\/\/president-ksgov.net\/sr\/"},{"@type":"ListItem","position":2,"name":"Predsednica Osmani: Doga\u0111aji od 3. do 4. februara 2000. godine u Mitrovici, tu\u017eni podsetnik na borbu za opstanak i odbranu slobode"}]},{"@type":"WebSite","@id":"https:\/\/president-ksgov.net\/#website","url":"https:\/\/president-ksgov.net\/","name":"Presidente e Republik\u00ebs s\u00eb Kosov\u00ebs","description":"Presidente e Republik\u00ebs s\u00eb Kosov\u00ebs","alternateName":"DR. VJOSA OSMANI - SADRIU","potentialAction":[{"@type":"SearchAction","target":{"@type":"EntryPoint","urlTemplate":"https:\/\/president-ksgov.net\/?s={search_term_string}"},"query-input":{"@type":"PropertyValueSpecification","valueRequired":true,"valueName":"search_term_string"}}],"inLanguage":"sr-RS"},{"@type":"Person","@id":"https:\/\/president-ksgov.net\/#\/schema\/person\/b9740e15fff71a6f8f26a0e201572567","name":"Edona Krasniqi","image":{"@type":"ImageObject","inLanguage":"sr-RS","@id":"https:\/\/president-ksgov.net\/#\/schema\/person\/image\/","url":"https:\/\/secure.gravatar.com\/avatar\/1f0f749e4b80632decf95bd32db3f33277967a04dc5e29d46781d9c89b703cce?s=96&d=mm&r=g","contentUrl":"https:\/\/secure.gravatar.com\/avatar\/1f0f749e4b80632decf95bd32db3f33277967a04dc5e29d46781d9c89b703cce?s=96&d=mm&r=g","caption":"Edona Krasniqi"},"sameAs":["https:\/\/president-ksgov.net\/"]}]}},"_links":{"self":[{"href":"https:\/\/president-ksgov.net\/sr\/wp-json\/wp\/v2\/posts\/104948","targetHints":{"allow":["GET"]}}],"collection":[{"href":"https:\/\/president-ksgov.net\/sr\/wp-json\/wp\/v2\/posts"}],"about":[{"href":"https:\/\/president-ksgov.net\/sr\/wp-json\/wp\/v2\/types\/post"}],"author":[{"embeddable":true,"href":"https:\/\/president-ksgov.net\/sr\/wp-json\/wp\/v2\/users\/13"}],"replies":[{"embeddable":true,"href":"https:\/\/president-ksgov.net\/sr\/wp-json\/wp\/v2\/comments?post=104948"}],"version-history":[{"count":1,"href":"https:\/\/president-ksgov.net\/sr\/wp-json\/wp\/v2\/posts\/104948\/revisions"}],"predecessor-version":[{"id":104949,"href":"https:\/\/president-ksgov.net\/sr\/wp-json\/wp\/v2\/posts\/104948\/revisions\/104949"}],"wp:featuredmedia":[{"embeddable":true,"href":"https:\/\/president-ksgov.net\/sr\/wp-json\/wp\/v2\/media\/103447"}],"wp:attachment":[{"href":"https:\/\/president-ksgov.net\/sr\/wp-json\/wp\/v2\/media?parent=104948"}],"wp:term":[{"taxonomy":"category","embeddable":true,"href":"https:\/\/president-ksgov.net\/sr\/wp-json\/wp\/v2\/categories?post=104948"},{"taxonomy":"post_tag","embeddable":true,"href":"https:\/\/president-ksgov.net\/sr\/wp-json\/wp\/v2\/tags?post=104948"}],"curies":[{"name":"wp","href":"https:\/\/api.w.org\/{rel}","templated":true}]}}