{"id":104900,"date":"2024-02-17T12:00:37","date_gmt":"2024-02-17T11:00:37","guid":{"rendered":"https:\/\/president-ksgov.net\/?p=104900"},"modified":"2024-05-15T16:16:14","modified_gmt":"2024-05-15T14:16:14","slug":"predsednica-osmani-danas-obelezavamo-najvece-istorijsko-dostignuce-naseg-naroda","status":"publish","type":"post","link":"https:\/\/president-ksgov.net\/sr\/predsednica-osmani-danas-obelezavamo-najvece-istorijsko-dostignuce-naseg-naroda\/","title":{"rendered":"Predsednica Osmani: Danas obele\u017eavamo najve\u0107e istorijsko dostignu\u0107e na\u0161eg naroda"},"content":{"rendered":"<p>Predsednica Osmani: Danas obele\u017eavamo najve\u0107e istorijsko dostignu\u0107e na\u0161eg naroda<\/p>\n<p>Predsednica Republike Kosovo Vjosa Osmani, povodom 16. godi\u0161njice nezavisnosti Republike Kosovo, u\u010destvovala je u nizu aktivnosti.<\/p>\n<p>Predsednica Osmani je prvo u\u010destvovala u ceremoniji podizanja dr\u017eavne zastave.<\/p>\n<p>Tom prilikom je predsednica Osmani rekla da danas obele\u017eavamo najve\u0107e istorijsko dostignu\u0107e na\u0161eg naroda.<\/p>\n<p>\u201eDanas obele\u017eavamo najve\u0107e istorijsko dostignu\u0107e na\u0161eg naroda. Obele\u017eavamo dan kada je na\u0161a zemlja progla\u0161ena nezavisnom, suverenom, slobodnom i demokratskom. Tokom ovih 16 godina postojanja na\u0161e dr\u017eave, Kosovo je u\u010dinilo va\u017ene korake napred i naravno odlu\u010dne, kako bi pokazalo svetu da ne samo da je zaslu\u017eilo svoju slobodu i nezavisnost, ve\u0107 i da doprinosi miru, stabilnosti i bezbednosti van svojih granica\u201c, rekla je predsednica Osmani.<\/p>\n<p>\u010cestitaju\u0107i svim gra\u0111anima zemlje Dan nezavisnosti, predsednica Osmani je rekla da je svako od njih dao vredan doprinos da danas mo\u017eemo u\u017eivati u na\u0161oj zemlji.<\/p>\n<p>\u201e\u017delim da \u010destitam svim gra\u0111anima Kosova, jer je svako od njih dao vredan doprinos da danas u\u017eivamo u na\u0161oj zemlji, ali posebno \u017eelim da se setim svih onih koji su dali ono najdragocenije da mi danas \u017eivimo slobodni, koji su dali su svoje \u017eivote, svih narodnih palih boraca i mu\u010denika na\u0161e Republike\u201c, rekla je predsednica Osmani.<\/p>\n<p>Predsednica Osmani je rekla da se na ovaj dan ponovo se\u0107amo vizije arhitekte nezavisnosti, predsednika Ibrahima Rugove i nevi\u0111ene \u017ertve, hrabrosti i smelosti porodice Jashari i svih vojnika Oslobodila\u010dke vojske Kosova na \u010delu sa legendarnim komandantom Ademom Jasharijem.<\/p>\n<p>\u201eSlava svima koji su dali svoje \u017eivote za Kosovo, za dr\u017eavu u kojoj danas u\u017eivamo i koju slavimo i koja \u0107e nastaviti da ide napred ne povla\u010de\u0107i se nikad ni korak unazad\u201c, rekla je predsednica.<\/p>\n<p>Potom je predsednica Osmani u\u010destvovala i u drugim aktivnostima u okviru obele\u017eavanja 16. godi\u0161njice nezavisnosti.<\/p>\n<p>Predsednica Osmani odala je po\u010dast kod Spomenika nestalih.<\/p>\n<p>A, kasnije je odala po\u010dast kod groba biv\u0161eg predsednika dr Ibrahim Rugova.<\/p>\n<p>Predsednica Osmani je tako\u0111e odala po\u010dast kod groba aktiviste Adema Dema\u00e7ija, kao i u Memorijalnom kompleksu \u201eAdem Jashari\u201c u Prekazu.<\/p>\n<p>Obele\u017eavaju\u0107i ovu godi\u0161njicu nezavisnosti, predsednica Osmani odala je po\u010dast i pred Spomenikom \u201eHeroine\u201c, Spomenikom policajcima palim na du\u017enosti, kao i pred plo\u010dom dece koja su stradala u ratu.<\/p>\n","protected":false},"excerpt":{"rendered":"<p>Predsednica Osmani: Danas obele\u017eavamo najve\u0107e istorijsko dostignu\u0107e na\u0161eg naroda Predsednica Republike Kosovo Vjosa Osmani, povodom 16. godi\u0161njice nezavisnosti Republike Kosovo, u\u010destvovala je u nizu aktivnosti. Predsednica Osmani je prvo u\u010destvovala u ceremoniji podizanja dr\u017eavne zastave. Tom prilikom je predsednica Osmani rekla da danas obele\u017eavamo najve\u0107e istorijsko dostignu\u0107e na\u0161eg naroda. \u201eDanas obele\u017eavamo najve\u0107e istorijsko dostignu\u0107e na\u0161eg naroda. Obele\u017eavamo dan kada je na\u0161a zemlja progla\u0161ena nezavisnom, suverenom, slobodnom i demokratskom. Tokom ovih 16 godina postojanja na\u0161e dr\u017eave, Kosovo je u\u010dinilo va\u017ene korake napred i naravno odlu\u010dne, kako bi pokazalo svetu da ne samo da je zaslu\u017eilo svoju slobodu i nezavisnost, ve\u0107 i da doprinosi miru, stabilnosti i bezbednosti van svojih granica\u201c, rekla je predsednica Osmani. \u010cestitaju\u0107i svim gra\u0111anima zemlje Dan nezavisnosti, predsednica Osmani je rekla da je svako od njih dao vredan doprinos da danas mo\u017eemo u\u017eivati u na\u0161oj zemlji. \u201e\u017delim da \u010destitam svim gra\u0111anima Kosova, jer je svako od njih dao vredan doprinos da danas u\u017eivamo u na\u0161oj zemlji, ali posebno \u017eelim da se setim svih onih koji su dali ono najdragocenije da mi danas \u017eivimo slobodni, koji su dali su svoje \u017eivote, svih narodnih palih boraca i mu\u010denika na\u0161e Republike\u201c, rekla je predsednica Osmani. Predsednica Osmani je rekla da se na ovaj dan ponovo se\u0107amo vizije arhitekte nezavisnosti, predsednika Ibrahima Rugove i nevi\u0111ene \u017ertve, hrabrosti i smelosti porodice Jashari i svih vojnika Oslobodila\u010dke vojske Kosova na \u010delu sa legendarnim komandantom Ademom Jasharijem. \u201eSlava svima koji su dali svoje \u017eivote za Kosovo, za dr\u017eavu u kojoj danas u\u017eivamo i koju slavimo i koja \u0107e nastaviti da ide napred ne povla\u010de\u0107i se nikad ni korak unazad\u201c, rekla je predsednica. Potom je predsednica Osmani u\u010destvovala i u drugim aktivnostima u okviru obele\u017eavanja 16. godi\u0161njice nezavisnosti. Predsednica Osmani odala je po\u010dast kod Spomenika nestalih. A, kasnije je odala po\u010dast kod groba biv\u0161eg predsednika dr Ibrahim Rugova. Predsednica Osmani je tako\u0111e odala po\u010dast kod groba aktiviste Adema Dema\u00e7ija, kao i u Memorijalnom kompleksu \u201eAdem Jashari\u201c u Prekazu. Obele\u017eavaju\u0107i ovu godi\u0161njicu nezavisnosti, predsednica Osmani odala je po\u010dast i pred Spomenikom \u201eHeroine\u201c, Spomenikom policajcima palim na du\u017enosti, kao i pred plo\u010dom dece koja su stradala u ratu.<\/p>\n","protected":false},"author":13,"featured_media":100828,"comment_status":"open","ping_status":"closed","sticky":false,"template":"","format":"standard","meta":{"_eb_attr":"","footnotes":""},"categories":[101],"tags":[],"class_list":["post-104900","post","type-post","status-publish","format-standard","has-post-thumbnail","hentry","category-vesti"],"yoast_head":"<!-- This site is optimized with the Yoast SEO plugin v23.5 - https:\/\/yoast.com\/wordpress\/plugins\/seo\/ -->\n<title>Predsednica Osmani: Danas obele\u017eavamo najve\u0107e istorijsko dostignu\u0107e na\u0161eg naroda - Predsednik Republike Kosovo - DR. VJOSA OSMANI - SADRIU<\/title>\n<meta name=\"description\" content=\"Predsednica Osmani: Danas obele\u017eavamo najve\u0107e istorijsko dostignu\u0107e na\u0161eg naroda - Predsednik Republike Kosovo - DR. VJOSA OSMANI - SADRIU -\" \/>\n<meta name=\"robots\" content=\"index, follow, max-snippet:-1, max-image-preview:large, max-video-preview:-1\" \/>\n<link rel=\"canonical\" href=\"https:\/\/president-ksgov.net\/sr\/predsednica-osmani-danas-obelezavamo-najvece-istorijsko-dostignuce-naseg-naroda\/\" \/>\n<meta property=\"og:locale\" content=\"sr_RS\" \/>\n<meta property=\"og:type\" content=\"article\" \/>\n<meta property=\"og:title\" content=\"Predsednica Osmani: Danas obele\u017eavamo najve\u0107e istorijsko dostignu\u0107e na\u0161eg naroda - Predsednik Republike Kosovo - DR. VJOSA OSMANI - SADRIU\" \/>\n<meta property=\"og:description\" content=\"Predsednica Osmani: Danas obele\u017eavamo najve\u0107e istorijsko dostignu\u0107e na\u0161eg naroda - Predsednik Republike Kosovo - DR. VJOSA OSMANI - SADRIU -\" \/>\n<meta property=\"og:url\" content=\"https:\/\/president-ksgov.net\/sr\/predsednica-osmani-danas-obelezavamo-najvece-istorijsko-dostignuce-naseg-naroda\/\" \/>\n<meta property=\"og:site_name\" content=\"Predsednik Republike Kosovo - DR. VJOSA OSMANI - SADRIU\" \/>\n<meta property=\"article:published_time\" content=\"2024-02-17T11:00:37+00:00\" \/>\n<meta property=\"article:modified_time\" content=\"2024-05-15T14:16:14+00:00\" \/>\n<meta property=\"og:image\" content=\"https:\/\/president-ksgov.net\/wp-content\/uploads\/1-213.jpg\" \/>\n\t<meta property=\"og:image:width\" content=\"1600\" \/>\n\t<meta property=\"og:image:height\" content=\"1066\" \/>\n\t<meta property=\"og:image:type\" content=\"image\/jpeg\" \/>\n<meta name=\"author\" content=\"Edona Krasniqi\" \/>\n<meta name=\"twitter:card\" content=\"summary_large_image\" \/>\n<meta name=\"twitter:label1\" content=\"\u041d\u0430\u043f\u0438\u0441\u0430\u043d\u043e \u043e\u0434\" \/>\n\t<meta name=\"twitter:data1\" content=\"Edona Krasniqi\" \/>\n\t<meta name=\"twitter:label2\" content=\"\u041f\u0440\u043e\u0446\u0435\u045a\u0435\u043d\u043e \u0432\u0440\u0435\u043c\u0435 \u0447\u0438\u0442\u0430\u045a\u0430\" \/>\n\t<meta name=\"twitter:data2\" content=\"3 \u043c\u0438\u043d\u0443\u0442\u0430\" \/>\n<script type=\"application\/ld+json\" class=\"yoast-schema-graph\">{\"@context\":\"https:\/\/schema.org\",\"@graph\":[{\"@type\":\"WebPage\",\"@id\":\"https:\/\/president-ksgov.net\/sr\/predsednica-osmani-danas-obelezavamo-najvece-istorijsko-dostignuce-naseg-naroda\/\",\"url\":\"https:\/\/president-ksgov.net\/sr\/predsednica-osmani-danas-obelezavamo-najvece-istorijsko-dostignuce-naseg-naroda\/\",\"name\":\"Predsednica Osmani: Danas obele\u017eavamo najve\u0107e istorijsko dostignu\u0107e na\u0161eg naroda - Predsednik Republike Kosovo - DR. VJOSA OSMANI - SADRIU\",\"isPartOf\":{\"@id\":\"https:\/\/president-ksgov.net\/#website\"},\"primaryImageOfPage\":{\"@id\":\"https:\/\/president-ksgov.net\/sr\/predsednica-osmani-danas-obelezavamo-najvece-istorijsko-dostignuce-naseg-naroda\/#primaryimage\"},\"image\":{\"@id\":\"https:\/\/president-ksgov.net\/sr\/predsednica-osmani-danas-obelezavamo-najvece-istorijsko-dostignuce-naseg-naroda\/#primaryimage\"},\"thumbnailUrl\":\"https:\/\/president-ksgov.net\/wp-content\/uploads\/1-213.jpg\",\"datePublished\":\"2024-02-17T11:00:37+00:00\",\"dateModified\":\"2024-05-15T14:16:14+00:00\",\"author\":{\"@id\":\"https:\/\/president-ksgov.net\/#\/schema\/person\/b9740e15fff71a6f8f26a0e201572567\"},\"description\":\"Predsednica Osmani: Danas obele\u017eavamo najve\u0107e istorijsko dostignu\u0107e na\u0161eg naroda - Predsednik Republike Kosovo - DR. VJOSA OSMANI - SADRIU -\",\"breadcrumb\":{\"@id\":\"https:\/\/president-ksgov.net\/sr\/predsednica-osmani-danas-obelezavamo-najvece-istorijsko-dostignuce-naseg-naroda\/#breadcrumb\"},\"inLanguage\":\"sr-RS\",\"potentialAction\":[{\"@type\":\"ReadAction\",\"target\":[\"https:\/\/president-ksgov.net\/sr\/predsednica-osmani-danas-obelezavamo-najvece-istorijsko-dostignuce-naseg-naroda\/\"]}]},{\"@type\":\"ImageObject\",\"inLanguage\":\"sr-RS\",\"@id\":\"https:\/\/president-ksgov.net\/sr\/predsednica-osmani-danas-obelezavamo-najvece-istorijsko-dostignuce-naseg-naroda\/#primaryimage\",\"url\":\"https:\/\/president-ksgov.net\/wp-content\/uploads\/1-213.jpg\",\"contentUrl\":\"https:\/\/president-ksgov.net\/wp-content\/uploads\/1-213.jpg\",\"width\":1600,\"height\":1066},{\"@type\":\"BreadcrumbList\",\"@id\":\"https:\/\/president-ksgov.net\/sr\/predsednica-osmani-danas-obelezavamo-najvece-istorijsko-dostignuce-naseg-naroda\/#breadcrumb\",\"itemListElement\":[{\"@type\":\"ListItem\",\"position\":1,\"name\":\"Home\",\"item\":\"https:\/\/president-ksgov.net\/sr\/\"},{\"@type\":\"ListItem\",\"position\":2,\"name\":\"Predsednica Osmani: Danas obele\u017eavamo najve\u0107e istorijsko dostignu\u0107e na\u0161eg naroda\"}]},{\"@type\":\"WebSite\",\"@id\":\"https:\/\/president-ksgov.net\/#website\",\"url\":\"https:\/\/president-ksgov.net\/\",\"name\":\"Presidente e Republik\u00ebs s\u00eb Kosov\u00ebs\",\"description\":\"Presidente e Republik\u00ebs s\u00eb Kosov\u00ebs\",\"alternateName\":\"DR. VJOSA OSMANI - SADRIU\",\"potentialAction\":[{\"@type\":\"SearchAction\",\"target\":{\"@type\":\"EntryPoint\",\"urlTemplate\":\"https:\/\/president-ksgov.net\/?s={search_term_string}\"},\"query-input\":{\"@type\":\"PropertyValueSpecification\",\"valueRequired\":true,\"valueName\":\"search_term_string\"}}],\"inLanguage\":\"sr-RS\"},{\"@type\":\"Person\",\"@id\":\"https:\/\/president-ksgov.net\/#\/schema\/person\/b9740e15fff71a6f8f26a0e201572567\",\"name\":\"Edona Krasniqi\",\"image\":{\"@type\":\"ImageObject\",\"inLanguage\":\"sr-RS\",\"@id\":\"https:\/\/president-ksgov.net\/#\/schema\/person\/image\/\",\"url\":\"https:\/\/secure.gravatar.com\/avatar\/1f0f749e4b80632decf95bd32db3f33277967a04dc5e29d46781d9c89b703cce?s=96&d=mm&r=g\",\"contentUrl\":\"https:\/\/secure.gravatar.com\/avatar\/1f0f749e4b80632decf95bd32db3f33277967a04dc5e29d46781d9c89b703cce?s=96&d=mm&r=g\",\"caption\":\"Edona Krasniqi\"},\"sameAs\":[\"https:\/\/president-ksgov.net\/\"]}]}<\/script>\n<!-- \/ Yoast SEO plugin. -->","yoast_head_json":{"title":"Predsednica Osmani: Danas obele\u017eavamo najve\u0107e istorijsko dostignu\u0107e na\u0161eg naroda - Predsednik Republike Kosovo - DR. VJOSA OSMANI - SADRIU","description":"Predsednica Osmani: Danas obele\u017eavamo najve\u0107e istorijsko dostignu\u0107e na\u0161eg naroda - Predsednik Republike Kosovo - DR. VJOSA OSMANI - SADRIU -","robots":{"index":"index","follow":"follow","max-snippet":"max-snippet:-1","max-image-preview":"max-image-preview:large","max-video-preview":"max-video-preview:-1"},"canonical":"https:\/\/president-ksgov.net\/sr\/predsednica-osmani-danas-obelezavamo-najvece-istorijsko-dostignuce-naseg-naroda\/","og_locale":"sr_RS","og_type":"article","og_title":"Predsednica Osmani: Danas obele\u017eavamo najve\u0107e istorijsko dostignu\u0107e na\u0161eg naroda - Predsednik Republike Kosovo - DR. VJOSA OSMANI - SADRIU","og_description":"Predsednica Osmani: Danas obele\u017eavamo najve\u0107e istorijsko dostignu\u0107e na\u0161eg naroda - Predsednik Republike Kosovo - DR. VJOSA OSMANI - SADRIU -","og_url":"https:\/\/president-ksgov.net\/sr\/predsednica-osmani-danas-obelezavamo-najvece-istorijsko-dostignuce-naseg-naroda\/","og_site_name":"Predsednik Republike Kosovo - DR. VJOSA OSMANI - SADRIU","article_published_time":"2024-02-17T11:00:37+00:00","article_modified_time":"2024-05-15T14:16:14+00:00","og_image":[{"width":1600,"height":1066,"url":"https:\/\/president-ksgov.net\/wp-content\/uploads\/1-213.jpg","type":"image\/jpeg"}],"author":"Edona Krasniqi","twitter_card":"summary_large_image","twitter_misc":{"\u041d\u0430\u043f\u0438\u0441\u0430\u043d\u043e \u043e\u0434":"Edona Krasniqi","\u041f\u0440\u043e\u0446\u0435\u045a\u0435\u043d\u043e \u0432\u0440\u0435\u043c\u0435 \u0447\u0438\u0442\u0430\u045a\u0430":"3 \u043c\u0438\u043d\u0443\u0442\u0430"},"schema":{"@context":"https:\/\/schema.org","@graph":[{"@type":"WebPage","@id":"https:\/\/president-ksgov.net\/sr\/predsednica-osmani-danas-obelezavamo-najvece-istorijsko-dostignuce-naseg-naroda\/","url":"https:\/\/president-ksgov.net\/sr\/predsednica-osmani-danas-obelezavamo-najvece-istorijsko-dostignuce-naseg-naroda\/","name":"Predsednica Osmani: Danas obele\u017eavamo najve\u0107e istorijsko dostignu\u0107e na\u0161eg naroda - Predsednik Republike Kosovo - DR. VJOSA OSMANI - SADRIU","isPartOf":{"@id":"https:\/\/president-ksgov.net\/#website"},"primaryImageOfPage":{"@id":"https:\/\/president-ksgov.net\/sr\/predsednica-osmani-danas-obelezavamo-najvece-istorijsko-dostignuce-naseg-naroda\/#primaryimage"},"image":{"@id":"https:\/\/president-ksgov.net\/sr\/predsednica-osmani-danas-obelezavamo-najvece-istorijsko-dostignuce-naseg-naroda\/#primaryimage"},"thumbnailUrl":"https:\/\/president-ksgov.net\/wp-content\/uploads\/1-213.jpg","datePublished":"2024-02-17T11:00:37+00:00","dateModified":"2024-05-15T14:16:14+00:00","author":{"@id":"https:\/\/president-ksgov.net\/#\/schema\/person\/b9740e15fff71a6f8f26a0e201572567"},"description":"Predsednica Osmani: Danas obele\u017eavamo najve\u0107e istorijsko dostignu\u0107e na\u0161eg naroda - Predsednik Republike Kosovo - DR. VJOSA OSMANI - SADRIU -","breadcrumb":{"@id":"https:\/\/president-ksgov.net\/sr\/predsednica-osmani-danas-obelezavamo-najvece-istorijsko-dostignuce-naseg-naroda\/#breadcrumb"},"inLanguage":"sr-RS","potentialAction":[{"@type":"ReadAction","target":["https:\/\/president-ksgov.net\/sr\/predsednica-osmani-danas-obelezavamo-najvece-istorijsko-dostignuce-naseg-naroda\/"]}]},{"@type":"ImageObject","inLanguage":"sr-RS","@id":"https:\/\/president-ksgov.net\/sr\/predsednica-osmani-danas-obelezavamo-najvece-istorijsko-dostignuce-naseg-naroda\/#primaryimage","url":"https:\/\/president-ksgov.net\/wp-content\/uploads\/1-213.jpg","contentUrl":"https:\/\/president-ksgov.net\/wp-content\/uploads\/1-213.jpg","width":1600,"height":1066},{"@type":"BreadcrumbList","@id":"https:\/\/president-ksgov.net\/sr\/predsednica-osmani-danas-obelezavamo-najvece-istorijsko-dostignuce-naseg-naroda\/#breadcrumb","itemListElement":[{"@type":"ListItem","position":1,"name":"Home","item":"https:\/\/president-ksgov.net\/sr\/"},{"@type":"ListItem","position":2,"name":"Predsednica Osmani: Danas obele\u017eavamo najve\u0107e istorijsko dostignu\u0107e na\u0161eg naroda"}]},{"@type":"WebSite","@id":"https:\/\/president-ksgov.net\/#website","url":"https:\/\/president-ksgov.net\/","name":"Presidente e Republik\u00ebs s\u00eb Kosov\u00ebs","description":"Presidente e Republik\u00ebs s\u00eb Kosov\u00ebs","alternateName":"DR. VJOSA OSMANI - SADRIU","potentialAction":[{"@type":"SearchAction","target":{"@type":"EntryPoint","urlTemplate":"https:\/\/president-ksgov.net\/?s={search_term_string}"},"query-input":{"@type":"PropertyValueSpecification","valueRequired":true,"valueName":"search_term_string"}}],"inLanguage":"sr-RS"},{"@type":"Person","@id":"https:\/\/president-ksgov.net\/#\/schema\/person\/b9740e15fff71a6f8f26a0e201572567","name":"Edona Krasniqi","image":{"@type":"ImageObject","inLanguage":"sr-RS","@id":"https:\/\/president-ksgov.net\/#\/schema\/person\/image\/","url":"https:\/\/secure.gravatar.com\/avatar\/1f0f749e4b80632decf95bd32db3f33277967a04dc5e29d46781d9c89b703cce?s=96&d=mm&r=g","contentUrl":"https:\/\/secure.gravatar.com\/avatar\/1f0f749e4b80632decf95bd32db3f33277967a04dc5e29d46781d9c89b703cce?s=96&d=mm&r=g","caption":"Edona Krasniqi"},"sameAs":["https:\/\/president-ksgov.net\/"]}]}},"_links":{"self":[{"href":"https:\/\/president-ksgov.net\/sr\/wp-json\/wp\/v2\/posts\/104900","targetHints":{"allow":["GET"]}}],"collection":[{"href":"https:\/\/president-ksgov.net\/sr\/wp-json\/wp\/v2\/posts"}],"about":[{"href":"https:\/\/president-ksgov.net\/sr\/wp-json\/wp\/v2\/types\/post"}],"author":[{"embeddable":true,"href":"https:\/\/president-ksgov.net\/sr\/wp-json\/wp\/v2\/users\/13"}],"replies":[{"embeddable":true,"href":"https:\/\/president-ksgov.net\/sr\/wp-json\/wp\/v2\/comments?post=104900"}],"version-history":[{"count":1,"href":"https:\/\/president-ksgov.net\/sr\/wp-json\/wp\/v2\/posts\/104900\/revisions"}],"predecessor-version":[{"id":104901,"href":"https:\/\/president-ksgov.net\/sr\/wp-json\/wp\/v2\/posts\/104900\/revisions\/104901"}],"wp:featuredmedia":[{"embeddable":true,"href":"https:\/\/president-ksgov.net\/sr\/wp-json\/wp\/v2\/media\/100828"}],"wp:attachment":[{"href":"https:\/\/president-ksgov.net\/sr\/wp-json\/wp\/v2\/media?parent=104900"}],"wp:term":[{"taxonomy":"category","embeddable":true,"href":"https:\/\/president-ksgov.net\/sr\/wp-json\/wp\/v2\/categories?post=104900"},{"taxonomy":"post_tag","embeddable":true,"href":"https:\/\/president-ksgov.net\/sr\/wp-json\/wp\/v2\/tags?post=104900"}],"curies":[{"name":"wp","href":"https:\/\/api.w.org\/{rel}","templated":true}]}}