{"id":104842,"date":"2024-05-15T10:44:36","date_gmt":"2024-05-15T08:44:36","guid":{"rendered":"https:\/\/president-ksgov.net\/?p=104842"},"modified":"2024-05-15T10:51:13","modified_gmt":"2024-05-15T08:51:13","slug":"predsednica-osmani-razgovarala-je-sa-predsednikom-nemacke-frank-walterom-steinmeierom","status":"publish","type":"post","link":"https:\/\/president-ksgov.net\/sr\/predsednica-osmani-razgovarala-je-sa-predsednikom-nemacke-frank-walterom-steinmeierom\/","title":{"rendered":"Predsednica Osmani razgovarala je sa predsednikom Nema\u010dke Frank-Walterom Steinmeierom"},"content":{"rendered":"<p>Predsednica Republike Kosovo Vjosa Osmani razgovarala je sa predsednikom Nema\u010dke Frank-Walterom Steinmeierom.<\/p>\n<p>Ceo post predsednice Osmani:<\/p>\n<p>Ju\u010de sam razgovarala sa nema\u010dkim predsednikom Frank-Walterom Steinmeierom kako bismo diskutovali o \u010dlanstvu Kosova u Savetu Evrope.<\/p>\n<p>Naglasila sam kriti\u010dnu va\u017enost za uspe\u0161an zavr\u0161etak ovog procesa, kako bi svi na\u0161i gra\u0111ani \u0161to pre imali koristi od instrumenata Saveta.<\/p>\n<p>Na\u0161e \u010dlanstvo ne bi bila samo pobeda za ljudska prava na Kosovu, vec\u0301 i pobeda za na\u0161 kontinent i vrednosti na kojima on \u010dvrsto stoji.<\/p>\n","protected":false},"excerpt":{"rendered":"<p>Predsednica Republike Kosovo Vjosa Osmani razgovarala je sa predsednikom Nema\u010dke Frank-Walterom Steinmeierom. Ceo post predsednice Osmani: Ju\u010de sam razgovarala sa nema\u010dkim predsednikom Frank-Walterom Steinmeierom kako bismo diskutovali o \u010dlanstvu Kosova u Savetu Evrope. Naglasila sam kriti\u010dnu va\u017enost za uspe\u0161an zavr\u0161etak ovog procesa, kako bi svi na\u0161i gra\u0111ani \u0161to pre imali koristi od instrumenata Saveta. Na\u0161e \u010dlanstvo ne bi bila samo pobeda za ljudska prava na Kosovu, vec\u0301 i pobeda za na\u0161 kontinent i vrednosti na kojima on \u010dvrsto stoji.<\/p>\n","protected":false},"author":13,"featured_media":104838,"comment_status":"open","ping_status":"closed","sticky":false,"template":"","format":"standard","meta":{"_eb_attr":"","footnotes":""},"categories":[101],"tags":[],"class_list":["post-104842","post","type-post","status-publish","format-standard","has-post-thumbnail","hentry","category-vesti"],"yoast_head":"<!-- This site is optimized with the Yoast SEO plugin v23.5 - https:\/\/yoast.com\/wordpress\/plugins\/seo\/ -->\n<title>Predsednica Osmani razgovarala je sa predsednikom Nema\u010dke Frank-Walterom Steinmeierom - Predsednik Republike Kosovo - DR. VJOSA OSMANI - SADRIU<\/title>\n<meta name=\"description\" content=\"Predsednica Osmani razgovarala je sa predsednikom Nema\u010dke Frank-Walterom Steinmeierom - Predsednik Republike Kosovo - DR. VJOSA OSMANI - SADRIU -\" \/>\n<meta name=\"robots\" content=\"index, follow, max-snippet:-1, max-image-preview:large, max-video-preview:-1\" \/>\n<link rel=\"canonical\" href=\"https:\/\/president-ksgov.net\/sr\/predsednica-osmani-razgovarala-je-sa-predsednikom-nemacke-frank-walterom-steinmeierom\/\" \/>\n<meta property=\"og:locale\" content=\"sr_RS\" \/>\n<meta property=\"og:type\" content=\"article\" \/>\n<meta property=\"og:title\" content=\"Predsednica Osmani razgovarala je sa predsednikom Nema\u010dke Frank-Walterom Steinmeierom - Predsednik Republike Kosovo - DR. VJOSA OSMANI - SADRIU\" \/>\n<meta property=\"og:description\" content=\"Predsednica Osmani razgovarala je sa predsednikom Nema\u010dke Frank-Walterom Steinmeierom - Predsednik Republike Kosovo - DR. VJOSA OSMANI - SADRIU -\" \/>\n<meta property=\"og:url\" content=\"https:\/\/president-ksgov.net\/sr\/predsednica-osmani-razgovarala-je-sa-predsednikom-nemacke-frank-walterom-steinmeierom\/\" \/>\n<meta property=\"og:site_name\" content=\"Predsednik Republike Kosovo - DR. VJOSA OSMANI - SADRIU\" \/>\n<meta property=\"article:published_time\" content=\"2024-05-15T08:44:36+00:00\" \/>\n<meta property=\"article:modified_time\" content=\"2024-05-15T08:51:13+00:00\" \/>\n<meta property=\"og:image\" content=\"https:\/\/president-ksgov.net\/wp-content\/uploads\/20240515_101913.jpg\" \/>\n\t<meta property=\"og:image:width\" content=\"2000\" \/>\n\t<meta property=\"og:image:height\" content=\"2000\" \/>\n\t<meta property=\"og:image:type\" content=\"image\/jpeg\" \/>\n<meta name=\"author\" content=\"Edona Krasniqi\" \/>\n<meta name=\"twitter:card\" content=\"summary_large_image\" \/>\n<meta name=\"twitter:label1\" content=\"\u041d\u0430\u043f\u0438\u0441\u0430\u043d\u043e \u043e\u0434\" \/>\n\t<meta name=\"twitter:data1\" content=\"Edona Krasniqi\" \/>\n\t<meta name=\"twitter:label2\" content=\"\u041f\u0440\u043e\u0446\u0435\u045a\u0435\u043d\u043e \u0432\u0440\u0435\u043c\u0435 \u0447\u0438\u0442\u0430\u045a\u0430\" \/>\n\t<meta name=\"twitter:data2\" content=\"1 \u043c\u0438\u043d\u0443\u0442\" \/>\n<script type=\"application\/ld+json\" class=\"yoast-schema-graph\">{\"@context\":\"https:\/\/schema.org\",\"@graph\":[{\"@type\":\"WebPage\",\"@id\":\"https:\/\/president-ksgov.net\/sr\/predsednica-osmani-razgovarala-je-sa-predsednikom-nemacke-frank-walterom-steinmeierom\/\",\"url\":\"https:\/\/president-ksgov.net\/sr\/predsednica-osmani-razgovarala-je-sa-predsednikom-nemacke-frank-walterom-steinmeierom\/\",\"name\":\"Predsednica Osmani razgovarala je sa predsednikom Nema\u010dke Frank-Walterom Steinmeierom - Predsednik Republike Kosovo - DR. VJOSA OSMANI - SADRIU\",\"isPartOf\":{\"@id\":\"https:\/\/president-ksgov.net\/#website\"},\"primaryImageOfPage\":{\"@id\":\"https:\/\/president-ksgov.net\/sr\/predsednica-osmani-razgovarala-je-sa-predsednikom-nemacke-frank-walterom-steinmeierom\/#primaryimage\"},\"image\":{\"@id\":\"https:\/\/president-ksgov.net\/sr\/predsednica-osmani-razgovarala-je-sa-predsednikom-nemacke-frank-walterom-steinmeierom\/#primaryimage\"},\"thumbnailUrl\":\"https:\/\/president-ksgov.net\/wp-content\/uploads\/20240515_101913.jpg\",\"datePublished\":\"2024-05-15T08:44:36+00:00\",\"dateModified\":\"2024-05-15T08:51:13+00:00\",\"author\":{\"@id\":\"https:\/\/president-ksgov.net\/#\/schema\/person\/b9740e15fff71a6f8f26a0e201572567\"},\"description\":\"Predsednica Osmani razgovarala je sa predsednikom Nema\u010dke Frank-Walterom Steinmeierom - Predsednik Republike Kosovo - DR. VJOSA OSMANI - SADRIU -\",\"breadcrumb\":{\"@id\":\"https:\/\/president-ksgov.net\/sr\/predsednica-osmani-razgovarala-je-sa-predsednikom-nemacke-frank-walterom-steinmeierom\/#breadcrumb\"},\"inLanguage\":\"sr-RS\",\"potentialAction\":[{\"@type\":\"ReadAction\",\"target\":[\"https:\/\/president-ksgov.net\/sr\/predsednica-osmani-razgovarala-je-sa-predsednikom-nemacke-frank-walterom-steinmeierom\/\"]}]},{\"@type\":\"ImageObject\",\"inLanguage\":\"sr-RS\",\"@id\":\"https:\/\/president-ksgov.net\/sr\/predsednica-osmani-razgovarala-je-sa-predsednikom-nemacke-frank-walterom-steinmeierom\/#primaryimage\",\"url\":\"https:\/\/president-ksgov.net\/wp-content\/uploads\/20240515_101913.jpg\",\"contentUrl\":\"https:\/\/president-ksgov.net\/wp-content\/uploads\/20240515_101913.jpg\",\"width\":2000,\"height\":2000},{\"@type\":\"BreadcrumbList\",\"@id\":\"https:\/\/president-ksgov.net\/sr\/predsednica-osmani-razgovarala-je-sa-predsednikom-nemacke-frank-walterom-steinmeierom\/#breadcrumb\",\"itemListElement\":[{\"@type\":\"ListItem\",\"position\":1,\"name\":\"Home\",\"item\":\"https:\/\/president-ksgov.net\/sr\/\"},{\"@type\":\"ListItem\",\"position\":2,\"name\":\"Predsednica Osmani razgovarala je sa predsednikom Nema\u010dke Frank-Walterom Steinmeierom\"}]},{\"@type\":\"WebSite\",\"@id\":\"https:\/\/president-ksgov.net\/#website\",\"url\":\"https:\/\/president-ksgov.net\/\",\"name\":\"Presidente e Republik\u00ebs s\u00eb Kosov\u00ebs\",\"description\":\"Presidente e Republik\u00ebs s\u00eb Kosov\u00ebs\",\"alternateName\":\"DR. VJOSA OSMANI - SADRIU\",\"potentialAction\":[{\"@type\":\"SearchAction\",\"target\":{\"@type\":\"EntryPoint\",\"urlTemplate\":\"https:\/\/president-ksgov.net\/?s={search_term_string}\"},\"query-input\":{\"@type\":\"PropertyValueSpecification\",\"valueRequired\":true,\"valueName\":\"search_term_string\"}}],\"inLanguage\":\"sr-RS\"},{\"@type\":\"Person\",\"@id\":\"https:\/\/president-ksgov.net\/#\/schema\/person\/b9740e15fff71a6f8f26a0e201572567\",\"name\":\"Edona Krasniqi\",\"image\":{\"@type\":\"ImageObject\",\"inLanguage\":\"sr-RS\",\"@id\":\"https:\/\/president-ksgov.net\/#\/schema\/person\/image\/\",\"url\":\"https:\/\/secure.gravatar.com\/avatar\/1f0f749e4b80632decf95bd32db3f33277967a04dc5e29d46781d9c89b703cce?s=96&d=mm&r=g\",\"contentUrl\":\"https:\/\/secure.gravatar.com\/avatar\/1f0f749e4b80632decf95bd32db3f33277967a04dc5e29d46781d9c89b703cce?s=96&d=mm&r=g\",\"caption\":\"Edona Krasniqi\"},\"sameAs\":[\"https:\/\/president-ksgov.net\/\"]}]}<\/script>\n<!-- \/ Yoast SEO plugin. -->","yoast_head_json":{"title":"Predsednica Osmani razgovarala je sa predsednikom Nema\u010dke Frank-Walterom Steinmeierom - Predsednik Republike Kosovo - DR. VJOSA OSMANI - SADRIU","description":"Predsednica Osmani razgovarala je sa predsednikom Nema\u010dke Frank-Walterom Steinmeierom - Predsednik Republike Kosovo - DR. VJOSA OSMANI - SADRIU -","robots":{"index":"index","follow":"follow","max-snippet":"max-snippet:-1","max-image-preview":"max-image-preview:large","max-video-preview":"max-video-preview:-1"},"canonical":"https:\/\/president-ksgov.net\/sr\/predsednica-osmani-razgovarala-je-sa-predsednikom-nemacke-frank-walterom-steinmeierom\/","og_locale":"sr_RS","og_type":"article","og_title":"Predsednica Osmani razgovarala je sa predsednikom Nema\u010dke Frank-Walterom Steinmeierom - Predsednik Republike Kosovo - DR. VJOSA OSMANI - SADRIU","og_description":"Predsednica Osmani razgovarala je sa predsednikom Nema\u010dke Frank-Walterom Steinmeierom - Predsednik Republike Kosovo - DR. VJOSA OSMANI - SADRIU -","og_url":"https:\/\/president-ksgov.net\/sr\/predsednica-osmani-razgovarala-je-sa-predsednikom-nemacke-frank-walterom-steinmeierom\/","og_site_name":"Predsednik Republike Kosovo - DR. VJOSA OSMANI - SADRIU","article_published_time":"2024-05-15T08:44:36+00:00","article_modified_time":"2024-05-15T08:51:13+00:00","og_image":[{"width":2000,"height":2000,"url":"https:\/\/president-ksgov.net\/wp-content\/uploads\/20240515_101913.jpg","type":"image\/jpeg"}],"author":"Edona Krasniqi","twitter_card":"summary_large_image","twitter_misc":{"\u041d\u0430\u043f\u0438\u0441\u0430\u043d\u043e \u043e\u0434":"Edona Krasniqi","\u041f\u0440\u043e\u0446\u0435\u045a\u0435\u043d\u043e \u0432\u0440\u0435\u043c\u0435 \u0447\u0438\u0442\u0430\u045a\u0430":"1 \u043c\u0438\u043d\u0443\u0442"},"schema":{"@context":"https:\/\/schema.org","@graph":[{"@type":"WebPage","@id":"https:\/\/president-ksgov.net\/sr\/predsednica-osmani-razgovarala-je-sa-predsednikom-nemacke-frank-walterom-steinmeierom\/","url":"https:\/\/president-ksgov.net\/sr\/predsednica-osmani-razgovarala-je-sa-predsednikom-nemacke-frank-walterom-steinmeierom\/","name":"Predsednica Osmani razgovarala je sa predsednikom Nema\u010dke Frank-Walterom Steinmeierom - Predsednik Republike Kosovo - DR. VJOSA OSMANI - SADRIU","isPartOf":{"@id":"https:\/\/president-ksgov.net\/#website"},"primaryImageOfPage":{"@id":"https:\/\/president-ksgov.net\/sr\/predsednica-osmani-razgovarala-je-sa-predsednikom-nemacke-frank-walterom-steinmeierom\/#primaryimage"},"image":{"@id":"https:\/\/president-ksgov.net\/sr\/predsednica-osmani-razgovarala-je-sa-predsednikom-nemacke-frank-walterom-steinmeierom\/#primaryimage"},"thumbnailUrl":"https:\/\/president-ksgov.net\/wp-content\/uploads\/20240515_101913.jpg","datePublished":"2024-05-15T08:44:36+00:00","dateModified":"2024-05-15T08:51:13+00:00","author":{"@id":"https:\/\/president-ksgov.net\/#\/schema\/person\/b9740e15fff71a6f8f26a0e201572567"},"description":"Predsednica Osmani razgovarala je sa predsednikom Nema\u010dke Frank-Walterom Steinmeierom - Predsednik Republike Kosovo - DR. VJOSA OSMANI - SADRIU -","breadcrumb":{"@id":"https:\/\/president-ksgov.net\/sr\/predsednica-osmani-razgovarala-je-sa-predsednikom-nemacke-frank-walterom-steinmeierom\/#breadcrumb"},"inLanguage":"sr-RS","potentialAction":[{"@type":"ReadAction","target":["https:\/\/president-ksgov.net\/sr\/predsednica-osmani-razgovarala-je-sa-predsednikom-nemacke-frank-walterom-steinmeierom\/"]}]},{"@type":"ImageObject","inLanguage":"sr-RS","@id":"https:\/\/president-ksgov.net\/sr\/predsednica-osmani-razgovarala-je-sa-predsednikom-nemacke-frank-walterom-steinmeierom\/#primaryimage","url":"https:\/\/president-ksgov.net\/wp-content\/uploads\/20240515_101913.jpg","contentUrl":"https:\/\/president-ksgov.net\/wp-content\/uploads\/20240515_101913.jpg","width":2000,"height":2000},{"@type":"BreadcrumbList","@id":"https:\/\/president-ksgov.net\/sr\/predsednica-osmani-razgovarala-je-sa-predsednikom-nemacke-frank-walterom-steinmeierom\/#breadcrumb","itemListElement":[{"@type":"ListItem","position":1,"name":"Home","item":"https:\/\/president-ksgov.net\/sr\/"},{"@type":"ListItem","position":2,"name":"Predsednica Osmani razgovarala je sa predsednikom Nema\u010dke Frank-Walterom Steinmeierom"}]},{"@type":"WebSite","@id":"https:\/\/president-ksgov.net\/#website","url":"https:\/\/president-ksgov.net\/","name":"Presidente e Republik\u00ebs s\u00eb Kosov\u00ebs","description":"Presidente e Republik\u00ebs s\u00eb Kosov\u00ebs","alternateName":"DR. VJOSA OSMANI - SADRIU","potentialAction":[{"@type":"SearchAction","target":{"@type":"EntryPoint","urlTemplate":"https:\/\/president-ksgov.net\/?s={search_term_string}"},"query-input":{"@type":"PropertyValueSpecification","valueRequired":true,"valueName":"search_term_string"}}],"inLanguage":"sr-RS"},{"@type":"Person","@id":"https:\/\/president-ksgov.net\/#\/schema\/person\/b9740e15fff71a6f8f26a0e201572567","name":"Edona Krasniqi","image":{"@type":"ImageObject","inLanguage":"sr-RS","@id":"https:\/\/president-ksgov.net\/#\/schema\/person\/image\/","url":"https:\/\/secure.gravatar.com\/avatar\/1f0f749e4b80632decf95bd32db3f33277967a04dc5e29d46781d9c89b703cce?s=96&d=mm&r=g","contentUrl":"https:\/\/secure.gravatar.com\/avatar\/1f0f749e4b80632decf95bd32db3f33277967a04dc5e29d46781d9c89b703cce?s=96&d=mm&r=g","caption":"Edona Krasniqi"},"sameAs":["https:\/\/president-ksgov.net\/"]}]}},"_links":{"self":[{"href":"https:\/\/president-ksgov.net\/sr\/wp-json\/wp\/v2\/posts\/104842","targetHints":{"allow":["GET"]}}],"collection":[{"href":"https:\/\/president-ksgov.net\/sr\/wp-json\/wp\/v2\/posts"}],"about":[{"href":"https:\/\/president-ksgov.net\/sr\/wp-json\/wp\/v2\/types\/post"}],"author":[{"embeddable":true,"href":"https:\/\/president-ksgov.net\/sr\/wp-json\/wp\/v2\/users\/13"}],"replies":[{"embeddable":true,"href":"https:\/\/president-ksgov.net\/sr\/wp-json\/wp\/v2\/comments?post=104842"}],"version-history":[{"count":1,"href":"https:\/\/president-ksgov.net\/sr\/wp-json\/wp\/v2\/posts\/104842\/revisions"}],"predecessor-version":[{"id":104843,"href":"https:\/\/president-ksgov.net\/sr\/wp-json\/wp\/v2\/posts\/104842\/revisions\/104843"}],"wp:featuredmedia":[{"embeddable":true,"href":"https:\/\/president-ksgov.net\/sr\/wp-json\/wp\/v2\/media\/104838"}],"wp:attachment":[{"href":"https:\/\/president-ksgov.net\/sr\/wp-json\/wp\/v2\/media?parent=104842"}],"wp:term":[{"taxonomy":"category","embeddable":true,"href":"https:\/\/president-ksgov.net\/sr\/wp-json\/wp\/v2\/categories?post=104842"},{"taxonomy":"post_tag","embeddable":true,"href":"https:\/\/president-ksgov.net\/sr\/wp-json\/wp\/v2\/tags?post=104842"}],"curies":[{"name":"wp","href":"https:\/\/api.w.org\/{rel}","templated":true}]}}