{"id":104748,"date":"2024-05-11T21:00:27","date_gmt":"2024-05-11T19:00:27","guid":{"rendered":"https:\/\/president-ksgov.net\/?p=104748"},"modified":"2024-05-14T09:29:48","modified_gmt":"2024-05-14T07:29:48","slug":"predsednica-osmani-docekana-je-na-sastanak-od-predsednika-grada-wylie-mathew-porter","status":"publish","type":"post","link":"https:\/\/president-ksgov.net\/sr\/predsednica-osmani-docekana-je-na-sastanak-od-predsednika-grada-wylie-mathew-porter\/","title":{"rendered":"Predsednica Osmani do\u010dekana je na sastanak od predsednika grada Wylie, Mathew Porter"},"content":{"rendered":"<p>Predsednica Republike Kosova, Vjosa Osmani tokom slu\u017ebene posete Teksasu, sastala se sa predsednikom grada Vajlija, Wylie, Mathew Porter.<\/p>\n<p>Dok, na sve\u010danosti odr\u017eanoj u Collin County, predsednica Osmani je pred \u010dlanovima Gradskog saveta, u\u010denika i albanskim izgnanstvom odr\u017eala govor o va\u017enosti odnosa Kosova sa SAD-a.<\/p>\n<p>Predsednik Porter je u znak prijateljstva, predsednici Osmani poklonio zastavu Teksasa, dok mu je predsednica poklonila zastavu Kosova. Na ovoj sve\u010danosti je sve\u010dano otvorena plo\u010da sa imenom Majke Tereze, predlog kojeg je dao savetnik grada sa poreklom iz Pe\u0107i, Gino Mulliqi. Ime humaniste i albanske svetice nosi\u0107e jedna od ulice u regionu Collin County.<\/p>\n","protected":false},"excerpt":{"rendered":"<p>Predsednica Republike Kosova, Vjosa Osmani tokom slu\u017ebene posete Teksasu, sastala se sa predsednikom grada Vajlija, Wylie, Mathew Porter. Dok, na sve\u010danosti odr\u017eanoj u Collin County, predsednica Osmani je pred \u010dlanovima Gradskog saveta, u\u010denika i albanskim izgnanstvom odr\u017eala govor o va\u017enosti odnosa Kosova sa SAD-a. Predsednik Porter je u znak prijateljstva, predsednici Osmani poklonio zastavu Teksasa, dok mu je predsednica poklonila zastavu Kosova. Na ovoj sve\u010danosti je sve\u010dano otvorena plo\u010da sa imenom Majke Tereze, predlog kojeg je dao savetnik grada sa poreklom iz Pe\u0107i, Gino Mulliqi. Ime humaniste i albanske svetice nosi\u0107e jedna od ulice u regionu Collin County.<\/p>\n","protected":false},"author":13,"featured_media":104674,"comment_status":"open","ping_status":"closed","sticky":false,"template":"","format":"standard","meta":{"_eb_attr":"","footnotes":""},"categories":[114,101],"tags":[],"class_list":["post-104748","post","type-post","status-publish","format-standard","has-post-thumbnail","hentry","category-medunarodne-posete","category-vesti"],"yoast_head":"<!-- This site is optimized with the Yoast SEO plugin v23.5 - https:\/\/yoast.com\/wordpress\/plugins\/seo\/ -->\n<title>Predsednica Osmani do\u010dekana je na sastanak od predsednika grada Wylie, Mathew Porter - Predsednik Republike Kosovo - DR. VJOSA OSMANI - SADRIU<\/title>\n<meta name=\"description\" content=\"Predsednica Osmani do\u010dekana je na sastanak od predsednika grada Wylie, Mathew Porter - Predsednik Republike Kosovo - DR. VJOSA OSMANI - SADRIU -\" \/>\n<meta name=\"robots\" content=\"index, follow, max-snippet:-1, max-image-preview:large, max-video-preview:-1\" \/>\n<link rel=\"canonical\" href=\"https:\/\/president-ksgov.net\/sr\/predsednica-osmani-docekana-je-na-sastanak-od-predsednika-grada-wylie-mathew-porter\/\" \/>\n<meta property=\"og:locale\" content=\"sr_RS\" \/>\n<meta property=\"og:type\" content=\"article\" \/>\n<meta property=\"og:title\" content=\"Predsednica Osmani do\u010dekana je na sastanak od predsednika grada Wylie, Mathew Porter - Predsednik Republike Kosovo - DR. VJOSA OSMANI - SADRIU\" \/>\n<meta property=\"og:description\" content=\"Predsednica Osmani do\u010dekana je na sastanak od predsednika grada Wylie, Mathew Porter - Predsednik Republike Kosovo - DR. VJOSA OSMANI - SADRIU -\" \/>\n<meta property=\"og:url\" content=\"https:\/\/president-ksgov.net\/sr\/predsednica-osmani-docekana-je-na-sastanak-od-predsednika-grada-wylie-mathew-porter\/\" \/>\n<meta property=\"og:site_name\" content=\"Predsednik Republike Kosovo - DR. VJOSA OSMANI - SADRIU\" \/>\n<meta property=\"article:published_time\" content=\"2024-05-11T19:00:27+00:00\" \/>\n<meta property=\"article:modified_time\" content=\"2024-05-14T07:29:48+00:00\" \/>\n<meta property=\"og:image\" content=\"https:\/\/president-ksgov.net\/wp-content\/uploads\/1-259.jpg\" \/>\n\t<meta property=\"og:image:width\" content=\"960\" \/>\n\t<meta property=\"og:image:height\" content=\"577\" \/>\n\t<meta property=\"og:image:type\" content=\"image\/jpeg\" \/>\n<meta name=\"author\" content=\"Edona Krasniqi\" \/>\n<meta name=\"twitter:card\" content=\"summary_large_image\" \/>\n<meta name=\"twitter:label1\" content=\"\u041d\u0430\u043f\u0438\u0441\u0430\u043d\u043e \u043e\u0434\" \/>\n\t<meta name=\"twitter:data1\" content=\"Edona Krasniqi\" \/>\n\t<meta name=\"twitter:label2\" content=\"\u041f\u0440\u043e\u0446\u0435\u045a\u0435\u043d\u043e \u0432\u0440\u0435\u043c\u0435 \u0447\u0438\u0442\u0430\u045a\u0430\" \/>\n\t<meta name=\"twitter:data2\" content=\"1 \u043c\u0438\u043d\u0443\u0442\" \/>\n<script type=\"application\/ld+json\" class=\"yoast-schema-graph\">{\"@context\":\"https:\/\/schema.org\",\"@graph\":[{\"@type\":\"WebPage\",\"@id\":\"https:\/\/president-ksgov.net\/sr\/predsednica-osmani-docekana-je-na-sastanak-od-predsednika-grada-wylie-mathew-porter\/\",\"url\":\"https:\/\/president-ksgov.net\/sr\/predsednica-osmani-docekana-je-na-sastanak-od-predsednika-grada-wylie-mathew-porter\/\",\"name\":\"Predsednica Osmani do\u010dekana je na sastanak od predsednika grada Wylie, Mathew Porter - Predsednik Republike Kosovo - DR. VJOSA OSMANI - SADRIU\",\"isPartOf\":{\"@id\":\"https:\/\/president-ksgov.net\/#website\"},\"primaryImageOfPage\":{\"@id\":\"https:\/\/president-ksgov.net\/sr\/predsednica-osmani-docekana-je-na-sastanak-od-predsednika-grada-wylie-mathew-porter\/#primaryimage\"},\"image\":{\"@id\":\"https:\/\/president-ksgov.net\/sr\/predsednica-osmani-docekana-je-na-sastanak-od-predsednika-grada-wylie-mathew-porter\/#primaryimage\"},\"thumbnailUrl\":\"https:\/\/president-ksgov.net\/wp-content\/uploads\/1-259.jpg\",\"datePublished\":\"2024-05-11T19:00:27+00:00\",\"dateModified\":\"2024-05-14T07:29:48+00:00\",\"author\":{\"@id\":\"https:\/\/president-ksgov.net\/#\/schema\/person\/b9740e15fff71a6f8f26a0e201572567\"},\"description\":\"Predsednica Osmani do\u010dekana je na sastanak od predsednika grada Wylie, Mathew Porter - Predsednik Republike Kosovo - DR. VJOSA OSMANI - SADRIU -\",\"breadcrumb\":{\"@id\":\"https:\/\/president-ksgov.net\/sr\/predsednica-osmani-docekana-je-na-sastanak-od-predsednika-grada-wylie-mathew-porter\/#breadcrumb\"},\"inLanguage\":\"sr-RS\",\"potentialAction\":[{\"@type\":\"ReadAction\",\"target\":[\"https:\/\/president-ksgov.net\/sr\/predsednica-osmani-docekana-je-na-sastanak-od-predsednika-grada-wylie-mathew-porter\/\"]}]},{\"@type\":\"ImageObject\",\"inLanguage\":\"sr-RS\",\"@id\":\"https:\/\/president-ksgov.net\/sr\/predsednica-osmani-docekana-je-na-sastanak-od-predsednika-grada-wylie-mathew-porter\/#primaryimage\",\"url\":\"https:\/\/president-ksgov.net\/wp-content\/uploads\/1-259.jpg\",\"contentUrl\":\"https:\/\/president-ksgov.net\/wp-content\/uploads\/1-259.jpg\",\"width\":960,\"height\":577},{\"@type\":\"BreadcrumbList\",\"@id\":\"https:\/\/president-ksgov.net\/sr\/predsednica-osmani-docekana-je-na-sastanak-od-predsednika-grada-wylie-mathew-porter\/#breadcrumb\",\"itemListElement\":[{\"@type\":\"ListItem\",\"position\":1,\"name\":\"Home\",\"item\":\"https:\/\/president-ksgov.net\/sr\/\"},{\"@type\":\"ListItem\",\"position\":2,\"name\":\"Predsednica Osmani do\u010dekana je na sastanak od predsednika grada Wylie, Mathew Porter\"}]},{\"@type\":\"WebSite\",\"@id\":\"https:\/\/president-ksgov.net\/#website\",\"url\":\"https:\/\/president-ksgov.net\/\",\"name\":\"Presidente e Republik\u00ebs s\u00eb Kosov\u00ebs\",\"description\":\"Presidente e Republik\u00ebs s\u00eb Kosov\u00ebs\",\"alternateName\":\"DR. VJOSA OSMANI - SADRIU\",\"potentialAction\":[{\"@type\":\"SearchAction\",\"target\":{\"@type\":\"EntryPoint\",\"urlTemplate\":\"https:\/\/president-ksgov.net\/?s={search_term_string}\"},\"query-input\":{\"@type\":\"PropertyValueSpecification\",\"valueRequired\":true,\"valueName\":\"search_term_string\"}}],\"inLanguage\":\"sr-RS\"},{\"@type\":\"Person\",\"@id\":\"https:\/\/president-ksgov.net\/#\/schema\/person\/b9740e15fff71a6f8f26a0e201572567\",\"name\":\"Edona Krasniqi\",\"image\":{\"@type\":\"ImageObject\",\"inLanguage\":\"sr-RS\",\"@id\":\"https:\/\/president-ksgov.net\/#\/schema\/person\/image\/\",\"url\":\"https:\/\/secure.gravatar.com\/avatar\/1f0f749e4b80632decf95bd32db3f33277967a04dc5e29d46781d9c89b703cce?s=96&d=mm&r=g\",\"contentUrl\":\"https:\/\/secure.gravatar.com\/avatar\/1f0f749e4b80632decf95bd32db3f33277967a04dc5e29d46781d9c89b703cce?s=96&d=mm&r=g\",\"caption\":\"Edona Krasniqi\"},\"sameAs\":[\"https:\/\/president-ksgov.net\/\"]}]}<\/script>\n<!-- \/ Yoast SEO plugin. -->","yoast_head_json":{"title":"Predsednica Osmani do\u010dekana je na sastanak od predsednika grada Wylie, Mathew Porter - Predsednik Republike Kosovo - DR. VJOSA OSMANI - SADRIU","description":"Predsednica Osmani do\u010dekana je na sastanak od predsednika grada Wylie, Mathew Porter - Predsednik Republike Kosovo - DR. VJOSA OSMANI - SADRIU -","robots":{"index":"index","follow":"follow","max-snippet":"max-snippet:-1","max-image-preview":"max-image-preview:large","max-video-preview":"max-video-preview:-1"},"canonical":"https:\/\/president-ksgov.net\/sr\/predsednica-osmani-docekana-je-na-sastanak-od-predsednika-grada-wylie-mathew-porter\/","og_locale":"sr_RS","og_type":"article","og_title":"Predsednica Osmani do\u010dekana je na sastanak od predsednika grada Wylie, Mathew Porter - Predsednik Republike Kosovo - DR. VJOSA OSMANI - SADRIU","og_description":"Predsednica Osmani do\u010dekana je na sastanak od predsednika grada Wylie, Mathew Porter - Predsednik Republike Kosovo - DR. VJOSA OSMANI - SADRIU -","og_url":"https:\/\/president-ksgov.net\/sr\/predsednica-osmani-docekana-je-na-sastanak-od-predsednika-grada-wylie-mathew-porter\/","og_site_name":"Predsednik Republike Kosovo - DR. VJOSA OSMANI - SADRIU","article_published_time":"2024-05-11T19:00:27+00:00","article_modified_time":"2024-05-14T07:29:48+00:00","og_image":[{"width":960,"height":577,"url":"https:\/\/president-ksgov.net\/wp-content\/uploads\/1-259.jpg","type":"image\/jpeg"}],"author":"Edona Krasniqi","twitter_card":"summary_large_image","twitter_misc":{"\u041d\u0430\u043f\u0438\u0441\u0430\u043d\u043e \u043e\u0434":"Edona Krasniqi","\u041f\u0440\u043e\u0446\u0435\u045a\u0435\u043d\u043e \u0432\u0440\u0435\u043c\u0435 \u0447\u0438\u0442\u0430\u045a\u0430":"1 \u043c\u0438\u043d\u0443\u0442"},"schema":{"@context":"https:\/\/schema.org","@graph":[{"@type":"WebPage","@id":"https:\/\/president-ksgov.net\/sr\/predsednica-osmani-docekana-je-na-sastanak-od-predsednika-grada-wylie-mathew-porter\/","url":"https:\/\/president-ksgov.net\/sr\/predsednica-osmani-docekana-je-na-sastanak-od-predsednika-grada-wylie-mathew-porter\/","name":"Predsednica Osmani do\u010dekana je na sastanak od predsednika grada Wylie, Mathew Porter - Predsednik Republike Kosovo - DR. VJOSA OSMANI - SADRIU","isPartOf":{"@id":"https:\/\/president-ksgov.net\/#website"},"primaryImageOfPage":{"@id":"https:\/\/president-ksgov.net\/sr\/predsednica-osmani-docekana-je-na-sastanak-od-predsednika-grada-wylie-mathew-porter\/#primaryimage"},"image":{"@id":"https:\/\/president-ksgov.net\/sr\/predsednica-osmani-docekana-je-na-sastanak-od-predsednika-grada-wylie-mathew-porter\/#primaryimage"},"thumbnailUrl":"https:\/\/president-ksgov.net\/wp-content\/uploads\/1-259.jpg","datePublished":"2024-05-11T19:00:27+00:00","dateModified":"2024-05-14T07:29:48+00:00","author":{"@id":"https:\/\/president-ksgov.net\/#\/schema\/person\/b9740e15fff71a6f8f26a0e201572567"},"description":"Predsednica Osmani do\u010dekana je na sastanak od predsednika grada Wylie, Mathew Porter - Predsednik Republike Kosovo - DR. VJOSA OSMANI - SADRIU -","breadcrumb":{"@id":"https:\/\/president-ksgov.net\/sr\/predsednica-osmani-docekana-je-na-sastanak-od-predsednika-grada-wylie-mathew-porter\/#breadcrumb"},"inLanguage":"sr-RS","potentialAction":[{"@type":"ReadAction","target":["https:\/\/president-ksgov.net\/sr\/predsednica-osmani-docekana-je-na-sastanak-od-predsednika-grada-wylie-mathew-porter\/"]}]},{"@type":"ImageObject","inLanguage":"sr-RS","@id":"https:\/\/president-ksgov.net\/sr\/predsednica-osmani-docekana-je-na-sastanak-od-predsednika-grada-wylie-mathew-porter\/#primaryimage","url":"https:\/\/president-ksgov.net\/wp-content\/uploads\/1-259.jpg","contentUrl":"https:\/\/president-ksgov.net\/wp-content\/uploads\/1-259.jpg","width":960,"height":577},{"@type":"BreadcrumbList","@id":"https:\/\/president-ksgov.net\/sr\/predsednica-osmani-docekana-je-na-sastanak-od-predsednika-grada-wylie-mathew-porter\/#breadcrumb","itemListElement":[{"@type":"ListItem","position":1,"name":"Home","item":"https:\/\/president-ksgov.net\/sr\/"},{"@type":"ListItem","position":2,"name":"Predsednica Osmani do\u010dekana je na sastanak od predsednika grada Wylie, Mathew Porter"}]},{"@type":"WebSite","@id":"https:\/\/president-ksgov.net\/#website","url":"https:\/\/president-ksgov.net\/","name":"Presidente e Republik\u00ebs s\u00eb Kosov\u00ebs","description":"Presidente e Republik\u00ebs s\u00eb Kosov\u00ebs","alternateName":"DR. VJOSA OSMANI - SADRIU","potentialAction":[{"@type":"SearchAction","target":{"@type":"EntryPoint","urlTemplate":"https:\/\/president-ksgov.net\/?s={search_term_string}"},"query-input":{"@type":"PropertyValueSpecification","valueRequired":true,"valueName":"search_term_string"}}],"inLanguage":"sr-RS"},{"@type":"Person","@id":"https:\/\/president-ksgov.net\/#\/schema\/person\/b9740e15fff71a6f8f26a0e201572567","name":"Edona Krasniqi","image":{"@type":"ImageObject","inLanguage":"sr-RS","@id":"https:\/\/president-ksgov.net\/#\/schema\/person\/image\/","url":"https:\/\/secure.gravatar.com\/avatar\/1f0f749e4b80632decf95bd32db3f33277967a04dc5e29d46781d9c89b703cce?s=96&d=mm&r=g","contentUrl":"https:\/\/secure.gravatar.com\/avatar\/1f0f749e4b80632decf95bd32db3f33277967a04dc5e29d46781d9c89b703cce?s=96&d=mm&r=g","caption":"Edona Krasniqi"},"sameAs":["https:\/\/president-ksgov.net\/"]}]}},"_links":{"self":[{"href":"https:\/\/president-ksgov.net\/sr\/wp-json\/wp\/v2\/posts\/104748","targetHints":{"allow":["GET"]}}],"collection":[{"href":"https:\/\/president-ksgov.net\/sr\/wp-json\/wp\/v2\/posts"}],"about":[{"href":"https:\/\/president-ksgov.net\/sr\/wp-json\/wp\/v2\/types\/post"}],"author":[{"embeddable":true,"href":"https:\/\/president-ksgov.net\/sr\/wp-json\/wp\/v2\/users\/13"}],"replies":[{"embeddable":true,"href":"https:\/\/president-ksgov.net\/sr\/wp-json\/wp\/v2\/comments?post=104748"}],"version-history":[{"count":1,"href":"https:\/\/president-ksgov.net\/sr\/wp-json\/wp\/v2\/posts\/104748\/revisions"}],"predecessor-version":[{"id":104749,"href":"https:\/\/president-ksgov.net\/sr\/wp-json\/wp\/v2\/posts\/104748\/revisions\/104749"}],"wp:featuredmedia":[{"embeddable":true,"href":"https:\/\/president-ksgov.net\/sr\/wp-json\/wp\/v2\/media\/104674"}],"wp:attachment":[{"href":"https:\/\/president-ksgov.net\/sr\/wp-json\/wp\/v2\/media?parent=104748"}],"wp:term":[{"taxonomy":"category","embeddable":true,"href":"https:\/\/president-ksgov.net\/sr\/wp-json\/wp\/v2\/categories?post=104748"},{"taxonomy":"post_tag","embeddable":true,"href":"https:\/\/president-ksgov.net\/sr\/wp-json\/wp\/v2\/tags?post=104748"}],"curies":[{"name":"wp","href":"https:\/\/api.w.org\/{rel}","templated":true}]}}