{"id":104707,"date":"2024-05-09T17:00:49","date_gmt":"2024-05-09T15:00:49","guid":{"rendered":"https:\/\/president-ksgov.net\/?p=104707"},"modified":"2024-05-13T11:03:42","modified_gmt":"2024-05-13T09:03:42","slug":"predsednica-albanci-u-americi-su-najsnazniji-most-saveznistva-kosova-sa-sad-om","status":"publish","type":"post","link":"https:\/\/president-ksgov.net\/sr\/predsednica-albanci-u-americi-su-najsnazniji-most-saveznistva-kosova-sa-sad-om\/","title":{"rendered":"Predsednica: Albanci u Americi su najsna\u017eniji most savezni\u0161tva Kosova sa SAD-om"},"content":{"rendered":"<p>Predsednica Republike Kosovo, Vjosa Osmani, tokom boravka u Teksasu, sastala se sa na\u0161om dijasporom tamo.<\/p>\n<p>Predsednica Osmani je rekla da su Albanci u Americi najsna\u017eniji most savezni\u0161tva Kosova sa SAD-om.<\/p>\n<p>Kompletna objava predsednice Osmani:<\/p>\n<p>Albanci u Americi su najsna\u017eniji most savezni\u0161tva Kosova sa SAD-om. Bilo mi je zadovoljstvo da ih sretnem u Teksasu i da im \u010destitam na njihovim izuzetnim dostignu\u0107ima.<\/p>\n<p>Tokom izazovnih vremena, oni su bili i jesu ambasadori Kosova, zagovornici na\u0161e kauze i podr\u017eavaoci na\u0161ih nacionalnih te\u017enji.<\/p>\n<p>&nbsp;<\/p>\n","protected":false},"excerpt":{"rendered":"<p>Predsednica Republike Kosovo, Vjosa Osmani, tokom boravka u Teksasu, sastala se sa na\u0161om dijasporom tamo. Predsednica Osmani je rekla da su Albanci u Americi najsna\u017eniji most savezni\u0161tva Kosova sa SAD-om. Kompletna objava predsednice Osmani: Albanci u Americi su najsna\u017eniji most savezni\u0161tva Kosova sa SAD-om. Bilo mi je zadovoljstvo da ih sretnem u Teksasu i da im \u010destitam na njihovim izuzetnim dostignu\u0107ima. Tokom izazovnih vremena, oni su bili i jesu ambasadori Kosova, zagovornici na\u0161e kauze i podr\u017eavaoci na\u0161ih nacionalnih te\u017enji. &nbsp;<\/p>\n","protected":false},"author":13,"featured_media":104599,"comment_status":"open","ping_status":"closed","sticky":false,"template":"","format":"standard","meta":{"_eb_attr":"","footnotes":""},"categories":[114,101],"tags":[],"class_list":["post-104707","post","type-post","status-publish","format-standard","has-post-thumbnail","hentry","category-medunarodne-posete","category-vesti"],"yoast_head":"<!-- This site is optimized with the Yoast SEO plugin v23.5 - https:\/\/yoast.com\/wordpress\/plugins\/seo\/ -->\n<title>Predsednica: Albanci u Americi su najsna\u017eniji most savezni\u0161tva Kosova sa SAD-om - Predsednik Republike Kosovo - DR. VJOSA OSMANI - SADRIU<\/title>\n<meta name=\"description\" content=\"Predsednica: Albanci u Americi su najsna\u017eniji most savezni\u0161tva Kosova sa SAD-om - Predsednik Republike Kosovo - DR. VJOSA OSMANI - SADRIU -\" \/>\n<meta name=\"robots\" content=\"index, follow, max-snippet:-1, max-image-preview:large, max-video-preview:-1\" \/>\n<link rel=\"canonical\" href=\"https:\/\/president-ksgov.net\/sr\/predsednica-albanci-u-americi-su-najsnazniji-most-saveznistva-kosova-sa-sad-om\/\" \/>\n<meta property=\"og:locale\" content=\"sr_RS\" \/>\n<meta property=\"og:type\" content=\"article\" \/>\n<meta property=\"og:title\" content=\"Predsednica: Albanci u Americi su najsna\u017eniji most savezni\u0161tva Kosova sa SAD-om - Predsednik Republike Kosovo - DR. VJOSA OSMANI - SADRIU\" \/>\n<meta property=\"og:description\" content=\"Predsednica: Albanci u Americi su najsna\u017eniji most savezni\u0161tva Kosova sa SAD-om - Predsednik Republike Kosovo - DR. VJOSA OSMANI - SADRIU -\" \/>\n<meta property=\"og:url\" content=\"https:\/\/president-ksgov.net\/sr\/predsednica-albanci-u-americi-su-najsnazniji-most-saveznistva-kosova-sa-sad-om\/\" \/>\n<meta property=\"og:site_name\" content=\"Predsednik Republike Kosovo - DR. VJOSA OSMANI - SADRIU\" \/>\n<meta property=\"article:published_time\" content=\"2024-05-09T15:00:49+00:00\" \/>\n<meta property=\"article:modified_time\" content=\"2024-05-13T09:03:42+00:00\" \/>\n<meta property=\"og:image\" content=\"https:\/\/president-ksgov.net\/wp-content\/uploads\/1-254.jpg\" \/>\n\t<meta property=\"og:image:width\" content=\"1500\" \/>\n\t<meta property=\"og:image:height\" content=\"999\" \/>\n\t<meta property=\"og:image:type\" content=\"image\/jpeg\" \/>\n<meta name=\"author\" content=\"Edona Krasniqi\" \/>\n<meta name=\"twitter:card\" content=\"summary_large_image\" \/>\n<meta name=\"twitter:label1\" content=\"\u041d\u0430\u043f\u0438\u0441\u0430\u043d\u043e \u043e\u0434\" \/>\n\t<meta name=\"twitter:data1\" content=\"Edona Krasniqi\" \/>\n\t<meta name=\"twitter:label2\" content=\"\u041f\u0440\u043e\u0446\u0435\u045a\u0435\u043d\u043e \u0432\u0440\u0435\u043c\u0435 \u0447\u0438\u0442\u0430\u045a\u0430\" \/>\n\t<meta name=\"twitter:data2\" content=\"1 \u043c\u0438\u043d\u0443\u0442\" \/>\n<script type=\"application\/ld+json\" class=\"yoast-schema-graph\">{\"@context\":\"https:\/\/schema.org\",\"@graph\":[{\"@type\":\"WebPage\",\"@id\":\"https:\/\/president-ksgov.net\/sr\/predsednica-albanci-u-americi-su-najsnazniji-most-saveznistva-kosova-sa-sad-om\/\",\"url\":\"https:\/\/president-ksgov.net\/sr\/predsednica-albanci-u-americi-su-najsnazniji-most-saveznistva-kosova-sa-sad-om\/\",\"name\":\"Predsednica: Albanci u Americi su najsna\u017eniji most savezni\u0161tva Kosova sa SAD-om - Predsednik Republike Kosovo - DR. VJOSA OSMANI - SADRIU\",\"isPartOf\":{\"@id\":\"https:\/\/president-ksgov.net\/#website\"},\"primaryImageOfPage\":{\"@id\":\"https:\/\/president-ksgov.net\/sr\/predsednica-albanci-u-americi-su-najsnazniji-most-saveznistva-kosova-sa-sad-om\/#primaryimage\"},\"image\":{\"@id\":\"https:\/\/president-ksgov.net\/sr\/predsednica-albanci-u-americi-su-najsnazniji-most-saveznistva-kosova-sa-sad-om\/#primaryimage\"},\"thumbnailUrl\":\"https:\/\/president-ksgov.net\/wp-content\/uploads\/1-254.jpg\",\"datePublished\":\"2024-05-09T15:00:49+00:00\",\"dateModified\":\"2024-05-13T09:03:42+00:00\",\"author\":{\"@id\":\"https:\/\/president-ksgov.net\/#\/schema\/person\/b9740e15fff71a6f8f26a0e201572567\"},\"description\":\"Predsednica: Albanci u Americi su najsna\u017eniji most savezni\u0161tva Kosova sa SAD-om - Predsednik Republike Kosovo - DR. VJOSA OSMANI - SADRIU -\",\"breadcrumb\":{\"@id\":\"https:\/\/president-ksgov.net\/sr\/predsednica-albanci-u-americi-su-najsnazniji-most-saveznistva-kosova-sa-sad-om\/#breadcrumb\"},\"inLanguage\":\"sr-RS\",\"potentialAction\":[{\"@type\":\"ReadAction\",\"target\":[\"https:\/\/president-ksgov.net\/sr\/predsednica-albanci-u-americi-su-najsnazniji-most-saveznistva-kosova-sa-sad-om\/\"]}]},{\"@type\":\"ImageObject\",\"inLanguage\":\"sr-RS\",\"@id\":\"https:\/\/president-ksgov.net\/sr\/predsednica-albanci-u-americi-su-najsnazniji-most-saveznistva-kosova-sa-sad-om\/#primaryimage\",\"url\":\"https:\/\/president-ksgov.net\/wp-content\/uploads\/1-254.jpg\",\"contentUrl\":\"https:\/\/president-ksgov.net\/wp-content\/uploads\/1-254.jpg\",\"width\":1500,\"height\":999},{\"@type\":\"BreadcrumbList\",\"@id\":\"https:\/\/president-ksgov.net\/sr\/predsednica-albanci-u-americi-su-najsnazniji-most-saveznistva-kosova-sa-sad-om\/#breadcrumb\",\"itemListElement\":[{\"@type\":\"ListItem\",\"position\":1,\"name\":\"Home\",\"item\":\"https:\/\/president-ksgov.net\/sr\/\"},{\"@type\":\"ListItem\",\"position\":2,\"name\":\"Predsednica: Albanci u Americi su najsna\u017eniji most savezni\u0161tva Kosova sa SAD-om\"}]},{\"@type\":\"WebSite\",\"@id\":\"https:\/\/president-ksgov.net\/#website\",\"url\":\"https:\/\/president-ksgov.net\/\",\"name\":\"Presidente e Republik\u00ebs s\u00eb Kosov\u00ebs\",\"description\":\"Presidente e Republik\u00ebs s\u00eb Kosov\u00ebs\",\"alternateName\":\"DR. VJOSA OSMANI - SADRIU\",\"potentialAction\":[{\"@type\":\"SearchAction\",\"target\":{\"@type\":\"EntryPoint\",\"urlTemplate\":\"https:\/\/president-ksgov.net\/?s={search_term_string}\"},\"query-input\":{\"@type\":\"PropertyValueSpecification\",\"valueRequired\":true,\"valueName\":\"search_term_string\"}}],\"inLanguage\":\"sr-RS\"},{\"@type\":\"Person\",\"@id\":\"https:\/\/president-ksgov.net\/#\/schema\/person\/b9740e15fff71a6f8f26a0e201572567\",\"name\":\"Edona Krasniqi\",\"image\":{\"@type\":\"ImageObject\",\"inLanguage\":\"sr-RS\",\"@id\":\"https:\/\/president-ksgov.net\/#\/schema\/person\/image\/\",\"url\":\"https:\/\/secure.gravatar.com\/avatar\/1f0f749e4b80632decf95bd32db3f33277967a04dc5e29d46781d9c89b703cce?s=96&d=mm&r=g\",\"contentUrl\":\"https:\/\/secure.gravatar.com\/avatar\/1f0f749e4b80632decf95bd32db3f33277967a04dc5e29d46781d9c89b703cce?s=96&d=mm&r=g\",\"caption\":\"Edona Krasniqi\"},\"sameAs\":[\"https:\/\/president-ksgov.net\/\"]}]}<\/script>\n<!-- \/ Yoast SEO plugin. -->","yoast_head_json":{"title":"Predsednica: Albanci u Americi su najsna\u017eniji most savezni\u0161tva Kosova sa SAD-om - Predsednik Republike Kosovo - DR. VJOSA OSMANI - SADRIU","description":"Predsednica: Albanci u Americi su najsna\u017eniji most savezni\u0161tva Kosova sa SAD-om - Predsednik Republike Kosovo - DR. VJOSA OSMANI - SADRIU -","robots":{"index":"index","follow":"follow","max-snippet":"max-snippet:-1","max-image-preview":"max-image-preview:large","max-video-preview":"max-video-preview:-1"},"canonical":"https:\/\/president-ksgov.net\/sr\/predsednica-albanci-u-americi-su-najsnazniji-most-saveznistva-kosova-sa-sad-om\/","og_locale":"sr_RS","og_type":"article","og_title":"Predsednica: Albanci u Americi su najsna\u017eniji most savezni\u0161tva Kosova sa SAD-om - Predsednik Republike Kosovo - DR. VJOSA OSMANI - SADRIU","og_description":"Predsednica: Albanci u Americi su najsna\u017eniji most savezni\u0161tva Kosova sa SAD-om - Predsednik Republike Kosovo - DR. VJOSA OSMANI - SADRIU -","og_url":"https:\/\/president-ksgov.net\/sr\/predsednica-albanci-u-americi-su-najsnazniji-most-saveznistva-kosova-sa-sad-om\/","og_site_name":"Predsednik Republike Kosovo - DR. VJOSA OSMANI - SADRIU","article_published_time":"2024-05-09T15:00:49+00:00","article_modified_time":"2024-05-13T09:03:42+00:00","og_image":[{"width":1500,"height":999,"url":"https:\/\/president-ksgov.net\/wp-content\/uploads\/1-254.jpg","type":"image\/jpeg"}],"author":"Edona Krasniqi","twitter_card":"summary_large_image","twitter_misc":{"\u041d\u0430\u043f\u0438\u0441\u0430\u043d\u043e \u043e\u0434":"Edona Krasniqi","\u041f\u0440\u043e\u0446\u0435\u045a\u0435\u043d\u043e \u0432\u0440\u0435\u043c\u0435 \u0447\u0438\u0442\u0430\u045a\u0430":"1 \u043c\u0438\u043d\u0443\u0442"},"schema":{"@context":"https:\/\/schema.org","@graph":[{"@type":"WebPage","@id":"https:\/\/president-ksgov.net\/sr\/predsednica-albanci-u-americi-su-najsnazniji-most-saveznistva-kosova-sa-sad-om\/","url":"https:\/\/president-ksgov.net\/sr\/predsednica-albanci-u-americi-su-najsnazniji-most-saveznistva-kosova-sa-sad-om\/","name":"Predsednica: Albanci u Americi su najsna\u017eniji most savezni\u0161tva Kosova sa SAD-om - Predsednik Republike Kosovo - DR. VJOSA OSMANI - SADRIU","isPartOf":{"@id":"https:\/\/president-ksgov.net\/#website"},"primaryImageOfPage":{"@id":"https:\/\/president-ksgov.net\/sr\/predsednica-albanci-u-americi-su-najsnazniji-most-saveznistva-kosova-sa-sad-om\/#primaryimage"},"image":{"@id":"https:\/\/president-ksgov.net\/sr\/predsednica-albanci-u-americi-su-najsnazniji-most-saveznistva-kosova-sa-sad-om\/#primaryimage"},"thumbnailUrl":"https:\/\/president-ksgov.net\/wp-content\/uploads\/1-254.jpg","datePublished":"2024-05-09T15:00:49+00:00","dateModified":"2024-05-13T09:03:42+00:00","author":{"@id":"https:\/\/president-ksgov.net\/#\/schema\/person\/b9740e15fff71a6f8f26a0e201572567"},"description":"Predsednica: Albanci u Americi su najsna\u017eniji most savezni\u0161tva Kosova sa SAD-om - Predsednik Republike Kosovo - DR. VJOSA OSMANI - SADRIU -","breadcrumb":{"@id":"https:\/\/president-ksgov.net\/sr\/predsednica-albanci-u-americi-su-najsnazniji-most-saveznistva-kosova-sa-sad-om\/#breadcrumb"},"inLanguage":"sr-RS","potentialAction":[{"@type":"ReadAction","target":["https:\/\/president-ksgov.net\/sr\/predsednica-albanci-u-americi-su-najsnazniji-most-saveznistva-kosova-sa-sad-om\/"]}]},{"@type":"ImageObject","inLanguage":"sr-RS","@id":"https:\/\/president-ksgov.net\/sr\/predsednica-albanci-u-americi-su-najsnazniji-most-saveznistva-kosova-sa-sad-om\/#primaryimage","url":"https:\/\/president-ksgov.net\/wp-content\/uploads\/1-254.jpg","contentUrl":"https:\/\/president-ksgov.net\/wp-content\/uploads\/1-254.jpg","width":1500,"height":999},{"@type":"BreadcrumbList","@id":"https:\/\/president-ksgov.net\/sr\/predsednica-albanci-u-americi-su-najsnazniji-most-saveznistva-kosova-sa-sad-om\/#breadcrumb","itemListElement":[{"@type":"ListItem","position":1,"name":"Home","item":"https:\/\/president-ksgov.net\/sr\/"},{"@type":"ListItem","position":2,"name":"Predsednica: Albanci u Americi su najsna\u017eniji most savezni\u0161tva Kosova sa SAD-om"}]},{"@type":"WebSite","@id":"https:\/\/president-ksgov.net\/#website","url":"https:\/\/president-ksgov.net\/","name":"Presidente e Republik\u00ebs s\u00eb Kosov\u00ebs","description":"Presidente e Republik\u00ebs s\u00eb Kosov\u00ebs","alternateName":"DR. VJOSA OSMANI - SADRIU","potentialAction":[{"@type":"SearchAction","target":{"@type":"EntryPoint","urlTemplate":"https:\/\/president-ksgov.net\/?s={search_term_string}"},"query-input":{"@type":"PropertyValueSpecification","valueRequired":true,"valueName":"search_term_string"}}],"inLanguage":"sr-RS"},{"@type":"Person","@id":"https:\/\/president-ksgov.net\/#\/schema\/person\/b9740e15fff71a6f8f26a0e201572567","name":"Edona Krasniqi","image":{"@type":"ImageObject","inLanguage":"sr-RS","@id":"https:\/\/president-ksgov.net\/#\/schema\/person\/image\/","url":"https:\/\/secure.gravatar.com\/avatar\/1f0f749e4b80632decf95bd32db3f33277967a04dc5e29d46781d9c89b703cce?s=96&d=mm&r=g","contentUrl":"https:\/\/secure.gravatar.com\/avatar\/1f0f749e4b80632decf95bd32db3f33277967a04dc5e29d46781d9c89b703cce?s=96&d=mm&r=g","caption":"Edona Krasniqi"},"sameAs":["https:\/\/president-ksgov.net\/"]}]}},"_links":{"self":[{"href":"https:\/\/president-ksgov.net\/sr\/wp-json\/wp\/v2\/posts\/104707","targetHints":{"allow":["GET"]}}],"collection":[{"href":"https:\/\/president-ksgov.net\/sr\/wp-json\/wp\/v2\/posts"}],"about":[{"href":"https:\/\/president-ksgov.net\/sr\/wp-json\/wp\/v2\/types\/post"}],"author":[{"embeddable":true,"href":"https:\/\/president-ksgov.net\/sr\/wp-json\/wp\/v2\/users\/13"}],"replies":[{"embeddable":true,"href":"https:\/\/president-ksgov.net\/sr\/wp-json\/wp\/v2\/comments?post=104707"}],"version-history":[{"count":1,"href":"https:\/\/president-ksgov.net\/sr\/wp-json\/wp\/v2\/posts\/104707\/revisions"}],"predecessor-version":[{"id":104708,"href":"https:\/\/president-ksgov.net\/sr\/wp-json\/wp\/v2\/posts\/104707\/revisions\/104708"}],"wp:featuredmedia":[{"embeddable":true,"href":"https:\/\/president-ksgov.net\/sr\/wp-json\/wp\/v2\/media\/104599"}],"wp:attachment":[{"href":"https:\/\/president-ksgov.net\/sr\/wp-json\/wp\/v2\/media?parent=104707"}],"wp:term":[{"taxonomy":"category","embeddable":true,"href":"https:\/\/president-ksgov.net\/sr\/wp-json\/wp\/v2\/categories?post=104707"},{"taxonomy":"post_tag","embeddable":true,"href":"https:\/\/president-ksgov.net\/sr\/wp-json\/wp\/v2\/tags?post=104707"}],"curies":[{"name":"wp","href":"https:\/\/api.w.org\/{rel}","templated":true}]}}