{"id":104415,"date":"2024-05-05T17:34:04","date_gmt":"2024-05-05T15:34:04","guid":{"rendered":"https:\/\/president-ksgov.net\/?p=104415"},"modified":"2024-05-07T09:42:54","modified_gmt":"2024-05-07T07:42:54","slug":"predsednica-osmani-otputovala-u-zvanicnu-posetu-teksasu-u-sad-ucestvuje-na-samitu-sad-afrika","status":"publish","type":"post","link":"https:\/\/president-ksgov.net\/sr\/predsednica-osmani-otputovala-u-zvanicnu-posetu-teksasu-u-sad-ucestvuje-na-samitu-sad-afrika\/","title":{"rendered":"Predsednica Osmani otputovala u zvani\u010dnu posetu Teksasu, u SAD, u\u010destvuje na samitu SAD\u2013Afrika"},"content":{"rendered":"<p>Predsednica Republike Kosovo, Vjosa Osmani, otputovala je u zvani\u010dnu posetu Teksasu, u SAD.<\/p>\n<p>Tokom posete ovoj dr\u017eavi, predsednica Osmani, na poziv ameri\u010dke vlade, odnosno vladine agencije Korporacija izazovi milenijuma \u2013 MCC, u\u010destvova\u0107e na samitu SAD-Afrika, u okviru kojeg \u0107e odr\u017eati govor i tako\u0111e se o\u010dekuje da \u0107e odr\u017eati sastanke sa kolegama iz nekoliko afri\u010dkih zemalja.<\/p>\n<p>Predsednica Osmani u Teksasu \u0107e odr\u017eati sastanak i sa \u0161efovima dr\u017eave Teksas, drugim visokim zvani\u010dnicima ove dr\u017eave, visokim dr\u017eavnim zvani\u010dnicima ameri\u010dkih institucija i predstavnicima ameri\u010dkog Kongresa.<\/p>\n<p>U agendi predsednice Osmani je i u\u010de\u0161\u0107e i obra\u0107anje na ceremoniji povodom 20. godi\u0161njice delovanja MCC-a, i tom prilikom \u0107e predsednica izraziti zahvalnost na doprinosu koji je dala ova organizacija da podr\u017ei Kosovo u pravcu ekonomskog razvoja i energetskog sektora, kao \u0161to je slu\u010daj sa Kompakt programom, u iznosu od 236 miliona dolara, koji je lansiran pre nekoliko dana.<\/p>\n<p>Dalje, predsednicu Osmani \u0107e do\u010dekati i Nacionalna garda Teksasa, gde \u0107e se sastati i sa vojnicima koji su slu\u017eili na Kosovu. Predsednica Osmani \u0107e u agendi imati i predavanje u World Affairs Council, u kojem \u0107e voditi razgovor o Kosovu i njenom putu tokom godina u pravcu integracije u me\u0111unarodnim institucijama i organizacijama.<\/p>\n<p>Programom posete predsednice Osmani predvi\u0111ene su i posete u nekoliko gradova Teksasa.<\/p>\n<p>Tokom boravka u Teksasu, predsednica Osmani \u0107e biti u pratnji delegacije preduze\u0107a koju \u0107e predvoditi Ameri\u010dka privredna komora. Ova preduze\u0107a \u0107e imati zajedni\u010dki okrugli sto sa ameri\u010dkim preduze\u0107ima kako bi razmotrili mogu\u0107nosti saradnje, ali i druge sastanke sa ameri\u010dkim zvani\u010dnicima u oblasti ekonomije i trgovine.<\/p>\n<p>Predsednica Osmani, tokom posete Teksasu, sasta\u0107e se i sa albanskom dijasporom u Albansko-ameri\u010dkom kulturnom centru.<\/p>\n","protected":false},"excerpt":{"rendered":"<p>Predsednica Republike Kosovo, Vjosa Osmani, otputovala je u zvani\u010dnu posetu Teksasu, u SAD. Tokom posete ovoj dr\u017eavi, predsednica Osmani, na poziv ameri\u010dke vlade, odnosno vladine agencije Korporacija izazovi milenijuma \u2013 MCC, u\u010destvova\u0107e na samitu SAD-Afrika, u okviru kojeg \u0107e odr\u017eati govor i tako\u0111e se o\u010dekuje da \u0107e odr\u017eati sastanke sa kolegama iz nekoliko afri\u010dkih zemalja. Predsednica Osmani u Teksasu \u0107e odr\u017eati sastanak i sa \u0161efovima dr\u017eave Teksas, drugim visokim zvani\u010dnicima ove dr\u017eave, visokim dr\u017eavnim zvani\u010dnicima ameri\u010dkih institucija i predstavnicima ameri\u010dkog Kongresa. U agendi predsednice Osmani je i u\u010de\u0161\u0107e i obra\u0107anje na ceremoniji povodom 20. godi\u0161njice delovanja MCC-a, i tom prilikom \u0107e predsednica izraziti zahvalnost na doprinosu koji je dala ova organizacija da podr\u017ei Kosovo u pravcu ekonomskog razvoja i energetskog sektora, kao \u0161to je slu\u010daj sa Kompakt programom, u iznosu od 236 miliona dolara, koji je lansiran pre nekoliko dana. Dalje, predsednicu Osmani \u0107e do\u010dekati i Nacionalna garda Teksasa, gde \u0107e se sastati i sa vojnicima koji su slu\u017eili na Kosovu. Predsednica Osmani \u0107e u agendi imati i predavanje u World Affairs Council, u kojem \u0107e voditi razgovor o Kosovu i njenom putu tokom godina u pravcu integracije u me\u0111unarodnim institucijama i organizacijama. Programom posete predsednice Osmani predvi\u0111ene su i posete u nekoliko gradova Teksasa. Tokom boravka u Teksasu, predsednica Osmani \u0107e biti u pratnji delegacije preduze\u0107a koju \u0107e predvoditi Ameri\u010dka privredna komora. Ova preduze\u0107a \u0107e imati zajedni\u010dki okrugli sto sa ameri\u010dkim preduze\u0107ima kako bi razmotrili mogu\u0107nosti saradnje, ali i druge sastanke sa ameri\u010dkim zvani\u010dnicima u oblasti ekonomije i trgovine. Predsednica Osmani, tokom posete Teksasu, sasta\u0107e se i sa albanskom dijasporom u Albansko-ameri\u010dkom kulturnom centru.<\/p>\n","protected":false},"author":13,"featured_media":104358,"comment_status":"open","ping_status":"closed","sticky":false,"template":"","format":"standard","meta":{"_eb_attr":"","footnotes":""},"categories":[114,101],"tags":[],"class_list":["post-104415","post","type-post","status-publish","format-standard","has-post-thumbnail","hentry","category-medunarodne-posete","category-vesti"],"yoast_head":"<!-- This site is optimized with the Yoast SEO plugin v23.5 - https:\/\/yoast.com\/wordpress\/plugins\/seo\/ -->\n<title>Predsednica Osmani otputovala u zvani\u010dnu posetu Teksasu, u SAD, u\u010destvuje na samitu SAD\u2013Afrika - Predsednik Republike Kosovo - DR. VJOSA OSMANI - SADRIU<\/title>\n<meta name=\"description\" content=\"Predsednica Osmani otputovala u zvani\u010dnu posetu Teksasu, u SAD, u\u010destvuje na samitu SAD\u2013Afrika - Predsednik Republike Kosovo - DR. VJOSA OSMANI - SADRIU -\" \/>\n<meta name=\"robots\" content=\"index, follow, max-snippet:-1, max-image-preview:large, max-video-preview:-1\" \/>\n<link rel=\"canonical\" href=\"https:\/\/president-ksgov.net\/sr\/predsednica-osmani-otputovala-u-zvanicnu-posetu-teksasu-u-sad-ucestvuje-na-samitu-sad-afrika\/\" \/>\n<meta property=\"og:locale\" content=\"sr_RS\" \/>\n<meta property=\"og:type\" content=\"article\" \/>\n<meta property=\"og:title\" content=\"Predsednica Osmani otputovala u zvani\u010dnu posetu Teksasu, u SAD, u\u010destvuje na samitu SAD\u2013Afrika - Predsednik Republike Kosovo - DR. VJOSA OSMANI - SADRIU\" \/>\n<meta property=\"og:description\" content=\"Predsednica Osmani otputovala u zvani\u010dnu posetu Teksasu, u SAD, u\u010destvuje na samitu SAD\u2013Afrika - Predsednik Republike Kosovo - DR. VJOSA OSMANI - SADRIU -\" \/>\n<meta property=\"og:url\" content=\"https:\/\/president-ksgov.net\/sr\/predsednica-osmani-otputovala-u-zvanicnu-posetu-teksasu-u-sad-ucestvuje-na-samitu-sad-afrika\/\" \/>\n<meta property=\"og:site_name\" content=\"Predsednik Republike Kosovo - DR. VJOSA OSMANI - SADRIU\" \/>\n<meta property=\"article:published_time\" content=\"2024-05-05T15:34:04+00:00\" \/>\n<meta property=\"article:modified_time\" content=\"2024-05-07T07:42:54+00:00\" \/>\n<meta property=\"og:image\" content=\"https:\/\/president-ksgov.net\/wp-content\/uploads\/FYvENZFWYAAWWPO.jpg\" \/>\n\t<meta property=\"og:image:width\" content=\"2048\" \/>\n\t<meta property=\"og:image:height\" content=\"1367\" \/>\n\t<meta property=\"og:image:type\" content=\"image\/jpeg\" \/>\n<meta name=\"author\" content=\"Edona Krasniqi\" \/>\n<meta name=\"twitter:card\" content=\"summary_large_image\" \/>\n<meta name=\"twitter:label1\" content=\"\u041d\u0430\u043f\u0438\u0441\u0430\u043d\u043e \u043e\u0434\" \/>\n\t<meta name=\"twitter:data1\" content=\"Edona Krasniqi\" \/>\n\t<meta name=\"twitter:label2\" content=\"\u041f\u0440\u043e\u0446\u0435\u045a\u0435\u043d\u043e \u0432\u0440\u0435\u043c\u0435 \u0447\u0438\u0442\u0430\u045a\u0430\" \/>\n\t<meta name=\"twitter:data2\" content=\"2 \u043c\u0438\u043d\u0443\u0442\u0430\" \/>\n<script type=\"application\/ld+json\" class=\"yoast-schema-graph\">{\"@context\":\"https:\/\/schema.org\",\"@graph\":[{\"@type\":\"WebPage\",\"@id\":\"https:\/\/president-ksgov.net\/sr\/predsednica-osmani-otputovala-u-zvanicnu-posetu-teksasu-u-sad-ucestvuje-na-samitu-sad-afrika\/\",\"url\":\"https:\/\/president-ksgov.net\/sr\/predsednica-osmani-otputovala-u-zvanicnu-posetu-teksasu-u-sad-ucestvuje-na-samitu-sad-afrika\/\",\"name\":\"Predsednica Osmani otputovala u zvani\u010dnu posetu Teksasu, u SAD, u\u010destvuje na samitu SAD\u2013Afrika - Predsednik Republike Kosovo - DR. VJOSA OSMANI - SADRIU\",\"isPartOf\":{\"@id\":\"https:\/\/president-ksgov.net\/#website\"},\"primaryImageOfPage\":{\"@id\":\"https:\/\/president-ksgov.net\/sr\/predsednica-osmani-otputovala-u-zvanicnu-posetu-teksasu-u-sad-ucestvuje-na-samitu-sad-afrika\/#primaryimage\"},\"image\":{\"@id\":\"https:\/\/president-ksgov.net\/sr\/predsednica-osmani-otputovala-u-zvanicnu-posetu-teksasu-u-sad-ucestvuje-na-samitu-sad-afrika\/#primaryimage\"},\"thumbnailUrl\":\"https:\/\/president-ksgov.net\/wp-content\/uploads\/FYvENZFWYAAWWPO.jpg\",\"datePublished\":\"2024-05-05T15:34:04+00:00\",\"dateModified\":\"2024-05-07T07:42:54+00:00\",\"author\":{\"@id\":\"https:\/\/president-ksgov.net\/#\/schema\/person\/b9740e15fff71a6f8f26a0e201572567\"},\"description\":\"Predsednica Osmani otputovala u zvani\u010dnu posetu Teksasu, u SAD, u\u010destvuje na samitu SAD\u2013Afrika - Predsednik Republike Kosovo - DR. VJOSA OSMANI - SADRIU -\",\"breadcrumb\":{\"@id\":\"https:\/\/president-ksgov.net\/sr\/predsednica-osmani-otputovala-u-zvanicnu-posetu-teksasu-u-sad-ucestvuje-na-samitu-sad-afrika\/#breadcrumb\"},\"inLanguage\":\"sr-RS\",\"potentialAction\":[{\"@type\":\"ReadAction\",\"target\":[\"https:\/\/president-ksgov.net\/sr\/predsednica-osmani-otputovala-u-zvanicnu-posetu-teksasu-u-sad-ucestvuje-na-samitu-sad-afrika\/\"]}]},{\"@type\":\"ImageObject\",\"inLanguage\":\"sr-RS\",\"@id\":\"https:\/\/president-ksgov.net\/sr\/predsednica-osmani-otputovala-u-zvanicnu-posetu-teksasu-u-sad-ucestvuje-na-samitu-sad-afrika\/#primaryimage\",\"url\":\"https:\/\/president-ksgov.net\/wp-content\/uploads\/FYvENZFWYAAWWPO.jpg\",\"contentUrl\":\"https:\/\/president-ksgov.net\/wp-content\/uploads\/FYvENZFWYAAWWPO.jpg\",\"width\":2048,\"height\":1367},{\"@type\":\"BreadcrumbList\",\"@id\":\"https:\/\/president-ksgov.net\/sr\/predsednica-osmani-otputovala-u-zvanicnu-posetu-teksasu-u-sad-ucestvuje-na-samitu-sad-afrika\/#breadcrumb\",\"itemListElement\":[{\"@type\":\"ListItem\",\"position\":1,\"name\":\"Home\",\"item\":\"https:\/\/president-ksgov.net\/sr\/\"},{\"@type\":\"ListItem\",\"position\":2,\"name\":\"Predsednica Osmani otputovala u zvani\u010dnu posetu Teksasu, u SAD, u\u010destvuje na samitu SAD\u2013Afrika\"}]},{\"@type\":\"WebSite\",\"@id\":\"https:\/\/president-ksgov.net\/#website\",\"url\":\"https:\/\/president-ksgov.net\/\",\"name\":\"Presidente e Republik\u00ebs s\u00eb Kosov\u00ebs\",\"description\":\"Presidente e Republik\u00ebs s\u00eb Kosov\u00ebs\",\"alternateName\":\"DR. VJOSA OSMANI - SADRIU\",\"potentialAction\":[{\"@type\":\"SearchAction\",\"target\":{\"@type\":\"EntryPoint\",\"urlTemplate\":\"https:\/\/president-ksgov.net\/?s={search_term_string}\"},\"query-input\":{\"@type\":\"PropertyValueSpecification\",\"valueRequired\":true,\"valueName\":\"search_term_string\"}}],\"inLanguage\":\"sr-RS\"},{\"@type\":\"Person\",\"@id\":\"https:\/\/president-ksgov.net\/#\/schema\/person\/b9740e15fff71a6f8f26a0e201572567\",\"name\":\"Edona Krasniqi\",\"image\":{\"@type\":\"ImageObject\",\"inLanguage\":\"sr-RS\",\"@id\":\"https:\/\/president-ksgov.net\/#\/schema\/person\/image\/\",\"url\":\"https:\/\/secure.gravatar.com\/avatar\/1f0f749e4b80632decf95bd32db3f33277967a04dc5e29d46781d9c89b703cce?s=96&d=mm&r=g\",\"contentUrl\":\"https:\/\/secure.gravatar.com\/avatar\/1f0f749e4b80632decf95bd32db3f33277967a04dc5e29d46781d9c89b703cce?s=96&d=mm&r=g\",\"caption\":\"Edona Krasniqi\"},\"sameAs\":[\"https:\/\/president-ksgov.net\/\"]}]}<\/script>\n<!-- \/ Yoast SEO plugin. -->","yoast_head_json":{"title":"Predsednica Osmani otputovala u zvani\u010dnu posetu Teksasu, u SAD, u\u010destvuje na samitu SAD\u2013Afrika - Predsednik Republike Kosovo - DR. VJOSA OSMANI - SADRIU","description":"Predsednica Osmani otputovala u zvani\u010dnu posetu Teksasu, u SAD, u\u010destvuje na samitu SAD\u2013Afrika - Predsednik Republike Kosovo - DR. VJOSA OSMANI - SADRIU -","robots":{"index":"index","follow":"follow","max-snippet":"max-snippet:-1","max-image-preview":"max-image-preview:large","max-video-preview":"max-video-preview:-1"},"canonical":"https:\/\/president-ksgov.net\/sr\/predsednica-osmani-otputovala-u-zvanicnu-posetu-teksasu-u-sad-ucestvuje-na-samitu-sad-afrika\/","og_locale":"sr_RS","og_type":"article","og_title":"Predsednica Osmani otputovala u zvani\u010dnu posetu Teksasu, u SAD, u\u010destvuje na samitu SAD\u2013Afrika - Predsednik Republike Kosovo - DR. VJOSA OSMANI - SADRIU","og_description":"Predsednica Osmani otputovala u zvani\u010dnu posetu Teksasu, u SAD, u\u010destvuje na samitu SAD\u2013Afrika - Predsednik Republike Kosovo - DR. VJOSA OSMANI - SADRIU -","og_url":"https:\/\/president-ksgov.net\/sr\/predsednica-osmani-otputovala-u-zvanicnu-posetu-teksasu-u-sad-ucestvuje-na-samitu-sad-afrika\/","og_site_name":"Predsednik Republike Kosovo - DR. VJOSA OSMANI - SADRIU","article_published_time":"2024-05-05T15:34:04+00:00","article_modified_time":"2024-05-07T07:42:54+00:00","og_image":[{"width":2048,"height":1367,"url":"https:\/\/president-ksgov.net\/wp-content\/uploads\/FYvENZFWYAAWWPO.jpg","type":"image\/jpeg"}],"author":"Edona Krasniqi","twitter_card":"summary_large_image","twitter_misc":{"\u041d\u0430\u043f\u0438\u0441\u0430\u043d\u043e \u043e\u0434":"Edona Krasniqi","\u041f\u0440\u043e\u0446\u0435\u045a\u0435\u043d\u043e \u0432\u0440\u0435\u043c\u0435 \u0447\u0438\u0442\u0430\u045a\u0430":"2 \u043c\u0438\u043d\u0443\u0442\u0430"},"schema":{"@context":"https:\/\/schema.org","@graph":[{"@type":"WebPage","@id":"https:\/\/president-ksgov.net\/sr\/predsednica-osmani-otputovala-u-zvanicnu-posetu-teksasu-u-sad-ucestvuje-na-samitu-sad-afrika\/","url":"https:\/\/president-ksgov.net\/sr\/predsednica-osmani-otputovala-u-zvanicnu-posetu-teksasu-u-sad-ucestvuje-na-samitu-sad-afrika\/","name":"Predsednica Osmani otputovala u zvani\u010dnu posetu Teksasu, u SAD, u\u010destvuje na samitu SAD\u2013Afrika - Predsednik Republike Kosovo - DR. VJOSA OSMANI - SADRIU","isPartOf":{"@id":"https:\/\/president-ksgov.net\/#website"},"primaryImageOfPage":{"@id":"https:\/\/president-ksgov.net\/sr\/predsednica-osmani-otputovala-u-zvanicnu-posetu-teksasu-u-sad-ucestvuje-na-samitu-sad-afrika\/#primaryimage"},"image":{"@id":"https:\/\/president-ksgov.net\/sr\/predsednica-osmani-otputovala-u-zvanicnu-posetu-teksasu-u-sad-ucestvuje-na-samitu-sad-afrika\/#primaryimage"},"thumbnailUrl":"https:\/\/president-ksgov.net\/wp-content\/uploads\/FYvENZFWYAAWWPO.jpg","datePublished":"2024-05-05T15:34:04+00:00","dateModified":"2024-05-07T07:42:54+00:00","author":{"@id":"https:\/\/president-ksgov.net\/#\/schema\/person\/b9740e15fff71a6f8f26a0e201572567"},"description":"Predsednica Osmani otputovala u zvani\u010dnu posetu Teksasu, u SAD, u\u010destvuje na samitu SAD\u2013Afrika - Predsednik Republike Kosovo - DR. VJOSA OSMANI - SADRIU -","breadcrumb":{"@id":"https:\/\/president-ksgov.net\/sr\/predsednica-osmani-otputovala-u-zvanicnu-posetu-teksasu-u-sad-ucestvuje-na-samitu-sad-afrika\/#breadcrumb"},"inLanguage":"sr-RS","potentialAction":[{"@type":"ReadAction","target":["https:\/\/president-ksgov.net\/sr\/predsednica-osmani-otputovala-u-zvanicnu-posetu-teksasu-u-sad-ucestvuje-na-samitu-sad-afrika\/"]}]},{"@type":"ImageObject","inLanguage":"sr-RS","@id":"https:\/\/president-ksgov.net\/sr\/predsednica-osmani-otputovala-u-zvanicnu-posetu-teksasu-u-sad-ucestvuje-na-samitu-sad-afrika\/#primaryimage","url":"https:\/\/president-ksgov.net\/wp-content\/uploads\/FYvENZFWYAAWWPO.jpg","contentUrl":"https:\/\/president-ksgov.net\/wp-content\/uploads\/FYvENZFWYAAWWPO.jpg","width":2048,"height":1367},{"@type":"BreadcrumbList","@id":"https:\/\/president-ksgov.net\/sr\/predsednica-osmani-otputovala-u-zvanicnu-posetu-teksasu-u-sad-ucestvuje-na-samitu-sad-afrika\/#breadcrumb","itemListElement":[{"@type":"ListItem","position":1,"name":"Home","item":"https:\/\/president-ksgov.net\/sr\/"},{"@type":"ListItem","position":2,"name":"Predsednica Osmani otputovala u zvani\u010dnu posetu Teksasu, u SAD, u\u010destvuje na samitu SAD\u2013Afrika"}]},{"@type":"WebSite","@id":"https:\/\/president-ksgov.net\/#website","url":"https:\/\/president-ksgov.net\/","name":"Presidente e Republik\u00ebs s\u00eb Kosov\u00ebs","description":"Presidente e Republik\u00ebs s\u00eb Kosov\u00ebs","alternateName":"DR. VJOSA OSMANI - SADRIU","potentialAction":[{"@type":"SearchAction","target":{"@type":"EntryPoint","urlTemplate":"https:\/\/president-ksgov.net\/?s={search_term_string}"},"query-input":{"@type":"PropertyValueSpecification","valueRequired":true,"valueName":"search_term_string"}}],"inLanguage":"sr-RS"},{"@type":"Person","@id":"https:\/\/president-ksgov.net\/#\/schema\/person\/b9740e15fff71a6f8f26a0e201572567","name":"Edona Krasniqi","image":{"@type":"ImageObject","inLanguage":"sr-RS","@id":"https:\/\/president-ksgov.net\/#\/schema\/person\/image\/","url":"https:\/\/secure.gravatar.com\/avatar\/1f0f749e4b80632decf95bd32db3f33277967a04dc5e29d46781d9c89b703cce?s=96&d=mm&r=g","contentUrl":"https:\/\/secure.gravatar.com\/avatar\/1f0f749e4b80632decf95bd32db3f33277967a04dc5e29d46781d9c89b703cce?s=96&d=mm&r=g","caption":"Edona Krasniqi"},"sameAs":["https:\/\/president-ksgov.net\/"]}]}},"_links":{"self":[{"href":"https:\/\/president-ksgov.net\/sr\/wp-json\/wp\/v2\/posts\/104415","targetHints":{"allow":["GET"]}}],"collection":[{"href":"https:\/\/president-ksgov.net\/sr\/wp-json\/wp\/v2\/posts"}],"about":[{"href":"https:\/\/president-ksgov.net\/sr\/wp-json\/wp\/v2\/types\/post"}],"author":[{"embeddable":true,"href":"https:\/\/president-ksgov.net\/sr\/wp-json\/wp\/v2\/users\/13"}],"replies":[{"embeddable":true,"href":"https:\/\/president-ksgov.net\/sr\/wp-json\/wp\/v2\/comments?post=104415"}],"version-history":[{"count":1,"href":"https:\/\/president-ksgov.net\/sr\/wp-json\/wp\/v2\/posts\/104415\/revisions"}],"predecessor-version":[{"id":104416,"href":"https:\/\/president-ksgov.net\/sr\/wp-json\/wp\/v2\/posts\/104415\/revisions\/104416"}],"wp:featuredmedia":[{"embeddable":true,"href":"https:\/\/president-ksgov.net\/sr\/wp-json\/wp\/v2\/media\/104358"}],"wp:attachment":[{"href":"https:\/\/president-ksgov.net\/sr\/wp-json\/wp\/v2\/media?parent=104415"}],"wp:term":[{"taxonomy":"category","embeddable":true,"href":"https:\/\/president-ksgov.net\/sr\/wp-json\/wp\/v2\/categories?post=104415"},{"taxonomy":"post_tag","embeddable":true,"href":"https:\/\/president-ksgov.net\/sr\/wp-json\/wp\/v2\/tags?post=104415"}],"curies":[{"name":"wp","href":"https:\/\/api.w.org\/{rel}","templated":true}]}}