{"id":103880,"date":"2024-04-24T17:16:14","date_gmt":"2024-04-24T15:16:14","guid":{"rendered":"https:\/\/president-ksgov.net\/?p=103880"},"modified":"2024-04-24T19:38:13","modified_gmt":"2024-04-24T17:38:13","slug":"predsednica-osmani-docekala-na-sastanku-delegaciju-radne-grupe-eu-za-zapadni-balkan","status":"publish","type":"post","link":"https:\/\/president-ksgov.net\/sr\/predsednica-osmani-docekala-na-sastanku-delegaciju-radne-grupe-eu-za-zapadni-balkan\/","title":{"rendered":"Predsednica Osmani do\u010dekala na sastanku delegaciju Radne grupe EU za Zapadni Balkan"},"content":{"rendered":"<div id=\"app\">\n<div id=\"appContainer\" class=\"QdrUx UU8iG body-211\">\n<div class=\"Flvp1 customScrollBar\">\n<div id=\"mainApp\" class=\"NzIuH\">\n<div class=\"gU1Tf\">\n<div class=\"I3sS5\">\n<div id=\"MainModule\" class=\"FJ4hV\">\n<div class=\"SW7A6\">\n<div class=\"LBktY\">\n<div class=\"q9iRC css-322\" data-max-width=\"2400\">\n<div class=\"HOVUa\">\n<div class=\"nbmyu FkPdL czwRD LCprM\">\n<div id=\"Skip to message-region\" class=\"Mq3cC css-326\" tabindex=\"-1\" role=\"main\" data-app-section=\"MailReadCompose\" aria-label=\"Reading Pane\" data-skip-link-name=\"Skip to message\">\n<div id=\"ReadingPaneContainerId\" class=\"Xsklh VJZZC\">\n<div>\n<div class=\"g_zET\">\n<div>\n<div class=\"NiD4s\">\n<div id=\"ConversationReadingPaneContainer\" class=\"MtujV\">\n<div class=\"L72vd\">\n<div class=\"Q8TCC yyYQP customScrollBar\" tabindex=\"-1\" aria-label=\"1 messages\" data-app-section=\"ConversationContainer\" data-is-scrollable=\"true\">\n<div>\n<div class=\"aVla3\">\n<div class=\"\">\n<div>\n<div class=\"wide-content-host\">\n<div class=\"SlLx9 WWy1F byzS1 WWy1F\" tabindex=\"-1\" aria-label=\"Email message\">\n<div id=\"UniqueMessageBody\" class=\"XbIp4 jmmB7 GNqVo allowTextSelection OuGoX\" tabindex=\"-1\" role=\"document\" aria-label=\"Message body\">\n<div>\n<div class=\"rps_6065\">\n<div>\n<div dir=\"auto\">\n<div>\n<div class=\"x_gmail_quote\">\n<div>\n<div dir=\"auto\">Predsednica Republike Kosovo Vjosa Osmani do\u010dekala je na sastanku delegaciju Radne grupe EU za Zapadni Balkan.<\/div>\n<div dir=\"auto\"><\/div>\n<div dir=\"auto\">Na sastanku sa delegacijom, predsednica Osmani je razgovarala o poslednjim de\u0161avanjima u zemlji i procesu dijaloga sa Srbijom.<\/div>\n<div dir=\"auto\"><\/div>\n<div dir=\"auto\">\n<div dir=\"auto\">Izme\u0111u ostalog, predsednica Osmani je sa diplomatama Radne grupe EU za Zapadni Balkan istakla napredak Kosova u oblasti vladavine prava, borbe protiv korupcije i organizovanog kriminala, transparentnosti, dobrog upravljanja i, posebno, po\u0161tovanja ljudskih prava.<\/div>\n<div dir=\"auto\"><\/div>\n<div dir=\"auto\">Predsednica Osmani je rekla da je Kosovo podnelo zahtev za status zemlje kandidata u EU u decembru 2022. godine i da je posvec\u0301eno ispunjavanju obaveza i kriterijuma za \u010dlanstvo.<\/div>\n<div dir=\"auto\"><\/div>\n<div dir=\"auto\">\n<div dir=\"auto\">\u201eKosovo je u potpunosti uskla\u0111eno sa spoljnom i bezbednosnom politikom EU. Shodno tome, ono treba da napreduje sa statusom zemlje kandidata\u201c, naglasila je predsednica Osmani.<\/div>\n<div dir=\"auto\"><\/div>\n<div dir=\"auto\">Predsednica Osmani je dalje rekla da je Kosovo ugradilo Evropsku konvenciju za za\u0161titu ljudskih prava i druge me\u0111unarodne instrumente o ljudskim pravima u svoj Ustav, obezbe\u0111ujuc\u0301i prava zajednicama, vladavinu zakona i demokratsko upravljanje, kao \u0161to su pouzdane me\u0111unarodne organizacije dokazale.<\/div>\n<div dir=\"auto\"><\/div>\n<div dir=\"auto\">\n<div dir=\"auto\">Pored toga, predsednica Osmani je, pred diplomatama, govorila i o anga\u017eovanju i posvec\u0301enosti unapre\u0111enju agende za \u017eene, mir i bezbednost, kao i o odr\u017eavanju drugog izdanja WPS Foruma, koji je Kosovo transformisao u regionalnog lidera u ispunjavanju ove agende.<\/div>\n<div dir=\"auto\"><\/div>\n<div dir=\"auto\">U skladu sa te\u017enjama Kosova za odr\u017eiv ekonomski rast i razvoj, predsednica Osmani je tako\u0111e govorila o ekonomskom rastu, direktnim investicijama, kao i o potencijalu i uspesima kosovske omladine u mnogim oblastima u me\u0111unarodnim projavljivanjima.<\/div>\n<div dir=\"auto\"><\/div>\n<div dir=\"auto\">\n<div dir=\"auto\">Govorec\u0301i o procesu \u010dlanstva u Savetu Evrope, predsednica Osmani je istakla zna\u010daj \u010dlanstva u ovoj organizaciji kako bi se povec\u0301ala efikasnost za\u0161tite prava svih na\u0161ih gra\u0111ana bez razlike, daju\u0107i im pristup mehanizmima za ljudska prava.<\/div>\n<div dir=\"auto\"><\/div>\n<div dir=\"auto\">Predsednica Osmani je istakla da je Kosovu potrebna dalja podr\u0161ka dr\u017eava i u poslednjoj fazi, na glasanju koje se mo\u017ee odr\u017eati u maju mesecu, u Komitetu ministara.<\/div>\n<\/div>\n<\/div>\n<\/div>\n<\/div>\n<\/div>\n<\/div>\n<\/div>\n<\/div>\n<\/div>\n<\/div>\n<\/div>\n<\/div>\n<div class=\"g4Y3U\"><\/div>\n<\/div>\n<\/div>\n<\/div>\n<\/div>\n<\/div>\n<\/div>\n<\/div>\n<\/div>\n<\/div>\n<\/div>\n<\/div>\n<\/div>\n<\/div>\n<\/div>\n<\/div>\n<div id=\"tourRootDiv\" class=\"wvd4C\">\n<div class=\"g0BUg T2d3d\">\n<div class=\"QxaKI\">\n<div class=\"LnDpU MNT0f\">\n<div>\n<div class=\"ms-Stack css-158\">\n<div class=\"NpNfd\" tabindex=\"0\">\n<div class=\"twPgf\">\n<div class=\"ms-Stack m2chb css-451\">\n<div class=\"SWhnG\"><\/div>\n<div class=\"UXyCM\"><\/div>\n<\/div>\n<\/div>\n<div class=\"ms-Stack X_eE5 css-452\"><\/div>\n<\/div>\n<div class=\"ms-Stack AfBFC css-449\">\n<div class=\"TRdFM\"><\/div>\n<div class=\"lw6uZ\">\n<div class=\"ms-Stack css-457\"><\/div>\n<\/div>\n<\/div>\n<\/div>\n<\/div>\n<\/div>\n<\/div>\n<\/div>\n<\/div>\n<\/div>\n<\/div>\n<\/div>\n<\/div>\n<\/div>\n<\/div>\n<\/div>\n<div class=\"\" role=\"status\" aria-live=\"off\">\n<div class=\"screenReaderText-170\"><\/div>\n<\/div>\n<\/div>\n<\/div>\n<\/div>\n<\/div>\n<\/div>\n<div id=\"fluent-default-layer-host\">\n<div class=\"ms-Layer ms-Layer--fixed root-320\" data-portal-element=\"true\">\n<div class=\"ms-Fabric ms-Layer-content content-334\"><\/div>\n<\/div>\n<div id=\"LivePersonaCardRootElement\" class=\"lpc_ip_root_class LivePersonaCardScrollBar\" data-tabster=\"{&quot;root&quot;: {}, &quot;focusable&quot;: { &quot;ignoreKeydown&quot;: { &quot;Tab&quot;: true } } }\"><\/div>\n<\/div>\n","protected":false},"excerpt":{"rendered":"<p>Predsednica Republike Kosovo Vjosa Osmani do\u010dekala je na sastanku delegaciju Radne grupe EU za Zapadni Balkan. Na sastanku sa delegacijom, predsednica Osmani je razgovarala o poslednjim de\u0161avanjima u zemlji i procesu dijaloga sa Srbijom. Izme\u0111u ostalog, predsednica Osmani je sa diplomatama Radne grupe EU za Zapadni Balkan istakla napredak Kosova u oblasti vladavine prava, borbe protiv korupcije i organizovanog kriminala, transparentnosti, dobrog upravljanja i, posebno, po\u0161tovanja ljudskih prava. Predsednica Osmani je rekla da je Kosovo podnelo zahtev za status zemlje kandidata u EU u decembru 2022. godine i da je posvec\u0301eno ispunjavanju obaveza i kriterijuma za \u010dlanstvo. \u201eKosovo je u potpunosti uskla\u0111eno sa spoljnom i bezbednosnom politikom EU. Shodno tome, ono treba da napreduje sa statusom zemlje kandidata\u201c, naglasila je predsednica Osmani. Predsednica Osmani je dalje rekla da je Kosovo ugradilo Evropsku konvenciju za za\u0161titu ljudskih prava i druge me\u0111unarodne instrumente o ljudskim pravima u svoj Ustav, obezbe\u0111ujuc\u0301i prava zajednicama, vladavinu zakona i demokratsko upravljanje, kao \u0161to su pouzdane me\u0111unarodne organizacije dokazale. Pored toga, predsednica Osmani je, pred diplomatama, govorila i o anga\u017eovanju i posvec\u0301enosti unapre\u0111enju agende za \u017eene, mir i bezbednost, kao i o odr\u017eavanju drugog izdanja WPS Foruma, koji je Kosovo transformisao u regionalnog lidera u ispunjavanju ove agende. U skladu sa te\u017enjama Kosova za odr\u017eiv ekonomski rast i razvoj, predsednica Osmani je tako\u0111e govorila o ekonomskom rastu, direktnim investicijama, kao i o potencijalu i uspesima kosovske omladine u mnogim oblastima u me\u0111unarodnim projavljivanjima. Govorec\u0301i o procesu \u010dlanstva u Savetu Evrope, predsednica Osmani je istakla zna\u010daj \u010dlanstva u ovoj organizaciji kako bi se povec\u0301ala efikasnost za\u0161tite prava svih na\u0161ih gra\u0111ana bez razlike, daju\u0107i im pristup mehanizmima za ljudska prava. Predsednica Osmani je istakla da je Kosovu potrebna dalja podr\u0161ka dr\u017eava i u poslednjoj fazi, na glasanju koje se mo\u017ee odr\u017eati u maju mesecu, u Komitetu ministara.<\/p>\n","protected":false},"author":13,"featured_media":103851,"comment_status":"open","ping_status":"closed","sticky":false,"template":"","format":"standard","meta":{"_eb_attr":"","footnotes":""},"categories":[101],"tags":[],"class_list":["post-103880","post","type-post","status-publish","format-standard","has-post-thumbnail","hentry","category-vesti"],"yoast_head":"<!-- This site is optimized with the Yoast SEO plugin v23.5 - https:\/\/yoast.com\/wordpress\/plugins\/seo\/ -->\n<title>Predsednica Osmani do\u010dekala na sastanku delegaciju Radne grupe EU za Zapadni Balkan - Predsednik Republike Kosovo - DR. VJOSA OSMANI - SADRIU<\/title>\n<meta name=\"description\" content=\"Predsednica Osmani do\u010dekala na sastanku delegaciju Radne grupe EU za Zapadni Balkan - Predsednik Republike Kosovo - DR. VJOSA OSMANI - SADRIU -\" \/>\n<meta name=\"robots\" content=\"index, follow, max-snippet:-1, max-image-preview:large, max-video-preview:-1\" \/>\n<link rel=\"canonical\" href=\"https:\/\/president-ksgov.net\/sr\/predsednica-osmani-docekala-na-sastanku-delegaciju-radne-grupe-eu-za-zapadni-balkan\/\" \/>\n<meta property=\"og:locale\" content=\"sr_RS\" \/>\n<meta property=\"og:type\" content=\"article\" \/>\n<meta property=\"og:title\" content=\"Predsednica Osmani do\u010dekala na sastanku delegaciju Radne grupe EU za Zapadni Balkan - Predsednik Republike Kosovo - DR. VJOSA OSMANI - SADRIU\" \/>\n<meta property=\"og:description\" content=\"Predsednica Osmani do\u010dekala na sastanku delegaciju Radne grupe EU za Zapadni Balkan - Predsednik Republike Kosovo - DR. VJOSA OSMANI - SADRIU -\" \/>\n<meta property=\"og:url\" content=\"https:\/\/president-ksgov.net\/sr\/predsednica-osmani-docekala-na-sastanku-delegaciju-radne-grupe-eu-za-zapadni-balkan\/\" \/>\n<meta property=\"og:site_name\" content=\"Predsednik Republike Kosovo - DR. VJOSA OSMANI - SADRIU\" \/>\n<meta property=\"article:published_time\" content=\"2024-04-24T15:16:14+00:00\" \/>\n<meta property=\"article:modified_time\" content=\"2024-04-24T17:38:13+00:00\" \/>\n<meta property=\"og:image\" content=\"https:\/\/president-ksgov.net\/wp-content\/uploads\/1000007540.jpg\" \/>\n\t<meta property=\"og:image:width\" content=\"1600\" \/>\n\t<meta property=\"og:image:height\" content=\"1066\" \/>\n\t<meta property=\"og:image:type\" content=\"image\/jpeg\" \/>\n<meta name=\"author\" content=\"Edona Krasniqi\" \/>\n<meta name=\"twitter:card\" content=\"summary_large_image\" \/>\n<meta name=\"twitter:label1\" content=\"\u041d\u0430\u043f\u0438\u0441\u0430\u043d\u043e \u043e\u0434\" \/>\n\t<meta name=\"twitter:data1\" content=\"Edona Krasniqi\" \/>\n\t<meta name=\"twitter:label2\" content=\"\u041f\u0440\u043e\u0446\u0435\u045a\u0435\u043d\u043e \u0432\u0440\u0435\u043c\u0435 \u0447\u0438\u0442\u0430\u045a\u0430\" \/>\n\t<meta name=\"twitter:data2\" content=\"2 \u043c\u0438\u043d\u0443\u0442\u0430\" \/>\n<script type=\"application\/ld+json\" class=\"yoast-schema-graph\">{\"@context\":\"https:\/\/schema.org\",\"@graph\":[{\"@type\":\"WebPage\",\"@id\":\"https:\/\/president-ksgov.net\/sr\/predsednica-osmani-docekala-na-sastanku-delegaciju-radne-grupe-eu-za-zapadni-balkan\/\",\"url\":\"https:\/\/president-ksgov.net\/sr\/predsednica-osmani-docekala-na-sastanku-delegaciju-radne-grupe-eu-za-zapadni-balkan\/\",\"name\":\"Predsednica Osmani do\u010dekala na sastanku delegaciju Radne grupe EU za Zapadni Balkan - Predsednik Republike Kosovo - DR. VJOSA OSMANI - SADRIU\",\"isPartOf\":{\"@id\":\"https:\/\/president-ksgov.net\/#website\"},\"primaryImageOfPage\":{\"@id\":\"https:\/\/president-ksgov.net\/sr\/predsednica-osmani-docekala-na-sastanku-delegaciju-radne-grupe-eu-za-zapadni-balkan\/#primaryimage\"},\"image\":{\"@id\":\"https:\/\/president-ksgov.net\/sr\/predsednica-osmani-docekala-na-sastanku-delegaciju-radne-grupe-eu-za-zapadni-balkan\/#primaryimage\"},\"thumbnailUrl\":\"https:\/\/president-ksgov.net\/wp-content\/uploads\/1000007540.jpg\",\"datePublished\":\"2024-04-24T15:16:14+00:00\",\"dateModified\":\"2024-04-24T17:38:13+00:00\",\"author\":{\"@id\":\"https:\/\/president-ksgov.net\/#\/schema\/person\/b9740e15fff71a6f8f26a0e201572567\"},\"description\":\"Predsednica Osmani do\u010dekala na sastanku delegaciju Radne grupe EU za Zapadni Balkan - Predsednik Republike Kosovo - DR. VJOSA OSMANI - SADRIU -\",\"breadcrumb\":{\"@id\":\"https:\/\/president-ksgov.net\/sr\/predsednica-osmani-docekala-na-sastanku-delegaciju-radne-grupe-eu-za-zapadni-balkan\/#breadcrumb\"},\"inLanguage\":\"sr-RS\",\"potentialAction\":[{\"@type\":\"ReadAction\",\"target\":[\"https:\/\/president-ksgov.net\/sr\/predsednica-osmani-docekala-na-sastanku-delegaciju-radne-grupe-eu-za-zapadni-balkan\/\"]}]},{\"@type\":\"ImageObject\",\"inLanguage\":\"sr-RS\",\"@id\":\"https:\/\/president-ksgov.net\/sr\/predsednica-osmani-docekala-na-sastanku-delegaciju-radne-grupe-eu-za-zapadni-balkan\/#primaryimage\",\"url\":\"https:\/\/president-ksgov.net\/wp-content\/uploads\/1000007540.jpg\",\"contentUrl\":\"https:\/\/president-ksgov.net\/wp-content\/uploads\/1000007540.jpg\",\"width\":1600,\"height\":1066},{\"@type\":\"BreadcrumbList\",\"@id\":\"https:\/\/president-ksgov.net\/sr\/predsednica-osmani-docekala-na-sastanku-delegaciju-radne-grupe-eu-za-zapadni-balkan\/#breadcrumb\",\"itemListElement\":[{\"@type\":\"ListItem\",\"position\":1,\"name\":\"Home\",\"item\":\"https:\/\/president-ksgov.net\/sr\/\"},{\"@type\":\"ListItem\",\"position\":2,\"name\":\"Predsednica Osmani do\u010dekala na sastanku delegaciju Radne grupe EU za Zapadni Balkan\"}]},{\"@type\":\"WebSite\",\"@id\":\"https:\/\/president-ksgov.net\/#website\",\"url\":\"https:\/\/president-ksgov.net\/\",\"name\":\"Presidente e Republik\u00ebs s\u00eb Kosov\u00ebs\",\"description\":\"Presidente e Republik\u00ebs s\u00eb Kosov\u00ebs\",\"alternateName\":\"DR. VJOSA OSMANI - SADRIU\",\"potentialAction\":[{\"@type\":\"SearchAction\",\"target\":{\"@type\":\"EntryPoint\",\"urlTemplate\":\"https:\/\/president-ksgov.net\/?s={search_term_string}\"},\"query-input\":{\"@type\":\"PropertyValueSpecification\",\"valueRequired\":true,\"valueName\":\"search_term_string\"}}],\"inLanguage\":\"sr-RS\"},{\"@type\":\"Person\",\"@id\":\"https:\/\/president-ksgov.net\/#\/schema\/person\/b9740e15fff71a6f8f26a0e201572567\",\"name\":\"Edona Krasniqi\",\"image\":{\"@type\":\"ImageObject\",\"inLanguage\":\"sr-RS\",\"@id\":\"https:\/\/president-ksgov.net\/#\/schema\/person\/image\/\",\"url\":\"https:\/\/secure.gravatar.com\/avatar\/1f0f749e4b80632decf95bd32db3f33277967a04dc5e29d46781d9c89b703cce?s=96&d=mm&r=g\",\"contentUrl\":\"https:\/\/secure.gravatar.com\/avatar\/1f0f749e4b80632decf95bd32db3f33277967a04dc5e29d46781d9c89b703cce?s=96&d=mm&r=g\",\"caption\":\"Edona Krasniqi\"},\"sameAs\":[\"https:\/\/president-ksgov.net\/\"]}]}<\/script>\n<!-- \/ Yoast SEO plugin. -->","yoast_head_json":{"title":"Predsednica Osmani do\u010dekala na sastanku delegaciju Radne grupe EU za Zapadni Balkan - Predsednik Republike Kosovo - DR. VJOSA OSMANI - SADRIU","description":"Predsednica Osmani do\u010dekala na sastanku delegaciju Radne grupe EU za Zapadni Balkan - Predsednik Republike Kosovo - DR. VJOSA OSMANI - SADRIU -","robots":{"index":"index","follow":"follow","max-snippet":"max-snippet:-1","max-image-preview":"max-image-preview:large","max-video-preview":"max-video-preview:-1"},"canonical":"https:\/\/president-ksgov.net\/sr\/predsednica-osmani-docekala-na-sastanku-delegaciju-radne-grupe-eu-za-zapadni-balkan\/","og_locale":"sr_RS","og_type":"article","og_title":"Predsednica Osmani do\u010dekala na sastanku delegaciju Radne grupe EU za Zapadni Balkan - Predsednik Republike Kosovo - DR. VJOSA OSMANI - SADRIU","og_description":"Predsednica Osmani do\u010dekala na sastanku delegaciju Radne grupe EU za Zapadni Balkan - Predsednik Republike Kosovo - DR. VJOSA OSMANI - SADRIU -","og_url":"https:\/\/president-ksgov.net\/sr\/predsednica-osmani-docekala-na-sastanku-delegaciju-radne-grupe-eu-za-zapadni-balkan\/","og_site_name":"Predsednik Republike Kosovo - DR. VJOSA OSMANI - SADRIU","article_published_time":"2024-04-24T15:16:14+00:00","article_modified_time":"2024-04-24T17:38:13+00:00","og_image":[{"width":1600,"height":1066,"url":"https:\/\/president-ksgov.net\/wp-content\/uploads\/1000007540.jpg","type":"image\/jpeg"}],"author":"Edona Krasniqi","twitter_card":"summary_large_image","twitter_misc":{"\u041d\u0430\u043f\u0438\u0441\u0430\u043d\u043e \u043e\u0434":"Edona Krasniqi","\u041f\u0440\u043e\u0446\u0435\u045a\u0435\u043d\u043e \u0432\u0440\u0435\u043c\u0435 \u0447\u0438\u0442\u0430\u045a\u0430":"2 \u043c\u0438\u043d\u0443\u0442\u0430"},"schema":{"@context":"https:\/\/schema.org","@graph":[{"@type":"WebPage","@id":"https:\/\/president-ksgov.net\/sr\/predsednica-osmani-docekala-na-sastanku-delegaciju-radne-grupe-eu-za-zapadni-balkan\/","url":"https:\/\/president-ksgov.net\/sr\/predsednica-osmani-docekala-na-sastanku-delegaciju-radne-grupe-eu-za-zapadni-balkan\/","name":"Predsednica Osmani do\u010dekala na sastanku delegaciju Radne grupe EU za Zapadni Balkan - Predsednik Republike Kosovo - DR. VJOSA OSMANI - SADRIU","isPartOf":{"@id":"https:\/\/president-ksgov.net\/#website"},"primaryImageOfPage":{"@id":"https:\/\/president-ksgov.net\/sr\/predsednica-osmani-docekala-na-sastanku-delegaciju-radne-grupe-eu-za-zapadni-balkan\/#primaryimage"},"image":{"@id":"https:\/\/president-ksgov.net\/sr\/predsednica-osmani-docekala-na-sastanku-delegaciju-radne-grupe-eu-za-zapadni-balkan\/#primaryimage"},"thumbnailUrl":"https:\/\/president-ksgov.net\/wp-content\/uploads\/1000007540.jpg","datePublished":"2024-04-24T15:16:14+00:00","dateModified":"2024-04-24T17:38:13+00:00","author":{"@id":"https:\/\/president-ksgov.net\/#\/schema\/person\/b9740e15fff71a6f8f26a0e201572567"},"description":"Predsednica Osmani do\u010dekala na sastanku delegaciju Radne grupe EU za Zapadni Balkan - Predsednik Republike Kosovo - DR. VJOSA OSMANI - SADRIU -","breadcrumb":{"@id":"https:\/\/president-ksgov.net\/sr\/predsednica-osmani-docekala-na-sastanku-delegaciju-radne-grupe-eu-za-zapadni-balkan\/#breadcrumb"},"inLanguage":"sr-RS","potentialAction":[{"@type":"ReadAction","target":["https:\/\/president-ksgov.net\/sr\/predsednica-osmani-docekala-na-sastanku-delegaciju-radne-grupe-eu-za-zapadni-balkan\/"]}]},{"@type":"ImageObject","inLanguage":"sr-RS","@id":"https:\/\/president-ksgov.net\/sr\/predsednica-osmani-docekala-na-sastanku-delegaciju-radne-grupe-eu-za-zapadni-balkan\/#primaryimage","url":"https:\/\/president-ksgov.net\/wp-content\/uploads\/1000007540.jpg","contentUrl":"https:\/\/president-ksgov.net\/wp-content\/uploads\/1000007540.jpg","width":1600,"height":1066},{"@type":"BreadcrumbList","@id":"https:\/\/president-ksgov.net\/sr\/predsednica-osmani-docekala-na-sastanku-delegaciju-radne-grupe-eu-za-zapadni-balkan\/#breadcrumb","itemListElement":[{"@type":"ListItem","position":1,"name":"Home","item":"https:\/\/president-ksgov.net\/sr\/"},{"@type":"ListItem","position":2,"name":"Predsednica Osmani do\u010dekala na sastanku delegaciju Radne grupe EU za Zapadni Balkan"}]},{"@type":"WebSite","@id":"https:\/\/president-ksgov.net\/#website","url":"https:\/\/president-ksgov.net\/","name":"Presidente e Republik\u00ebs s\u00eb Kosov\u00ebs","description":"Presidente e Republik\u00ebs s\u00eb Kosov\u00ebs","alternateName":"DR. VJOSA OSMANI - SADRIU","potentialAction":[{"@type":"SearchAction","target":{"@type":"EntryPoint","urlTemplate":"https:\/\/president-ksgov.net\/?s={search_term_string}"},"query-input":{"@type":"PropertyValueSpecification","valueRequired":true,"valueName":"search_term_string"}}],"inLanguage":"sr-RS"},{"@type":"Person","@id":"https:\/\/president-ksgov.net\/#\/schema\/person\/b9740e15fff71a6f8f26a0e201572567","name":"Edona Krasniqi","image":{"@type":"ImageObject","inLanguage":"sr-RS","@id":"https:\/\/president-ksgov.net\/#\/schema\/person\/image\/","url":"https:\/\/secure.gravatar.com\/avatar\/1f0f749e4b80632decf95bd32db3f33277967a04dc5e29d46781d9c89b703cce?s=96&d=mm&r=g","contentUrl":"https:\/\/secure.gravatar.com\/avatar\/1f0f749e4b80632decf95bd32db3f33277967a04dc5e29d46781d9c89b703cce?s=96&d=mm&r=g","caption":"Edona Krasniqi"},"sameAs":["https:\/\/president-ksgov.net\/"]}]}},"_links":{"self":[{"href":"https:\/\/president-ksgov.net\/sr\/wp-json\/wp\/v2\/posts\/103880","targetHints":{"allow":["GET"]}}],"collection":[{"href":"https:\/\/president-ksgov.net\/sr\/wp-json\/wp\/v2\/posts"}],"about":[{"href":"https:\/\/president-ksgov.net\/sr\/wp-json\/wp\/v2\/types\/post"}],"author":[{"embeddable":true,"href":"https:\/\/president-ksgov.net\/sr\/wp-json\/wp\/v2\/users\/13"}],"replies":[{"embeddable":true,"href":"https:\/\/president-ksgov.net\/sr\/wp-json\/wp\/v2\/comments?post=103880"}],"version-history":[{"count":1,"href":"https:\/\/president-ksgov.net\/sr\/wp-json\/wp\/v2\/posts\/103880\/revisions"}],"predecessor-version":[{"id":103881,"href":"https:\/\/president-ksgov.net\/sr\/wp-json\/wp\/v2\/posts\/103880\/revisions\/103881"}],"wp:featuredmedia":[{"embeddable":true,"href":"https:\/\/president-ksgov.net\/sr\/wp-json\/wp\/v2\/media\/103851"}],"wp:attachment":[{"href":"https:\/\/president-ksgov.net\/sr\/wp-json\/wp\/v2\/media?parent=103880"}],"wp:term":[{"taxonomy":"category","embeddable":true,"href":"https:\/\/president-ksgov.net\/sr\/wp-json\/wp\/v2\/categories?post=103880"},{"taxonomy":"post_tag","embeddable":true,"href":"https:\/\/president-ksgov.net\/sr\/wp-json\/wp\/v2\/tags?post=103880"}],"curies":[{"name":"wp","href":"https:\/\/api.w.org\/{rel}","templated":true}]}}