{"id":103714,"date":"2024-04-18T18:38:41","date_gmt":"2024-04-18T16:38:41","guid":{"rendered":"https:\/\/president-ksgov.net\/?p=103714"},"modified":"2024-04-22T10:32:15","modified_gmt":"2024-04-22T08:32:15","slug":"predsednica-vjosa-osmani-podsetila-je-na-25-godisnjicu-masakra-u-duzu-kod-podujeva","status":"publish","type":"post","link":"https:\/\/president-ksgov.net\/sr\/predsednica-vjosa-osmani-podsetila-je-na-25-godisnjicu-masakra-u-duzu-kod-podujeva\/","title":{"rendered":"Predsednica Vjosa Osmani podsetila je na 25. godi\u0161njicu masakra u Duzu kod Podujeva"},"content":{"rendered":"<p>18.aprila 1999. godine u selu Duz kod Podujeva dogodio se najve\u0107i masakr u regionu Laba.<\/p>\n<p>Pre 25 godina, snage genocidnog re\u017eima Srbije po\u010dinile su jedan od najstra\u0161nijih zlo\u010dina u podujevskom selu Duz, gde su surovo mu\u010dili i pogubili 70 mu\u0161karaca, \u017eena i dece.<\/p>\n<p>Ponizno se\u0107aju\u0107i se i odaju\u0107i po\u010dast svim \u017ertvama masakra u Duzu i svim \u017ertvama koje je pogubio genocidni re\u017eim Srbije, nikada ne\u0107emo prestati da tra\u017eimo pravdu, jer zlo\u010dini nikada ne zastarevaju, a zlo\u010dinci svakako moraju dobiti kaznu koju zaslu\u017euju.<\/p>\n<p>Neka je ve\u010dno se\u0107anje i po\u010dast svima koji su pali za slobodu!<\/p>\n","protected":false},"excerpt":{"rendered":"<p>18.aprila 1999. godine u selu Duz kod Podujeva dogodio se najve\u0107i masakr u regionu Laba. Pre 25 godina, snage genocidnog re\u017eima Srbije po\u010dinile su jedan od najstra\u0161nijih zlo\u010dina u podujevskom selu Duz, gde su surovo mu\u010dili i pogubili 70 mu\u0161karaca, \u017eena i dece. Ponizno se\u0107aju\u0107i se i odaju\u0107i po\u010dast svim \u017ertvama masakra u Duzu i svim \u017ertvama koje je pogubio genocidni re\u017eim Srbije, nikada ne\u0107emo prestati da tra\u017eimo pravdu, jer zlo\u010dini nikada ne zastarevaju, a zlo\u010dinci svakako moraju dobiti kaznu koju zaslu\u017euju. Neka je ve\u010dno se\u0107anje i po\u010dast svima koji su pali za slobodu!<\/p>\n","protected":false},"author":11,"featured_media":103549,"comment_status":"open","ping_status":"closed","sticky":false,"template":"","format":"standard","meta":{"_eb_attr":"","footnotes":""},"categories":[101],"tags":[],"class_list":["post-103714","post","type-post","status-publish","format-standard","has-post-thumbnail","hentry","category-vesti"],"yoast_head":"<!-- This site is optimized with the Yoast SEO plugin v23.5 - https:\/\/yoast.com\/wordpress\/plugins\/seo\/ -->\n<title>Predsednica Vjosa Osmani podsetila je na 25. godi\u0161njicu masakra u Duzu kod Podujeva - Predsednik Republike Kosovo - DR. VJOSA OSMANI - SADRIU<\/title>\n<meta name=\"description\" content=\"Predsednica Vjosa Osmani podsetila je na 25. godi\u0161njicu masakra u Duzu kod Podujeva - Predsednik Republike Kosovo - DR. VJOSA OSMANI - SADRIU -\" \/>\n<meta name=\"robots\" content=\"index, follow, max-snippet:-1, max-image-preview:large, max-video-preview:-1\" \/>\n<link rel=\"canonical\" href=\"https:\/\/president-ksgov.net\/sr\/predsednica-vjosa-osmani-podsetila-je-na-25-godisnjicu-masakra-u-duzu-kod-podujeva\/\" \/>\n<meta property=\"og:locale\" content=\"sr_RS\" \/>\n<meta property=\"og:type\" content=\"article\" \/>\n<meta property=\"og:title\" content=\"Predsednica Vjosa Osmani podsetila je na 25. godi\u0161njicu masakra u Duzu kod Podujeva - Predsednik Republike Kosovo - DR. VJOSA OSMANI - SADRIU\" \/>\n<meta property=\"og:description\" content=\"Predsednica Vjosa Osmani podsetila je na 25. godi\u0161njicu masakra u Duzu kod Podujeva - Predsednik Republike Kosovo - DR. VJOSA OSMANI - SADRIU -\" \/>\n<meta property=\"og:url\" content=\"https:\/\/president-ksgov.net\/sr\/predsednica-vjosa-osmani-podsetila-je-na-25-godisnjicu-masakra-u-duzu-kod-podujeva\/\" \/>\n<meta property=\"og:site_name\" content=\"Predsednik Republike Kosovo - DR. VJOSA OSMANI - SADRIU\" \/>\n<meta property=\"article:published_time\" content=\"2024-04-18T16:38:41+00:00\" \/>\n<meta property=\"article:modified_time\" content=\"2024-04-22T08:32:15+00:00\" \/>\n<meta property=\"og:image\" content=\"https:\/\/president-ksgov.net\/wp-content\/uploads\/1000007229.jpg\" \/>\n\t<meta property=\"og:image:width\" content=\"2000\" \/>\n\t<meta property=\"og:image:height\" content=\"1000\" \/>\n\t<meta property=\"og:image:type\" content=\"image\/jpeg\" \/>\n<meta name=\"author\" content=\"presidentlogin\" \/>\n<meta name=\"twitter:card\" content=\"summary_large_image\" \/>\n<meta name=\"twitter:label1\" content=\"\u041d\u0430\u043f\u0438\u0441\u0430\u043d\u043e \u043e\u0434\" \/>\n\t<meta name=\"twitter:data1\" content=\"presidentlogin\" \/>\n\t<meta name=\"twitter:label2\" content=\"\u041f\u0440\u043e\u0446\u0435\u045a\u0435\u043d\u043e \u0432\u0440\u0435\u043c\u0435 \u0447\u0438\u0442\u0430\u045a\u0430\" \/>\n\t<meta name=\"twitter:data2\" content=\"1 \u043c\u0438\u043d\u0443\u0442\" \/>\n<script type=\"application\/ld+json\" class=\"yoast-schema-graph\">{\"@context\":\"https:\/\/schema.org\",\"@graph\":[{\"@type\":\"WebPage\",\"@id\":\"https:\/\/president-ksgov.net\/sr\/predsednica-vjosa-osmani-podsetila-je-na-25-godisnjicu-masakra-u-duzu-kod-podujeva\/\",\"url\":\"https:\/\/president-ksgov.net\/sr\/predsednica-vjosa-osmani-podsetila-je-na-25-godisnjicu-masakra-u-duzu-kod-podujeva\/\",\"name\":\"Predsednica Vjosa Osmani podsetila je na 25. godi\u0161njicu masakra u Duzu kod Podujeva - Predsednik Republike Kosovo - DR. VJOSA OSMANI - SADRIU\",\"isPartOf\":{\"@id\":\"https:\/\/president-ksgov.net\/#website\"},\"primaryImageOfPage\":{\"@id\":\"https:\/\/president-ksgov.net\/sr\/predsednica-vjosa-osmani-podsetila-je-na-25-godisnjicu-masakra-u-duzu-kod-podujeva\/#primaryimage\"},\"image\":{\"@id\":\"https:\/\/president-ksgov.net\/sr\/predsednica-vjosa-osmani-podsetila-je-na-25-godisnjicu-masakra-u-duzu-kod-podujeva\/#primaryimage\"},\"thumbnailUrl\":\"https:\/\/president-ksgov.net\/wp-content\/uploads\/1000007229.jpg\",\"datePublished\":\"2024-04-18T16:38:41+00:00\",\"dateModified\":\"2024-04-22T08:32:15+00:00\",\"author\":{\"@id\":\"https:\/\/president-ksgov.net\/#\/schema\/person\/1a2c014cffc81ec60d5a452a36d08d92\"},\"description\":\"Predsednica Vjosa Osmani podsetila je na 25. godi\u0161njicu masakra u Duzu kod Podujeva - Predsednik Republike Kosovo - DR. VJOSA OSMANI - SADRIU -\",\"breadcrumb\":{\"@id\":\"https:\/\/president-ksgov.net\/sr\/predsednica-vjosa-osmani-podsetila-je-na-25-godisnjicu-masakra-u-duzu-kod-podujeva\/#breadcrumb\"},\"inLanguage\":\"sr-RS\",\"potentialAction\":[{\"@type\":\"ReadAction\",\"target\":[\"https:\/\/president-ksgov.net\/sr\/predsednica-vjosa-osmani-podsetila-je-na-25-godisnjicu-masakra-u-duzu-kod-podujeva\/\"]}]},{\"@type\":\"ImageObject\",\"inLanguage\":\"sr-RS\",\"@id\":\"https:\/\/president-ksgov.net\/sr\/predsednica-vjosa-osmani-podsetila-je-na-25-godisnjicu-masakra-u-duzu-kod-podujeva\/#primaryimage\",\"url\":\"https:\/\/president-ksgov.net\/wp-content\/uploads\/1000007229.jpg\",\"contentUrl\":\"https:\/\/president-ksgov.net\/wp-content\/uploads\/1000007229.jpg\",\"width\":2000,\"height\":1000},{\"@type\":\"BreadcrumbList\",\"@id\":\"https:\/\/president-ksgov.net\/sr\/predsednica-vjosa-osmani-podsetila-je-na-25-godisnjicu-masakra-u-duzu-kod-podujeva\/#breadcrumb\",\"itemListElement\":[{\"@type\":\"ListItem\",\"position\":1,\"name\":\"Home\",\"item\":\"https:\/\/president-ksgov.net\/sr\/\"},{\"@type\":\"ListItem\",\"position\":2,\"name\":\"Predsednica Vjosa Osmani podsetila je na 25. godi\u0161njicu masakra u Duzu kod Podujeva\"}]},{\"@type\":\"WebSite\",\"@id\":\"https:\/\/president-ksgov.net\/#website\",\"url\":\"https:\/\/president-ksgov.net\/\",\"name\":\"Presidente e Republik\u00ebs s\u00eb Kosov\u00ebs\",\"description\":\"Presidente e Republik\u00ebs s\u00eb Kosov\u00ebs\",\"alternateName\":\"DR. VJOSA OSMANI - SADRIU\",\"potentialAction\":[{\"@type\":\"SearchAction\",\"target\":{\"@type\":\"EntryPoint\",\"urlTemplate\":\"https:\/\/president-ksgov.net\/?s={search_term_string}\"},\"query-input\":{\"@type\":\"PropertyValueSpecification\",\"valueRequired\":true,\"valueName\":\"search_term_string\"}}],\"inLanguage\":\"sr-RS\"},{\"@type\":\"Person\",\"@id\":\"https:\/\/president-ksgov.net\/#\/schema\/person\/1a2c014cffc81ec60d5a452a36d08d92\",\"name\":\"presidentlogin\",\"image\":{\"@type\":\"ImageObject\",\"inLanguage\":\"sr-RS\",\"@id\":\"https:\/\/president-ksgov.net\/#\/schema\/person\/image\/\",\"url\":\"https:\/\/secure.gravatar.com\/avatar\/339f00ab0a8a0d5ce1ecff10aa2b4a1f51f58bbd5a57793f8cd6ad624080d807?s=96&d=mm&r=g\",\"contentUrl\":\"https:\/\/secure.gravatar.com\/avatar\/339f00ab0a8a0d5ce1ecff10aa2b4a1f51f58bbd5a57793f8cd6ad624080d807?s=96&d=mm&r=g\",\"caption\":\"presidentlogin\"}}]}<\/script>\n<!-- \/ Yoast SEO plugin. -->","yoast_head_json":{"title":"Predsednica Vjosa Osmani podsetila je na 25. godi\u0161njicu masakra u Duzu kod Podujeva - Predsednik Republike Kosovo - DR. VJOSA OSMANI - SADRIU","description":"Predsednica Vjosa Osmani podsetila je na 25. godi\u0161njicu masakra u Duzu kod Podujeva - Predsednik Republike Kosovo - DR. VJOSA OSMANI - SADRIU -","robots":{"index":"index","follow":"follow","max-snippet":"max-snippet:-1","max-image-preview":"max-image-preview:large","max-video-preview":"max-video-preview:-1"},"canonical":"https:\/\/president-ksgov.net\/sr\/predsednica-vjosa-osmani-podsetila-je-na-25-godisnjicu-masakra-u-duzu-kod-podujeva\/","og_locale":"sr_RS","og_type":"article","og_title":"Predsednica Vjosa Osmani podsetila je na 25. godi\u0161njicu masakra u Duzu kod Podujeva - Predsednik Republike Kosovo - DR. VJOSA OSMANI - SADRIU","og_description":"Predsednica Vjosa Osmani podsetila je na 25. godi\u0161njicu masakra u Duzu kod Podujeva - Predsednik Republike Kosovo - DR. VJOSA OSMANI - SADRIU -","og_url":"https:\/\/president-ksgov.net\/sr\/predsednica-vjosa-osmani-podsetila-je-na-25-godisnjicu-masakra-u-duzu-kod-podujeva\/","og_site_name":"Predsednik Republike Kosovo - DR. VJOSA OSMANI - SADRIU","article_published_time":"2024-04-18T16:38:41+00:00","article_modified_time":"2024-04-22T08:32:15+00:00","og_image":[{"width":2000,"height":1000,"url":"https:\/\/president-ksgov.net\/wp-content\/uploads\/1000007229.jpg","type":"image\/jpeg"}],"author":"presidentlogin","twitter_card":"summary_large_image","twitter_misc":{"\u041d\u0430\u043f\u0438\u0441\u0430\u043d\u043e \u043e\u0434":"presidentlogin","\u041f\u0440\u043e\u0446\u0435\u045a\u0435\u043d\u043e \u0432\u0440\u0435\u043c\u0435 \u0447\u0438\u0442\u0430\u045a\u0430":"1 \u043c\u0438\u043d\u0443\u0442"},"schema":{"@context":"https:\/\/schema.org","@graph":[{"@type":"WebPage","@id":"https:\/\/president-ksgov.net\/sr\/predsednica-vjosa-osmani-podsetila-je-na-25-godisnjicu-masakra-u-duzu-kod-podujeva\/","url":"https:\/\/president-ksgov.net\/sr\/predsednica-vjosa-osmani-podsetila-je-na-25-godisnjicu-masakra-u-duzu-kod-podujeva\/","name":"Predsednica Vjosa Osmani podsetila je na 25. godi\u0161njicu masakra u Duzu kod Podujeva - Predsednik Republike Kosovo - DR. VJOSA OSMANI - SADRIU","isPartOf":{"@id":"https:\/\/president-ksgov.net\/#website"},"primaryImageOfPage":{"@id":"https:\/\/president-ksgov.net\/sr\/predsednica-vjosa-osmani-podsetila-je-na-25-godisnjicu-masakra-u-duzu-kod-podujeva\/#primaryimage"},"image":{"@id":"https:\/\/president-ksgov.net\/sr\/predsednica-vjosa-osmani-podsetila-je-na-25-godisnjicu-masakra-u-duzu-kod-podujeva\/#primaryimage"},"thumbnailUrl":"https:\/\/president-ksgov.net\/wp-content\/uploads\/1000007229.jpg","datePublished":"2024-04-18T16:38:41+00:00","dateModified":"2024-04-22T08:32:15+00:00","author":{"@id":"https:\/\/president-ksgov.net\/#\/schema\/person\/1a2c014cffc81ec60d5a452a36d08d92"},"description":"Predsednica Vjosa Osmani podsetila je na 25. godi\u0161njicu masakra u Duzu kod Podujeva - Predsednik Republike Kosovo - DR. VJOSA OSMANI - SADRIU -","breadcrumb":{"@id":"https:\/\/president-ksgov.net\/sr\/predsednica-vjosa-osmani-podsetila-je-na-25-godisnjicu-masakra-u-duzu-kod-podujeva\/#breadcrumb"},"inLanguage":"sr-RS","potentialAction":[{"@type":"ReadAction","target":["https:\/\/president-ksgov.net\/sr\/predsednica-vjosa-osmani-podsetila-je-na-25-godisnjicu-masakra-u-duzu-kod-podujeva\/"]}]},{"@type":"ImageObject","inLanguage":"sr-RS","@id":"https:\/\/president-ksgov.net\/sr\/predsednica-vjosa-osmani-podsetila-je-na-25-godisnjicu-masakra-u-duzu-kod-podujeva\/#primaryimage","url":"https:\/\/president-ksgov.net\/wp-content\/uploads\/1000007229.jpg","contentUrl":"https:\/\/president-ksgov.net\/wp-content\/uploads\/1000007229.jpg","width":2000,"height":1000},{"@type":"BreadcrumbList","@id":"https:\/\/president-ksgov.net\/sr\/predsednica-vjosa-osmani-podsetila-je-na-25-godisnjicu-masakra-u-duzu-kod-podujeva\/#breadcrumb","itemListElement":[{"@type":"ListItem","position":1,"name":"Home","item":"https:\/\/president-ksgov.net\/sr\/"},{"@type":"ListItem","position":2,"name":"Predsednica Vjosa Osmani podsetila je na 25. godi\u0161njicu masakra u Duzu kod Podujeva"}]},{"@type":"WebSite","@id":"https:\/\/president-ksgov.net\/#website","url":"https:\/\/president-ksgov.net\/","name":"Presidente e Republik\u00ebs s\u00eb Kosov\u00ebs","description":"Presidente e Republik\u00ebs s\u00eb Kosov\u00ebs","alternateName":"DR. VJOSA OSMANI - SADRIU","potentialAction":[{"@type":"SearchAction","target":{"@type":"EntryPoint","urlTemplate":"https:\/\/president-ksgov.net\/?s={search_term_string}"},"query-input":{"@type":"PropertyValueSpecification","valueRequired":true,"valueName":"search_term_string"}}],"inLanguage":"sr-RS"},{"@type":"Person","@id":"https:\/\/president-ksgov.net\/#\/schema\/person\/1a2c014cffc81ec60d5a452a36d08d92","name":"presidentlogin","image":{"@type":"ImageObject","inLanguage":"sr-RS","@id":"https:\/\/president-ksgov.net\/#\/schema\/person\/image\/","url":"https:\/\/secure.gravatar.com\/avatar\/339f00ab0a8a0d5ce1ecff10aa2b4a1f51f58bbd5a57793f8cd6ad624080d807?s=96&d=mm&r=g","contentUrl":"https:\/\/secure.gravatar.com\/avatar\/339f00ab0a8a0d5ce1ecff10aa2b4a1f51f58bbd5a57793f8cd6ad624080d807?s=96&d=mm&r=g","caption":"presidentlogin"}}]}},"_links":{"self":[{"href":"https:\/\/president-ksgov.net\/sr\/wp-json\/wp\/v2\/posts\/103714","targetHints":{"allow":["GET"]}}],"collection":[{"href":"https:\/\/president-ksgov.net\/sr\/wp-json\/wp\/v2\/posts"}],"about":[{"href":"https:\/\/president-ksgov.net\/sr\/wp-json\/wp\/v2\/types\/post"}],"author":[{"embeddable":true,"href":"https:\/\/president-ksgov.net\/sr\/wp-json\/wp\/v2\/users\/11"}],"replies":[{"embeddable":true,"href":"https:\/\/president-ksgov.net\/sr\/wp-json\/wp\/v2\/comments?post=103714"}],"version-history":[{"count":1,"href":"https:\/\/president-ksgov.net\/sr\/wp-json\/wp\/v2\/posts\/103714\/revisions"}],"predecessor-version":[{"id":103715,"href":"https:\/\/president-ksgov.net\/sr\/wp-json\/wp\/v2\/posts\/103714\/revisions\/103715"}],"wp:featuredmedia":[{"embeddable":true,"href":"https:\/\/president-ksgov.net\/sr\/wp-json\/wp\/v2\/media\/103549"}],"wp:attachment":[{"href":"https:\/\/president-ksgov.net\/sr\/wp-json\/wp\/v2\/media?parent=103714"}],"wp:term":[{"taxonomy":"category","embeddable":true,"href":"https:\/\/president-ksgov.net\/sr\/wp-json\/wp\/v2\/categories?post=103714"},{"taxonomy":"post_tag","embeddable":true,"href":"https:\/\/president-ksgov.net\/sr\/wp-json\/wp\/v2\/tags?post=103714"}],"curies":[{"name":"wp","href":"https:\/\/api.w.org\/{rel}","templated":true}]}}