{"id":103666,"date":"2024-04-21T19:43:08","date_gmt":"2024-04-21T17:43:08","guid":{"rendered":"https:\/\/president-ksgov.net\/?p=103666"},"modified":"2024-04-21T20:18:56","modified_gmt":"2024-04-21T18:18:56","slug":"izjava-predsednice-osmani-nakon-zavrsetka-procesa-glasanja-u-cetiri-severne-opstine-kosova","status":"publish","type":"post","link":"https:\/\/president-ksgov.net\/sr\/izjava-predsednice-osmani-nakon-zavrsetka-procesa-glasanja-u-cetiri-severne-opstine-kosova\/","title":{"rendered":"Izjava predsednice Osmani nakon zavr\u0161etka procesa glasanja u \u010detiri severne op\u0161tine Kosova"},"content":{"rendered":"<p>Kosovo je gra\u0111anima severnih op\u0161tina dalo mogu\u0107nost da smene dosada\u0161nje gradona\u010delnike i izaberu nove gradona\u010delnike.<\/p>\n<p>Gra\u0111ani uglavnom nisu iskoristili ovu priliku. Na\u017ealost, to se uglavnom dogodilo usled pritisaka iz Beograda, koji je vr\u0161ila Srpska lista i nelegalnih kriminalnih struktura. Srbija se jo\u0161 jednom nezakonito ume\u0161ala u izborni proces druge zemlje. Vu\u010di\u0107 je jo\u0161 jednom prekr\u0161io re\u010d koju je dao me\u0111unarodnim partnerima.<\/p>\n<p>A Kosovo je jo\u0161 jednom dokazalo odmerenost, organizovanost i puno po\u0161tovanje zakona i Ustava, nude\u0107i svim zajednicama, bez razlike, mogu\u0107nost da same izaberu koga \u017eele da predstavljaju.<\/p>\n<p>Zahvaljujem Centralnoj izbornoj komisiji, na\u0161im bezbednosnim institucijama i na\u0161im partnerima na radu, posve\u0107enosti i saradnji.<\/p>\n<p>Organizovanjem dana\u0161njeg procesa, Kosovo je ispunilo sve uslove koje zahteva EU. Nepravedne mere protiv Kosova moraju odmah biti ukinute.<\/p>\n","protected":false},"excerpt":{"rendered":"<p>Kosovo je gra\u0111anima severnih op\u0161tina dalo mogu\u0107nost da smene dosada\u0161nje gradona\u010delnike i izaberu nove gradona\u010delnike. Gra\u0111ani uglavnom nisu iskoristili ovu priliku. Na\u017ealost, to se uglavnom dogodilo usled pritisaka iz Beograda, koji je vr\u0161ila Srpska lista i nelegalnih kriminalnih struktura. Srbija se jo\u0161 jednom nezakonito ume\u0161ala u izborni proces druge zemlje. Vu\u010di\u0107 je jo\u0161 jednom prekr\u0161io re\u010d koju je dao me\u0111unarodnim partnerima. A Kosovo je jo\u0161 jednom dokazalo odmerenost, organizovanost i puno po\u0161tovanje zakona i Ustava, nude\u0107i svim zajednicama, bez razlike, mogu\u0107nost da same izaberu koga \u017eele da predstavljaju. Zahvaljujem Centralnoj izbornoj komisiji, na\u0161im bezbednosnim institucijama i na\u0161im partnerima na radu, posve\u0107enosti i saradnji. Organizovanjem dana\u0161njeg procesa, Kosovo je ispunilo sve uslove koje zahteva EU. Nepravedne mere protiv Kosova moraju odmah biti ukinute.<\/p>\n","protected":false},"author":9,"featured_media":103663,"comment_status":"open","ping_status":"closed","sticky":false,"template":"","format":"standard","meta":{"_eb_attr":"","footnotes":""},"categories":[101],"tags":[],"class_list":["post-103666","post","type-post","status-publish","format-standard","has-post-thumbnail","hentry","category-vesti"],"yoast_head":"<!-- This site is optimized with the Yoast SEO plugin v23.5 - https:\/\/yoast.com\/wordpress\/plugins\/seo\/ -->\n<title>Izjava predsednice Osmani nakon zavr\u0161etka procesa glasanja u \u010detiri severne op\u0161tine Kosova - Predsednik Republike Kosovo - DR. VJOSA OSMANI - SADRIU<\/title>\n<meta name=\"description\" content=\"Izjava predsednice Osmani nakon zavr\u0161etka procesa glasanja u \u010detiri severne op\u0161tine Kosova - Predsednik Republike Kosovo - DR. VJOSA OSMANI - SADRIU -\" \/>\n<meta name=\"robots\" content=\"index, follow, max-snippet:-1, max-image-preview:large, max-video-preview:-1\" \/>\n<link rel=\"canonical\" href=\"https:\/\/president-ksgov.net\/sr\/izjava-predsednice-osmani-nakon-zavrsetka-procesa-glasanja-u-cetiri-severne-opstine-kosova\/\" \/>\n<meta property=\"og:locale\" content=\"sr_RS\" \/>\n<meta property=\"og:type\" content=\"article\" \/>\n<meta property=\"og:title\" content=\"Izjava predsednice Osmani nakon zavr\u0161etka procesa glasanja u \u010detiri severne op\u0161tine Kosova - Predsednik Republike Kosovo - DR. VJOSA OSMANI - SADRIU\" \/>\n<meta property=\"og:description\" content=\"Izjava predsednice Osmani nakon zavr\u0161etka procesa glasanja u \u010detiri severne op\u0161tine Kosova - Predsednik Republike Kosovo - DR. VJOSA OSMANI - SADRIU -\" \/>\n<meta property=\"og:url\" content=\"https:\/\/president-ksgov.net\/sr\/izjava-predsednice-osmani-nakon-zavrsetka-procesa-glasanja-u-cetiri-severne-opstine-kosova\/\" \/>\n<meta property=\"og:site_name\" content=\"Predsednik Republike Kosovo - DR. VJOSA OSMANI - SADRIU\" \/>\n<meta property=\"article:published_time\" content=\"2024-04-21T17:43:08+00:00\" \/>\n<meta property=\"article:modified_time\" content=\"2024-04-21T18:18:56+00:00\" \/>\n<meta property=\"og:image\" content=\"https:\/\/president-ksgov.net\/wp-content\/uploads\/PFD2022-6-002.jpg\" \/>\n\t<meta property=\"og:image:width\" content=\"1886\" \/>\n\t<meta property=\"og:image:height\" content=\"1259\" \/>\n\t<meta property=\"og:image:type\" content=\"image\/jpeg\" \/>\n<meta name=\"author\" content=\"Florent Rrahmani\" \/>\n<meta name=\"twitter:card\" content=\"summary_large_image\" \/>\n<meta name=\"twitter:label1\" content=\"\u041d\u0430\u043f\u0438\u0441\u0430\u043d\u043e \u043e\u0434\" \/>\n\t<meta name=\"twitter:data1\" content=\"Florent Rrahmani\" \/>\n\t<meta name=\"twitter:label2\" content=\"\u041f\u0440\u043e\u0446\u0435\u045a\u0435\u043d\u043e \u0432\u0440\u0435\u043c\u0435 \u0447\u0438\u0442\u0430\u045a\u0430\" \/>\n\t<meta name=\"twitter:data2\" content=\"1 \u043c\u0438\u043d\u0443\u0442\" \/>\n<script type=\"application\/ld+json\" class=\"yoast-schema-graph\">{\"@context\":\"https:\/\/schema.org\",\"@graph\":[{\"@type\":\"WebPage\",\"@id\":\"https:\/\/president-ksgov.net\/sr\/izjava-predsednice-osmani-nakon-zavrsetka-procesa-glasanja-u-cetiri-severne-opstine-kosova\/\",\"url\":\"https:\/\/president-ksgov.net\/sr\/izjava-predsednice-osmani-nakon-zavrsetka-procesa-glasanja-u-cetiri-severne-opstine-kosova\/\",\"name\":\"Izjava predsednice Osmani nakon zavr\u0161etka procesa glasanja u \u010detiri severne op\u0161tine Kosova - Predsednik Republike Kosovo - DR. VJOSA OSMANI - SADRIU\",\"isPartOf\":{\"@id\":\"https:\/\/president-ksgov.net\/#website\"},\"primaryImageOfPage\":{\"@id\":\"https:\/\/president-ksgov.net\/sr\/izjava-predsednice-osmani-nakon-zavrsetka-procesa-glasanja-u-cetiri-severne-opstine-kosova\/#primaryimage\"},\"image\":{\"@id\":\"https:\/\/president-ksgov.net\/sr\/izjava-predsednice-osmani-nakon-zavrsetka-procesa-glasanja-u-cetiri-severne-opstine-kosova\/#primaryimage\"},\"thumbnailUrl\":\"https:\/\/president-ksgov.net\/wp-content\/uploads\/PFD2022-6-002.jpg\",\"datePublished\":\"2024-04-21T17:43:08+00:00\",\"dateModified\":\"2024-04-21T18:18:56+00:00\",\"author\":{\"@id\":\"https:\/\/president-ksgov.net\/#\/schema\/person\/7c46f744a99d3f1616b92658282aa934\"},\"description\":\"Izjava predsednice Osmani nakon zavr\u0161etka procesa glasanja u \u010detiri severne op\u0161tine Kosova - Predsednik Republike Kosovo - DR. VJOSA OSMANI - SADRIU -\",\"breadcrumb\":{\"@id\":\"https:\/\/president-ksgov.net\/sr\/izjava-predsednice-osmani-nakon-zavrsetka-procesa-glasanja-u-cetiri-severne-opstine-kosova\/#breadcrumb\"},\"inLanguage\":\"sr-RS\",\"potentialAction\":[{\"@type\":\"ReadAction\",\"target\":[\"https:\/\/president-ksgov.net\/sr\/izjava-predsednice-osmani-nakon-zavrsetka-procesa-glasanja-u-cetiri-severne-opstine-kosova\/\"]}]},{\"@type\":\"ImageObject\",\"inLanguage\":\"sr-RS\",\"@id\":\"https:\/\/president-ksgov.net\/sr\/izjava-predsednice-osmani-nakon-zavrsetka-procesa-glasanja-u-cetiri-severne-opstine-kosova\/#primaryimage\",\"url\":\"https:\/\/president-ksgov.net\/wp-content\/uploads\/PFD2022-6-002.jpg\",\"contentUrl\":\"https:\/\/president-ksgov.net\/wp-content\/uploads\/PFD2022-6-002.jpg\",\"width\":1886,\"height\":1259},{\"@type\":\"BreadcrumbList\",\"@id\":\"https:\/\/president-ksgov.net\/sr\/izjava-predsednice-osmani-nakon-zavrsetka-procesa-glasanja-u-cetiri-severne-opstine-kosova\/#breadcrumb\",\"itemListElement\":[{\"@type\":\"ListItem\",\"position\":1,\"name\":\"Home\",\"item\":\"https:\/\/president-ksgov.net\/sr\/\"},{\"@type\":\"ListItem\",\"position\":2,\"name\":\"Izjava predsednice Osmani nakon zavr\u0161etka procesa glasanja u \u010detiri severne op\u0161tine Kosova\"}]},{\"@type\":\"WebSite\",\"@id\":\"https:\/\/president-ksgov.net\/#website\",\"url\":\"https:\/\/president-ksgov.net\/\",\"name\":\"Presidente e Republik\u00ebs s\u00eb Kosov\u00ebs\",\"description\":\"Presidente e Republik\u00ebs s\u00eb Kosov\u00ebs\",\"alternateName\":\"DR. VJOSA OSMANI - SADRIU\",\"potentialAction\":[{\"@type\":\"SearchAction\",\"target\":{\"@type\":\"EntryPoint\",\"urlTemplate\":\"https:\/\/president-ksgov.net\/?s={search_term_string}\"},\"query-input\":{\"@type\":\"PropertyValueSpecification\",\"valueRequired\":true,\"valueName\":\"search_term_string\"}}],\"inLanguage\":\"sr-RS\"},{\"@type\":\"Person\",\"@id\":\"https:\/\/president-ksgov.net\/#\/schema\/person\/7c46f744a99d3f1616b92658282aa934\",\"name\":\"Florent Rrahmani\",\"image\":{\"@type\":\"ImageObject\",\"inLanguage\":\"sr-RS\",\"@id\":\"https:\/\/president-ksgov.net\/#\/schema\/person\/image\/\",\"url\":\"https:\/\/secure.gravatar.com\/avatar\/2545924aa250de68ac8368367a79b663e59571cd131611f54c89b0613a94e230?s=96&d=mm&r=g\",\"contentUrl\":\"https:\/\/secure.gravatar.com\/avatar\/2545924aa250de68ac8368367a79b663e59571cd131611f54c89b0613a94e230?s=96&d=mm&r=g\",\"caption\":\"Florent Rrahmani\"}}]}<\/script>\n<!-- \/ Yoast SEO plugin. -->","yoast_head_json":{"title":"Izjava predsednice Osmani nakon zavr\u0161etka procesa glasanja u \u010detiri severne op\u0161tine Kosova - Predsednik Republike Kosovo - DR. VJOSA OSMANI - SADRIU","description":"Izjava predsednice Osmani nakon zavr\u0161etka procesa glasanja u \u010detiri severne op\u0161tine Kosova - Predsednik Republike Kosovo - DR. VJOSA OSMANI - SADRIU -","robots":{"index":"index","follow":"follow","max-snippet":"max-snippet:-1","max-image-preview":"max-image-preview:large","max-video-preview":"max-video-preview:-1"},"canonical":"https:\/\/president-ksgov.net\/sr\/izjava-predsednice-osmani-nakon-zavrsetka-procesa-glasanja-u-cetiri-severne-opstine-kosova\/","og_locale":"sr_RS","og_type":"article","og_title":"Izjava predsednice Osmani nakon zavr\u0161etka procesa glasanja u \u010detiri severne op\u0161tine Kosova - Predsednik Republike Kosovo - DR. VJOSA OSMANI - SADRIU","og_description":"Izjava predsednice Osmani nakon zavr\u0161etka procesa glasanja u \u010detiri severne op\u0161tine Kosova - Predsednik Republike Kosovo - DR. VJOSA OSMANI - SADRIU -","og_url":"https:\/\/president-ksgov.net\/sr\/izjava-predsednice-osmani-nakon-zavrsetka-procesa-glasanja-u-cetiri-severne-opstine-kosova\/","og_site_name":"Predsednik Republike Kosovo - DR. VJOSA OSMANI - SADRIU","article_published_time":"2024-04-21T17:43:08+00:00","article_modified_time":"2024-04-21T18:18:56+00:00","og_image":[{"width":1886,"height":1259,"url":"https:\/\/president-ksgov.net\/wp-content\/uploads\/PFD2022-6-002.jpg","type":"image\/jpeg"}],"author":"Florent Rrahmani","twitter_card":"summary_large_image","twitter_misc":{"\u041d\u0430\u043f\u0438\u0441\u0430\u043d\u043e \u043e\u0434":"Florent Rrahmani","\u041f\u0440\u043e\u0446\u0435\u045a\u0435\u043d\u043e \u0432\u0440\u0435\u043c\u0435 \u0447\u0438\u0442\u0430\u045a\u0430":"1 \u043c\u0438\u043d\u0443\u0442"},"schema":{"@context":"https:\/\/schema.org","@graph":[{"@type":"WebPage","@id":"https:\/\/president-ksgov.net\/sr\/izjava-predsednice-osmani-nakon-zavrsetka-procesa-glasanja-u-cetiri-severne-opstine-kosova\/","url":"https:\/\/president-ksgov.net\/sr\/izjava-predsednice-osmani-nakon-zavrsetka-procesa-glasanja-u-cetiri-severne-opstine-kosova\/","name":"Izjava predsednice Osmani nakon zavr\u0161etka procesa glasanja u \u010detiri severne op\u0161tine Kosova - Predsednik Republike Kosovo - DR. VJOSA OSMANI - SADRIU","isPartOf":{"@id":"https:\/\/president-ksgov.net\/#website"},"primaryImageOfPage":{"@id":"https:\/\/president-ksgov.net\/sr\/izjava-predsednice-osmani-nakon-zavrsetka-procesa-glasanja-u-cetiri-severne-opstine-kosova\/#primaryimage"},"image":{"@id":"https:\/\/president-ksgov.net\/sr\/izjava-predsednice-osmani-nakon-zavrsetka-procesa-glasanja-u-cetiri-severne-opstine-kosova\/#primaryimage"},"thumbnailUrl":"https:\/\/president-ksgov.net\/wp-content\/uploads\/PFD2022-6-002.jpg","datePublished":"2024-04-21T17:43:08+00:00","dateModified":"2024-04-21T18:18:56+00:00","author":{"@id":"https:\/\/president-ksgov.net\/#\/schema\/person\/7c46f744a99d3f1616b92658282aa934"},"description":"Izjava predsednice Osmani nakon zavr\u0161etka procesa glasanja u \u010detiri severne op\u0161tine Kosova - Predsednik Republike Kosovo - DR. VJOSA OSMANI - SADRIU -","breadcrumb":{"@id":"https:\/\/president-ksgov.net\/sr\/izjava-predsednice-osmani-nakon-zavrsetka-procesa-glasanja-u-cetiri-severne-opstine-kosova\/#breadcrumb"},"inLanguage":"sr-RS","potentialAction":[{"@type":"ReadAction","target":["https:\/\/president-ksgov.net\/sr\/izjava-predsednice-osmani-nakon-zavrsetka-procesa-glasanja-u-cetiri-severne-opstine-kosova\/"]}]},{"@type":"ImageObject","inLanguage":"sr-RS","@id":"https:\/\/president-ksgov.net\/sr\/izjava-predsednice-osmani-nakon-zavrsetka-procesa-glasanja-u-cetiri-severne-opstine-kosova\/#primaryimage","url":"https:\/\/president-ksgov.net\/wp-content\/uploads\/PFD2022-6-002.jpg","contentUrl":"https:\/\/president-ksgov.net\/wp-content\/uploads\/PFD2022-6-002.jpg","width":1886,"height":1259},{"@type":"BreadcrumbList","@id":"https:\/\/president-ksgov.net\/sr\/izjava-predsednice-osmani-nakon-zavrsetka-procesa-glasanja-u-cetiri-severne-opstine-kosova\/#breadcrumb","itemListElement":[{"@type":"ListItem","position":1,"name":"Home","item":"https:\/\/president-ksgov.net\/sr\/"},{"@type":"ListItem","position":2,"name":"Izjava predsednice Osmani nakon zavr\u0161etka procesa glasanja u \u010detiri severne op\u0161tine Kosova"}]},{"@type":"WebSite","@id":"https:\/\/president-ksgov.net\/#website","url":"https:\/\/president-ksgov.net\/","name":"Presidente e Republik\u00ebs s\u00eb Kosov\u00ebs","description":"Presidente e Republik\u00ebs s\u00eb Kosov\u00ebs","alternateName":"DR. VJOSA OSMANI - SADRIU","potentialAction":[{"@type":"SearchAction","target":{"@type":"EntryPoint","urlTemplate":"https:\/\/president-ksgov.net\/?s={search_term_string}"},"query-input":{"@type":"PropertyValueSpecification","valueRequired":true,"valueName":"search_term_string"}}],"inLanguage":"sr-RS"},{"@type":"Person","@id":"https:\/\/president-ksgov.net\/#\/schema\/person\/7c46f744a99d3f1616b92658282aa934","name":"Florent Rrahmani","image":{"@type":"ImageObject","inLanguage":"sr-RS","@id":"https:\/\/president-ksgov.net\/#\/schema\/person\/image\/","url":"https:\/\/secure.gravatar.com\/avatar\/2545924aa250de68ac8368367a79b663e59571cd131611f54c89b0613a94e230?s=96&d=mm&r=g","contentUrl":"https:\/\/secure.gravatar.com\/avatar\/2545924aa250de68ac8368367a79b663e59571cd131611f54c89b0613a94e230?s=96&d=mm&r=g","caption":"Florent Rrahmani"}}]}},"_links":{"self":[{"href":"https:\/\/president-ksgov.net\/sr\/wp-json\/wp\/v2\/posts\/103666","targetHints":{"allow":["GET"]}}],"collection":[{"href":"https:\/\/president-ksgov.net\/sr\/wp-json\/wp\/v2\/posts"}],"about":[{"href":"https:\/\/president-ksgov.net\/sr\/wp-json\/wp\/v2\/types\/post"}],"author":[{"embeddable":true,"href":"https:\/\/president-ksgov.net\/sr\/wp-json\/wp\/v2\/users\/9"}],"replies":[{"embeddable":true,"href":"https:\/\/president-ksgov.net\/sr\/wp-json\/wp\/v2\/comments?post=103666"}],"version-history":[{"count":1,"href":"https:\/\/president-ksgov.net\/sr\/wp-json\/wp\/v2\/posts\/103666\/revisions"}],"predecessor-version":[{"id":103667,"href":"https:\/\/president-ksgov.net\/sr\/wp-json\/wp\/v2\/posts\/103666\/revisions\/103667"}],"wp:featuredmedia":[{"embeddable":true,"href":"https:\/\/president-ksgov.net\/sr\/wp-json\/wp\/v2\/media\/103663"}],"wp:attachment":[{"href":"https:\/\/president-ksgov.net\/sr\/wp-json\/wp\/v2\/media?parent=103666"}],"wp:term":[{"taxonomy":"category","embeddable":true,"href":"https:\/\/president-ksgov.net\/sr\/wp-json\/wp\/v2\/categories?post=103666"},{"taxonomy":"post_tag","embeddable":true,"href":"https:\/\/president-ksgov.net\/sr\/wp-json\/wp\/v2\/tags?post=103666"}],"curies":[{"name":"wp","href":"https:\/\/api.w.org\/{rel}","templated":true}]}}