{"id":103640,"date":"2024-04-19T09:30:09","date_gmt":"2024-04-19T07:30:09","guid":{"rendered":"https:\/\/president-ksgov.net\/?p=103640"},"modified":"2024-04-19T10:30:21","modified_gmt":"2024-04-19T08:30:21","slug":"predsednica-vjosa-osmani-podsetila-na-godisnjicu-pada-heroja-salija-cekaja","status":"publish","type":"post","link":"https:\/\/president-ksgov.net\/sr\/predsednica-vjosa-osmani-podsetila-na-godisnjicu-pada-heroja-salija-cekaja\/","title":{"rendered":"Predsednica Vjosa Osmani podsetila na godi\u0161njicu pada heroja Salija \u00c7ekaja"},"content":{"rendered":"<p>Sali \u00c7ekaj, osim \u0161to je bio vojskovo\u0111a, bio je i vizionar i odli\u010dan pravnik, koji je bio re\u0161en da svoj ideal ostvari do kraja, pa je herojski pao u slavnoj bici OVK-a na Ko\u0161arama.<\/p>\n<p>Uru\u0161avanje granice izme\u0111u Albanaca bilo je ispunjenje ideala koji je konkretno zapo\u010deo jo\u0161 od 1991. godine kada je zajedno sa komandantom OVK-a Ademom Jasharijem i saborcem Zahirom Pajazitijem u Albaniji obavljao vojne pripreme.<\/p>\n<p>Senzacionalna politi\u010dka i vojna aktivnost, njegovi izvanredni kvaliteti pravog organizatora i vo\u0111e, kao i njegov herojski pad u slavnoj bici na Ko\u0161arama, \u010dine ga jednom od najistaknutijih li\u010dnosti nove istorije Kosova.<\/p>\n<p>Neka je ve\u010dno se\u0107anje na heroja Salija \u00c7ekaja!<\/p>\n","protected":false},"excerpt":{"rendered":"<p>Sali \u00c7ekaj, osim \u0161to je bio vojskovo\u0111a, bio je i vizionar i odli\u010dan pravnik, koji je bio re\u0161en da svoj ideal ostvari do kraja, pa je herojski pao u slavnoj bici OVK-a na Ko\u0161arama. Uru\u0161avanje granice izme\u0111u Albanaca bilo je ispunjenje ideala koji je konkretno zapo\u010deo jo\u0161 od 1991. godine kada je zajedno sa komandantom OVK-a Ademom Jasharijem i saborcem Zahirom Pajazitijem u Albaniji obavljao vojne pripreme. Senzacionalna politi\u010dka i vojna aktivnost, njegovi izvanredni kvaliteti pravog organizatora i vo\u0111e, kao i njegov herojski pad u slavnoj bici na Ko\u0161arama, \u010dine ga jednom od najistaknutijih li\u010dnosti nove istorije Kosova. Neka je ve\u010dno se\u0107anje na heroja Salija \u00c7ekaja!<\/p>\n","protected":false},"author":11,"featured_media":103637,"comment_status":"open","ping_status":"closed","sticky":false,"template":"","format":"standard","meta":{"_eb_attr":"","footnotes":""},"categories":[101],"tags":[],"class_list":["post-103640","post","type-post","status-publish","format-standard","has-post-thumbnail","hentry","category-vesti"],"yoast_head":"<!-- This site is optimized with the Yoast SEO plugin v23.5 - https:\/\/yoast.com\/wordpress\/plugins\/seo\/ -->\n<title>Predsednica Vjosa Osmani podsetila na godi\u0161njicu pada heroja Salija \u00c7ekaja - Predsednik Republike Kosovo - DR. VJOSA OSMANI - SADRIU<\/title>\n<meta name=\"description\" content=\"Predsednica Vjosa Osmani podsetila na godi\u0161njicu pada heroja Salija \u00c7ekaja - Predsednik Republike Kosovo - DR. VJOSA OSMANI - SADRIU -\" \/>\n<meta name=\"robots\" content=\"index, follow, max-snippet:-1, max-image-preview:large, max-video-preview:-1\" \/>\n<link rel=\"canonical\" href=\"https:\/\/president-ksgov.net\/sr\/?p=103640\" \/>\n<meta property=\"og:locale\" content=\"sr_RS\" \/>\n<meta property=\"og:type\" content=\"article\" \/>\n<meta property=\"og:title\" content=\"Predsednica Vjosa Osmani podsetila na godi\u0161njicu pada heroja Salija \u00c7ekaja - Predsednik Republike Kosovo - DR. VJOSA OSMANI - SADRIU\" \/>\n<meta property=\"og:description\" content=\"Predsednica Vjosa Osmani podsetila na godi\u0161njicu pada heroja Salija \u00c7ekaja - Predsednik Republike Kosovo - DR. VJOSA OSMANI - SADRIU -\" \/>\n<meta property=\"og:url\" content=\"https:\/\/president-ksgov.net\/sr\/?p=103640\" \/>\n<meta property=\"og:site_name\" content=\"Predsednik Republike Kosovo - DR. VJOSA OSMANI - SADRIU\" \/>\n<meta property=\"article:published_time\" content=\"2024-04-19T07:30:09+00:00\" \/>\n<meta property=\"article:modified_time\" content=\"2024-04-19T08:30:21+00:00\" \/>\n<meta property=\"og:image\" content=\"https:\/\/president-ksgov.net\/wp-content\/uploads\/sali-cekaj_1.jpg\" \/>\n\t<meta property=\"og:image:width\" content=\"850\" \/>\n\t<meta property=\"og:image:height\" content=\"567\" \/>\n\t<meta property=\"og:image:type\" content=\"image\/jpeg\" \/>\n<meta name=\"author\" content=\"presidentlogin\" \/>\n<meta name=\"twitter:card\" content=\"summary_large_image\" \/>\n<meta name=\"twitter:label1\" content=\"\u041d\u0430\u043f\u0438\u0441\u0430\u043d\u043e \u043e\u0434\" \/>\n\t<meta name=\"twitter:data1\" content=\"presidentlogin\" \/>\n\t<meta name=\"twitter:label2\" content=\"\u041f\u0440\u043e\u0446\u0435\u045a\u0435\u043d\u043e \u0432\u0440\u0435\u043c\u0435 \u0447\u0438\u0442\u0430\u045a\u0430\" \/>\n\t<meta name=\"twitter:data2\" content=\"1 \u043c\u0438\u043d\u0443\u0442\" \/>\n<script type=\"application\/ld+json\" class=\"yoast-schema-graph\">{\"@context\":\"https:\/\/schema.org\",\"@graph\":[{\"@type\":\"WebPage\",\"@id\":\"https:\/\/president-ksgov.net\/sr\/?p=103640\",\"url\":\"https:\/\/president-ksgov.net\/sr\/?p=103640\",\"name\":\"Predsednica Vjosa Osmani podsetila na godi\u0161njicu pada heroja Salija \u00c7ekaja - Predsednik Republike Kosovo - DR. VJOSA OSMANI - SADRIU\",\"isPartOf\":{\"@id\":\"https:\/\/president-ksgov.net\/#website\"},\"primaryImageOfPage\":{\"@id\":\"https:\/\/president-ksgov.net\/sr\/?p=103640#primaryimage\"},\"image\":{\"@id\":\"https:\/\/president-ksgov.net\/sr\/?p=103640#primaryimage\"},\"thumbnailUrl\":\"https:\/\/president-ksgov.net\/wp-content\/uploads\/sali-cekaj_1.jpg\",\"datePublished\":\"2024-04-19T07:30:09+00:00\",\"dateModified\":\"2024-04-19T08:30:21+00:00\",\"author\":{\"@id\":\"https:\/\/president-ksgov.net\/#\/schema\/person\/1a2c014cffc81ec60d5a452a36d08d92\"},\"description\":\"Predsednica Vjosa Osmani podsetila na godi\u0161njicu pada heroja Salija \u00c7ekaja - Predsednik Republike Kosovo - DR. VJOSA OSMANI - SADRIU -\",\"breadcrumb\":{\"@id\":\"https:\/\/president-ksgov.net\/sr\/?p=103640#breadcrumb\"},\"inLanguage\":\"sr-RS\",\"potentialAction\":[{\"@type\":\"ReadAction\",\"target\":[\"https:\/\/president-ksgov.net\/sr\/?p=103640\"]}]},{\"@type\":\"ImageObject\",\"inLanguage\":\"sr-RS\",\"@id\":\"https:\/\/president-ksgov.net\/sr\/?p=103640#primaryimage\",\"url\":\"https:\/\/president-ksgov.net\/wp-content\/uploads\/sali-cekaj_1.jpg\",\"contentUrl\":\"https:\/\/president-ksgov.net\/wp-content\/uploads\/sali-cekaj_1.jpg\",\"width\":850,\"height\":567},{\"@type\":\"BreadcrumbList\",\"@id\":\"https:\/\/president-ksgov.net\/sr\/?p=103640#breadcrumb\",\"itemListElement\":[{\"@type\":\"ListItem\",\"position\":1,\"name\":\"Home\",\"item\":\"https:\/\/president-ksgov.net\/sr\/\"},{\"@type\":\"ListItem\",\"position\":2,\"name\":\"Predsednica Vjosa Osmani podsetila na godi\u0161njicu pada heroja Salija \u00c7ekaja\"}]},{\"@type\":\"WebSite\",\"@id\":\"https:\/\/president-ksgov.net\/#website\",\"url\":\"https:\/\/president-ksgov.net\/\",\"name\":\"Presidente e Republik\u00ebs s\u00eb Kosov\u00ebs\",\"description\":\"Presidente e Republik\u00ebs s\u00eb Kosov\u00ebs\",\"alternateName\":\"DR. VJOSA OSMANI - SADRIU\",\"potentialAction\":[{\"@type\":\"SearchAction\",\"target\":{\"@type\":\"EntryPoint\",\"urlTemplate\":\"https:\/\/president-ksgov.net\/?s={search_term_string}\"},\"query-input\":{\"@type\":\"PropertyValueSpecification\",\"valueRequired\":true,\"valueName\":\"search_term_string\"}}],\"inLanguage\":\"sr-RS\"},{\"@type\":\"Person\",\"@id\":\"https:\/\/president-ksgov.net\/#\/schema\/person\/1a2c014cffc81ec60d5a452a36d08d92\",\"name\":\"presidentlogin\",\"image\":{\"@type\":\"ImageObject\",\"inLanguage\":\"sr-RS\",\"@id\":\"https:\/\/president-ksgov.net\/#\/schema\/person\/image\/\",\"url\":\"https:\/\/secure.gravatar.com\/avatar\/339f00ab0a8a0d5ce1ecff10aa2b4a1f51f58bbd5a57793f8cd6ad624080d807?s=96&d=mm&r=g\",\"contentUrl\":\"https:\/\/secure.gravatar.com\/avatar\/339f00ab0a8a0d5ce1ecff10aa2b4a1f51f58bbd5a57793f8cd6ad624080d807?s=96&d=mm&r=g\",\"caption\":\"presidentlogin\"}}]}<\/script>\n<!-- \/ Yoast SEO plugin. -->","yoast_head_json":{"title":"Predsednica Vjosa Osmani podsetila na godi\u0161njicu pada heroja Salija \u00c7ekaja - Predsednik Republike Kosovo - DR. VJOSA OSMANI - SADRIU","description":"Predsednica Vjosa Osmani podsetila na godi\u0161njicu pada heroja Salija \u00c7ekaja - Predsednik Republike Kosovo - DR. VJOSA OSMANI - SADRIU -","robots":{"index":"index","follow":"follow","max-snippet":"max-snippet:-1","max-image-preview":"max-image-preview:large","max-video-preview":"max-video-preview:-1"},"canonical":"https:\/\/president-ksgov.net\/sr\/?p=103640","og_locale":"sr_RS","og_type":"article","og_title":"Predsednica Vjosa Osmani podsetila na godi\u0161njicu pada heroja Salija \u00c7ekaja - Predsednik Republike Kosovo - DR. VJOSA OSMANI - SADRIU","og_description":"Predsednica Vjosa Osmani podsetila na godi\u0161njicu pada heroja Salija \u00c7ekaja - Predsednik Republike Kosovo - DR. VJOSA OSMANI - SADRIU -","og_url":"https:\/\/president-ksgov.net\/sr\/?p=103640","og_site_name":"Predsednik Republike Kosovo - DR. VJOSA OSMANI - SADRIU","article_published_time":"2024-04-19T07:30:09+00:00","article_modified_time":"2024-04-19T08:30:21+00:00","og_image":[{"width":850,"height":567,"url":"https:\/\/president-ksgov.net\/wp-content\/uploads\/sali-cekaj_1.jpg","type":"image\/jpeg"}],"author":"presidentlogin","twitter_card":"summary_large_image","twitter_misc":{"\u041d\u0430\u043f\u0438\u0441\u0430\u043d\u043e \u043e\u0434":"presidentlogin","\u041f\u0440\u043e\u0446\u0435\u045a\u0435\u043d\u043e \u0432\u0440\u0435\u043c\u0435 \u0447\u0438\u0442\u0430\u045a\u0430":"1 \u043c\u0438\u043d\u0443\u0442"},"schema":{"@context":"https:\/\/schema.org","@graph":[{"@type":"WebPage","@id":"https:\/\/president-ksgov.net\/sr\/?p=103640","url":"https:\/\/president-ksgov.net\/sr\/?p=103640","name":"Predsednica Vjosa Osmani podsetila na godi\u0161njicu pada heroja Salija \u00c7ekaja - Predsednik Republike Kosovo - DR. VJOSA OSMANI - SADRIU","isPartOf":{"@id":"https:\/\/president-ksgov.net\/#website"},"primaryImageOfPage":{"@id":"https:\/\/president-ksgov.net\/sr\/?p=103640#primaryimage"},"image":{"@id":"https:\/\/president-ksgov.net\/sr\/?p=103640#primaryimage"},"thumbnailUrl":"https:\/\/president-ksgov.net\/wp-content\/uploads\/sali-cekaj_1.jpg","datePublished":"2024-04-19T07:30:09+00:00","dateModified":"2024-04-19T08:30:21+00:00","author":{"@id":"https:\/\/president-ksgov.net\/#\/schema\/person\/1a2c014cffc81ec60d5a452a36d08d92"},"description":"Predsednica Vjosa Osmani podsetila na godi\u0161njicu pada heroja Salija \u00c7ekaja - Predsednik Republike Kosovo - DR. VJOSA OSMANI - SADRIU -","breadcrumb":{"@id":"https:\/\/president-ksgov.net\/sr\/?p=103640#breadcrumb"},"inLanguage":"sr-RS","potentialAction":[{"@type":"ReadAction","target":["https:\/\/president-ksgov.net\/sr\/?p=103640"]}]},{"@type":"ImageObject","inLanguage":"sr-RS","@id":"https:\/\/president-ksgov.net\/sr\/?p=103640#primaryimage","url":"https:\/\/president-ksgov.net\/wp-content\/uploads\/sali-cekaj_1.jpg","contentUrl":"https:\/\/president-ksgov.net\/wp-content\/uploads\/sali-cekaj_1.jpg","width":850,"height":567},{"@type":"BreadcrumbList","@id":"https:\/\/president-ksgov.net\/sr\/?p=103640#breadcrumb","itemListElement":[{"@type":"ListItem","position":1,"name":"Home","item":"https:\/\/president-ksgov.net\/sr\/"},{"@type":"ListItem","position":2,"name":"Predsednica Vjosa Osmani podsetila na godi\u0161njicu pada heroja Salija \u00c7ekaja"}]},{"@type":"WebSite","@id":"https:\/\/president-ksgov.net\/#website","url":"https:\/\/president-ksgov.net\/","name":"Presidente e Republik\u00ebs s\u00eb Kosov\u00ebs","description":"Presidente e Republik\u00ebs s\u00eb Kosov\u00ebs","alternateName":"DR. VJOSA OSMANI - SADRIU","potentialAction":[{"@type":"SearchAction","target":{"@type":"EntryPoint","urlTemplate":"https:\/\/president-ksgov.net\/?s={search_term_string}"},"query-input":{"@type":"PropertyValueSpecification","valueRequired":true,"valueName":"search_term_string"}}],"inLanguage":"sr-RS"},{"@type":"Person","@id":"https:\/\/president-ksgov.net\/#\/schema\/person\/1a2c014cffc81ec60d5a452a36d08d92","name":"presidentlogin","image":{"@type":"ImageObject","inLanguage":"sr-RS","@id":"https:\/\/president-ksgov.net\/#\/schema\/person\/image\/","url":"https:\/\/secure.gravatar.com\/avatar\/339f00ab0a8a0d5ce1ecff10aa2b4a1f51f58bbd5a57793f8cd6ad624080d807?s=96&d=mm&r=g","contentUrl":"https:\/\/secure.gravatar.com\/avatar\/339f00ab0a8a0d5ce1ecff10aa2b4a1f51f58bbd5a57793f8cd6ad624080d807?s=96&d=mm&r=g","caption":"presidentlogin"}}]}},"_links":{"self":[{"href":"https:\/\/president-ksgov.net\/sr\/wp-json\/wp\/v2\/posts\/103640","targetHints":{"allow":["GET"]}}],"collection":[{"href":"https:\/\/president-ksgov.net\/sr\/wp-json\/wp\/v2\/posts"}],"about":[{"href":"https:\/\/president-ksgov.net\/sr\/wp-json\/wp\/v2\/types\/post"}],"author":[{"embeddable":true,"href":"https:\/\/president-ksgov.net\/sr\/wp-json\/wp\/v2\/users\/11"}],"replies":[{"embeddable":true,"href":"https:\/\/president-ksgov.net\/sr\/wp-json\/wp\/v2\/comments?post=103640"}],"version-history":[{"count":1,"href":"https:\/\/president-ksgov.net\/sr\/wp-json\/wp\/v2\/posts\/103640\/revisions"}],"predecessor-version":[{"id":103641,"href":"https:\/\/president-ksgov.net\/sr\/wp-json\/wp\/v2\/posts\/103640\/revisions\/103641"}],"wp:featuredmedia":[{"embeddable":true,"href":"https:\/\/president-ksgov.net\/sr\/wp-json\/wp\/v2\/media\/103637"}],"wp:attachment":[{"href":"https:\/\/president-ksgov.net\/sr\/wp-json\/wp\/v2\/media?parent=103640"}],"wp:term":[{"taxonomy":"category","embeddable":true,"href":"https:\/\/president-ksgov.net\/sr\/wp-json\/wp\/v2\/categories?post=103640"},{"taxonomy":"post_tag","embeddable":true,"href":"https:\/\/president-ksgov.net\/sr\/wp-json\/wp\/v2\/tags?post=103640"}],"curies":[{"name":"wp","href":"https:\/\/api.w.org\/{rel}","templated":true}]}}