{"id":103627,"date":"2024-04-18T17:12:37","date_gmt":"2024-04-18T15:12:37","guid":{"rendered":"https:\/\/president-ksgov.net\/?p=103627"},"modified":"2024-04-19T09:09:45","modified_gmt":"2024-04-19T07:09:45","slug":"predsednica-osmani-docekala-na-sastanku-americkog-ambasadora-jeffreya-hoveniera-4","status":"publish","type":"post","link":"https:\/\/president-ksgov.net\/sr\/predsednica-osmani-docekala-na-sastanku-americkog-ambasadora-jeffreya-hoveniera-4\/","title":{"rendered":"Predsednica Osmani do\u010dekala na sastanku ameri\u010dkog ambasadora Jeffreya Hoveniera"},"content":{"rendered":"<p>Predsednica Republike Kosovo Vjosa Osmani od\u010dekala je danas ambasadora SAD-a Jeffreya Hoveniera na redovnom sastanku.<\/p>\n<p>Ovom prilikom, ambasador Hovenier je \u010destitao predsednici Osmani na uspe\u0161noj ediciji Me\u0111unarodnog foruma za \u017eene, mir i bezbednost, cene\u0107i njenu i posve\u0107enost Kosova da unapredi ovu agendu u zemlji, kao i na me\u0111unarodnom planu.<\/p>\n<p>Na sastanku se razgovaralo i o poslednjim de\u0161avanjima u zemlji, gde je predsednica istakla ozbiljno kr\u0161enje ljudskih prava i sporazuma o slobodi kretanja od strane Srbije, kroz zadr\u017eavanje gra\u0111ana Republike Kosovo u pograni\u010dnim oblastima i njihovo neprihvatljivo tretieanje, kao i protivzakonita hap\u0161enja pripadnika Policije Kosova.<\/p>\n<p>Na sastanku se tako\u0111e razgovaralo i o procesu \u010dlanstva Kosova u Savetu Evrope, kao i o pripremama za nesmetano odvijanje procesa glasanja koje \u0107e se ovog vikenda odr\u017eati na severu zemlje.<\/p>\n<p>Tema diskusije bile su pripreme koje se vr\u0161e, kao i koordinacija sa saveznicima uo\u010di slede\u0107eg sastanka Saveta bezbednosti Ujedinjenih nacija, na kome \u0107e Kosovo predstavljati predsednica Osmani.<\/p>\n","protected":false},"excerpt":{"rendered":"<p>Predsednica Republike Kosovo Vjosa Osmani od\u010dekala je danas ambasadora SAD-a Jeffreya Hoveniera na redovnom sastanku. Ovom prilikom, ambasador Hovenier je \u010destitao predsednici Osmani na uspe\u0161noj ediciji Me\u0111unarodnog foruma za \u017eene, mir i bezbednost, cene\u0107i njenu i posve\u0107enost Kosova da unapredi ovu agendu u zemlji, kao i na me\u0111unarodnom planu. Na sastanku se razgovaralo i o poslednjim de\u0161avanjima u zemlji, gde je predsednica istakla ozbiljno kr\u0161enje ljudskih prava i sporazuma o slobodi kretanja od strane Srbije, kroz zadr\u017eavanje gra\u0111ana Republike Kosovo u pograni\u010dnim oblastima i njihovo neprihvatljivo tretieanje, kao i protivzakonita hap\u0161enja pripadnika Policije Kosova. Na sastanku se tako\u0111e razgovaralo i o procesu \u010dlanstva Kosova u Savetu Evrope, kao i o pripremama za nesmetano odvijanje procesa glasanja koje \u0107e se ovog vikenda odr\u017eati na severu zemlje. Tema diskusije bile su pripreme koje se vr\u0161e, kao i koordinacija sa saveznicima uo\u010di slede\u0107eg sastanka Saveta bezbednosti Ujedinjenih nacija, na kome \u0107e Kosovo predstavljati predsednica Osmani.<\/p>\n","protected":false},"author":11,"featured_media":103600,"comment_status":"open","ping_status":"closed","sticky":false,"template":"","format":"standard","meta":{"_eb_attr":"","footnotes":""},"categories":[101],"tags":[],"class_list":["post-103627","post","type-post","status-publish","format-standard","has-post-thumbnail","hentry","category-vesti"],"yoast_head":"<!-- This site is optimized with the Yoast SEO plugin v23.5 - https:\/\/yoast.com\/wordpress\/plugins\/seo\/ -->\n<title>Predsednica Osmani do\u010dekala na sastanku ameri\u010dkog ambasadora Jeffreya Hoveniera - Predsednik Republike Kosovo - DR. VJOSA OSMANI - SADRIU<\/title>\n<meta name=\"description\" content=\"Predsednica Osmani do\u010dekala na sastanku ameri\u010dkog ambasadora Jeffreya Hoveniera - Predsednik Republike Kosovo - DR. VJOSA OSMANI - SADRIU -\" \/>\n<meta name=\"robots\" content=\"index, follow, max-snippet:-1, max-image-preview:large, max-video-preview:-1\" \/>\n<link rel=\"canonical\" href=\"https:\/\/president-ksgov.net\/sr\/predsednica-osmani-docekala-na-sastanku-americkog-ambasadora-jeffreya-hoveniera-4\/\" \/>\n<meta property=\"og:locale\" content=\"sr_RS\" \/>\n<meta property=\"og:type\" content=\"article\" \/>\n<meta property=\"og:title\" content=\"Predsednica Osmani do\u010dekala na sastanku ameri\u010dkog ambasadora Jeffreya Hoveniera - Predsednik Republike Kosovo - DR. VJOSA OSMANI - SADRIU\" \/>\n<meta property=\"og:description\" content=\"Predsednica Osmani do\u010dekala na sastanku ameri\u010dkog ambasadora Jeffreya Hoveniera - Predsednik Republike Kosovo - DR. VJOSA OSMANI - SADRIU -\" \/>\n<meta property=\"og:url\" content=\"https:\/\/president-ksgov.net\/sr\/predsednica-osmani-docekala-na-sastanku-americkog-ambasadora-jeffreya-hoveniera-4\/\" \/>\n<meta property=\"og:site_name\" content=\"Predsednik Republike Kosovo - DR. VJOSA OSMANI - SADRIU\" \/>\n<meta property=\"article:published_time\" content=\"2024-04-18T15:12:37+00:00\" \/>\n<meta property=\"article:modified_time\" content=\"2024-04-19T07:09:45+00:00\" \/>\n<meta property=\"og:image\" content=\"https:\/\/president-ksgov.net\/wp-content\/uploads\/image_123650291-5.jpg\" \/>\n\t<meta property=\"og:image:width\" content=\"2048\" \/>\n\t<meta property=\"og:image:height\" content=\"1364\" \/>\n\t<meta property=\"og:image:type\" content=\"image\/jpeg\" \/>\n<meta name=\"author\" content=\"presidentlogin\" \/>\n<meta name=\"twitter:card\" content=\"summary_large_image\" \/>\n<meta name=\"twitter:label1\" content=\"\u041d\u0430\u043f\u0438\u0441\u0430\u043d\u043e \u043e\u0434\" \/>\n\t<meta name=\"twitter:data1\" content=\"presidentlogin\" \/>\n\t<meta name=\"twitter:label2\" content=\"\u041f\u0440\u043e\u0446\u0435\u045a\u0435\u043d\u043e \u0432\u0440\u0435\u043c\u0435 \u0447\u0438\u0442\u0430\u045a\u0430\" \/>\n\t<meta name=\"twitter:data2\" content=\"2 \u043c\u0438\u043d\u0443\u0442\u0430\" \/>\n<script type=\"application\/ld+json\" class=\"yoast-schema-graph\">{\"@context\":\"https:\/\/schema.org\",\"@graph\":[{\"@type\":\"WebPage\",\"@id\":\"https:\/\/president-ksgov.net\/sr\/predsednica-osmani-docekala-na-sastanku-americkog-ambasadora-jeffreya-hoveniera-4\/\",\"url\":\"https:\/\/president-ksgov.net\/sr\/predsednica-osmani-docekala-na-sastanku-americkog-ambasadora-jeffreya-hoveniera-4\/\",\"name\":\"Predsednica Osmani do\u010dekala na sastanku ameri\u010dkog ambasadora Jeffreya Hoveniera - Predsednik Republike Kosovo - DR. VJOSA OSMANI - SADRIU\",\"isPartOf\":{\"@id\":\"https:\/\/president-ksgov.net\/#website\"},\"primaryImageOfPage\":{\"@id\":\"https:\/\/president-ksgov.net\/sr\/predsednica-osmani-docekala-na-sastanku-americkog-ambasadora-jeffreya-hoveniera-4\/#primaryimage\"},\"image\":{\"@id\":\"https:\/\/president-ksgov.net\/sr\/predsednica-osmani-docekala-na-sastanku-americkog-ambasadora-jeffreya-hoveniera-4\/#primaryimage\"},\"thumbnailUrl\":\"https:\/\/president-ksgov.net\/wp-content\/uploads\/image_123650291-5.jpg\",\"datePublished\":\"2024-04-18T15:12:37+00:00\",\"dateModified\":\"2024-04-19T07:09:45+00:00\",\"author\":{\"@id\":\"https:\/\/president-ksgov.net\/#\/schema\/person\/1a2c014cffc81ec60d5a452a36d08d92\"},\"description\":\"Predsednica Osmani do\u010dekala na sastanku ameri\u010dkog ambasadora Jeffreya Hoveniera - Predsednik Republike Kosovo - DR. VJOSA OSMANI - SADRIU -\",\"breadcrumb\":{\"@id\":\"https:\/\/president-ksgov.net\/sr\/predsednica-osmani-docekala-na-sastanku-americkog-ambasadora-jeffreya-hoveniera-4\/#breadcrumb\"},\"inLanguage\":\"sr-RS\",\"potentialAction\":[{\"@type\":\"ReadAction\",\"target\":[\"https:\/\/president-ksgov.net\/sr\/predsednica-osmani-docekala-na-sastanku-americkog-ambasadora-jeffreya-hoveniera-4\/\"]}]},{\"@type\":\"ImageObject\",\"inLanguage\":\"sr-RS\",\"@id\":\"https:\/\/president-ksgov.net\/sr\/predsednica-osmani-docekala-na-sastanku-americkog-ambasadora-jeffreya-hoveniera-4\/#primaryimage\",\"url\":\"https:\/\/president-ksgov.net\/wp-content\/uploads\/image_123650291-5.jpg\",\"contentUrl\":\"https:\/\/president-ksgov.net\/wp-content\/uploads\/image_123650291-5.jpg\",\"width\":2048,\"height\":1364},{\"@type\":\"BreadcrumbList\",\"@id\":\"https:\/\/president-ksgov.net\/sr\/predsednica-osmani-docekala-na-sastanku-americkog-ambasadora-jeffreya-hoveniera-4\/#breadcrumb\",\"itemListElement\":[{\"@type\":\"ListItem\",\"position\":1,\"name\":\"Home\",\"item\":\"https:\/\/president-ksgov.net\/sr\/\"},{\"@type\":\"ListItem\",\"position\":2,\"name\":\"Predsednica Osmani do\u010dekala na sastanku ameri\u010dkog ambasadora Jeffreya Hoveniera\"}]},{\"@type\":\"WebSite\",\"@id\":\"https:\/\/president-ksgov.net\/#website\",\"url\":\"https:\/\/president-ksgov.net\/\",\"name\":\"Presidente e Republik\u00ebs s\u00eb Kosov\u00ebs\",\"description\":\"Presidente e Republik\u00ebs s\u00eb Kosov\u00ebs\",\"alternateName\":\"DR. VJOSA OSMANI - SADRIU\",\"potentialAction\":[{\"@type\":\"SearchAction\",\"target\":{\"@type\":\"EntryPoint\",\"urlTemplate\":\"https:\/\/president-ksgov.net\/?s={search_term_string}\"},\"query-input\":{\"@type\":\"PropertyValueSpecification\",\"valueRequired\":true,\"valueName\":\"search_term_string\"}}],\"inLanguage\":\"sr-RS\"},{\"@type\":\"Person\",\"@id\":\"https:\/\/president-ksgov.net\/#\/schema\/person\/1a2c014cffc81ec60d5a452a36d08d92\",\"name\":\"presidentlogin\",\"image\":{\"@type\":\"ImageObject\",\"inLanguage\":\"sr-RS\",\"@id\":\"https:\/\/president-ksgov.net\/#\/schema\/person\/image\/\",\"url\":\"https:\/\/secure.gravatar.com\/avatar\/339f00ab0a8a0d5ce1ecff10aa2b4a1f51f58bbd5a57793f8cd6ad624080d807?s=96&d=mm&r=g\",\"contentUrl\":\"https:\/\/secure.gravatar.com\/avatar\/339f00ab0a8a0d5ce1ecff10aa2b4a1f51f58bbd5a57793f8cd6ad624080d807?s=96&d=mm&r=g\",\"caption\":\"presidentlogin\"}}]}<\/script>\n<!-- \/ Yoast SEO plugin. -->","yoast_head_json":{"title":"Predsednica Osmani do\u010dekala na sastanku ameri\u010dkog ambasadora Jeffreya Hoveniera - Predsednik Republike Kosovo - DR. VJOSA OSMANI - SADRIU","description":"Predsednica Osmani do\u010dekala na sastanku ameri\u010dkog ambasadora Jeffreya Hoveniera - Predsednik Republike Kosovo - DR. VJOSA OSMANI - SADRIU -","robots":{"index":"index","follow":"follow","max-snippet":"max-snippet:-1","max-image-preview":"max-image-preview:large","max-video-preview":"max-video-preview:-1"},"canonical":"https:\/\/president-ksgov.net\/sr\/predsednica-osmani-docekala-na-sastanku-americkog-ambasadora-jeffreya-hoveniera-4\/","og_locale":"sr_RS","og_type":"article","og_title":"Predsednica Osmani do\u010dekala na sastanku ameri\u010dkog ambasadora Jeffreya Hoveniera - Predsednik Republike Kosovo - DR. VJOSA OSMANI - SADRIU","og_description":"Predsednica Osmani do\u010dekala na sastanku ameri\u010dkog ambasadora Jeffreya Hoveniera - Predsednik Republike Kosovo - DR. VJOSA OSMANI - SADRIU -","og_url":"https:\/\/president-ksgov.net\/sr\/predsednica-osmani-docekala-na-sastanku-americkog-ambasadora-jeffreya-hoveniera-4\/","og_site_name":"Predsednik Republike Kosovo - DR. VJOSA OSMANI - SADRIU","article_published_time":"2024-04-18T15:12:37+00:00","article_modified_time":"2024-04-19T07:09:45+00:00","og_image":[{"width":2048,"height":1364,"url":"https:\/\/president-ksgov.net\/wp-content\/uploads\/image_123650291-5.jpg","type":"image\/jpeg"}],"author":"presidentlogin","twitter_card":"summary_large_image","twitter_misc":{"\u041d\u0430\u043f\u0438\u0441\u0430\u043d\u043e \u043e\u0434":"presidentlogin","\u041f\u0440\u043e\u0446\u0435\u045a\u0435\u043d\u043e \u0432\u0440\u0435\u043c\u0435 \u0447\u0438\u0442\u0430\u045a\u0430":"2 \u043c\u0438\u043d\u0443\u0442\u0430"},"schema":{"@context":"https:\/\/schema.org","@graph":[{"@type":"WebPage","@id":"https:\/\/president-ksgov.net\/sr\/predsednica-osmani-docekala-na-sastanku-americkog-ambasadora-jeffreya-hoveniera-4\/","url":"https:\/\/president-ksgov.net\/sr\/predsednica-osmani-docekala-na-sastanku-americkog-ambasadora-jeffreya-hoveniera-4\/","name":"Predsednica Osmani do\u010dekala na sastanku ameri\u010dkog ambasadora Jeffreya Hoveniera - Predsednik Republike Kosovo - DR. VJOSA OSMANI - SADRIU","isPartOf":{"@id":"https:\/\/president-ksgov.net\/#website"},"primaryImageOfPage":{"@id":"https:\/\/president-ksgov.net\/sr\/predsednica-osmani-docekala-na-sastanku-americkog-ambasadora-jeffreya-hoveniera-4\/#primaryimage"},"image":{"@id":"https:\/\/president-ksgov.net\/sr\/predsednica-osmani-docekala-na-sastanku-americkog-ambasadora-jeffreya-hoveniera-4\/#primaryimage"},"thumbnailUrl":"https:\/\/president-ksgov.net\/wp-content\/uploads\/image_123650291-5.jpg","datePublished":"2024-04-18T15:12:37+00:00","dateModified":"2024-04-19T07:09:45+00:00","author":{"@id":"https:\/\/president-ksgov.net\/#\/schema\/person\/1a2c014cffc81ec60d5a452a36d08d92"},"description":"Predsednica Osmani do\u010dekala na sastanku ameri\u010dkog ambasadora Jeffreya Hoveniera - Predsednik Republike Kosovo - DR. VJOSA OSMANI - SADRIU -","breadcrumb":{"@id":"https:\/\/president-ksgov.net\/sr\/predsednica-osmani-docekala-na-sastanku-americkog-ambasadora-jeffreya-hoveniera-4\/#breadcrumb"},"inLanguage":"sr-RS","potentialAction":[{"@type":"ReadAction","target":["https:\/\/president-ksgov.net\/sr\/predsednica-osmani-docekala-na-sastanku-americkog-ambasadora-jeffreya-hoveniera-4\/"]}]},{"@type":"ImageObject","inLanguage":"sr-RS","@id":"https:\/\/president-ksgov.net\/sr\/predsednica-osmani-docekala-na-sastanku-americkog-ambasadora-jeffreya-hoveniera-4\/#primaryimage","url":"https:\/\/president-ksgov.net\/wp-content\/uploads\/image_123650291-5.jpg","contentUrl":"https:\/\/president-ksgov.net\/wp-content\/uploads\/image_123650291-5.jpg","width":2048,"height":1364},{"@type":"BreadcrumbList","@id":"https:\/\/president-ksgov.net\/sr\/predsednica-osmani-docekala-na-sastanku-americkog-ambasadora-jeffreya-hoveniera-4\/#breadcrumb","itemListElement":[{"@type":"ListItem","position":1,"name":"Home","item":"https:\/\/president-ksgov.net\/sr\/"},{"@type":"ListItem","position":2,"name":"Predsednica Osmani do\u010dekala na sastanku ameri\u010dkog ambasadora Jeffreya Hoveniera"}]},{"@type":"WebSite","@id":"https:\/\/president-ksgov.net\/#website","url":"https:\/\/president-ksgov.net\/","name":"Presidente e Republik\u00ebs s\u00eb Kosov\u00ebs","description":"Presidente e Republik\u00ebs s\u00eb Kosov\u00ebs","alternateName":"DR. VJOSA OSMANI - SADRIU","potentialAction":[{"@type":"SearchAction","target":{"@type":"EntryPoint","urlTemplate":"https:\/\/president-ksgov.net\/?s={search_term_string}"},"query-input":{"@type":"PropertyValueSpecification","valueRequired":true,"valueName":"search_term_string"}}],"inLanguage":"sr-RS"},{"@type":"Person","@id":"https:\/\/president-ksgov.net\/#\/schema\/person\/1a2c014cffc81ec60d5a452a36d08d92","name":"presidentlogin","image":{"@type":"ImageObject","inLanguage":"sr-RS","@id":"https:\/\/president-ksgov.net\/#\/schema\/person\/image\/","url":"https:\/\/secure.gravatar.com\/avatar\/339f00ab0a8a0d5ce1ecff10aa2b4a1f51f58bbd5a57793f8cd6ad624080d807?s=96&d=mm&r=g","contentUrl":"https:\/\/secure.gravatar.com\/avatar\/339f00ab0a8a0d5ce1ecff10aa2b4a1f51f58bbd5a57793f8cd6ad624080d807?s=96&d=mm&r=g","caption":"presidentlogin"}}]}},"_links":{"self":[{"href":"https:\/\/president-ksgov.net\/sr\/wp-json\/wp\/v2\/posts\/103627","targetHints":{"allow":["GET"]}}],"collection":[{"href":"https:\/\/president-ksgov.net\/sr\/wp-json\/wp\/v2\/posts"}],"about":[{"href":"https:\/\/president-ksgov.net\/sr\/wp-json\/wp\/v2\/types\/post"}],"author":[{"embeddable":true,"href":"https:\/\/president-ksgov.net\/sr\/wp-json\/wp\/v2\/users\/11"}],"replies":[{"embeddable":true,"href":"https:\/\/president-ksgov.net\/sr\/wp-json\/wp\/v2\/comments?post=103627"}],"version-history":[{"count":1,"href":"https:\/\/president-ksgov.net\/sr\/wp-json\/wp\/v2\/posts\/103627\/revisions"}],"predecessor-version":[{"id":103629,"href":"https:\/\/president-ksgov.net\/sr\/wp-json\/wp\/v2\/posts\/103627\/revisions\/103629"}],"wp:featuredmedia":[{"embeddable":true,"href":"https:\/\/president-ksgov.net\/sr\/wp-json\/wp\/v2\/media\/103600"}],"wp:attachment":[{"href":"https:\/\/president-ksgov.net\/sr\/wp-json\/wp\/v2\/media?parent=103627"}],"wp:term":[{"taxonomy":"category","embeddable":true,"href":"https:\/\/president-ksgov.net\/sr\/wp-json\/wp\/v2\/categories?post=103627"},{"taxonomy":"post_tag","embeddable":true,"href":"https:\/\/president-ksgov.net\/sr\/wp-json\/wp\/v2\/tags?post=103627"}],"curies":[{"name":"wp","href":"https:\/\/api.w.org\/{rel}","templated":true}]}}