{"id":103593,"date":"2024-04-18T13:25:58","date_gmt":"2024-04-18T11:25:58","guid":{"rendered":"https:\/\/president-ksgov.net\/?p=103593"},"modified":"2024-04-18T15:30:28","modified_gmt":"2024-04-18T13:30:28","slug":"predsednica-vjosa-osmani-odlikovana-je-evropskom-nagradom-panevropske-fondacije","status":"publish","type":"post","link":"https:\/\/president-ksgov.net\/sr\/predsednica-vjosa-osmani-odlikovana-je-evropskom-nagradom-panevropske-fondacije\/","title":{"rendered":"Predsednica Vjosa Osmani odlikovana je Evropskom nagradom Panevropske fondacije"},"content":{"rendered":"<p>Panevropska fondacija Richard Coudenhove-Kalergi odlikovala je predsednicu Republike Kosovo Vjosu Osmani Evropskom nagradom za njenu posve\u0107enost odnosima sa evroatlantskim partnerima, kao i posve\u0107enost proevropskoj orijentaciji, demokratiji i vladavini prava.<\/p>\n<p>U saop\u0161tenju koje je Fondacija objavila, predsednica Osmani je pohvaljena za njen politi\u010dki stav i jasnu evropsku orijentaciju, koju je predano branila uprkos delikatnoj bezbednosnoj situaciji u regionu i stalnoj pretnji iz Srbije.<\/p>\n<p>Dalje, u saop\u0161tenju koje je objavila Panevropska fondacija, predsednica Osmani je pohvaljena za njen rad i posve\u0107enost demokratiji i vladavini prava, kao i za integraciju Kosova u Evropsku uniju.<\/p>\n<p>Dalje, u saop\u0161tenju, predsednica je cenjena zbog njenog politi\u010dkog stava pra\u0107enog punim uverenjem o va\u017enosti transatlantskih odnosa, koji u svom opredeljenju podr\u017eava filozofiju arhitekte nezavisnosti Kosova, predsednika dr Ibrahima Rugove, kome je ista nagrada dodeljena pre 20 godina.<\/p>\n<p>Me\u0111u laureatima ove nagrade su razli\u010dite svetske li\u010dnosti, me\u0111u kojima su: biv\u0161a kancelarka Angela Merkel, biv\u0161i ameri\u010dki predsednik Ronald Regan i istorijski predsednik Kosova dr Ibrahim Rugova.<\/p>\n<p>U prilogu je saop\u0161tenje Fondacije o dodeli nagrade.<\/p>\n<p>https:\/\/www.ots.at\/presseaussendung\/OTS_20240418_OTS0034\/europapreis-coudenhove-kalergi-2024<\/p>\n<p>&nbsp;<\/p>\n","protected":false},"excerpt":{"rendered":"<p>Panevropska fondacija Richard Coudenhove-Kalergi odlikovala je predsednicu Republike Kosovo Vjosu Osmani Evropskom nagradom za njenu posve\u0107enost odnosima sa evroatlantskim partnerima, kao i posve\u0107enost proevropskoj orijentaciji, demokratiji i vladavini prava. U saop\u0161tenju koje je Fondacija objavila, predsednica Osmani je pohvaljena za njen politi\u010dki stav i jasnu evropsku orijentaciju, koju je predano branila uprkos delikatnoj bezbednosnoj situaciji u regionu i stalnoj pretnji iz Srbije. Dalje, u saop\u0161tenju koje je objavila Panevropska fondacija, predsednica Osmani je pohvaljena za njen rad i posve\u0107enost demokratiji i vladavini prava, kao i za integraciju Kosova u Evropsku uniju. Dalje, u saop\u0161tenju, predsednica je cenjena zbog njenog politi\u010dkog stava pra\u0107enog punim uverenjem o va\u017enosti transatlantskih odnosa, koji u svom opredeljenju podr\u017eava filozofiju arhitekte nezavisnosti Kosova, predsednika dr Ibrahima Rugove, kome je ista nagrada dodeljena pre 20 godina. Me\u0111u laureatima ove nagrade su razli\u010dite svetske li\u010dnosti, me\u0111u kojima su: biv\u0161a kancelarka Angela Merkel, biv\u0161i ameri\u010dki predsednik Ronald Regan i istorijski predsednik Kosova dr Ibrahim Rugova. U prilogu je saop\u0161tenje Fondacije o dodeli nagrade. https:\/\/www.ots.at\/presseaussendung\/OTS_20240418_OTS0034\/europapreis-coudenhove-kalergi-2024 &nbsp;<\/p>\n","protected":false},"author":11,"featured_media":103585,"comment_status":"open","ping_status":"closed","sticky":false,"template":"","format":"standard","meta":{"_eb_attr":"","footnotes":""},"categories":[101],"tags":[],"class_list":["post-103593","post","type-post","status-publish","format-standard","has-post-thumbnail","hentry","category-vesti"],"yoast_head":"<!-- This site is optimized with the Yoast SEO plugin v23.5 - https:\/\/yoast.com\/wordpress\/plugins\/seo\/ -->\n<title>Predsednica Vjosa Osmani odlikovana je Evropskom nagradom Panevropske fondacije - Predsednik Republike Kosovo - DR. VJOSA OSMANI - SADRIU<\/title>\n<meta name=\"description\" content=\"Predsednica Vjosa Osmani odlikovana je Evropskom nagradom Panevropske fondacije - Predsednik Republike Kosovo - DR. VJOSA OSMANI - SADRIU -\" \/>\n<meta name=\"robots\" content=\"index, follow, max-snippet:-1, max-image-preview:large, max-video-preview:-1\" \/>\n<link rel=\"canonical\" href=\"https:\/\/president-ksgov.net\/sr\/predsednica-vjosa-osmani-odlikovana-je-evropskom-nagradom-panevropske-fondacije\/\" \/>\n<meta property=\"og:locale\" content=\"sr_RS\" \/>\n<meta property=\"og:type\" content=\"article\" \/>\n<meta property=\"og:title\" content=\"Predsednica Vjosa Osmani odlikovana je Evropskom nagradom Panevropske fondacije - Predsednik Republike Kosovo - DR. VJOSA OSMANI - SADRIU\" \/>\n<meta property=\"og:description\" content=\"Predsednica Vjosa Osmani odlikovana je Evropskom nagradom Panevropske fondacije - Predsednik Republike Kosovo - DR. VJOSA OSMANI - SADRIU -\" \/>\n<meta property=\"og:url\" content=\"https:\/\/president-ksgov.net\/sr\/predsednica-vjosa-osmani-odlikovana-je-evropskom-nagradom-panevropske-fondacije\/\" \/>\n<meta property=\"og:site_name\" content=\"Predsednik Republike Kosovo - DR. VJOSA OSMANI - SADRIU\" \/>\n<meta property=\"article:published_time\" content=\"2024-04-18T11:25:58+00:00\" \/>\n<meta property=\"article:modified_time\" content=\"2024-04-18T13:30:28+00:00\" \/>\n<meta property=\"og:image\" content=\"https:\/\/president-ksgov.net\/wp-content\/uploads\/image_123650291-2.jpg\" \/>\n\t<meta property=\"og:image:width\" content=\"2048\" \/>\n\t<meta property=\"og:image:height\" content=\"1365\" \/>\n\t<meta property=\"og:image:type\" content=\"image\/jpeg\" \/>\n<meta name=\"author\" content=\"presidentlogin\" \/>\n<meta name=\"twitter:card\" content=\"summary_large_image\" \/>\n<meta name=\"twitter:label1\" content=\"\u041d\u0430\u043f\u0438\u0441\u0430\u043d\u043e \u043e\u0434\" \/>\n\t<meta name=\"twitter:data1\" content=\"presidentlogin\" \/>\n\t<meta name=\"twitter:label2\" content=\"\u041f\u0440\u043e\u0446\u0435\u045a\u0435\u043d\u043e \u0432\u0440\u0435\u043c\u0435 \u0447\u0438\u0442\u0430\u045a\u0430\" \/>\n\t<meta name=\"twitter:data2\" content=\"2 \u043c\u0438\u043d\u0443\u0442\u0430\" \/>\n<script type=\"application\/ld+json\" class=\"yoast-schema-graph\">{\"@context\":\"https:\/\/schema.org\",\"@graph\":[{\"@type\":\"WebPage\",\"@id\":\"https:\/\/president-ksgov.net\/sr\/predsednica-vjosa-osmani-odlikovana-je-evropskom-nagradom-panevropske-fondacije\/\",\"url\":\"https:\/\/president-ksgov.net\/sr\/predsednica-vjosa-osmani-odlikovana-je-evropskom-nagradom-panevropske-fondacije\/\",\"name\":\"Predsednica Vjosa Osmani odlikovana je Evropskom nagradom Panevropske fondacije - Predsednik Republike Kosovo - DR. VJOSA OSMANI - SADRIU\",\"isPartOf\":{\"@id\":\"https:\/\/president-ksgov.net\/#website\"},\"primaryImageOfPage\":{\"@id\":\"https:\/\/president-ksgov.net\/sr\/predsednica-vjosa-osmani-odlikovana-je-evropskom-nagradom-panevropske-fondacije\/#primaryimage\"},\"image\":{\"@id\":\"https:\/\/president-ksgov.net\/sr\/predsednica-vjosa-osmani-odlikovana-je-evropskom-nagradom-panevropske-fondacije\/#primaryimage\"},\"thumbnailUrl\":\"https:\/\/president-ksgov.net\/wp-content\/uploads\/image_123650291-2.jpg\",\"datePublished\":\"2024-04-18T11:25:58+00:00\",\"dateModified\":\"2024-04-18T13:30:28+00:00\",\"author\":{\"@id\":\"https:\/\/president-ksgov.net\/#\/schema\/person\/1a2c014cffc81ec60d5a452a36d08d92\"},\"description\":\"Predsednica Vjosa Osmani odlikovana je Evropskom nagradom Panevropske fondacije - Predsednik Republike Kosovo - DR. VJOSA OSMANI - SADRIU -\",\"breadcrumb\":{\"@id\":\"https:\/\/president-ksgov.net\/sr\/predsednica-vjosa-osmani-odlikovana-je-evropskom-nagradom-panevropske-fondacije\/#breadcrumb\"},\"inLanguage\":\"sr-RS\",\"potentialAction\":[{\"@type\":\"ReadAction\",\"target\":[\"https:\/\/president-ksgov.net\/sr\/predsednica-vjosa-osmani-odlikovana-je-evropskom-nagradom-panevropske-fondacije\/\"]}]},{\"@type\":\"ImageObject\",\"inLanguage\":\"sr-RS\",\"@id\":\"https:\/\/president-ksgov.net\/sr\/predsednica-vjosa-osmani-odlikovana-je-evropskom-nagradom-panevropske-fondacije\/#primaryimage\",\"url\":\"https:\/\/president-ksgov.net\/wp-content\/uploads\/image_123650291-2.jpg\",\"contentUrl\":\"https:\/\/president-ksgov.net\/wp-content\/uploads\/image_123650291-2.jpg\",\"width\":2048,\"height\":1365},{\"@type\":\"BreadcrumbList\",\"@id\":\"https:\/\/president-ksgov.net\/sr\/predsednica-vjosa-osmani-odlikovana-je-evropskom-nagradom-panevropske-fondacije\/#breadcrumb\",\"itemListElement\":[{\"@type\":\"ListItem\",\"position\":1,\"name\":\"Home\",\"item\":\"https:\/\/president-ksgov.net\/sr\/\"},{\"@type\":\"ListItem\",\"position\":2,\"name\":\"Predsednica Vjosa Osmani odlikovana je Evropskom nagradom Panevropske fondacije\"}]},{\"@type\":\"WebSite\",\"@id\":\"https:\/\/president-ksgov.net\/#website\",\"url\":\"https:\/\/president-ksgov.net\/\",\"name\":\"Presidente e Republik\u00ebs s\u00eb Kosov\u00ebs\",\"description\":\"Presidente e Republik\u00ebs s\u00eb Kosov\u00ebs\",\"alternateName\":\"DR. VJOSA OSMANI - SADRIU\",\"potentialAction\":[{\"@type\":\"SearchAction\",\"target\":{\"@type\":\"EntryPoint\",\"urlTemplate\":\"https:\/\/president-ksgov.net\/?s={search_term_string}\"},\"query-input\":{\"@type\":\"PropertyValueSpecification\",\"valueRequired\":true,\"valueName\":\"search_term_string\"}}],\"inLanguage\":\"sr-RS\"},{\"@type\":\"Person\",\"@id\":\"https:\/\/president-ksgov.net\/#\/schema\/person\/1a2c014cffc81ec60d5a452a36d08d92\",\"name\":\"presidentlogin\",\"image\":{\"@type\":\"ImageObject\",\"inLanguage\":\"sr-RS\",\"@id\":\"https:\/\/president-ksgov.net\/#\/schema\/person\/image\/\",\"url\":\"https:\/\/secure.gravatar.com\/avatar\/339f00ab0a8a0d5ce1ecff10aa2b4a1f51f58bbd5a57793f8cd6ad624080d807?s=96&d=mm&r=g\",\"contentUrl\":\"https:\/\/secure.gravatar.com\/avatar\/339f00ab0a8a0d5ce1ecff10aa2b4a1f51f58bbd5a57793f8cd6ad624080d807?s=96&d=mm&r=g\",\"caption\":\"presidentlogin\"}}]}<\/script>\n<!-- \/ Yoast SEO plugin. -->","yoast_head_json":{"title":"Predsednica Vjosa Osmani odlikovana je Evropskom nagradom Panevropske fondacije - Predsednik Republike Kosovo - DR. VJOSA OSMANI - SADRIU","description":"Predsednica Vjosa Osmani odlikovana je Evropskom nagradom Panevropske fondacije - Predsednik Republike Kosovo - DR. VJOSA OSMANI - SADRIU -","robots":{"index":"index","follow":"follow","max-snippet":"max-snippet:-1","max-image-preview":"max-image-preview:large","max-video-preview":"max-video-preview:-1"},"canonical":"https:\/\/president-ksgov.net\/sr\/predsednica-vjosa-osmani-odlikovana-je-evropskom-nagradom-panevropske-fondacije\/","og_locale":"sr_RS","og_type":"article","og_title":"Predsednica Vjosa Osmani odlikovana je Evropskom nagradom Panevropske fondacije - Predsednik Republike Kosovo - DR. VJOSA OSMANI - SADRIU","og_description":"Predsednica Vjosa Osmani odlikovana je Evropskom nagradom Panevropske fondacije - Predsednik Republike Kosovo - DR. VJOSA OSMANI - SADRIU -","og_url":"https:\/\/president-ksgov.net\/sr\/predsednica-vjosa-osmani-odlikovana-je-evropskom-nagradom-panevropske-fondacije\/","og_site_name":"Predsednik Republike Kosovo - DR. VJOSA OSMANI - SADRIU","article_published_time":"2024-04-18T11:25:58+00:00","article_modified_time":"2024-04-18T13:30:28+00:00","og_image":[{"width":2048,"height":1365,"url":"https:\/\/president-ksgov.net\/wp-content\/uploads\/image_123650291-2.jpg","type":"image\/jpeg"}],"author":"presidentlogin","twitter_card":"summary_large_image","twitter_misc":{"\u041d\u0430\u043f\u0438\u0441\u0430\u043d\u043e \u043e\u0434":"presidentlogin","\u041f\u0440\u043e\u0446\u0435\u045a\u0435\u043d\u043e \u0432\u0440\u0435\u043c\u0435 \u0447\u0438\u0442\u0430\u045a\u0430":"2 \u043c\u0438\u043d\u0443\u0442\u0430"},"schema":{"@context":"https:\/\/schema.org","@graph":[{"@type":"WebPage","@id":"https:\/\/president-ksgov.net\/sr\/predsednica-vjosa-osmani-odlikovana-je-evropskom-nagradom-panevropske-fondacije\/","url":"https:\/\/president-ksgov.net\/sr\/predsednica-vjosa-osmani-odlikovana-je-evropskom-nagradom-panevropske-fondacije\/","name":"Predsednica Vjosa Osmani odlikovana je Evropskom nagradom Panevropske fondacije - Predsednik Republike Kosovo - DR. VJOSA OSMANI - SADRIU","isPartOf":{"@id":"https:\/\/president-ksgov.net\/#website"},"primaryImageOfPage":{"@id":"https:\/\/president-ksgov.net\/sr\/predsednica-vjosa-osmani-odlikovana-je-evropskom-nagradom-panevropske-fondacije\/#primaryimage"},"image":{"@id":"https:\/\/president-ksgov.net\/sr\/predsednica-vjosa-osmani-odlikovana-je-evropskom-nagradom-panevropske-fondacije\/#primaryimage"},"thumbnailUrl":"https:\/\/president-ksgov.net\/wp-content\/uploads\/image_123650291-2.jpg","datePublished":"2024-04-18T11:25:58+00:00","dateModified":"2024-04-18T13:30:28+00:00","author":{"@id":"https:\/\/president-ksgov.net\/#\/schema\/person\/1a2c014cffc81ec60d5a452a36d08d92"},"description":"Predsednica Vjosa Osmani odlikovana je Evropskom nagradom Panevropske fondacije - Predsednik Republike Kosovo - DR. VJOSA OSMANI - SADRIU -","breadcrumb":{"@id":"https:\/\/president-ksgov.net\/sr\/predsednica-vjosa-osmani-odlikovana-je-evropskom-nagradom-panevropske-fondacije\/#breadcrumb"},"inLanguage":"sr-RS","potentialAction":[{"@type":"ReadAction","target":["https:\/\/president-ksgov.net\/sr\/predsednica-vjosa-osmani-odlikovana-je-evropskom-nagradom-panevropske-fondacije\/"]}]},{"@type":"ImageObject","inLanguage":"sr-RS","@id":"https:\/\/president-ksgov.net\/sr\/predsednica-vjosa-osmani-odlikovana-je-evropskom-nagradom-panevropske-fondacije\/#primaryimage","url":"https:\/\/president-ksgov.net\/wp-content\/uploads\/image_123650291-2.jpg","contentUrl":"https:\/\/president-ksgov.net\/wp-content\/uploads\/image_123650291-2.jpg","width":2048,"height":1365},{"@type":"BreadcrumbList","@id":"https:\/\/president-ksgov.net\/sr\/predsednica-vjosa-osmani-odlikovana-je-evropskom-nagradom-panevropske-fondacije\/#breadcrumb","itemListElement":[{"@type":"ListItem","position":1,"name":"Home","item":"https:\/\/president-ksgov.net\/sr\/"},{"@type":"ListItem","position":2,"name":"Predsednica Vjosa Osmani odlikovana je Evropskom nagradom Panevropske fondacije"}]},{"@type":"WebSite","@id":"https:\/\/president-ksgov.net\/#website","url":"https:\/\/president-ksgov.net\/","name":"Presidente e Republik\u00ebs s\u00eb Kosov\u00ebs","description":"Presidente e Republik\u00ebs s\u00eb Kosov\u00ebs","alternateName":"DR. VJOSA OSMANI - SADRIU","potentialAction":[{"@type":"SearchAction","target":{"@type":"EntryPoint","urlTemplate":"https:\/\/president-ksgov.net\/?s={search_term_string}"},"query-input":{"@type":"PropertyValueSpecification","valueRequired":true,"valueName":"search_term_string"}}],"inLanguage":"sr-RS"},{"@type":"Person","@id":"https:\/\/president-ksgov.net\/#\/schema\/person\/1a2c014cffc81ec60d5a452a36d08d92","name":"presidentlogin","image":{"@type":"ImageObject","inLanguage":"sr-RS","@id":"https:\/\/president-ksgov.net\/#\/schema\/person\/image\/","url":"https:\/\/secure.gravatar.com\/avatar\/339f00ab0a8a0d5ce1ecff10aa2b4a1f51f58bbd5a57793f8cd6ad624080d807?s=96&d=mm&r=g","contentUrl":"https:\/\/secure.gravatar.com\/avatar\/339f00ab0a8a0d5ce1ecff10aa2b4a1f51f58bbd5a57793f8cd6ad624080d807?s=96&d=mm&r=g","caption":"presidentlogin"}}]}},"_links":{"self":[{"href":"https:\/\/president-ksgov.net\/sr\/wp-json\/wp\/v2\/posts\/103593","targetHints":{"allow":["GET"]}}],"collection":[{"href":"https:\/\/president-ksgov.net\/sr\/wp-json\/wp\/v2\/posts"}],"about":[{"href":"https:\/\/president-ksgov.net\/sr\/wp-json\/wp\/v2\/types\/post"}],"author":[{"embeddable":true,"href":"https:\/\/president-ksgov.net\/sr\/wp-json\/wp\/v2\/users\/11"}],"replies":[{"embeddable":true,"href":"https:\/\/president-ksgov.net\/sr\/wp-json\/wp\/v2\/comments?post=103593"}],"version-history":[{"count":2,"href":"https:\/\/president-ksgov.net\/sr\/wp-json\/wp\/v2\/posts\/103593\/revisions"}],"predecessor-version":[{"id":103595,"href":"https:\/\/president-ksgov.net\/sr\/wp-json\/wp\/v2\/posts\/103593\/revisions\/103595"}],"wp:featuredmedia":[{"embeddable":true,"href":"https:\/\/president-ksgov.net\/sr\/wp-json\/wp\/v2\/media\/103585"}],"wp:attachment":[{"href":"https:\/\/president-ksgov.net\/sr\/wp-json\/wp\/v2\/media?parent=103593"}],"wp:term":[{"taxonomy":"category","embeddable":true,"href":"https:\/\/president-ksgov.net\/sr\/wp-json\/wp\/v2\/categories?post=103593"},{"taxonomy":"post_tag","embeddable":true,"href":"https:\/\/president-ksgov.net\/sr\/wp-json\/wp\/v2\/tags?post=103593"}],"curies":[{"name":"wp","href":"https:\/\/api.w.org\/{rel}","templated":true}]}}