{"id":103591,"date":"2024-04-18T11:28:13","date_gmt":"2024-04-18T09:28:13","guid":{"rendered":"https:\/\/president-ksgov.net\/?p=103591"},"modified":"2024-04-22T10:44:38","modified_gmt":"2024-04-22T08:44:38","slug":"govor-predsednice-osmani-na-ceremoniji-diplomiranja59-generacije-policije-kosova","status":"publish","type":"post","link":"https:\/\/president-ksgov.net\/sr\/govor-predsednice-osmani-na-ceremoniji-diplomiranja59-generacije-policije-kosova\/","title":{"rendered":"Govor predsednice Osmani na ceremoniji diplomiranja59. generacije Policije Kosova"},"content":{"rendered":"<p><strong><em>Po\u0161tovani premijeru Kurti,<\/em><\/strong><\/p>\n<p><strong><em>Zamenice premijera <\/em><\/strong><strong><em><b><i>G\u00ebrvalla i Red\u017eepi<\/i><\/b><\/em><\/strong><strong><em>,<\/em><\/strong><\/p>\n<p><strong><em>Po\u0161tovani ministre <\/em><\/strong><strong><em><b><i>Sve\u00e7la<\/i><\/b><\/em><\/strong><strong><em>,<\/em><\/strong><\/p>\n<p><strong><em>direktore Hoxha,<\/em><\/strong><\/p>\n<p><strong><em>Po\u0161tovano rukovodno osoblje Policije Kosova i akademsko osoblje Akademije javne bezbednosti,<\/em><\/strong><\/p>\n<p><strong><em>Po\u0161tovani slu\u017ebenici Policije Kosova,<\/em><\/strong><\/p>\n<p><strong><em>Po\u0161tovani kadeti 59. generacije,<\/em><\/strong><\/p>\n<p><strong><em>Drage ponosne porodice na\u0161ih kadeta, <\/em><\/strong><\/p>\n<p><strong><em>Veoma po\u0161tovani gosti,<\/em><\/strong><\/p>\n<p>&nbsp;<\/p>\n<p>Sre\u0107na sam \u0161to sam danas ovde na ovoj sve\u010danosti diplomiranja 59. generacije mladih policajaca, koja je izuzetno zna\u010dajna ne samo za njih, ve\u0107 i za sve nas, a ujedno obele\u017eava i krunisanje izvanrednog posla i velikog nastojanja da postanemo \u010duvari na\u0161e Republike.<\/p>\n<p>Dok danas, po\u0161tovani kadeti, pola\u017eete svoju sve\u010danu zakletvu da \u0107ete \u0161tititi i slu\u017eiti, mi imamo izvanredan ose\u0107aj ponosa i divljenja prema svakom od vas.<\/p>\n<p>Stotine kadeta, me\u0111u kojima su mnoge devojke i \u017eene i mnogi pripadnici manjinskih zajednica, od danas nose uniforme policije na\u0161e Republike.<\/p>\n<p>Ova raznolikost, koja obuhvata sve zajednice u na\u0161oj Republici, je vrednost Policije Kosova, koja pripada svima i slu\u017ei svakome, i to je konstantno dokazivala.<\/p>\n<p>Od danas ste svi policajci Republike Kosovo. Do sada ste pokazali nepokolebljivu posvec\u0301enost, disciplinu i naporan rad na odr\u017eavanju bezbednosti, pravi\u010dnosti i integriteta.<\/p>\n<p>Od sada ste u odbrani svakog gra\u0111anina na\u0161e Republike, bez razlike. Zato neka vam u ovom poslu i u ovoj va\u017enoj misiji heroji Kosova, me\u0111u kojima je i heroj Afrim Bunjaku, budu stalni vodi\u010d kako se \u0161titi dr\u017eava i kako se brani otad\u017ebina.<\/p>\n<p>Ustav Republike Kosovo je va\u0161 vodi\u010d, tako da \u0107ete se pridru\u017eiti redovima Policije da odlu\u010dno izvr\u0161ite odgovornost za odr\u017eavanje reda i javne bezbednosti na celoj teritoriji na\u0161e Republike kao i odgovornost za o\u010duvanje na\u0161e granice u saradnji sa svim na\u0161im saveznicima, koji su uvek stajali uz nas.<\/p>\n<p>Pretnje i opasnosti su na\u0161a svakodnevica, pa je neophodno da Republika Kosovo sa svojim institucijama bude punopravna \u010dlanica Interpola i Evropola.<\/p>\n<p>Biti policajac nije samo profesija, to je misija i razlog za okru\u017eenje u kome se svako ose\u0107a bezbedno i slobodno.<\/p>\n<p>Ovaj rad zahteva hrabrost u suo\u010davanju sa te\u0161ko\u0107ama, saose\u0107anje i podr\u0161ku u odre\u0111enim trenucima i nepokolebljivu posve\u0107enost zakletvi koju \u0107ete svi polo\u017eiti danas.<\/p>\n<p>Vi ste u uniformi, ali ste deo gra\u0111ana, jer \u0107ete slu\u017eiti njima, slu\u017ei\u0107ete svima nama, a pre svega slu\u017ei\u0107ete na\u0161oj Republici, \u010dine\u0107i da se svi ose\u0107amo bezbedno.<\/p>\n<p>Zapo\u010dinjete put pun izazova, ali znajte da ste nada onih kojima slu\u017eite! Nada svih na\u0161ih gra\u0111ana!<\/p>\n<p>Dok se konstantno suo\u010davamo sa bezbednosnim izazovima, ne zaboravimo da su i u ovim trenucima 5 policajaca na\u0161e Republike taoci jedne \u0161ovinisti\u010dke dr\u017eave, Srbije.<\/p>\n<p>Zato pozivamo sve na\u0161e saveznike da podignu glas i poja\u010daju svoje napore, da zaustave ovakva zlodela i \u0161ovinisti\u010dke akcije prema na\u0161im gra\u0111anima i prema na\u0161oj policiji.<\/p>\n<p>Ali, uverena sam da je dana\u0161nja zakletva i svih ovih kadeta, i ove multietni\u010dke grupe, najmo\u0107niji odgovor protiv takvih napora.<\/p>\n<p>U va\u0161im rukama, dragi kadeti, u va\u0161im rukama policajci na\u0161e Republike, le\u017ei budu\u0107nost na\u0161ih gra\u0111ana, pa je na vama da je oblikujete hrabro\u0161\u0107u, posve\u0107eno\u0161\u0107u i nepokolebljivom odlu\u010dno\u0161\u0107u, za sve na\u0161e gra\u0111ane, bez obzira na nacionalnu pripadnost.<\/p>\n<p>&nbsp;<\/p>\n<p><strong><em>Bog vas blagoslovio na va\u0161em svetom putu!<\/em><\/strong><\/p>\n<p><strong><em>Dragi \u010dlanovi porodica, budite ponosni na na\u0161e sinove i k\u0107eri, svoje sinove i k\u0107eri, <\/em><\/strong><strong><em>\u010d<\/em><\/strong><strong><em>uvare na\u0161e Republike!<\/em><\/strong><\/p>\n<p><strong><em>Bog vas blagoslovio!<\/em><\/strong><\/p>\n<p><strong><em>Hvala vam! <\/em><\/strong><\/p>\n","protected":false},"excerpt":{"rendered":"<p>Po\u0161tovani premijeru Kurti, Zamenice premijera G\u00ebrvalla i Red\u017eepi, Po\u0161tovani ministre Sve\u00e7la, direktore Hoxha, Po\u0161tovano rukovodno osoblje Policije Kosova i akademsko osoblje Akademije javne bezbednosti, Po\u0161tovani slu\u017ebenici Policije Kosova, Po\u0161tovani kadeti 59. generacije, Drage ponosne porodice na\u0161ih kadeta, Veoma po\u0161tovani gosti, &nbsp; Sre\u0107na sam \u0161to sam danas ovde na ovoj sve\u010danosti diplomiranja 59. generacije mladih policajaca, koja je izuzetno zna\u010dajna ne samo za njih, ve\u0107 i za sve nas, a ujedno obele\u017eava i krunisanje izvanrednog posla i velikog nastojanja da postanemo \u010duvari na\u0161e Republike. Dok danas, po\u0161tovani kadeti, pola\u017eete svoju sve\u010danu zakletvu da \u0107ete \u0161tititi i slu\u017eiti, mi imamo izvanredan ose\u0107aj ponosa i divljenja prema svakom od vas. Stotine kadeta, me\u0111u kojima su mnoge devojke i \u017eene i mnogi pripadnici manjinskih zajednica, od danas nose uniforme policije na\u0161e Republike. Ova raznolikost, koja obuhvata sve zajednice u na\u0161oj Republici, je vrednost Policije Kosova, koja pripada svima i slu\u017ei svakome, i to je konstantno dokazivala. Od danas ste svi policajci Republike Kosovo. Do sada ste pokazali nepokolebljivu posvec\u0301enost, disciplinu i naporan rad na odr\u017eavanju bezbednosti, pravi\u010dnosti i integriteta. Od sada ste u odbrani svakog gra\u0111anina na\u0161e Republike, bez razlike. Zato neka vam u ovom poslu i u ovoj va\u017enoj misiji heroji Kosova, me\u0111u kojima je i heroj Afrim Bunjaku, budu stalni vodi\u010d kako se \u0161titi dr\u017eava i kako se brani otad\u017ebina. Ustav Republike Kosovo je va\u0161 vodi\u010d, tako da \u0107ete se pridru\u017eiti redovima Policije da odlu\u010dno izvr\u0161ite odgovornost za odr\u017eavanje reda i javne bezbednosti na celoj teritoriji na\u0161e Republike kao i odgovornost za o\u010duvanje na\u0161e granice u saradnji sa svim na\u0161im saveznicima, koji su uvek stajali uz nas. Pretnje i opasnosti su na\u0161a svakodnevica, pa je neophodno da Republika Kosovo sa svojim institucijama bude punopravna \u010dlanica Interpola i Evropola. Biti policajac nije samo profesija, to je misija i razlog za okru\u017eenje u kome se svako ose\u0107a bezbedno i slobodno. Ovaj rad zahteva hrabrost u suo\u010davanju sa te\u0161ko\u0107ama, saose\u0107anje i podr\u0161ku u odre\u0111enim trenucima i nepokolebljivu posve\u0107enost zakletvi koju \u0107ete svi polo\u017eiti danas. Vi ste u uniformi, ali ste deo gra\u0111ana, jer \u0107ete slu\u017eiti njima, slu\u017ei\u0107ete svima nama, a pre svega slu\u017ei\u0107ete na\u0161oj Republici, \u010dine\u0107i da se svi ose\u0107amo bezbedno. Zapo\u010dinjete put pun izazova, ali znajte da ste nada onih kojima slu\u017eite! Nada svih na\u0161ih gra\u0111ana! Dok se konstantno suo\u010davamo sa bezbednosnim izazovima, ne zaboravimo da su i u ovim trenucima 5 policajaca na\u0161e Republike taoci jedne \u0161ovinisti\u010dke dr\u017eave, Srbije. Zato pozivamo sve na\u0161e saveznike da podignu glas i poja\u010daju svoje napore, da zaustave ovakva zlodela i \u0161ovinisti\u010dke akcije prema na\u0161im gra\u0111anima i prema na\u0161oj policiji. Ali, uverena sam da je dana\u0161nja zakletva i svih ovih kadeta, i ove multietni\u010dke grupe, najmo\u0107niji odgovor protiv takvih napora. U va\u0161im rukama, dragi kadeti, u va\u0161im rukama policajci na\u0161e Republike, le\u017ei budu\u0107nost na\u0161ih gra\u0111ana, pa je na vama da je oblikujete hrabro\u0161\u0107u, posve\u0107eno\u0161\u0107u i nepokolebljivom odlu\u010dno\u0161\u0107u, za sve na\u0161e gra\u0111ane, bez obzira na nacionalnu pripadnost. &nbsp; Bog vas blagoslovio na va\u0161em svetom putu! Dragi \u010dlanovi porodica, budite ponosni na na\u0161e sinove i k\u0107eri, svoje sinove i k\u0107eri, \u010duvare na\u0161e Republike! Bog vas blagoslovio! Hvala vam!<\/p>\n","protected":false},"author":11,"featured_media":103577,"comment_status":"open","ping_status":"closed","sticky":false,"template":"","format":"standard","meta":{"_eb_attr":"","footnotes":""},"categories":[106,101],"tags":[],"class_list":["post-103591","post","type-post","status-publish","format-standard","has-post-thumbnail","hentry","category-govori","category-vesti"],"yoast_head":"<!-- This site is optimized with the Yoast SEO plugin v23.5 - https:\/\/yoast.com\/wordpress\/plugins\/seo\/ -->\n<title>Govor predsednice Osmani na ceremoniji diplomiranja59. generacije Policije Kosova - Predsednik Republike Kosovo - DR. VJOSA OSMANI - SADRIU<\/title>\n<meta name=\"description\" content=\"Govor predsednice Osmani na ceremoniji diplomiranja59. generacije Policije Kosova - Predsednik Republike Kosovo - DR. VJOSA OSMANI - SADRIU -\" \/>\n<meta name=\"robots\" content=\"index, follow, max-snippet:-1, max-image-preview:large, max-video-preview:-1\" \/>\n<link rel=\"canonical\" href=\"https:\/\/president-ksgov.net\/sr\/govor-predsednice-osmani-na-ceremoniji-diplomiranja59-generacije-policije-kosova\/\" \/>\n<meta property=\"og:locale\" content=\"sr_RS\" \/>\n<meta property=\"og:type\" content=\"article\" \/>\n<meta property=\"og:title\" content=\"Govor predsednice Osmani na ceremoniji diplomiranja59. generacije Policije Kosova - Predsednik Republike Kosovo - DR. VJOSA OSMANI - SADRIU\" \/>\n<meta property=\"og:description\" content=\"Govor predsednice Osmani na ceremoniji diplomiranja59. generacije Policije Kosova - Predsednik Republike Kosovo - DR. VJOSA OSMANI - SADRIU -\" \/>\n<meta property=\"og:url\" content=\"https:\/\/president-ksgov.net\/sr\/govor-predsednice-osmani-na-ceremoniji-diplomiranja59-generacije-policije-kosova\/\" \/>\n<meta property=\"og:site_name\" content=\"Predsednik Republike Kosovo - DR. VJOSA OSMANI - SADRIU\" \/>\n<meta property=\"article:published_time\" content=\"2024-04-18T09:28:13+00:00\" \/>\n<meta property=\"article:modified_time\" content=\"2024-04-22T08:44:38+00:00\" \/>\n<meta property=\"og:image\" content=\"https:\/\/president-ksgov.net\/wp-content\/uploads\/18.4.24.-polici_1.jpg\" \/>\n\t<meta property=\"og:image:width\" content=\"2048\" \/>\n\t<meta property=\"og:image:height\" content=\"1365\" \/>\n\t<meta property=\"og:image:type\" content=\"image\/jpeg\" \/>\n<meta name=\"author\" content=\"presidentlogin\" \/>\n<meta name=\"twitter:card\" content=\"summary_large_image\" \/>\n<meta name=\"twitter:label1\" content=\"\u041d\u0430\u043f\u0438\u0441\u0430\u043d\u043e \u043e\u0434\" \/>\n\t<meta name=\"twitter:data1\" content=\"presidentlogin\" \/>\n\t<meta name=\"twitter:label2\" content=\"\u041f\u0440\u043e\u0446\u0435\u045a\u0435\u043d\u043e \u0432\u0440\u0435\u043c\u0435 \u0447\u0438\u0442\u0430\u045a\u0430\" \/>\n\t<meta name=\"twitter:data2\" content=\"3 \u043c\u0438\u043d\u0443\u0442\u0430\" \/>\n<script type=\"application\/ld+json\" class=\"yoast-schema-graph\">{\"@context\":\"https:\/\/schema.org\",\"@graph\":[{\"@type\":\"WebPage\",\"@id\":\"https:\/\/president-ksgov.net\/sr\/govor-predsednice-osmani-na-ceremoniji-diplomiranja59-generacije-policije-kosova\/\",\"url\":\"https:\/\/president-ksgov.net\/sr\/govor-predsednice-osmani-na-ceremoniji-diplomiranja59-generacije-policije-kosova\/\",\"name\":\"Govor predsednice Osmani na ceremoniji diplomiranja59. generacije Policije Kosova - Predsednik Republike Kosovo - DR. VJOSA OSMANI - SADRIU\",\"isPartOf\":{\"@id\":\"https:\/\/president-ksgov.net\/#website\"},\"primaryImageOfPage\":{\"@id\":\"https:\/\/president-ksgov.net\/sr\/govor-predsednice-osmani-na-ceremoniji-diplomiranja59-generacije-policije-kosova\/#primaryimage\"},\"image\":{\"@id\":\"https:\/\/president-ksgov.net\/sr\/govor-predsednice-osmani-na-ceremoniji-diplomiranja59-generacije-policije-kosova\/#primaryimage\"},\"thumbnailUrl\":\"https:\/\/president-ksgov.net\/wp-content\/uploads\/18.4.24.-polici_1.jpg\",\"datePublished\":\"2024-04-18T09:28:13+00:00\",\"dateModified\":\"2024-04-22T08:44:38+00:00\",\"author\":{\"@id\":\"https:\/\/president-ksgov.net\/#\/schema\/person\/1a2c014cffc81ec60d5a452a36d08d92\"},\"description\":\"Govor predsednice Osmani na ceremoniji diplomiranja59. generacije Policije Kosova - Predsednik Republike Kosovo - DR. VJOSA OSMANI - SADRIU -\",\"breadcrumb\":{\"@id\":\"https:\/\/president-ksgov.net\/sr\/govor-predsednice-osmani-na-ceremoniji-diplomiranja59-generacije-policije-kosova\/#breadcrumb\"},\"inLanguage\":\"sr-RS\",\"potentialAction\":[{\"@type\":\"ReadAction\",\"target\":[\"https:\/\/president-ksgov.net\/sr\/govor-predsednice-osmani-na-ceremoniji-diplomiranja59-generacije-policije-kosova\/\"]}]},{\"@type\":\"ImageObject\",\"inLanguage\":\"sr-RS\",\"@id\":\"https:\/\/president-ksgov.net\/sr\/govor-predsednice-osmani-na-ceremoniji-diplomiranja59-generacije-policije-kosova\/#primaryimage\",\"url\":\"https:\/\/president-ksgov.net\/wp-content\/uploads\/18.4.24.-polici_1.jpg\",\"contentUrl\":\"https:\/\/president-ksgov.net\/wp-content\/uploads\/18.4.24.-polici_1.jpg\",\"width\":2048,\"height\":1365},{\"@type\":\"BreadcrumbList\",\"@id\":\"https:\/\/president-ksgov.net\/sr\/govor-predsednice-osmani-na-ceremoniji-diplomiranja59-generacije-policije-kosova\/#breadcrumb\",\"itemListElement\":[{\"@type\":\"ListItem\",\"position\":1,\"name\":\"Home\",\"item\":\"https:\/\/president-ksgov.net\/sr\/\"},{\"@type\":\"ListItem\",\"position\":2,\"name\":\"Govor predsednice Osmani na ceremoniji diplomiranja59. generacije Policije Kosova\"}]},{\"@type\":\"WebSite\",\"@id\":\"https:\/\/president-ksgov.net\/#website\",\"url\":\"https:\/\/president-ksgov.net\/\",\"name\":\"Presidente e Republik\u00ebs s\u00eb Kosov\u00ebs\",\"description\":\"Presidente e Republik\u00ebs s\u00eb Kosov\u00ebs\",\"alternateName\":\"DR. VJOSA OSMANI - SADRIU\",\"potentialAction\":[{\"@type\":\"SearchAction\",\"target\":{\"@type\":\"EntryPoint\",\"urlTemplate\":\"https:\/\/president-ksgov.net\/?s={search_term_string}\"},\"query-input\":{\"@type\":\"PropertyValueSpecification\",\"valueRequired\":true,\"valueName\":\"search_term_string\"}}],\"inLanguage\":\"sr-RS\"},{\"@type\":\"Person\",\"@id\":\"https:\/\/president-ksgov.net\/#\/schema\/person\/1a2c014cffc81ec60d5a452a36d08d92\",\"name\":\"presidentlogin\",\"image\":{\"@type\":\"ImageObject\",\"inLanguage\":\"sr-RS\",\"@id\":\"https:\/\/president-ksgov.net\/#\/schema\/person\/image\/\",\"url\":\"https:\/\/secure.gravatar.com\/avatar\/339f00ab0a8a0d5ce1ecff10aa2b4a1f51f58bbd5a57793f8cd6ad624080d807?s=96&d=mm&r=g\",\"contentUrl\":\"https:\/\/secure.gravatar.com\/avatar\/339f00ab0a8a0d5ce1ecff10aa2b4a1f51f58bbd5a57793f8cd6ad624080d807?s=96&d=mm&r=g\",\"caption\":\"presidentlogin\"}}]}<\/script>\n<!-- \/ Yoast SEO plugin. -->","yoast_head_json":{"title":"Govor predsednice Osmani na ceremoniji diplomiranja59. generacije Policije Kosova - Predsednik Republike Kosovo - DR. VJOSA OSMANI - SADRIU","description":"Govor predsednice Osmani na ceremoniji diplomiranja59. generacije Policije Kosova - Predsednik Republike Kosovo - DR. VJOSA OSMANI - SADRIU -","robots":{"index":"index","follow":"follow","max-snippet":"max-snippet:-1","max-image-preview":"max-image-preview:large","max-video-preview":"max-video-preview:-1"},"canonical":"https:\/\/president-ksgov.net\/sr\/govor-predsednice-osmani-na-ceremoniji-diplomiranja59-generacije-policije-kosova\/","og_locale":"sr_RS","og_type":"article","og_title":"Govor predsednice Osmani na ceremoniji diplomiranja59. generacije Policije Kosova - Predsednik Republike Kosovo - DR. VJOSA OSMANI - SADRIU","og_description":"Govor predsednice Osmani na ceremoniji diplomiranja59. generacije Policije Kosova - Predsednik Republike Kosovo - DR. VJOSA OSMANI - SADRIU -","og_url":"https:\/\/president-ksgov.net\/sr\/govor-predsednice-osmani-na-ceremoniji-diplomiranja59-generacije-policije-kosova\/","og_site_name":"Predsednik Republike Kosovo - DR. VJOSA OSMANI - SADRIU","article_published_time":"2024-04-18T09:28:13+00:00","article_modified_time":"2024-04-22T08:44:38+00:00","og_image":[{"width":2048,"height":1365,"url":"https:\/\/president-ksgov.net\/wp-content\/uploads\/18.4.24.-polici_1.jpg","type":"image\/jpeg"}],"author":"presidentlogin","twitter_card":"summary_large_image","twitter_misc":{"\u041d\u0430\u043f\u0438\u0441\u0430\u043d\u043e \u043e\u0434":"presidentlogin","\u041f\u0440\u043e\u0446\u0435\u045a\u0435\u043d\u043e \u0432\u0440\u0435\u043c\u0435 \u0447\u0438\u0442\u0430\u045a\u0430":"3 \u043c\u0438\u043d\u0443\u0442\u0430"},"schema":{"@context":"https:\/\/schema.org","@graph":[{"@type":"WebPage","@id":"https:\/\/president-ksgov.net\/sr\/govor-predsednice-osmani-na-ceremoniji-diplomiranja59-generacije-policije-kosova\/","url":"https:\/\/president-ksgov.net\/sr\/govor-predsednice-osmani-na-ceremoniji-diplomiranja59-generacije-policije-kosova\/","name":"Govor predsednice Osmani na ceremoniji diplomiranja59. generacije Policije Kosova - Predsednik Republike Kosovo - DR. VJOSA OSMANI - SADRIU","isPartOf":{"@id":"https:\/\/president-ksgov.net\/#website"},"primaryImageOfPage":{"@id":"https:\/\/president-ksgov.net\/sr\/govor-predsednice-osmani-na-ceremoniji-diplomiranja59-generacije-policije-kosova\/#primaryimage"},"image":{"@id":"https:\/\/president-ksgov.net\/sr\/govor-predsednice-osmani-na-ceremoniji-diplomiranja59-generacije-policije-kosova\/#primaryimage"},"thumbnailUrl":"https:\/\/president-ksgov.net\/wp-content\/uploads\/18.4.24.-polici_1.jpg","datePublished":"2024-04-18T09:28:13+00:00","dateModified":"2024-04-22T08:44:38+00:00","author":{"@id":"https:\/\/president-ksgov.net\/#\/schema\/person\/1a2c014cffc81ec60d5a452a36d08d92"},"description":"Govor predsednice Osmani na ceremoniji diplomiranja59. generacije Policije Kosova - Predsednik Republike Kosovo - DR. VJOSA OSMANI - SADRIU -","breadcrumb":{"@id":"https:\/\/president-ksgov.net\/sr\/govor-predsednice-osmani-na-ceremoniji-diplomiranja59-generacije-policije-kosova\/#breadcrumb"},"inLanguage":"sr-RS","potentialAction":[{"@type":"ReadAction","target":["https:\/\/president-ksgov.net\/sr\/govor-predsednice-osmani-na-ceremoniji-diplomiranja59-generacije-policije-kosova\/"]}]},{"@type":"ImageObject","inLanguage":"sr-RS","@id":"https:\/\/president-ksgov.net\/sr\/govor-predsednice-osmani-na-ceremoniji-diplomiranja59-generacije-policije-kosova\/#primaryimage","url":"https:\/\/president-ksgov.net\/wp-content\/uploads\/18.4.24.-polici_1.jpg","contentUrl":"https:\/\/president-ksgov.net\/wp-content\/uploads\/18.4.24.-polici_1.jpg","width":2048,"height":1365},{"@type":"BreadcrumbList","@id":"https:\/\/president-ksgov.net\/sr\/govor-predsednice-osmani-na-ceremoniji-diplomiranja59-generacije-policije-kosova\/#breadcrumb","itemListElement":[{"@type":"ListItem","position":1,"name":"Home","item":"https:\/\/president-ksgov.net\/sr\/"},{"@type":"ListItem","position":2,"name":"Govor predsednice Osmani na ceremoniji diplomiranja59. generacije Policije Kosova"}]},{"@type":"WebSite","@id":"https:\/\/president-ksgov.net\/#website","url":"https:\/\/president-ksgov.net\/","name":"Presidente e Republik\u00ebs s\u00eb Kosov\u00ebs","description":"Presidente e Republik\u00ebs s\u00eb Kosov\u00ebs","alternateName":"DR. VJOSA OSMANI - SADRIU","potentialAction":[{"@type":"SearchAction","target":{"@type":"EntryPoint","urlTemplate":"https:\/\/president-ksgov.net\/?s={search_term_string}"},"query-input":{"@type":"PropertyValueSpecification","valueRequired":true,"valueName":"search_term_string"}}],"inLanguage":"sr-RS"},{"@type":"Person","@id":"https:\/\/president-ksgov.net\/#\/schema\/person\/1a2c014cffc81ec60d5a452a36d08d92","name":"presidentlogin","image":{"@type":"ImageObject","inLanguage":"sr-RS","@id":"https:\/\/president-ksgov.net\/#\/schema\/person\/image\/","url":"https:\/\/secure.gravatar.com\/avatar\/339f00ab0a8a0d5ce1ecff10aa2b4a1f51f58bbd5a57793f8cd6ad624080d807?s=96&d=mm&r=g","contentUrl":"https:\/\/secure.gravatar.com\/avatar\/339f00ab0a8a0d5ce1ecff10aa2b4a1f51f58bbd5a57793f8cd6ad624080d807?s=96&d=mm&r=g","caption":"presidentlogin"}}]}},"_links":{"self":[{"href":"https:\/\/president-ksgov.net\/sr\/wp-json\/wp\/v2\/posts\/103591","targetHints":{"allow":["GET"]}}],"collection":[{"href":"https:\/\/president-ksgov.net\/sr\/wp-json\/wp\/v2\/posts"}],"about":[{"href":"https:\/\/president-ksgov.net\/sr\/wp-json\/wp\/v2\/types\/post"}],"author":[{"embeddable":true,"href":"https:\/\/president-ksgov.net\/sr\/wp-json\/wp\/v2\/users\/11"}],"replies":[{"embeddable":true,"href":"https:\/\/president-ksgov.net\/sr\/wp-json\/wp\/v2\/comments?post=103591"}],"version-history":[{"count":1,"href":"https:\/\/president-ksgov.net\/sr\/wp-json\/wp\/v2\/posts\/103591\/revisions"}],"predecessor-version":[{"id":103592,"href":"https:\/\/president-ksgov.net\/sr\/wp-json\/wp\/v2\/posts\/103591\/revisions\/103592"}],"wp:featuredmedia":[{"embeddable":true,"href":"https:\/\/president-ksgov.net\/sr\/wp-json\/wp\/v2\/media\/103577"}],"wp:attachment":[{"href":"https:\/\/president-ksgov.net\/sr\/wp-json\/wp\/v2\/media?parent=103591"}],"wp:term":[{"taxonomy":"category","embeddable":true,"href":"https:\/\/president-ksgov.net\/sr\/wp-json\/wp\/v2\/categories?post=103591"},{"taxonomy":"post_tag","embeddable":true,"href":"https:\/\/president-ksgov.net\/sr\/wp-json\/wp\/v2\/tags?post=103591"}],"curies":[{"name":"wp","href":"https:\/\/api.w.org\/{rel}","templated":true}]}}