{"id":103463,"date":"2024-04-13T13:20:37","date_gmt":"2024-04-13T11:20:37","guid":{"rendered":"https:\/\/president-ksgov.net\/?p=103463"},"modified":"2024-04-17T09:04:43","modified_gmt":"2024-04-17T07:04:43","slug":"predsednica-osmani-post-mortem-odlikovala-pripadnika-ovk-francesca-bidera-ordenom-heroja-kosova","status":"publish","type":"post","link":"https:\/\/president-ksgov.net\/sr\/predsednica-osmani-post-mortem-odlikovala-pripadnika-ovk-francesca-bidera-ordenom-heroja-kosova\/","title":{"rendered":"Predsednica Osmani post mortem odlikovala pripadnika OVK Francesca Bidera ordenom \u201eHeroja Kosova\u201c"},"content":{"rendered":"<p>U okviru aktivnosti tradicionalne manifestacije \u201eDit\u00ebt e Shqipes 2024\u201c, predsednica Republike Kosovo Vjosa Osmani odlikovala je ju\u010de pripadnika 138. brigade \u201eAgim Ramadani\u201c Francesca Giuseppe Bidera oredenom \u201eHeroj Kosova\u201c uz motivaciju za hrabrost i \u017ertvu za slobodu Kosova.<\/p>\n<p>Predsednica Osmani uru\u010dila je orden bratu heroja g. Alfredu Bideru, u pratnji \u010dlanova porodice i biv\u0161ih vo\u0111a 138. brigade \u201eAgim Ramadani\u201c i bitke na Ko\u0161arama.<\/p>\n<p>Predsednica Osmani je istakla da je heroj Francesco Bider verovao u slobodu na\u0161eg naroda i budu\u0107nost na\u0161e dece.<\/p>\n<p>\u201eUpravo su slike ubistava, spaljivanja, stradanja raseljenih, slike izbegli\u010dkih kampova i sva stra\u0161na stvarnost kroz koju je pro\u0161ao na\u0161 narod pod genocidnim re\u017eimom Milo\u0161evi\u0107a ono \u0161to je nagnalo Francesca da se pridru\u017ei OVK u borbi za oslobo\u0111enje Kosova, gde je i pao mu\u010deni\u010dki\u201c, rekla je predsednica Osmani.<\/p>\n<p>Prema re\u010dima predsednice Osmani, sve pripadnike OVK ujedinilo je pitanje slobode i pravde protiv tiranije, genocida i ugnjetavanja.<\/p>\n","protected":false},"excerpt":{"rendered":"<p>U okviru aktivnosti tradicionalne manifestacije \u201eDit\u00ebt e Shqipes 2024\u201c, predsednica Republike Kosovo Vjosa Osmani odlikovala je ju\u010de pripadnika 138. brigade \u201eAgim Ramadani\u201c Francesca Giuseppe Bidera oredenom \u201eHeroj Kosova\u201c uz motivaciju za hrabrost i \u017ertvu za slobodu Kosova. Predsednica Osmani uru\u010dila je orden bratu heroja g. Alfredu Bideru, u pratnji \u010dlanova porodice i biv\u0161ih vo\u0111a 138. brigade \u201eAgim Ramadani\u201c i bitke na Ko\u0161arama. Predsednica Osmani je istakla da je heroj Francesco Bider verovao u slobodu na\u0161eg naroda i budu\u0107nost na\u0161e dece. \u201eUpravo su slike ubistava, spaljivanja, stradanja raseljenih, slike izbegli\u010dkih kampova i sva stra\u0161na stvarnost kroz koju je pro\u0161ao na\u0161 narod pod genocidnim re\u017eimom Milo\u0161evi\u0107a ono \u0161to je nagnalo Francesca da se pridru\u017ei OVK u borbi za oslobo\u0111enje Kosova, gde je i pao mu\u010deni\u010dki\u201c, rekla je predsednica Osmani. Prema re\u010dima predsednice Osmani, sve pripadnike OVK ujedinilo je pitanje slobode i pravde protiv tiranije, genocida i ugnjetavanja.<\/p>\n","protected":false},"author":11,"featured_media":103302,"comment_status":"open","ping_status":"closed","sticky":false,"template":"","format":"standard","meta":{"_eb_attr":"","footnotes":""},"categories":[101],"tags":[],"class_list":["post-103463","post","type-post","status-publish","format-standard","has-post-thumbnail","hentry","category-vesti"],"yoast_head":"<!-- This site is optimized with the Yoast SEO plugin v23.5 - https:\/\/yoast.com\/wordpress\/plugins\/seo\/ -->\n<title>Predsednica Osmani post mortem odlikovala pripadnika OVK Francesca Bidera ordenom \u201eHeroja Kosova\u201c - Predsednik Republike Kosovo - DR. VJOSA OSMANI - SADRIU<\/title>\n<meta name=\"description\" content=\"Predsednica Osmani post mortem odlikovala pripadnika OVK Francesca Bidera ordenom \u201eHeroja Kosova\u201c - Predsednik Republike Kosovo - DR. VJOSA OSMANI - SADRIU -\" \/>\n<meta name=\"robots\" content=\"index, follow, max-snippet:-1, max-image-preview:large, max-video-preview:-1\" \/>\n<link rel=\"canonical\" href=\"https:\/\/president-ksgov.net\/sr\/predsednica-osmani-post-mortem-odlikovala-pripadnika-ovk-francesca-bidera-ordenom-heroja-kosova\/\" \/>\n<meta property=\"og:locale\" content=\"sr_RS\" \/>\n<meta property=\"og:type\" content=\"article\" \/>\n<meta property=\"og:title\" content=\"Predsednica Osmani post mortem odlikovala pripadnika OVK Francesca Bidera ordenom \u201eHeroja Kosova\u201c - Predsednik Republike Kosovo - DR. VJOSA OSMANI - SADRIU\" \/>\n<meta property=\"og:description\" content=\"Predsednica Osmani post mortem odlikovala pripadnika OVK Francesca Bidera ordenom \u201eHeroja Kosova\u201c - Predsednik Republike Kosovo - DR. VJOSA OSMANI - SADRIU -\" \/>\n<meta property=\"og:url\" content=\"https:\/\/president-ksgov.net\/sr\/predsednica-osmani-post-mortem-odlikovala-pripadnika-ovk-francesca-bidera-ordenom-heroja-kosova\/\" \/>\n<meta property=\"og:site_name\" content=\"Predsednik Republike Kosovo - DR. VJOSA OSMANI - SADRIU\" \/>\n<meta property=\"article:published_time\" content=\"2024-04-13T11:20:37+00:00\" \/>\n<meta property=\"article:modified_time\" content=\"2024-04-17T07:04:43+00:00\" \/>\n<meta property=\"og:image\" content=\"https:\/\/president-ksgov.net\/wp-content\/uploads\/1000006919.jpg\" \/>\n\t<meta property=\"og:image:width\" content=\"2000\" \/>\n\t<meta property=\"og:image:height\" content=\"1332\" \/>\n\t<meta property=\"og:image:type\" content=\"image\/jpeg\" \/>\n<meta name=\"author\" content=\"presidentlogin\" \/>\n<meta name=\"twitter:card\" content=\"summary_large_image\" \/>\n<meta name=\"twitter:label1\" content=\"\u041d\u0430\u043f\u0438\u0441\u0430\u043d\u043e \u043e\u0434\" \/>\n\t<meta name=\"twitter:data1\" content=\"presidentlogin\" \/>\n\t<meta name=\"twitter:label2\" content=\"\u041f\u0440\u043e\u0446\u0435\u045a\u0435\u043d\u043e \u0432\u0440\u0435\u043c\u0435 \u0447\u0438\u0442\u0430\u045a\u0430\" \/>\n\t<meta name=\"twitter:data2\" content=\"1 \u043c\u0438\u043d\u0443\u0442\" \/>\n<script type=\"application\/ld+json\" class=\"yoast-schema-graph\">{\"@context\":\"https:\/\/schema.org\",\"@graph\":[{\"@type\":\"WebPage\",\"@id\":\"https:\/\/president-ksgov.net\/sr\/predsednica-osmani-post-mortem-odlikovala-pripadnika-ovk-francesca-bidera-ordenom-heroja-kosova\/\",\"url\":\"https:\/\/president-ksgov.net\/sr\/predsednica-osmani-post-mortem-odlikovala-pripadnika-ovk-francesca-bidera-ordenom-heroja-kosova\/\",\"name\":\"Predsednica Osmani post mortem odlikovala pripadnika OVK Francesca Bidera ordenom \u201eHeroja Kosova\u201c - Predsednik Republike Kosovo - DR. VJOSA OSMANI - SADRIU\",\"isPartOf\":{\"@id\":\"https:\/\/president-ksgov.net\/#website\"},\"primaryImageOfPage\":{\"@id\":\"https:\/\/president-ksgov.net\/sr\/predsednica-osmani-post-mortem-odlikovala-pripadnika-ovk-francesca-bidera-ordenom-heroja-kosova\/#primaryimage\"},\"image\":{\"@id\":\"https:\/\/president-ksgov.net\/sr\/predsednica-osmani-post-mortem-odlikovala-pripadnika-ovk-francesca-bidera-ordenom-heroja-kosova\/#primaryimage\"},\"thumbnailUrl\":\"https:\/\/president-ksgov.net\/wp-content\/uploads\/1000006919.jpg\",\"datePublished\":\"2024-04-13T11:20:37+00:00\",\"dateModified\":\"2024-04-17T07:04:43+00:00\",\"author\":{\"@id\":\"https:\/\/president-ksgov.net\/#\/schema\/person\/1a2c014cffc81ec60d5a452a36d08d92\"},\"description\":\"Predsednica Osmani post mortem odlikovala pripadnika OVK Francesca Bidera ordenom \u201eHeroja Kosova\u201c - Predsednik Republike Kosovo - DR. VJOSA OSMANI - SADRIU -\",\"breadcrumb\":{\"@id\":\"https:\/\/president-ksgov.net\/sr\/predsednica-osmani-post-mortem-odlikovala-pripadnika-ovk-francesca-bidera-ordenom-heroja-kosova\/#breadcrumb\"},\"inLanguage\":\"sr-RS\",\"potentialAction\":[{\"@type\":\"ReadAction\",\"target\":[\"https:\/\/president-ksgov.net\/sr\/predsednica-osmani-post-mortem-odlikovala-pripadnika-ovk-francesca-bidera-ordenom-heroja-kosova\/\"]}]},{\"@type\":\"ImageObject\",\"inLanguage\":\"sr-RS\",\"@id\":\"https:\/\/president-ksgov.net\/sr\/predsednica-osmani-post-mortem-odlikovala-pripadnika-ovk-francesca-bidera-ordenom-heroja-kosova\/#primaryimage\",\"url\":\"https:\/\/president-ksgov.net\/wp-content\/uploads\/1000006919.jpg\",\"contentUrl\":\"https:\/\/president-ksgov.net\/wp-content\/uploads\/1000006919.jpg\",\"width\":2000,\"height\":1332},{\"@type\":\"BreadcrumbList\",\"@id\":\"https:\/\/president-ksgov.net\/sr\/predsednica-osmani-post-mortem-odlikovala-pripadnika-ovk-francesca-bidera-ordenom-heroja-kosova\/#breadcrumb\",\"itemListElement\":[{\"@type\":\"ListItem\",\"position\":1,\"name\":\"Home\",\"item\":\"https:\/\/president-ksgov.net\/sr\/\"},{\"@type\":\"ListItem\",\"position\":2,\"name\":\"Predsednica Osmani post mortem odlikovala pripadnika OVK Francesca Bidera ordenom \u201eHeroja Kosova\u201c\"}]},{\"@type\":\"WebSite\",\"@id\":\"https:\/\/president-ksgov.net\/#website\",\"url\":\"https:\/\/president-ksgov.net\/\",\"name\":\"Presidente e Republik\u00ebs s\u00eb Kosov\u00ebs\",\"description\":\"Presidente e Republik\u00ebs s\u00eb Kosov\u00ebs\",\"alternateName\":\"DR. VJOSA OSMANI - SADRIU\",\"potentialAction\":[{\"@type\":\"SearchAction\",\"target\":{\"@type\":\"EntryPoint\",\"urlTemplate\":\"https:\/\/president-ksgov.net\/?s={search_term_string}\"},\"query-input\":{\"@type\":\"PropertyValueSpecification\",\"valueRequired\":true,\"valueName\":\"search_term_string\"}}],\"inLanguage\":\"sr-RS\"},{\"@type\":\"Person\",\"@id\":\"https:\/\/president-ksgov.net\/#\/schema\/person\/1a2c014cffc81ec60d5a452a36d08d92\",\"name\":\"presidentlogin\",\"image\":{\"@type\":\"ImageObject\",\"inLanguage\":\"sr-RS\",\"@id\":\"https:\/\/president-ksgov.net\/#\/schema\/person\/image\/\",\"url\":\"https:\/\/secure.gravatar.com\/avatar\/339f00ab0a8a0d5ce1ecff10aa2b4a1f51f58bbd5a57793f8cd6ad624080d807?s=96&d=mm&r=g\",\"contentUrl\":\"https:\/\/secure.gravatar.com\/avatar\/339f00ab0a8a0d5ce1ecff10aa2b4a1f51f58bbd5a57793f8cd6ad624080d807?s=96&d=mm&r=g\",\"caption\":\"presidentlogin\"}}]}<\/script>\n<!-- \/ Yoast SEO plugin. -->","yoast_head_json":{"title":"Predsednica Osmani post mortem odlikovala pripadnika OVK Francesca Bidera ordenom \u201eHeroja Kosova\u201c - Predsednik Republike Kosovo - DR. VJOSA OSMANI - SADRIU","description":"Predsednica Osmani post mortem odlikovala pripadnika OVK Francesca Bidera ordenom \u201eHeroja Kosova\u201c - Predsednik Republike Kosovo - DR. VJOSA OSMANI - SADRIU -","robots":{"index":"index","follow":"follow","max-snippet":"max-snippet:-1","max-image-preview":"max-image-preview:large","max-video-preview":"max-video-preview:-1"},"canonical":"https:\/\/president-ksgov.net\/sr\/predsednica-osmani-post-mortem-odlikovala-pripadnika-ovk-francesca-bidera-ordenom-heroja-kosova\/","og_locale":"sr_RS","og_type":"article","og_title":"Predsednica Osmani post mortem odlikovala pripadnika OVK Francesca Bidera ordenom \u201eHeroja Kosova\u201c - Predsednik Republike Kosovo - DR. VJOSA OSMANI - SADRIU","og_description":"Predsednica Osmani post mortem odlikovala pripadnika OVK Francesca Bidera ordenom \u201eHeroja Kosova\u201c - Predsednik Republike Kosovo - DR. VJOSA OSMANI - SADRIU -","og_url":"https:\/\/president-ksgov.net\/sr\/predsednica-osmani-post-mortem-odlikovala-pripadnika-ovk-francesca-bidera-ordenom-heroja-kosova\/","og_site_name":"Predsednik Republike Kosovo - DR. VJOSA OSMANI - SADRIU","article_published_time":"2024-04-13T11:20:37+00:00","article_modified_time":"2024-04-17T07:04:43+00:00","og_image":[{"width":2000,"height":1332,"url":"https:\/\/president-ksgov.net\/wp-content\/uploads\/1000006919.jpg","type":"image\/jpeg"}],"author":"presidentlogin","twitter_card":"summary_large_image","twitter_misc":{"\u041d\u0430\u043f\u0438\u0441\u0430\u043d\u043e \u043e\u0434":"presidentlogin","\u041f\u0440\u043e\u0446\u0435\u045a\u0435\u043d\u043e \u0432\u0440\u0435\u043c\u0435 \u0447\u0438\u0442\u0430\u045a\u0430":"1 \u043c\u0438\u043d\u0443\u0442"},"schema":{"@context":"https:\/\/schema.org","@graph":[{"@type":"WebPage","@id":"https:\/\/president-ksgov.net\/sr\/predsednica-osmani-post-mortem-odlikovala-pripadnika-ovk-francesca-bidera-ordenom-heroja-kosova\/","url":"https:\/\/president-ksgov.net\/sr\/predsednica-osmani-post-mortem-odlikovala-pripadnika-ovk-francesca-bidera-ordenom-heroja-kosova\/","name":"Predsednica Osmani post mortem odlikovala pripadnika OVK Francesca Bidera ordenom \u201eHeroja Kosova\u201c - Predsednik Republike Kosovo - DR. VJOSA OSMANI - SADRIU","isPartOf":{"@id":"https:\/\/president-ksgov.net\/#website"},"primaryImageOfPage":{"@id":"https:\/\/president-ksgov.net\/sr\/predsednica-osmani-post-mortem-odlikovala-pripadnika-ovk-francesca-bidera-ordenom-heroja-kosova\/#primaryimage"},"image":{"@id":"https:\/\/president-ksgov.net\/sr\/predsednica-osmani-post-mortem-odlikovala-pripadnika-ovk-francesca-bidera-ordenom-heroja-kosova\/#primaryimage"},"thumbnailUrl":"https:\/\/president-ksgov.net\/wp-content\/uploads\/1000006919.jpg","datePublished":"2024-04-13T11:20:37+00:00","dateModified":"2024-04-17T07:04:43+00:00","author":{"@id":"https:\/\/president-ksgov.net\/#\/schema\/person\/1a2c014cffc81ec60d5a452a36d08d92"},"description":"Predsednica Osmani post mortem odlikovala pripadnika OVK Francesca Bidera ordenom \u201eHeroja Kosova\u201c - Predsednik Republike Kosovo - DR. VJOSA OSMANI - SADRIU -","breadcrumb":{"@id":"https:\/\/president-ksgov.net\/sr\/predsednica-osmani-post-mortem-odlikovala-pripadnika-ovk-francesca-bidera-ordenom-heroja-kosova\/#breadcrumb"},"inLanguage":"sr-RS","potentialAction":[{"@type":"ReadAction","target":["https:\/\/president-ksgov.net\/sr\/predsednica-osmani-post-mortem-odlikovala-pripadnika-ovk-francesca-bidera-ordenom-heroja-kosova\/"]}]},{"@type":"ImageObject","inLanguage":"sr-RS","@id":"https:\/\/president-ksgov.net\/sr\/predsednica-osmani-post-mortem-odlikovala-pripadnika-ovk-francesca-bidera-ordenom-heroja-kosova\/#primaryimage","url":"https:\/\/president-ksgov.net\/wp-content\/uploads\/1000006919.jpg","contentUrl":"https:\/\/president-ksgov.net\/wp-content\/uploads\/1000006919.jpg","width":2000,"height":1332},{"@type":"BreadcrumbList","@id":"https:\/\/president-ksgov.net\/sr\/predsednica-osmani-post-mortem-odlikovala-pripadnika-ovk-francesca-bidera-ordenom-heroja-kosova\/#breadcrumb","itemListElement":[{"@type":"ListItem","position":1,"name":"Home","item":"https:\/\/president-ksgov.net\/sr\/"},{"@type":"ListItem","position":2,"name":"Predsednica Osmani post mortem odlikovala pripadnika OVK Francesca Bidera ordenom \u201eHeroja Kosova\u201c"}]},{"@type":"WebSite","@id":"https:\/\/president-ksgov.net\/#website","url":"https:\/\/president-ksgov.net\/","name":"Presidente e Republik\u00ebs s\u00eb Kosov\u00ebs","description":"Presidente e Republik\u00ebs s\u00eb Kosov\u00ebs","alternateName":"DR. VJOSA OSMANI - SADRIU","potentialAction":[{"@type":"SearchAction","target":{"@type":"EntryPoint","urlTemplate":"https:\/\/president-ksgov.net\/?s={search_term_string}"},"query-input":{"@type":"PropertyValueSpecification","valueRequired":true,"valueName":"search_term_string"}}],"inLanguage":"sr-RS"},{"@type":"Person","@id":"https:\/\/president-ksgov.net\/#\/schema\/person\/1a2c014cffc81ec60d5a452a36d08d92","name":"presidentlogin","image":{"@type":"ImageObject","inLanguage":"sr-RS","@id":"https:\/\/president-ksgov.net\/#\/schema\/person\/image\/","url":"https:\/\/secure.gravatar.com\/avatar\/339f00ab0a8a0d5ce1ecff10aa2b4a1f51f58bbd5a57793f8cd6ad624080d807?s=96&d=mm&r=g","contentUrl":"https:\/\/secure.gravatar.com\/avatar\/339f00ab0a8a0d5ce1ecff10aa2b4a1f51f58bbd5a57793f8cd6ad624080d807?s=96&d=mm&r=g","caption":"presidentlogin"}}]}},"_links":{"self":[{"href":"https:\/\/president-ksgov.net\/sr\/wp-json\/wp\/v2\/posts\/103463","targetHints":{"allow":["GET"]}}],"collection":[{"href":"https:\/\/president-ksgov.net\/sr\/wp-json\/wp\/v2\/posts"}],"about":[{"href":"https:\/\/president-ksgov.net\/sr\/wp-json\/wp\/v2\/types\/post"}],"author":[{"embeddable":true,"href":"https:\/\/president-ksgov.net\/sr\/wp-json\/wp\/v2\/users\/11"}],"replies":[{"embeddable":true,"href":"https:\/\/president-ksgov.net\/sr\/wp-json\/wp\/v2\/comments?post=103463"}],"version-history":[{"count":1,"href":"https:\/\/president-ksgov.net\/sr\/wp-json\/wp\/v2\/posts\/103463\/revisions"}],"predecessor-version":[{"id":103464,"href":"https:\/\/president-ksgov.net\/sr\/wp-json\/wp\/v2\/posts\/103463\/revisions\/103464"}],"wp:featuredmedia":[{"embeddable":true,"href":"https:\/\/president-ksgov.net\/sr\/wp-json\/wp\/v2\/media\/103302"}],"wp:attachment":[{"href":"https:\/\/president-ksgov.net\/sr\/wp-json\/wp\/v2\/media?parent=103463"}],"wp:term":[{"taxonomy":"category","embeddable":true,"href":"https:\/\/president-ksgov.net\/sr\/wp-json\/wp\/v2\/categories?post=103463"},{"taxonomy":"post_tag","embeddable":true,"href":"https:\/\/president-ksgov.net\/sr\/wp-json\/wp\/v2\/tags?post=103463"}],"curies":[{"name":"wp","href":"https:\/\/api.w.org\/{rel}","templated":true}]}}