{"id":103245,"date":"2024-04-05T19:01:27","date_gmt":"2024-04-05T17:01:27","guid":{"rendered":"https:\/\/president-ksgov.net\/?p=103245"},"modified":"2024-04-06T23:37:21","modified_gmt":"2024-04-06T21:37:21","slug":"predsednica-osmani-imenovala-gdu-leartu-hollaj-za-seficu-kabineta","status":"publish","type":"post","link":"https:\/\/president-ksgov.net\/sr\/predsednica-osmani-imenovala-gdu-leartu-hollaj-za-seficu-kabineta\/","title":{"rendered":"Predsednica Osmani imenovala g\u0111u Leartu Hollaj za \u0161eficu kabineta"},"content":{"rendered":"<p>Predsednica Republike Kosovo Vjosa Osmani imenovala je za \u0161eficu kabineta g\u0111u Leartu Hollaj, koja je do sada obavljala funkciju zamenice \u0161efa Kabineta predsednice.<\/p>\n<p>Learta Hollaj se pridru\u017eila timu predsednice Osmani pre \u010detiri godine, prvo kao savetnica predsednice Skup\u0161tine Kosova, a potom i kao zamenica \u0161efa Kabineta predsednice.<\/p>\n<p>U ovom periodu anga\u017eovanje g\u0111e Hollaj je bilo fokusirano na spoljnu politiku, politike u oblasti odr\u017eivog razvoja, energetski sektor, kao i na unapre\u0111enje agende za \u017eene, mir i bezbednost. Gospo\u0111a Hollaj ima vi\u0161egodi\u0161nje iskustvo u civilnom dru\u0161tvu na Kosovu, sa ekspertizom u oblasti demokratskog upravljanja, energetskog sektora, za\u0161tite \u017eivotne sredine i istra\u017eivanja javnog zastupanja u oblasti javnih politika.<\/p>\n<p>Osnovne studije g\u0111a Hollaj zavr\u0161ila je na RIT Kosova u Pri\u0161tini, dok je master studije zavr\u0161ila na Univerzitetu Centralne Evrope u Budimpe\u0161ti.<\/p>\n<p>Predsednica Osmani je zahvalila g\u0111i Hollaj na dosada\u0161njem anga\u017eovanju na poziciji zamenice \u0161efa kabineta i po\u017eelela joj je uspeh u ispunjavanju ciljeva predsednice i njenog kabineta na novoimenovanoj funkciji.<\/p>\n","protected":false},"excerpt":{"rendered":"<p>Predsednica Republike Kosovo Vjosa Osmani imenovala je za \u0161eficu kabineta g\u0111u Leartu Hollaj, koja je do sada obavljala funkciju zamenice \u0161efa Kabineta predsednice. Learta Hollaj se pridru\u017eila timu predsednice Osmani pre \u010detiri godine, prvo kao savetnica predsednice Skup\u0161tine Kosova, a potom i kao zamenica \u0161efa Kabineta predsednice. U ovom periodu anga\u017eovanje g\u0111e Hollaj je bilo fokusirano na spoljnu politiku, politike u oblasti odr\u017eivog razvoja, energetski sektor, kao i na unapre\u0111enje agende za \u017eene, mir i bezbednost. Gospo\u0111a Hollaj ima vi\u0161egodi\u0161nje iskustvo u civilnom dru\u0161tvu na Kosovu, sa ekspertizom u oblasti demokratskog upravljanja, energetskog sektora, za\u0161tite \u017eivotne sredine i istra\u017eivanja javnog zastupanja u oblasti javnih politika. Osnovne studije g\u0111a Hollaj zavr\u0161ila je na RIT Kosova u Pri\u0161tini, dok je master studije zavr\u0161ila na Univerzitetu Centralne Evrope u Budimpe\u0161ti. Predsednica Osmani je zahvalila g\u0111i Hollaj na dosada\u0161njem anga\u017eovanju na poziciji zamenice \u0161efa kabineta i po\u017eelela joj je uspeh u ispunjavanju ciljeva predsednice i njenog kabineta na novoimenovanoj funkciji.<\/p>\n","protected":false},"author":11,"featured_media":103228,"comment_status":"open","ping_status":"closed","sticky":false,"template":"","format":"standard","meta":{"_eb_attr":"","footnotes":""},"categories":[101],"tags":[],"class_list":["post-103245","post","type-post","status-publish","format-standard","has-post-thumbnail","hentry","category-vesti"],"yoast_head":"<!-- This site is optimized with the Yoast SEO plugin v23.5 - https:\/\/yoast.com\/wordpress\/plugins\/seo\/ -->\n<title>Predsednica Osmani imenovala g\u0111u Leartu Hollaj za \u0161eficu kabineta - Predsednik Republike Kosovo - DR. VJOSA OSMANI - SADRIU<\/title>\n<meta name=\"description\" content=\"Predsednica Osmani imenovala g\u0111u Leartu Hollaj za \u0161eficu kabineta - Predsednik Republike Kosovo - DR. VJOSA OSMANI - SADRIU -\" \/>\n<meta name=\"robots\" content=\"index, follow, max-snippet:-1, max-image-preview:large, max-video-preview:-1\" \/>\n<link rel=\"canonical\" href=\"https:\/\/president-ksgov.net\/sr\/predsednica-osmani-imenovala-gdu-leartu-hollaj-za-seficu-kabineta\/\" \/>\n<meta property=\"og:locale\" content=\"sr_RS\" \/>\n<meta property=\"og:type\" content=\"article\" \/>\n<meta property=\"og:title\" content=\"Predsednica Osmani imenovala g\u0111u Leartu Hollaj za \u0161eficu kabineta - Predsednik Republike Kosovo - DR. VJOSA OSMANI - SADRIU\" \/>\n<meta property=\"og:description\" content=\"Predsednica Osmani imenovala g\u0111u Leartu Hollaj za \u0161eficu kabineta - Predsednik Republike Kosovo - DR. VJOSA OSMANI - SADRIU -\" \/>\n<meta property=\"og:url\" content=\"https:\/\/president-ksgov.net\/sr\/predsednica-osmani-imenovala-gdu-leartu-hollaj-za-seficu-kabineta\/\" \/>\n<meta property=\"og:site_name\" content=\"Predsednik Republike Kosovo - DR. VJOSA OSMANI - SADRIU\" \/>\n<meta property=\"article:published_time\" content=\"2024-04-05T17:01:27+00:00\" \/>\n<meta property=\"article:modified_time\" content=\"2024-04-06T21:37:21+00:00\" \/>\n<meta property=\"og:image\" content=\"https:\/\/president-ksgov.net\/wp-content\/uploads\/1000006327.jpg\" \/>\n\t<meta property=\"og:image:width\" content=\"1502\" \/>\n\t<meta property=\"og:image:height\" content=\"1600\" \/>\n\t<meta property=\"og:image:type\" content=\"image\/jpeg\" \/>\n<meta name=\"author\" content=\"presidentlogin\" \/>\n<meta name=\"twitter:card\" content=\"summary_large_image\" \/>\n<meta name=\"twitter:label1\" content=\"\u041d\u0430\u043f\u0438\u0441\u0430\u043d\u043e \u043e\u0434\" \/>\n\t<meta name=\"twitter:data1\" content=\"presidentlogin\" \/>\n\t<meta name=\"twitter:label2\" content=\"\u041f\u0440\u043e\u0446\u0435\u045a\u0435\u043d\u043e \u0432\u0440\u0435\u043c\u0435 \u0447\u0438\u0442\u0430\u045a\u0430\" \/>\n\t<meta name=\"twitter:data2\" content=\"2 \u043c\u0438\u043d\u0443\u0442\u0430\" \/>\n<script type=\"application\/ld+json\" class=\"yoast-schema-graph\">{\"@context\":\"https:\/\/schema.org\",\"@graph\":[{\"@type\":\"WebPage\",\"@id\":\"https:\/\/president-ksgov.net\/sr\/predsednica-osmani-imenovala-gdu-leartu-hollaj-za-seficu-kabineta\/\",\"url\":\"https:\/\/president-ksgov.net\/sr\/predsednica-osmani-imenovala-gdu-leartu-hollaj-za-seficu-kabineta\/\",\"name\":\"Predsednica Osmani imenovala g\u0111u Leartu Hollaj za \u0161eficu kabineta - Predsednik Republike Kosovo - DR. VJOSA OSMANI - SADRIU\",\"isPartOf\":{\"@id\":\"https:\/\/president-ksgov.net\/#website\"},\"primaryImageOfPage\":{\"@id\":\"https:\/\/president-ksgov.net\/sr\/predsednica-osmani-imenovala-gdu-leartu-hollaj-za-seficu-kabineta\/#primaryimage\"},\"image\":{\"@id\":\"https:\/\/president-ksgov.net\/sr\/predsednica-osmani-imenovala-gdu-leartu-hollaj-za-seficu-kabineta\/#primaryimage\"},\"thumbnailUrl\":\"https:\/\/president-ksgov.net\/wp-content\/uploads\/1000006327.jpg\",\"datePublished\":\"2024-04-05T17:01:27+00:00\",\"dateModified\":\"2024-04-06T21:37:21+00:00\",\"author\":{\"@id\":\"https:\/\/president-ksgov.net\/#\/schema\/person\/1a2c014cffc81ec60d5a452a36d08d92\"},\"description\":\"Predsednica Osmani imenovala g\u0111u Leartu Hollaj za \u0161eficu kabineta - Predsednik Republike Kosovo - DR. VJOSA OSMANI - SADRIU -\",\"breadcrumb\":{\"@id\":\"https:\/\/president-ksgov.net\/sr\/predsednica-osmani-imenovala-gdu-leartu-hollaj-za-seficu-kabineta\/#breadcrumb\"},\"inLanguage\":\"sr-RS\",\"potentialAction\":[{\"@type\":\"ReadAction\",\"target\":[\"https:\/\/president-ksgov.net\/sr\/predsednica-osmani-imenovala-gdu-leartu-hollaj-za-seficu-kabineta\/\"]}]},{\"@type\":\"ImageObject\",\"inLanguage\":\"sr-RS\",\"@id\":\"https:\/\/president-ksgov.net\/sr\/predsednica-osmani-imenovala-gdu-leartu-hollaj-za-seficu-kabineta\/#primaryimage\",\"url\":\"https:\/\/president-ksgov.net\/wp-content\/uploads\/1000006327.jpg\",\"contentUrl\":\"https:\/\/president-ksgov.net\/wp-content\/uploads\/1000006327.jpg\",\"width\":1502,\"height\":1600},{\"@type\":\"BreadcrumbList\",\"@id\":\"https:\/\/president-ksgov.net\/sr\/predsednica-osmani-imenovala-gdu-leartu-hollaj-za-seficu-kabineta\/#breadcrumb\",\"itemListElement\":[{\"@type\":\"ListItem\",\"position\":1,\"name\":\"Home\",\"item\":\"https:\/\/president-ksgov.net\/sr\/\"},{\"@type\":\"ListItem\",\"position\":2,\"name\":\"Predsednica Osmani imenovala g\u0111u Leartu Hollaj za \u0161eficu kabineta\"}]},{\"@type\":\"WebSite\",\"@id\":\"https:\/\/president-ksgov.net\/#website\",\"url\":\"https:\/\/president-ksgov.net\/\",\"name\":\"Presidente e Republik\u00ebs s\u00eb Kosov\u00ebs\",\"description\":\"Presidente e Republik\u00ebs s\u00eb Kosov\u00ebs\",\"alternateName\":\"DR. VJOSA OSMANI - SADRIU\",\"potentialAction\":[{\"@type\":\"SearchAction\",\"target\":{\"@type\":\"EntryPoint\",\"urlTemplate\":\"https:\/\/president-ksgov.net\/?s={search_term_string}\"},\"query-input\":{\"@type\":\"PropertyValueSpecification\",\"valueRequired\":true,\"valueName\":\"search_term_string\"}}],\"inLanguage\":\"sr-RS\"},{\"@type\":\"Person\",\"@id\":\"https:\/\/president-ksgov.net\/#\/schema\/person\/1a2c014cffc81ec60d5a452a36d08d92\",\"name\":\"presidentlogin\",\"image\":{\"@type\":\"ImageObject\",\"inLanguage\":\"sr-RS\",\"@id\":\"https:\/\/president-ksgov.net\/#\/schema\/person\/image\/\",\"url\":\"https:\/\/secure.gravatar.com\/avatar\/339f00ab0a8a0d5ce1ecff10aa2b4a1f51f58bbd5a57793f8cd6ad624080d807?s=96&d=mm&r=g\",\"contentUrl\":\"https:\/\/secure.gravatar.com\/avatar\/339f00ab0a8a0d5ce1ecff10aa2b4a1f51f58bbd5a57793f8cd6ad624080d807?s=96&d=mm&r=g\",\"caption\":\"presidentlogin\"}}]}<\/script>\n<!-- \/ Yoast SEO plugin. -->","yoast_head_json":{"title":"Predsednica Osmani imenovala g\u0111u Leartu Hollaj za \u0161eficu kabineta - Predsednik Republike Kosovo - DR. VJOSA OSMANI - SADRIU","description":"Predsednica Osmani imenovala g\u0111u Leartu Hollaj za \u0161eficu kabineta - Predsednik Republike Kosovo - DR. VJOSA OSMANI - SADRIU -","robots":{"index":"index","follow":"follow","max-snippet":"max-snippet:-1","max-image-preview":"max-image-preview:large","max-video-preview":"max-video-preview:-1"},"canonical":"https:\/\/president-ksgov.net\/sr\/predsednica-osmani-imenovala-gdu-leartu-hollaj-za-seficu-kabineta\/","og_locale":"sr_RS","og_type":"article","og_title":"Predsednica Osmani imenovala g\u0111u Leartu Hollaj za \u0161eficu kabineta - Predsednik Republike Kosovo - DR. VJOSA OSMANI - SADRIU","og_description":"Predsednica Osmani imenovala g\u0111u Leartu Hollaj za \u0161eficu kabineta - Predsednik Republike Kosovo - DR. VJOSA OSMANI - SADRIU -","og_url":"https:\/\/president-ksgov.net\/sr\/predsednica-osmani-imenovala-gdu-leartu-hollaj-za-seficu-kabineta\/","og_site_name":"Predsednik Republike Kosovo - DR. VJOSA OSMANI - SADRIU","article_published_time":"2024-04-05T17:01:27+00:00","article_modified_time":"2024-04-06T21:37:21+00:00","og_image":[{"width":1502,"height":1600,"url":"https:\/\/president-ksgov.net\/wp-content\/uploads\/1000006327.jpg","type":"image\/jpeg"}],"author":"presidentlogin","twitter_card":"summary_large_image","twitter_misc":{"\u041d\u0430\u043f\u0438\u0441\u0430\u043d\u043e \u043e\u0434":"presidentlogin","\u041f\u0440\u043e\u0446\u0435\u045a\u0435\u043d\u043e \u0432\u0440\u0435\u043c\u0435 \u0447\u0438\u0442\u0430\u045a\u0430":"2 \u043c\u0438\u043d\u0443\u0442\u0430"},"schema":{"@context":"https:\/\/schema.org","@graph":[{"@type":"WebPage","@id":"https:\/\/president-ksgov.net\/sr\/predsednica-osmani-imenovala-gdu-leartu-hollaj-za-seficu-kabineta\/","url":"https:\/\/president-ksgov.net\/sr\/predsednica-osmani-imenovala-gdu-leartu-hollaj-za-seficu-kabineta\/","name":"Predsednica Osmani imenovala g\u0111u Leartu Hollaj za \u0161eficu kabineta - Predsednik Republike Kosovo - DR. VJOSA OSMANI - SADRIU","isPartOf":{"@id":"https:\/\/president-ksgov.net\/#website"},"primaryImageOfPage":{"@id":"https:\/\/president-ksgov.net\/sr\/predsednica-osmani-imenovala-gdu-leartu-hollaj-za-seficu-kabineta\/#primaryimage"},"image":{"@id":"https:\/\/president-ksgov.net\/sr\/predsednica-osmani-imenovala-gdu-leartu-hollaj-za-seficu-kabineta\/#primaryimage"},"thumbnailUrl":"https:\/\/president-ksgov.net\/wp-content\/uploads\/1000006327.jpg","datePublished":"2024-04-05T17:01:27+00:00","dateModified":"2024-04-06T21:37:21+00:00","author":{"@id":"https:\/\/president-ksgov.net\/#\/schema\/person\/1a2c014cffc81ec60d5a452a36d08d92"},"description":"Predsednica Osmani imenovala g\u0111u Leartu Hollaj za \u0161eficu kabineta - Predsednik Republike Kosovo - DR. VJOSA OSMANI - SADRIU -","breadcrumb":{"@id":"https:\/\/president-ksgov.net\/sr\/predsednica-osmani-imenovala-gdu-leartu-hollaj-za-seficu-kabineta\/#breadcrumb"},"inLanguage":"sr-RS","potentialAction":[{"@type":"ReadAction","target":["https:\/\/president-ksgov.net\/sr\/predsednica-osmani-imenovala-gdu-leartu-hollaj-za-seficu-kabineta\/"]}]},{"@type":"ImageObject","inLanguage":"sr-RS","@id":"https:\/\/president-ksgov.net\/sr\/predsednica-osmani-imenovala-gdu-leartu-hollaj-za-seficu-kabineta\/#primaryimage","url":"https:\/\/president-ksgov.net\/wp-content\/uploads\/1000006327.jpg","contentUrl":"https:\/\/president-ksgov.net\/wp-content\/uploads\/1000006327.jpg","width":1502,"height":1600},{"@type":"BreadcrumbList","@id":"https:\/\/president-ksgov.net\/sr\/predsednica-osmani-imenovala-gdu-leartu-hollaj-za-seficu-kabineta\/#breadcrumb","itemListElement":[{"@type":"ListItem","position":1,"name":"Home","item":"https:\/\/president-ksgov.net\/sr\/"},{"@type":"ListItem","position":2,"name":"Predsednica Osmani imenovala g\u0111u Leartu Hollaj za \u0161eficu kabineta"}]},{"@type":"WebSite","@id":"https:\/\/president-ksgov.net\/#website","url":"https:\/\/president-ksgov.net\/","name":"Presidente e Republik\u00ebs s\u00eb Kosov\u00ebs","description":"Presidente e Republik\u00ebs s\u00eb Kosov\u00ebs","alternateName":"DR. VJOSA OSMANI - SADRIU","potentialAction":[{"@type":"SearchAction","target":{"@type":"EntryPoint","urlTemplate":"https:\/\/president-ksgov.net\/?s={search_term_string}"},"query-input":{"@type":"PropertyValueSpecification","valueRequired":true,"valueName":"search_term_string"}}],"inLanguage":"sr-RS"},{"@type":"Person","@id":"https:\/\/president-ksgov.net\/#\/schema\/person\/1a2c014cffc81ec60d5a452a36d08d92","name":"presidentlogin","image":{"@type":"ImageObject","inLanguage":"sr-RS","@id":"https:\/\/president-ksgov.net\/#\/schema\/person\/image\/","url":"https:\/\/secure.gravatar.com\/avatar\/339f00ab0a8a0d5ce1ecff10aa2b4a1f51f58bbd5a57793f8cd6ad624080d807?s=96&d=mm&r=g","contentUrl":"https:\/\/secure.gravatar.com\/avatar\/339f00ab0a8a0d5ce1ecff10aa2b4a1f51f58bbd5a57793f8cd6ad624080d807?s=96&d=mm&r=g","caption":"presidentlogin"}}]}},"_links":{"self":[{"href":"https:\/\/president-ksgov.net\/sr\/wp-json\/wp\/v2\/posts\/103245","targetHints":{"allow":["GET"]}}],"collection":[{"href":"https:\/\/president-ksgov.net\/sr\/wp-json\/wp\/v2\/posts"}],"about":[{"href":"https:\/\/president-ksgov.net\/sr\/wp-json\/wp\/v2\/types\/post"}],"author":[{"embeddable":true,"href":"https:\/\/president-ksgov.net\/sr\/wp-json\/wp\/v2\/users\/11"}],"replies":[{"embeddable":true,"href":"https:\/\/president-ksgov.net\/sr\/wp-json\/wp\/v2\/comments?post=103245"}],"version-history":[{"count":1,"href":"https:\/\/president-ksgov.net\/sr\/wp-json\/wp\/v2\/posts\/103245\/revisions"}],"predecessor-version":[{"id":103246,"href":"https:\/\/president-ksgov.net\/sr\/wp-json\/wp\/v2\/posts\/103245\/revisions\/103246"}],"wp:featuredmedia":[{"embeddable":true,"href":"https:\/\/president-ksgov.net\/sr\/wp-json\/wp\/v2\/media\/103228"}],"wp:attachment":[{"href":"https:\/\/president-ksgov.net\/sr\/wp-json\/wp\/v2\/media?parent=103245"}],"wp:term":[{"taxonomy":"category","embeddable":true,"href":"https:\/\/president-ksgov.net\/sr\/wp-json\/wp\/v2\/categories?post=103245"},{"taxonomy":"post_tag","embeddable":true,"href":"https:\/\/president-ksgov.net\/sr\/wp-json\/wp\/v2\/tags?post=103245"}],"curies":[{"name":"wp","href":"https:\/\/api.w.org\/{rel}","templated":true}]}}