{"id":103194,"date":"2024-04-04T12:30:20","date_gmt":"2024-04-04T10:30:20","guid":{"rendered":"https:\/\/president-ksgov.net\/?p=103194"},"modified":"2024-04-04T14:36:37","modified_gmt":"2024-04-04T12:36:37","slug":"predsednica-osmani-docekala-je-na-sastanku-specijalnog-izaslanika-ujedinjenog-kraljevstva-za-zapadni-balkan-lorda-stuarta-peacha","status":"publish","type":"post","link":"https:\/\/president-ksgov.net\/sr\/predsednica-osmani-docekala-je-na-sastanku-specijalnog-izaslanika-ujedinjenog-kraljevstva-za-zapadni-balkan-lorda-stuarta-peacha\/","title":{"rendered":"Predsednica Osmani do\u010dekala je na sastanku specijalnog izaslanika Ujedinjenog Kraljevstva za zapadni Balkan lorda Stuarta Peacha"},"content":{"rendered":"<p>Predsednica Republike Kosovo Vjosa Osmani do\u010dekala je danas na sastanku specijalnog izaslanika Ujedinjenog Kraljevstva za Zapadni Balkan lorda Stuarta Peacha.<\/p>\n<p>Na sastanku se razgovaralo o \u010dlanstvu Kosova u Savetu Evrope, poslednjim de\u0161avanjima u zemlji i regionu, kao i bezbednosnim izazovima u regionu i \u0161ire.<\/p>\n<p>Na temu Saveta Evrope, predsednica Osmani je istakla da bi \u010dlanstvo Kosova predstavljalo trijumf za demokratiju i ljudska prava ne samo na Kosovu, ve\u0107 i \u0161irom Evrope. Predsednica\u00a0 Osmani je dalje ponovila da bi kroz razli\u010dite mehanizme koje nudi Savet bilo mogu\u0107e za\u0161tititi i garantovati prava svih gra\u0111ana Kosova, bez razlike.<\/p>\n<p>Predsednica Osmani je izrazila svoju zahvalnost i ponovila zna\u010daj kontinuirane podr\u0161ke Ujedinjenog Kraljevstva u ovom pogledu, kao i u svakom drugom procesu \u010dlanstva u me\u0111unarodnim organizacijama.<\/p>\n<p>Na sastanku se razgovaralo i o bezbednosnoj situaciji, sa posebnim akcentom na sever zemlje.<\/p>\n","protected":false},"excerpt":{"rendered":"<p>Predsednica Republike Kosovo Vjosa Osmani do\u010dekala je danas na sastanku specijalnog izaslanika Ujedinjenog Kraljevstva za Zapadni Balkan lorda Stuarta Peacha. Na sastanku se razgovaralo o \u010dlanstvu Kosova u Savetu Evrope, poslednjim de\u0161avanjima u zemlji i regionu, kao i bezbednosnim izazovima u regionu i \u0161ire. Na temu Saveta Evrope, predsednica Osmani je istakla da bi \u010dlanstvo Kosova predstavljalo trijumf za demokratiju i ljudska prava ne samo na Kosovu, ve\u0107 i \u0161irom Evrope. Predsednica\u00a0 Osmani je dalje ponovila da bi kroz razli\u010dite mehanizme koje nudi Savet bilo mogu\u0107e za\u0161tititi i garantovati prava svih gra\u0111ana Kosova, bez razlike. Predsednica Osmani je izrazila svoju zahvalnost i ponovila zna\u010daj kontinuirane podr\u0161ke Ujedinjenog Kraljevstva u ovom pogledu, kao i u svakom drugom procesu \u010dlanstva u me\u0111unarodnim organizacijama. Na sastanku se razgovaralo i o bezbednosnoj situaciji, sa posebnim akcentom na sever zemlje.<\/p>\n","protected":false},"author":11,"featured_media":103179,"comment_status":"open","ping_status":"closed","sticky":false,"template":"","format":"standard","meta":{"_eb_attr":"","footnotes":""},"categories":[101],"tags":[],"class_list":["post-103194","post","type-post","status-publish","format-standard","has-post-thumbnail","hentry","category-vesti"],"yoast_head":"<!-- This site is optimized with the Yoast SEO plugin v23.5 - https:\/\/yoast.com\/wordpress\/plugins\/seo\/ -->\n<title>Predsednica Osmani do\u010dekala je na sastanku specijalnog izaslanika Ujedinjenog Kraljevstva za zapadni Balkan lorda Stuarta Peacha - Predsednik Republike Kosovo - DR. VJOSA OSMANI - SADRIU<\/title>\n<meta name=\"description\" content=\"Predsednica Osmani do\u010dekala je na sastanku specijalnog izaslanika Ujedinjenog Kraljevstva za zapadni Balkan lorda Stuarta Peacha - Predsednik Republike Kosovo - DR. VJOSA OSMANI - SADRIU -\" \/>\n<meta name=\"robots\" content=\"index, follow, max-snippet:-1, max-image-preview:large, max-video-preview:-1\" \/>\n<link rel=\"canonical\" href=\"https:\/\/president-ksgov.net\/sr\/predsednica-osmani-docekala-je-na-sastanku-specijalnog-izaslanika-ujedinjenog-kraljevstva-za-zapadni-balkan-lorda-stuarta-peacha\/\" \/>\n<meta property=\"og:locale\" content=\"sr_RS\" \/>\n<meta property=\"og:type\" content=\"article\" \/>\n<meta property=\"og:title\" content=\"Predsednica Osmani do\u010dekala je na sastanku specijalnog izaslanika Ujedinjenog Kraljevstva za zapadni Balkan lorda Stuarta Peacha - Predsednik Republike Kosovo - DR. VJOSA OSMANI - SADRIU\" \/>\n<meta property=\"og:description\" content=\"Predsednica Osmani do\u010dekala je na sastanku specijalnog izaslanika Ujedinjenog Kraljevstva za zapadni Balkan lorda Stuarta Peacha - Predsednik Republike Kosovo - DR. VJOSA OSMANI - SADRIU -\" \/>\n<meta property=\"og:url\" content=\"https:\/\/president-ksgov.net\/sr\/predsednica-osmani-docekala-je-na-sastanku-specijalnog-izaslanika-ujedinjenog-kraljevstva-za-zapadni-balkan-lorda-stuarta-peacha\/\" \/>\n<meta property=\"og:site_name\" content=\"Predsednik Republike Kosovo - DR. VJOSA OSMANI - SADRIU\" \/>\n<meta property=\"article:published_time\" content=\"2024-04-04T10:30:20+00:00\" \/>\n<meta property=\"article:modified_time\" content=\"2024-04-04T12:36:37+00:00\" \/>\n<meta property=\"og:image\" content=\"https:\/\/president-ksgov.net\/wp-content\/uploads\/ZPRK-379.jpg\" \/>\n\t<meta property=\"og:image:width\" content=\"2000\" \/>\n\t<meta property=\"og:image:height\" content=\"1333\" \/>\n\t<meta property=\"og:image:type\" content=\"image\/jpeg\" \/>\n<meta name=\"author\" content=\"presidentlogin\" \/>\n<meta name=\"twitter:card\" content=\"summary_large_image\" \/>\n<meta name=\"twitter:label1\" content=\"\u041d\u0430\u043f\u0438\u0441\u0430\u043d\u043e \u043e\u0434\" \/>\n\t<meta name=\"twitter:data1\" content=\"presidentlogin\" \/>\n\t<meta name=\"twitter:label2\" content=\"\u041f\u0440\u043e\u0446\u0435\u045a\u0435\u043d\u043e \u0432\u0440\u0435\u043c\u0435 \u0447\u0438\u0442\u0430\u045a\u0430\" \/>\n\t<meta name=\"twitter:data2\" content=\"1 \u043c\u0438\u043d\u0443\u0442\" \/>\n<script type=\"application\/ld+json\" class=\"yoast-schema-graph\">{\"@context\":\"https:\/\/schema.org\",\"@graph\":[{\"@type\":\"WebPage\",\"@id\":\"https:\/\/president-ksgov.net\/sr\/predsednica-osmani-docekala-je-na-sastanku-specijalnog-izaslanika-ujedinjenog-kraljevstva-za-zapadni-balkan-lorda-stuarta-peacha\/\",\"url\":\"https:\/\/president-ksgov.net\/sr\/predsednica-osmani-docekala-je-na-sastanku-specijalnog-izaslanika-ujedinjenog-kraljevstva-za-zapadni-balkan-lorda-stuarta-peacha\/\",\"name\":\"Predsednica Osmani do\u010dekala je na sastanku specijalnog izaslanika Ujedinjenog Kraljevstva za zapadni Balkan lorda Stuarta Peacha - Predsednik Republike Kosovo - DR. VJOSA OSMANI - SADRIU\",\"isPartOf\":{\"@id\":\"https:\/\/president-ksgov.net\/#website\"},\"primaryImageOfPage\":{\"@id\":\"https:\/\/president-ksgov.net\/sr\/predsednica-osmani-docekala-je-na-sastanku-specijalnog-izaslanika-ujedinjenog-kraljevstva-za-zapadni-balkan-lorda-stuarta-peacha\/#primaryimage\"},\"image\":{\"@id\":\"https:\/\/president-ksgov.net\/sr\/predsednica-osmani-docekala-je-na-sastanku-specijalnog-izaslanika-ujedinjenog-kraljevstva-za-zapadni-balkan-lorda-stuarta-peacha\/#primaryimage\"},\"thumbnailUrl\":\"https:\/\/president-ksgov.net\/wp-content\/uploads\/ZPRK-379.jpg\",\"datePublished\":\"2024-04-04T10:30:20+00:00\",\"dateModified\":\"2024-04-04T12:36:37+00:00\",\"author\":{\"@id\":\"https:\/\/president-ksgov.net\/#\/schema\/person\/1a2c014cffc81ec60d5a452a36d08d92\"},\"description\":\"Predsednica Osmani do\u010dekala je na sastanku specijalnog izaslanika Ujedinjenog Kraljevstva za zapadni Balkan lorda Stuarta Peacha - Predsednik Republike Kosovo - DR. VJOSA OSMANI - SADRIU -\",\"breadcrumb\":{\"@id\":\"https:\/\/president-ksgov.net\/sr\/predsednica-osmani-docekala-je-na-sastanku-specijalnog-izaslanika-ujedinjenog-kraljevstva-za-zapadni-balkan-lorda-stuarta-peacha\/#breadcrumb\"},\"inLanguage\":\"sr-RS\",\"potentialAction\":[{\"@type\":\"ReadAction\",\"target\":[\"https:\/\/president-ksgov.net\/sr\/predsednica-osmani-docekala-je-na-sastanku-specijalnog-izaslanika-ujedinjenog-kraljevstva-za-zapadni-balkan-lorda-stuarta-peacha\/\"]}]},{\"@type\":\"ImageObject\",\"inLanguage\":\"sr-RS\",\"@id\":\"https:\/\/president-ksgov.net\/sr\/predsednica-osmani-docekala-je-na-sastanku-specijalnog-izaslanika-ujedinjenog-kraljevstva-za-zapadni-balkan-lorda-stuarta-peacha\/#primaryimage\",\"url\":\"https:\/\/president-ksgov.net\/wp-content\/uploads\/ZPRK-379.jpg\",\"contentUrl\":\"https:\/\/president-ksgov.net\/wp-content\/uploads\/ZPRK-379.jpg\",\"width\":2000,\"height\":1333},{\"@type\":\"BreadcrumbList\",\"@id\":\"https:\/\/president-ksgov.net\/sr\/predsednica-osmani-docekala-je-na-sastanku-specijalnog-izaslanika-ujedinjenog-kraljevstva-za-zapadni-balkan-lorda-stuarta-peacha\/#breadcrumb\",\"itemListElement\":[{\"@type\":\"ListItem\",\"position\":1,\"name\":\"Home\",\"item\":\"https:\/\/president-ksgov.net\/sr\/\"},{\"@type\":\"ListItem\",\"position\":2,\"name\":\"Predsednica Osmani do\u010dekala je na sastanku specijalnog izaslanika Ujedinjenog Kraljevstva za zapadni Balkan lorda Stuarta Peacha\"}]},{\"@type\":\"WebSite\",\"@id\":\"https:\/\/president-ksgov.net\/#website\",\"url\":\"https:\/\/president-ksgov.net\/\",\"name\":\"Presidente e Republik\u00ebs s\u00eb Kosov\u00ebs\",\"description\":\"Presidente e Republik\u00ebs s\u00eb Kosov\u00ebs\",\"alternateName\":\"DR. VJOSA OSMANI - SADRIU\",\"potentialAction\":[{\"@type\":\"SearchAction\",\"target\":{\"@type\":\"EntryPoint\",\"urlTemplate\":\"https:\/\/president-ksgov.net\/?s={search_term_string}\"},\"query-input\":{\"@type\":\"PropertyValueSpecification\",\"valueRequired\":true,\"valueName\":\"search_term_string\"}}],\"inLanguage\":\"sr-RS\"},{\"@type\":\"Person\",\"@id\":\"https:\/\/president-ksgov.net\/#\/schema\/person\/1a2c014cffc81ec60d5a452a36d08d92\",\"name\":\"presidentlogin\",\"image\":{\"@type\":\"ImageObject\",\"inLanguage\":\"sr-RS\",\"@id\":\"https:\/\/president-ksgov.net\/#\/schema\/person\/image\/\",\"url\":\"https:\/\/secure.gravatar.com\/avatar\/339f00ab0a8a0d5ce1ecff10aa2b4a1f51f58bbd5a57793f8cd6ad624080d807?s=96&d=mm&r=g\",\"contentUrl\":\"https:\/\/secure.gravatar.com\/avatar\/339f00ab0a8a0d5ce1ecff10aa2b4a1f51f58bbd5a57793f8cd6ad624080d807?s=96&d=mm&r=g\",\"caption\":\"presidentlogin\"}}]}<\/script>\n<!-- \/ Yoast SEO plugin. -->","yoast_head_json":{"title":"Predsednica Osmani do\u010dekala je na sastanku specijalnog izaslanika Ujedinjenog Kraljevstva za zapadni Balkan lorda Stuarta Peacha - Predsednik Republike Kosovo - DR. VJOSA OSMANI - SADRIU","description":"Predsednica Osmani do\u010dekala je na sastanku specijalnog izaslanika Ujedinjenog Kraljevstva za zapadni Balkan lorda Stuarta Peacha - Predsednik Republike Kosovo - DR. VJOSA OSMANI - SADRIU -","robots":{"index":"index","follow":"follow","max-snippet":"max-snippet:-1","max-image-preview":"max-image-preview:large","max-video-preview":"max-video-preview:-1"},"canonical":"https:\/\/president-ksgov.net\/sr\/predsednica-osmani-docekala-je-na-sastanku-specijalnog-izaslanika-ujedinjenog-kraljevstva-za-zapadni-balkan-lorda-stuarta-peacha\/","og_locale":"sr_RS","og_type":"article","og_title":"Predsednica Osmani do\u010dekala je na sastanku specijalnog izaslanika Ujedinjenog Kraljevstva za zapadni Balkan lorda Stuarta Peacha - Predsednik Republike Kosovo - DR. VJOSA OSMANI - SADRIU","og_description":"Predsednica Osmani do\u010dekala je na sastanku specijalnog izaslanika Ujedinjenog Kraljevstva za zapadni Balkan lorda Stuarta Peacha - Predsednik Republike Kosovo - DR. VJOSA OSMANI - SADRIU -","og_url":"https:\/\/president-ksgov.net\/sr\/predsednica-osmani-docekala-je-na-sastanku-specijalnog-izaslanika-ujedinjenog-kraljevstva-za-zapadni-balkan-lorda-stuarta-peacha\/","og_site_name":"Predsednik Republike Kosovo - DR. VJOSA OSMANI - SADRIU","article_published_time":"2024-04-04T10:30:20+00:00","article_modified_time":"2024-04-04T12:36:37+00:00","og_image":[{"width":2000,"height":1333,"url":"https:\/\/president-ksgov.net\/wp-content\/uploads\/ZPRK-379.jpg","type":"image\/jpeg"}],"author":"presidentlogin","twitter_card":"summary_large_image","twitter_misc":{"\u041d\u0430\u043f\u0438\u0441\u0430\u043d\u043e \u043e\u0434":"presidentlogin","\u041f\u0440\u043e\u0446\u0435\u045a\u0435\u043d\u043e \u0432\u0440\u0435\u043c\u0435 \u0447\u0438\u0442\u0430\u045a\u0430":"1 \u043c\u0438\u043d\u0443\u0442"},"schema":{"@context":"https:\/\/schema.org","@graph":[{"@type":"WebPage","@id":"https:\/\/president-ksgov.net\/sr\/predsednica-osmani-docekala-je-na-sastanku-specijalnog-izaslanika-ujedinjenog-kraljevstva-za-zapadni-balkan-lorda-stuarta-peacha\/","url":"https:\/\/president-ksgov.net\/sr\/predsednica-osmani-docekala-je-na-sastanku-specijalnog-izaslanika-ujedinjenog-kraljevstva-za-zapadni-balkan-lorda-stuarta-peacha\/","name":"Predsednica Osmani do\u010dekala je na sastanku specijalnog izaslanika Ujedinjenog Kraljevstva za zapadni Balkan lorda Stuarta Peacha - Predsednik Republike Kosovo - DR. VJOSA OSMANI - SADRIU","isPartOf":{"@id":"https:\/\/president-ksgov.net\/#website"},"primaryImageOfPage":{"@id":"https:\/\/president-ksgov.net\/sr\/predsednica-osmani-docekala-je-na-sastanku-specijalnog-izaslanika-ujedinjenog-kraljevstva-za-zapadni-balkan-lorda-stuarta-peacha\/#primaryimage"},"image":{"@id":"https:\/\/president-ksgov.net\/sr\/predsednica-osmani-docekala-je-na-sastanku-specijalnog-izaslanika-ujedinjenog-kraljevstva-za-zapadni-balkan-lorda-stuarta-peacha\/#primaryimage"},"thumbnailUrl":"https:\/\/president-ksgov.net\/wp-content\/uploads\/ZPRK-379.jpg","datePublished":"2024-04-04T10:30:20+00:00","dateModified":"2024-04-04T12:36:37+00:00","author":{"@id":"https:\/\/president-ksgov.net\/#\/schema\/person\/1a2c014cffc81ec60d5a452a36d08d92"},"description":"Predsednica Osmani do\u010dekala je na sastanku specijalnog izaslanika Ujedinjenog Kraljevstva za zapadni Balkan lorda Stuarta Peacha - Predsednik Republike Kosovo - DR. VJOSA OSMANI - SADRIU -","breadcrumb":{"@id":"https:\/\/president-ksgov.net\/sr\/predsednica-osmani-docekala-je-na-sastanku-specijalnog-izaslanika-ujedinjenog-kraljevstva-za-zapadni-balkan-lorda-stuarta-peacha\/#breadcrumb"},"inLanguage":"sr-RS","potentialAction":[{"@type":"ReadAction","target":["https:\/\/president-ksgov.net\/sr\/predsednica-osmani-docekala-je-na-sastanku-specijalnog-izaslanika-ujedinjenog-kraljevstva-za-zapadni-balkan-lorda-stuarta-peacha\/"]}]},{"@type":"ImageObject","inLanguage":"sr-RS","@id":"https:\/\/president-ksgov.net\/sr\/predsednica-osmani-docekala-je-na-sastanku-specijalnog-izaslanika-ujedinjenog-kraljevstva-za-zapadni-balkan-lorda-stuarta-peacha\/#primaryimage","url":"https:\/\/president-ksgov.net\/wp-content\/uploads\/ZPRK-379.jpg","contentUrl":"https:\/\/president-ksgov.net\/wp-content\/uploads\/ZPRK-379.jpg","width":2000,"height":1333},{"@type":"BreadcrumbList","@id":"https:\/\/president-ksgov.net\/sr\/predsednica-osmani-docekala-je-na-sastanku-specijalnog-izaslanika-ujedinjenog-kraljevstva-za-zapadni-balkan-lorda-stuarta-peacha\/#breadcrumb","itemListElement":[{"@type":"ListItem","position":1,"name":"Home","item":"https:\/\/president-ksgov.net\/sr\/"},{"@type":"ListItem","position":2,"name":"Predsednica Osmani do\u010dekala je na sastanku specijalnog izaslanika Ujedinjenog Kraljevstva za zapadni Balkan lorda Stuarta Peacha"}]},{"@type":"WebSite","@id":"https:\/\/president-ksgov.net\/#website","url":"https:\/\/president-ksgov.net\/","name":"Presidente e Republik\u00ebs s\u00eb Kosov\u00ebs","description":"Presidente e Republik\u00ebs s\u00eb Kosov\u00ebs","alternateName":"DR. VJOSA OSMANI - SADRIU","potentialAction":[{"@type":"SearchAction","target":{"@type":"EntryPoint","urlTemplate":"https:\/\/president-ksgov.net\/?s={search_term_string}"},"query-input":{"@type":"PropertyValueSpecification","valueRequired":true,"valueName":"search_term_string"}}],"inLanguage":"sr-RS"},{"@type":"Person","@id":"https:\/\/president-ksgov.net\/#\/schema\/person\/1a2c014cffc81ec60d5a452a36d08d92","name":"presidentlogin","image":{"@type":"ImageObject","inLanguage":"sr-RS","@id":"https:\/\/president-ksgov.net\/#\/schema\/person\/image\/","url":"https:\/\/secure.gravatar.com\/avatar\/339f00ab0a8a0d5ce1ecff10aa2b4a1f51f58bbd5a57793f8cd6ad624080d807?s=96&d=mm&r=g","contentUrl":"https:\/\/secure.gravatar.com\/avatar\/339f00ab0a8a0d5ce1ecff10aa2b4a1f51f58bbd5a57793f8cd6ad624080d807?s=96&d=mm&r=g","caption":"presidentlogin"}}]}},"_links":{"self":[{"href":"https:\/\/president-ksgov.net\/sr\/wp-json\/wp\/v2\/posts\/103194","targetHints":{"allow":["GET"]}}],"collection":[{"href":"https:\/\/president-ksgov.net\/sr\/wp-json\/wp\/v2\/posts"}],"about":[{"href":"https:\/\/president-ksgov.net\/sr\/wp-json\/wp\/v2\/types\/post"}],"author":[{"embeddable":true,"href":"https:\/\/president-ksgov.net\/sr\/wp-json\/wp\/v2\/users\/11"}],"replies":[{"embeddable":true,"href":"https:\/\/president-ksgov.net\/sr\/wp-json\/wp\/v2\/comments?post=103194"}],"version-history":[{"count":1,"href":"https:\/\/president-ksgov.net\/sr\/wp-json\/wp\/v2\/posts\/103194\/revisions"}],"predecessor-version":[{"id":103195,"href":"https:\/\/president-ksgov.net\/sr\/wp-json\/wp\/v2\/posts\/103194\/revisions\/103195"}],"wp:featuredmedia":[{"embeddable":true,"href":"https:\/\/president-ksgov.net\/sr\/wp-json\/wp\/v2\/media\/103179"}],"wp:attachment":[{"href":"https:\/\/president-ksgov.net\/sr\/wp-json\/wp\/v2\/media?parent=103194"}],"wp:term":[{"taxonomy":"category","embeddable":true,"href":"https:\/\/president-ksgov.net\/sr\/wp-json\/wp\/v2\/categories?post=103194"},{"taxonomy":"post_tag","embeddable":true,"href":"https:\/\/president-ksgov.net\/sr\/wp-json\/wp\/v2\/tags?post=103194"}],"curies":[{"name":"wp","href":"https:\/\/api.w.org\/{rel}","templated":true}]}}