{"id":103172,"date":"2024-04-02T18:01:22","date_gmt":"2024-04-02T16:01:22","guid":{"rendered":"https:\/\/president-ksgov.net\/?p=103172"},"modified":"2024-04-03T09:44:40","modified_gmt":"2024-04-03T07:44:40","slug":"na-svetski-dan-autizma-predsednica-osmani-posetila-je-centar-autizam-govori","status":"publish","type":"post","link":"https:\/\/president-ksgov.net\/sr\/na-svetski-dan-autizma-predsednica-osmani-posetila-je-centar-autizam-govori\/","title":{"rendered":"Na Svetski dan autizma, predsednica Osmani posetila je centar \u201eAutizam govori\u201c"},"content":{"rendered":"<p>Predsednica Republike Kosovo Vjosa Osmani, na Svetski dan autizma, posetila je centar \u201eAutizam govori\u201c, gde se bli\u017ee upoznala sa izazovima sa kojima se suo\u010davaju osobe sa autizmom i njihove porodice.<\/p>\n<p>Ceo post predsednice Osmani:<\/p>\n<p>Na Svetski dan autizma posetila sam centar \u201eAutizam govori\u201c, gde sam se izbliza upoznala sa izazovima sa kojima se suo\u010davaju osobe sa autizmom i njihove porodice.<\/p>\n<p>Osim razbijanja stereotipa i barijera za inkluziju, ovoj kategoriji je potrebna svakodnevna podr\u0161ka kako bi svako mogao da ostvari svoj puni potencijal. Predsedni\u0161tvo je kontinuirano podr\u017eavalo tokom poslednje tri godine ova udru\u017eenja, ali se mora izgraditi \u010ditav sistem institucionalne podr\u0161ke, koji uklju\u010duje i rezidencijalni centar za odrasle sa autizmom koji vi\u0161e nemaju roditeljsko staranje.<\/p>\n<p>Pravi uspeh jedne zemlje meri se podr\u0161kom koju pru\u017ea ljudima kojima je najpotrebnija.<\/p>\n","protected":false},"excerpt":{"rendered":"<p>Predsednica Republike Kosovo Vjosa Osmani, na Svetski dan autizma, posetila je centar \u201eAutizam govori\u201c, gde se bli\u017ee upoznala sa izazovima sa kojima se suo\u010davaju osobe sa autizmom i njihove porodice. Ceo post predsednice Osmani: Na Svetski dan autizma posetila sam centar \u201eAutizam govori\u201c, gde sam se izbliza upoznala sa izazovima sa kojima se suo\u010davaju osobe sa autizmom i njihove porodice. Osim razbijanja stereotipa i barijera za inkluziju, ovoj kategoriji je potrebna svakodnevna podr\u0161ka kako bi svako mogao da ostvari svoj puni potencijal. Predsedni\u0161tvo je kontinuirano podr\u017eavalo tokom poslednje tri godine ova udru\u017eenja, ali se mora izgraditi \u010ditav sistem institucionalne podr\u0161ke, koji uklju\u010duje i rezidencijalni centar za odrasle sa autizmom koji vi\u0161e nemaju roditeljsko staranje. Pravi uspeh jedne zemlje meri se podr\u0161kom koju pru\u017ea ljudima kojima je najpotrebnija.<\/p>\n","protected":false},"author":11,"featured_media":103154,"comment_status":"open","ping_status":"closed","sticky":false,"template":"","format":"standard","meta":{"_eb_attr":"","footnotes":""},"categories":[101],"tags":[],"class_list":["post-103172","post","type-post","status-publish","format-standard","has-post-thumbnail","hentry","category-vesti"],"yoast_head":"<!-- This site is optimized with the Yoast SEO plugin v23.5 - https:\/\/yoast.com\/wordpress\/plugins\/seo\/ -->\n<title>Na Svetski dan autizma, predsednica Osmani posetila je centar \u201eAutizam govori\u201c - Predsednik Republike Kosovo - DR. VJOSA OSMANI - SADRIU<\/title>\n<meta name=\"description\" content=\"Na Svetski dan autizma, predsednica Osmani posetila je centar \u201eAutizam govori\u201c - Predsednik Republike Kosovo - DR. VJOSA OSMANI - SADRIU -\" \/>\n<meta name=\"robots\" content=\"index, follow, max-snippet:-1, max-image-preview:large, max-video-preview:-1\" \/>\n<link rel=\"canonical\" href=\"https:\/\/president-ksgov.net\/sr\/na-svetski-dan-autizma-predsednica-osmani-posetila-je-centar-autizam-govori\/\" \/>\n<meta property=\"og:locale\" content=\"sr_RS\" \/>\n<meta property=\"og:type\" content=\"article\" \/>\n<meta property=\"og:title\" content=\"Na Svetski dan autizma, predsednica Osmani posetila je centar \u201eAutizam govori\u201c - Predsednik Republike Kosovo - DR. VJOSA OSMANI - SADRIU\" \/>\n<meta property=\"og:description\" content=\"Na Svetski dan autizma, predsednica Osmani posetila je centar \u201eAutizam govori\u201c - Predsednik Republike Kosovo - DR. VJOSA OSMANI - SADRIU -\" \/>\n<meta property=\"og:url\" content=\"https:\/\/president-ksgov.net\/sr\/na-svetski-dan-autizma-predsednica-osmani-posetila-je-centar-autizam-govori\/\" \/>\n<meta property=\"og:site_name\" content=\"Predsednik Republike Kosovo - DR. VJOSA OSMANI - SADRIU\" \/>\n<meta property=\"article:published_time\" content=\"2024-04-02T16:01:22+00:00\" \/>\n<meta property=\"article:modified_time\" content=\"2024-04-03T07:44:40+00:00\" \/>\n<meta property=\"og:image\" content=\"https:\/\/president-ksgov.net\/wp-content\/uploads\/1-243.jpg\" \/>\n\t<meta property=\"og:image:width\" content=\"2000\" \/>\n\t<meta property=\"og:image:height\" content=\"1332\" \/>\n\t<meta property=\"og:image:type\" content=\"image\/jpeg\" \/>\n<meta name=\"author\" content=\"presidentlogin\" \/>\n<meta name=\"twitter:card\" content=\"summary_large_image\" \/>\n<meta name=\"twitter:label1\" content=\"\u041d\u0430\u043f\u0438\u0441\u0430\u043d\u043e \u043e\u0434\" \/>\n\t<meta name=\"twitter:data1\" content=\"presidentlogin\" \/>\n\t<meta name=\"twitter:label2\" content=\"\u041f\u0440\u043e\u0446\u0435\u045a\u0435\u043d\u043e \u0432\u0440\u0435\u043c\u0435 \u0447\u0438\u0442\u0430\u045a\u0430\" \/>\n\t<meta name=\"twitter:data2\" content=\"1 \u043c\u0438\u043d\u0443\u0442\" \/>\n<script type=\"application\/ld+json\" class=\"yoast-schema-graph\">{\"@context\":\"https:\/\/schema.org\",\"@graph\":[{\"@type\":\"WebPage\",\"@id\":\"https:\/\/president-ksgov.net\/sr\/na-svetski-dan-autizma-predsednica-osmani-posetila-je-centar-autizam-govori\/\",\"url\":\"https:\/\/president-ksgov.net\/sr\/na-svetski-dan-autizma-predsednica-osmani-posetila-je-centar-autizam-govori\/\",\"name\":\"Na Svetski dan autizma, predsednica Osmani posetila je centar \u201eAutizam govori\u201c - Predsednik Republike Kosovo - DR. VJOSA OSMANI - SADRIU\",\"isPartOf\":{\"@id\":\"https:\/\/president-ksgov.net\/#website\"},\"primaryImageOfPage\":{\"@id\":\"https:\/\/president-ksgov.net\/sr\/na-svetski-dan-autizma-predsednica-osmani-posetila-je-centar-autizam-govori\/#primaryimage\"},\"image\":{\"@id\":\"https:\/\/president-ksgov.net\/sr\/na-svetski-dan-autizma-predsednica-osmani-posetila-je-centar-autizam-govori\/#primaryimage\"},\"thumbnailUrl\":\"https:\/\/president-ksgov.net\/wp-content\/uploads\/1-243.jpg\",\"datePublished\":\"2024-04-02T16:01:22+00:00\",\"dateModified\":\"2024-04-03T07:44:40+00:00\",\"author\":{\"@id\":\"https:\/\/president-ksgov.net\/#\/schema\/person\/1a2c014cffc81ec60d5a452a36d08d92\"},\"description\":\"Na Svetski dan autizma, predsednica Osmani posetila je centar \u201eAutizam govori\u201c - Predsednik Republike Kosovo - DR. VJOSA OSMANI - SADRIU -\",\"breadcrumb\":{\"@id\":\"https:\/\/president-ksgov.net\/sr\/na-svetski-dan-autizma-predsednica-osmani-posetila-je-centar-autizam-govori\/#breadcrumb\"},\"inLanguage\":\"sr-RS\",\"potentialAction\":[{\"@type\":\"ReadAction\",\"target\":[\"https:\/\/president-ksgov.net\/sr\/na-svetski-dan-autizma-predsednica-osmani-posetila-je-centar-autizam-govori\/\"]}]},{\"@type\":\"ImageObject\",\"inLanguage\":\"sr-RS\",\"@id\":\"https:\/\/president-ksgov.net\/sr\/na-svetski-dan-autizma-predsednica-osmani-posetila-je-centar-autizam-govori\/#primaryimage\",\"url\":\"https:\/\/president-ksgov.net\/wp-content\/uploads\/1-243.jpg\",\"contentUrl\":\"https:\/\/president-ksgov.net\/wp-content\/uploads\/1-243.jpg\",\"width\":2000,\"height\":1332},{\"@type\":\"BreadcrumbList\",\"@id\":\"https:\/\/president-ksgov.net\/sr\/na-svetski-dan-autizma-predsednica-osmani-posetila-je-centar-autizam-govori\/#breadcrumb\",\"itemListElement\":[{\"@type\":\"ListItem\",\"position\":1,\"name\":\"Home\",\"item\":\"https:\/\/president-ksgov.net\/sr\/\"},{\"@type\":\"ListItem\",\"position\":2,\"name\":\"Na Svetski dan autizma, predsednica Osmani posetila je centar \u201eAutizam govori\u201c\"}]},{\"@type\":\"WebSite\",\"@id\":\"https:\/\/president-ksgov.net\/#website\",\"url\":\"https:\/\/president-ksgov.net\/\",\"name\":\"Presidente e Republik\u00ebs s\u00eb Kosov\u00ebs\",\"description\":\"Presidente e Republik\u00ebs s\u00eb Kosov\u00ebs\",\"alternateName\":\"DR. VJOSA OSMANI - SADRIU\",\"potentialAction\":[{\"@type\":\"SearchAction\",\"target\":{\"@type\":\"EntryPoint\",\"urlTemplate\":\"https:\/\/president-ksgov.net\/?s={search_term_string}\"},\"query-input\":{\"@type\":\"PropertyValueSpecification\",\"valueRequired\":true,\"valueName\":\"search_term_string\"}}],\"inLanguage\":\"sr-RS\"},{\"@type\":\"Person\",\"@id\":\"https:\/\/president-ksgov.net\/#\/schema\/person\/1a2c014cffc81ec60d5a452a36d08d92\",\"name\":\"presidentlogin\",\"image\":{\"@type\":\"ImageObject\",\"inLanguage\":\"sr-RS\",\"@id\":\"https:\/\/president-ksgov.net\/#\/schema\/person\/image\/\",\"url\":\"https:\/\/secure.gravatar.com\/avatar\/339f00ab0a8a0d5ce1ecff10aa2b4a1f51f58bbd5a57793f8cd6ad624080d807?s=96&d=mm&r=g\",\"contentUrl\":\"https:\/\/secure.gravatar.com\/avatar\/339f00ab0a8a0d5ce1ecff10aa2b4a1f51f58bbd5a57793f8cd6ad624080d807?s=96&d=mm&r=g\",\"caption\":\"presidentlogin\"}}]}<\/script>\n<!-- \/ Yoast SEO plugin. -->","yoast_head_json":{"title":"Na Svetski dan autizma, predsednica Osmani posetila je centar \u201eAutizam govori\u201c - Predsednik Republike Kosovo - DR. VJOSA OSMANI - SADRIU","description":"Na Svetski dan autizma, predsednica Osmani posetila je centar \u201eAutizam govori\u201c - Predsednik Republike Kosovo - DR. VJOSA OSMANI - SADRIU -","robots":{"index":"index","follow":"follow","max-snippet":"max-snippet:-1","max-image-preview":"max-image-preview:large","max-video-preview":"max-video-preview:-1"},"canonical":"https:\/\/president-ksgov.net\/sr\/na-svetski-dan-autizma-predsednica-osmani-posetila-je-centar-autizam-govori\/","og_locale":"sr_RS","og_type":"article","og_title":"Na Svetski dan autizma, predsednica Osmani posetila je centar \u201eAutizam govori\u201c - Predsednik Republike Kosovo - DR. VJOSA OSMANI - SADRIU","og_description":"Na Svetski dan autizma, predsednica Osmani posetila je centar \u201eAutizam govori\u201c - Predsednik Republike Kosovo - DR. VJOSA OSMANI - SADRIU -","og_url":"https:\/\/president-ksgov.net\/sr\/na-svetski-dan-autizma-predsednica-osmani-posetila-je-centar-autizam-govori\/","og_site_name":"Predsednik Republike Kosovo - DR. VJOSA OSMANI - SADRIU","article_published_time":"2024-04-02T16:01:22+00:00","article_modified_time":"2024-04-03T07:44:40+00:00","og_image":[{"width":2000,"height":1332,"url":"https:\/\/president-ksgov.net\/wp-content\/uploads\/1-243.jpg","type":"image\/jpeg"}],"author":"presidentlogin","twitter_card":"summary_large_image","twitter_misc":{"\u041d\u0430\u043f\u0438\u0441\u0430\u043d\u043e \u043e\u0434":"presidentlogin","\u041f\u0440\u043e\u0446\u0435\u045a\u0435\u043d\u043e \u0432\u0440\u0435\u043c\u0435 \u0447\u0438\u0442\u0430\u045a\u0430":"1 \u043c\u0438\u043d\u0443\u0442"},"schema":{"@context":"https:\/\/schema.org","@graph":[{"@type":"WebPage","@id":"https:\/\/president-ksgov.net\/sr\/na-svetski-dan-autizma-predsednica-osmani-posetila-je-centar-autizam-govori\/","url":"https:\/\/president-ksgov.net\/sr\/na-svetski-dan-autizma-predsednica-osmani-posetila-je-centar-autizam-govori\/","name":"Na Svetski dan autizma, predsednica Osmani posetila je centar \u201eAutizam govori\u201c - Predsednik Republike Kosovo - DR. VJOSA OSMANI - SADRIU","isPartOf":{"@id":"https:\/\/president-ksgov.net\/#website"},"primaryImageOfPage":{"@id":"https:\/\/president-ksgov.net\/sr\/na-svetski-dan-autizma-predsednica-osmani-posetila-je-centar-autizam-govori\/#primaryimage"},"image":{"@id":"https:\/\/president-ksgov.net\/sr\/na-svetski-dan-autizma-predsednica-osmani-posetila-je-centar-autizam-govori\/#primaryimage"},"thumbnailUrl":"https:\/\/president-ksgov.net\/wp-content\/uploads\/1-243.jpg","datePublished":"2024-04-02T16:01:22+00:00","dateModified":"2024-04-03T07:44:40+00:00","author":{"@id":"https:\/\/president-ksgov.net\/#\/schema\/person\/1a2c014cffc81ec60d5a452a36d08d92"},"description":"Na Svetski dan autizma, predsednica Osmani posetila je centar \u201eAutizam govori\u201c - Predsednik Republike Kosovo - DR. VJOSA OSMANI - SADRIU -","breadcrumb":{"@id":"https:\/\/president-ksgov.net\/sr\/na-svetski-dan-autizma-predsednica-osmani-posetila-je-centar-autizam-govori\/#breadcrumb"},"inLanguage":"sr-RS","potentialAction":[{"@type":"ReadAction","target":["https:\/\/president-ksgov.net\/sr\/na-svetski-dan-autizma-predsednica-osmani-posetila-je-centar-autizam-govori\/"]}]},{"@type":"ImageObject","inLanguage":"sr-RS","@id":"https:\/\/president-ksgov.net\/sr\/na-svetski-dan-autizma-predsednica-osmani-posetila-je-centar-autizam-govori\/#primaryimage","url":"https:\/\/president-ksgov.net\/wp-content\/uploads\/1-243.jpg","contentUrl":"https:\/\/president-ksgov.net\/wp-content\/uploads\/1-243.jpg","width":2000,"height":1332},{"@type":"BreadcrumbList","@id":"https:\/\/president-ksgov.net\/sr\/na-svetski-dan-autizma-predsednica-osmani-posetila-je-centar-autizam-govori\/#breadcrumb","itemListElement":[{"@type":"ListItem","position":1,"name":"Home","item":"https:\/\/president-ksgov.net\/sr\/"},{"@type":"ListItem","position":2,"name":"Na Svetski dan autizma, predsednica Osmani posetila je centar \u201eAutizam govori\u201c"}]},{"@type":"WebSite","@id":"https:\/\/president-ksgov.net\/#website","url":"https:\/\/president-ksgov.net\/","name":"Presidente e Republik\u00ebs s\u00eb Kosov\u00ebs","description":"Presidente e Republik\u00ebs s\u00eb Kosov\u00ebs","alternateName":"DR. VJOSA OSMANI - SADRIU","potentialAction":[{"@type":"SearchAction","target":{"@type":"EntryPoint","urlTemplate":"https:\/\/president-ksgov.net\/?s={search_term_string}"},"query-input":{"@type":"PropertyValueSpecification","valueRequired":true,"valueName":"search_term_string"}}],"inLanguage":"sr-RS"},{"@type":"Person","@id":"https:\/\/president-ksgov.net\/#\/schema\/person\/1a2c014cffc81ec60d5a452a36d08d92","name":"presidentlogin","image":{"@type":"ImageObject","inLanguage":"sr-RS","@id":"https:\/\/president-ksgov.net\/#\/schema\/person\/image\/","url":"https:\/\/secure.gravatar.com\/avatar\/339f00ab0a8a0d5ce1ecff10aa2b4a1f51f58bbd5a57793f8cd6ad624080d807?s=96&d=mm&r=g","contentUrl":"https:\/\/secure.gravatar.com\/avatar\/339f00ab0a8a0d5ce1ecff10aa2b4a1f51f58bbd5a57793f8cd6ad624080d807?s=96&d=mm&r=g","caption":"presidentlogin"}}]}},"_links":{"self":[{"href":"https:\/\/president-ksgov.net\/sr\/wp-json\/wp\/v2\/posts\/103172","targetHints":{"allow":["GET"]}}],"collection":[{"href":"https:\/\/president-ksgov.net\/sr\/wp-json\/wp\/v2\/posts"}],"about":[{"href":"https:\/\/president-ksgov.net\/sr\/wp-json\/wp\/v2\/types\/post"}],"author":[{"embeddable":true,"href":"https:\/\/president-ksgov.net\/sr\/wp-json\/wp\/v2\/users\/11"}],"replies":[{"embeddable":true,"href":"https:\/\/president-ksgov.net\/sr\/wp-json\/wp\/v2\/comments?post=103172"}],"version-history":[{"count":1,"href":"https:\/\/president-ksgov.net\/sr\/wp-json\/wp\/v2\/posts\/103172\/revisions"}],"predecessor-version":[{"id":103173,"href":"https:\/\/president-ksgov.net\/sr\/wp-json\/wp\/v2\/posts\/103172\/revisions\/103173"}],"wp:featuredmedia":[{"embeddable":true,"href":"https:\/\/president-ksgov.net\/sr\/wp-json\/wp\/v2\/media\/103154"}],"wp:attachment":[{"href":"https:\/\/president-ksgov.net\/sr\/wp-json\/wp\/v2\/media?parent=103172"}],"wp:term":[{"taxonomy":"category","embeddable":true,"href":"https:\/\/president-ksgov.net\/sr\/wp-json\/wp\/v2\/categories?post=103172"},{"taxonomy":"post_tag","embeddable":true,"href":"https:\/\/president-ksgov.net\/sr\/wp-json\/wp\/v2\/tags?post=103172"}],"curies":[{"name":"wp","href":"https:\/\/api.w.org\/{rel}","templated":true}]}}