{"id":103168,"date":"2024-04-02T17:30:16","date_gmt":"2024-04-02T15:30:16","guid":{"rendered":"https:\/\/president-ksgov.net\/?p=103168"},"modified":"2024-04-03T09:41:11","modified_gmt":"2024-04-03T07:41:11","slug":"predsednica-osmani-docekala-na-sastanku-g-bertranda-bouyxa-predsednika-odbora-za-politicka-pitanja-i-demokratiju-u-parlamentarnoj-skupstini-saveta-evrope","status":"publish","type":"post","link":"https:\/\/president-ksgov.net\/sr\/predsednica-osmani-docekala-na-sastanku-g-bertranda-bouyxa-predsednika-odbora-za-politicka-pitanja-i-demokratiju-u-parlamentarnoj-skupstini-saveta-evrope\/","title":{"rendered":"Predsednica Osmani do\u010dekala na sastanku g. Bertranda Bouyxa, predsednika Odbora za politi\u010dka pitanja i demokratiju u Parlamentarnoj skup\u0161tini Saveta Evrope"},"content":{"rendered":"<p>Predsednica Republike Kosovo Vjosa Osmani do\u010dekala je danas na sastanku \u00a0g. Bertranda Bouyxa, predsednika Odbora za politi\u010dka pitanja i demokratiju u Parlamentarnoj skup\u0161tini Saveta Evrope, ujedno i poslanika u Narodnoj skup\u0161tini Francuske.<\/p>\n<p>Na sastanku je razgovarano o \u010dlanstvu Kosova u Savetu Evrope, i tim povodom je zahvalila g. Bouyxu za njegovo vo\u0111stvo i podr\u0161ku Kosovu u Odboru za politi\u010dka pitanja i demokratiju, koji je velikom ve\u0107inom glasao za unapre\u0111enje \u010dlanstva Kosova za glasanje u Parlamentarnoj skup\u0161tini.<\/p>\n<p>Predsednica Osmani je istakla da \u0107e \u010dlanstvo Kosova u Savetu Evrope biti va\u017ean korak za dalje ja\u010danje i unapre\u0111enje ljudskih prava kroz mehanizme koje nudi Savet, koji \u0107e slu\u017eiti kao dodatni mehanizam za za\u0161titu i garantovanje prava svih gra\u0111ana Kosova. U tom duhu, predsednica Osmani je rekla da je pristup institucijama i mehanizmima Saveta Evrope, kao \u0161to je Evropski sud za ljudska prava, pre svega u interesu gra\u0111ana Kosova, bez razlike.<\/p>\n<p>Predsednica Osmani je izrazila svoju zahvalnost i ponovila zna\u010daj kontinuirane podr\u0161ke Francuske u ovom pravcu, a izrazila je i uverenje da \u0107e \u010dlanstvo Kosova u Savetu Evrope biti pozitivno ocenjeno od strane poslanika dr\u017eava \u010dlanica u Parlamentarnoj skup\u0161tini.<\/p>\n<p>Predsednica Osmani je dalje izrazila svoju punu posve\u0107enost nastavku zajedni\u010dkog rada sa prijateljskim i savezni\u010dkim zemljama kako bi se ovaj proces dalje unapredio ka njegovom uspe\u0161nom zavr\u0161etku.<\/p>\n","protected":false},"excerpt":{"rendered":"<p>Predsednica Republike Kosovo Vjosa Osmani do\u010dekala je danas na sastanku \u00a0g. Bertranda Bouyxa, predsednika Odbora za politi\u010dka pitanja i demokratiju u Parlamentarnoj skup\u0161tini Saveta Evrope, ujedno i poslanika u Narodnoj skup\u0161tini Francuske. Na sastanku je razgovarano o \u010dlanstvu Kosova u Savetu Evrope, i tim povodom je zahvalila g. Bouyxu za njegovo vo\u0111stvo i podr\u0161ku Kosovu u Odboru za politi\u010dka pitanja i demokratiju, koji je velikom ve\u0107inom glasao za unapre\u0111enje \u010dlanstva Kosova za glasanje u Parlamentarnoj skup\u0161tini. Predsednica Osmani je istakla da \u0107e \u010dlanstvo Kosova u Savetu Evrope biti va\u017ean korak za dalje ja\u010danje i unapre\u0111enje ljudskih prava kroz mehanizme koje nudi Savet, koji \u0107e slu\u017eiti kao dodatni mehanizam za za\u0161titu i garantovanje prava svih gra\u0111ana Kosova. U tom duhu, predsednica Osmani je rekla da je pristup institucijama i mehanizmima Saveta Evrope, kao \u0161to je Evropski sud za ljudska prava, pre svega u interesu gra\u0111ana Kosova, bez razlike. Predsednica Osmani je izrazila svoju zahvalnost i ponovila zna\u010daj kontinuirane podr\u0161ke Francuske u ovom pravcu, a izrazila je i uverenje da \u0107e \u010dlanstvo Kosova u Savetu Evrope biti pozitivno ocenjeno od strane poslanika dr\u017eava \u010dlanica u Parlamentarnoj skup\u0161tini. Predsednica Osmani je dalje izrazila svoju punu posve\u0107enost nastavku zajedni\u010dkog rada sa prijateljskim i savezni\u010dkim zemljama kako bi se ovaj proces dalje unapredio ka njegovom uspe\u0161nom zavr\u0161etku.<\/p>\n","protected":false},"author":11,"featured_media":103143,"comment_status":"open","ping_status":"closed","sticky":false,"template":"","format":"standard","meta":{"_eb_attr":"","footnotes":""},"categories":[101],"tags":[],"class_list":["post-103168","post","type-post","status-publish","format-standard","has-post-thumbnail","hentry","category-vesti"],"yoast_head":"<!-- This site is optimized with the Yoast SEO plugin v23.5 - https:\/\/yoast.com\/wordpress\/plugins\/seo\/ -->\n<title>Predsednica Osmani do\u010dekala na sastanku g. Bertranda Bouyxa, predsednika Odbora za politi\u010dka pitanja i demokratiju u Parlamentarnoj skup\u0161tini Saveta Evrope - Predsednik Republike Kosovo - DR. VJOSA OSMANI - SADRIU<\/title>\n<meta name=\"description\" content=\"Predsednica Osmani do\u010dekala na sastanku g. Bertranda Bouyxa, predsednika Odbora za politi\u010dka pitanja i demokratiju u Parlamentarnoj skup\u0161tini Saveta Evrope - Predsednik Republike Kosovo - DR. VJOSA OSMANI - SADRIU -\" \/>\n<meta name=\"robots\" content=\"index, follow, max-snippet:-1, max-image-preview:large, max-video-preview:-1\" \/>\n<link rel=\"canonical\" href=\"https:\/\/president-ksgov.net\/sr\/predsednica-osmani-docekala-na-sastanku-g-bertranda-bouyxa-predsednika-odbora-za-politicka-pitanja-i-demokratiju-u-parlamentarnoj-skupstini-saveta-evrope\/\" \/>\n<meta property=\"og:locale\" content=\"sr_RS\" \/>\n<meta property=\"og:type\" content=\"article\" \/>\n<meta property=\"og:title\" content=\"Predsednica Osmani do\u010dekala na sastanku g. Bertranda Bouyxa, predsednika Odbora za politi\u010dka pitanja i demokratiju u Parlamentarnoj skup\u0161tini Saveta Evrope - Predsednik Republike Kosovo - DR. VJOSA OSMANI - SADRIU\" \/>\n<meta property=\"og:description\" content=\"Predsednica Osmani do\u010dekala na sastanku g. Bertranda Bouyxa, predsednika Odbora za politi\u010dka pitanja i demokratiju u Parlamentarnoj skup\u0161tini Saveta Evrope - Predsednik Republike Kosovo - DR. VJOSA OSMANI - SADRIU -\" \/>\n<meta property=\"og:url\" content=\"https:\/\/president-ksgov.net\/sr\/predsednica-osmani-docekala-na-sastanku-g-bertranda-bouyxa-predsednika-odbora-za-politicka-pitanja-i-demokratiju-u-parlamentarnoj-skupstini-saveta-evrope\/\" \/>\n<meta property=\"og:site_name\" content=\"Predsednik Republike Kosovo - DR. VJOSA OSMANI - SADRIU\" \/>\n<meta property=\"article:published_time\" content=\"2024-04-02T15:30:16+00:00\" \/>\n<meta property=\"article:modified_time\" content=\"2024-04-03T07:41:11+00:00\" \/>\n<meta property=\"og:image\" content=\"https:\/\/president-ksgov.net\/wp-content\/uploads\/1-242.jpg\" \/>\n\t<meta property=\"og:image:width\" content=\"1952\" \/>\n\t<meta property=\"og:image:height\" content=\"1419\" \/>\n\t<meta property=\"og:image:type\" content=\"image\/jpeg\" \/>\n<meta name=\"author\" content=\"presidentlogin\" \/>\n<meta name=\"twitter:card\" content=\"summary_large_image\" \/>\n<meta name=\"twitter:label1\" content=\"\u041d\u0430\u043f\u0438\u0441\u0430\u043d\u043e \u043e\u0434\" \/>\n\t<meta name=\"twitter:data1\" content=\"presidentlogin\" \/>\n\t<meta name=\"twitter:label2\" content=\"\u041f\u0440\u043e\u0446\u0435\u045a\u0435\u043d\u043e \u0432\u0440\u0435\u043c\u0435 \u0447\u0438\u0442\u0430\u045a\u0430\" \/>\n\t<meta name=\"twitter:data2\" content=\"2 \u043c\u0438\u043d\u0443\u0442\u0430\" \/>\n<script type=\"application\/ld+json\" class=\"yoast-schema-graph\">{\"@context\":\"https:\/\/schema.org\",\"@graph\":[{\"@type\":\"WebPage\",\"@id\":\"https:\/\/president-ksgov.net\/sr\/predsednica-osmani-docekala-na-sastanku-g-bertranda-bouyxa-predsednika-odbora-za-politicka-pitanja-i-demokratiju-u-parlamentarnoj-skupstini-saveta-evrope\/\",\"url\":\"https:\/\/president-ksgov.net\/sr\/predsednica-osmani-docekala-na-sastanku-g-bertranda-bouyxa-predsednika-odbora-za-politicka-pitanja-i-demokratiju-u-parlamentarnoj-skupstini-saveta-evrope\/\",\"name\":\"Predsednica Osmani do\u010dekala na sastanku g. Bertranda Bouyxa, predsednika Odbora za politi\u010dka pitanja i demokratiju u Parlamentarnoj skup\u0161tini Saveta Evrope - Predsednik Republike Kosovo - DR. VJOSA OSMANI - SADRIU\",\"isPartOf\":{\"@id\":\"https:\/\/president-ksgov.net\/#website\"},\"primaryImageOfPage\":{\"@id\":\"https:\/\/president-ksgov.net\/sr\/predsednica-osmani-docekala-na-sastanku-g-bertranda-bouyxa-predsednika-odbora-za-politicka-pitanja-i-demokratiju-u-parlamentarnoj-skupstini-saveta-evrope\/#primaryimage\"},\"image\":{\"@id\":\"https:\/\/president-ksgov.net\/sr\/predsednica-osmani-docekala-na-sastanku-g-bertranda-bouyxa-predsednika-odbora-za-politicka-pitanja-i-demokratiju-u-parlamentarnoj-skupstini-saveta-evrope\/#primaryimage\"},\"thumbnailUrl\":\"https:\/\/president-ksgov.net\/wp-content\/uploads\/1-242.jpg\",\"datePublished\":\"2024-04-02T15:30:16+00:00\",\"dateModified\":\"2024-04-03T07:41:11+00:00\",\"author\":{\"@id\":\"https:\/\/president-ksgov.net\/#\/schema\/person\/1a2c014cffc81ec60d5a452a36d08d92\"},\"description\":\"Predsednica Osmani do\u010dekala na sastanku g. Bertranda Bouyxa, predsednika Odbora za politi\u010dka pitanja i demokratiju u Parlamentarnoj skup\u0161tini Saveta Evrope - Predsednik Republike Kosovo - DR. VJOSA OSMANI - SADRIU -\",\"breadcrumb\":{\"@id\":\"https:\/\/president-ksgov.net\/sr\/predsednica-osmani-docekala-na-sastanku-g-bertranda-bouyxa-predsednika-odbora-za-politicka-pitanja-i-demokratiju-u-parlamentarnoj-skupstini-saveta-evrope\/#breadcrumb\"},\"inLanguage\":\"sr-RS\",\"potentialAction\":[{\"@type\":\"ReadAction\",\"target\":[\"https:\/\/president-ksgov.net\/sr\/predsednica-osmani-docekala-na-sastanku-g-bertranda-bouyxa-predsednika-odbora-za-politicka-pitanja-i-demokratiju-u-parlamentarnoj-skupstini-saveta-evrope\/\"]}]},{\"@type\":\"ImageObject\",\"inLanguage\":\"sr-RS\",\"@id\":\"https:\/\/president-ksgov.net\/sr\/predsednica-osmani-docekala-na-sastanku-g-bertranda-bouyxa-predsednika-odbora-za-politicka-pitanja-i-demokratiju-u-parlamentarnoj-skupstini-saveta-evrope\/#primaryimage\",\"url\":\"https:\/\/president-ksgov.net\/wp-content\/uploads\/1-242.jpg\",\"contentUrl\":\"https:\/\/president-ksgov.net\/wp-content\/uploads\/1-242.jpg\",\"width\":1952,\"height\":1419},{\"@type\":\"BreadcrumbList\",\"@id\":\"https:\/\/president-ksgov.net\/sr\/predsednica-osmani-docekala-na-sastanku-g-bertranda-bouyxa-predsednika-odbora-za-politicka-pitanja-i-demokratiju-u-parlamentarnoj-skupstini-saveta-evrope\/#breadcrumb\",\"itemListElement\":[{\"@type\":\"ListItem\",\"position\":1,\"name\":\"Home\",\"item\":\"https:\/\/president-ksgov.net\/sr\/\"},{\"@type\":\"ListItem\",\"position\":2,\"name\":\"Predsednica Osmani do\u010dekala na sastanku g. Bertranda Bouyxa, predsednika Odbora za politi\u010dka pitanja i demokratiju u Parlamentarnoj skup\u0161tini Saveta Evrope\"}]},{\"@type\":\"WebSite\",\"@id\":\"https:\/\/president-ksgov.net\/#website\",\"url\":\"https:\/\/president-ksgov.net\/\",\"name\":\"Presidente e Republik\u00ebs s\u00eb Kosov\u00ebs\",\"description\":\"Presidente e Republik\u00ebs s\u00eb Kosov\u00ebs\",\"alternateName\":\"DR. VJOSA OSMANI - SADRIU\",\"potentialAction\":[{\"@type\":\"SearchAction\",\"target\":{\"@type\":\"EntryPoint\",\"urlTemplate\":\"https:\/\/president-ksgov.net\/?s={search_term_string}\"},\"query-input\":{\"@type\":\"PropertyValueSpecification\",\"valueRequired\":true,\"valueName\":\"search_term_string\"}}],\"inLanguage\":\"sr-RS\"},{\"@type\":\"Person\",\"@id\":\"https:\/\/president-ksgov.net\/#\/schema\/person\/1a2c014cffc81ec60d5a452a36d08d92\",\"name\":\"presidentlogin\",\"image\":{\"@type\":\"ImageObject\",\"inLanguage\":\"sr-RS\",\"@id\":\"https:\/\/president-ksgov.net\/#\/schema\/person\/image\/\",\"url\":\"https:\/\/secure.gravatar.com\/avatar\/339f00ab0a8a0d5ce1ecff10aa2b4a1f51f58bbd5a57793f8cd6ad624080d807?s=96&d=mm&r=g\",\"contentUrl\":\"https:\/\/secure.gravatar.com\/avatar\/339f00ab0a8a0d5ce1ecff10aa2b4a1f51f58bbd5a57793f8cd6ad624080d807?s=96&d=mm&r=g\",\"caption\":\"presidentlogin\"}}]}<\/script>\n<!-- \/ Yoast SEO plugin. -->","yoast_head_json":{"title":"Predsednica Osmani do\u010dekala na sastanku g. Bertranda Bouyxa, predsednika Odbora za politi\u010dka pitanja i demokratiju u Parlamentarnoj skup\u0161tini Saveta Evrope - Predsednik Republike Kosovo - DR. VJOSA OSMANI - SADRIU","description":"Predsednica Osmani do\u010dekala na sastanku g. Bertranda Bouyxa, predsednika Odbora za politi\u010dka pitanja i demokratiju u Parlamentarnoj skup\u0161tini Saveta Evrope - Predsednik Republike Kosovo - DR. VJOSA OSMANI - SADRIU -","robots":{"index":"index","follow":"follow","max-snippet":"max-snippet:-1","max-image-preview":"max-image-preview:large","max-video-preview":"max-video-preview:-1"},"canonical":"https:\/\/president-ksgov.net\/sr\/predsednica-osmani-docekala-na-sastanku-g-bertranda-bouyxa-predsednika-odbora-za-politicka-pitanja-i-demokratiju-u-parlamentarnoj-skupstini-saveta-evrope\/","og_locale":"sr_RS","og_type":"article","og_title":"Predsednica Osmani do\u010dekala na sastanku g. Bertranda Bouyxa, predsednika Odbora za politi\u010dka pitanja i demokratiju u Parlamentarnoj skup\u0161tini Saveta Evrope - Predsednik Republike Kosovo - DR. VJOSA OSMANI - SADRIU","og_description":"Predsednica Osmani do\u010dekala na sastanku g. Bertranda Bouyxa, predsednika Odbora za politi\u010dka pitanja i demokratiju u Parlamentarnoj skup\u0161tini Saveta Evrope - Predsednik Republike Kosovo - DR. VJOSA OSMANI - SADRIU -","og_url":"https:\/\/president-ksgov.net\/sr\/predsednica-osmani-docekala-na-sastanku-g-bertranda-bouyxa-predsednika-odbora-za-politicka-pitanja-i-demokratiju-u-parlamentarnoj-skupstini-saveta-evrope\/","og_site_name":"Predsednik Republike Kosovo - DR. VJOSA OSMANI - SADRIU","article_published_time":"2024-04-02T15:30:16+00:00","article_modified_time":"2024-04-03T07:41:11+00:00","og_image":[{"width":1952,"height":1419,"url":"https:\/\/president-ksgov.net\/wp-content\/uploads\/1-242.jpg","type":"image\/jpeg"}],"author":"presidentlogin","twitter_card":"summary_large_image","twitter_misc":{"\u041d\u0430\u043f\u0438\u0441\u0430\u043d\u043e \u043e\u0434":"presidentlogin","\u041f\u0440\u043e\u0446\u0435\u045a\u0435\u043d\u043e \u0432\u0440\u0435\u043c\u0435 \u0447\u0438\u0442\u0430\u045a\u0430":"2 \u043c\u0438\u043d\u0443\u0442\u0430"},"schema":{"@context":"https:\/\/schema.org","@graph":[{"@type":"WebPage","@id":"https:\/\/president-ksgov.net\/sr\/predsednica-osmani-docekala-na-sastanku-g-bertranda-bouyxa-predsednika-odbora-za-politicka-pitanja-i-demokratiju-u-parlamentarnoj-skupstini-saveta-evrope\/","url":"https:\/\/president-ksgov.net\/sr\/predsednica-osmani-docekala-na-sastanku-g-bertranda-bouyxa-predsednika-odbora-za-politicka-pitanja-i-demokratiju-u-parlamentarnoj-skupstini-saveta-evrope\/","name":"Predsednica Osmani do\u010dekala na sastanku g. Bertranda Bouyxa, predsednika Odbora za politi\u010dka pitanja i demokratiju u Parlamentarnoj skup\u0161tini Saveta Evrope - Predsednik Republike Kosovo - DR. VJOSA OSMANI - SADRIU","isPartOf":{"@id":"https:\/\/president-ksgov.net\/#website"},"primaryImageOfPage":{"@id":"https:\/\/president-ksgov.net\/sr\/predsednica-osmani-docekala-na-sastanku-g-bertranda-bouyxa-predsednika-odbora-za-politicka-pitanja-i-demokratiju-u-parlamentarnoj-skupstini-saveta-evrope\/#primaryimage"},"image":{"@id":"https:\/\/president-ksgov.net\/sr\/predsednica-osmani-docekala-na-sastanku-g-bertranda-bouyxa-predsednika-odbora-za-politicka-pitanja-i-demokratiju-u-parlamentarnoj-skupstini-saveta-evrope\/#primaryimage"},"thumbnailUrl":"https:\/\/president-ksgov.net\/wp-content\/uploads\/1-242.jpg","datePublished":"2024-04-02T15:30:16+00:00","dateModified":"2024-04-03T07:41:11+00:00","author":{"@id":"https:\/\/president-ksgov.net\/#\/schema\/person\/1a2c014cffc81ec60d5a452a36d08d92"},"description":"Predsednica Osmani do\u010dekala na sastanku g. Bertranda Bouyxa, predsednika Odbora za politi\u010dka pitanja i demokratiju u Parlamentarnoj skup\u0161tini Saveta Evrope - Predsednik Republike Kosovo - DR. VJOSA OSMANI - SADRIU -","breadcrumb":{"@id":"https:\/\/president-ksgov.net\/sr\/predsednica-osmani-docekala-na-sastanku-g-bertranda-bouyxa-predsednika-odbora-za-politicka-pitanja-i-demokratiju-u-parlamentarnoj-skupstini-saveta-evrope\/#breadcrumb"},"inLanguage":"sr-RS","potentialAction":[{"@type":"ReadAction","target":["https:\/\/president-ksgov.net\/sr\/predsednica-osmani-docekala-na-sastanku-g-bertranda-bouyxa-predsednika-odbora-za-politicka-pitanja-i-demokratiju-u-parlamentarnoj-skupstini-saveta-evrope\/"]}]},{"@type":"ImageObject","inLanguage":"sr-RS","@id":"https:\/\/president-ksgov.net\/sr\/predsednica-osmani-docekala-na-sastanku-g-bertranda-bouyxa-predsednika-odbora-za-politicka-pitanja-i-demokratiju-u-parlamentarnoj-skupstini-saveta-evrope\/#primaryimage","url":"https:\/\/president-ksgov.net\/wp-content\/uploads\/1-242.jpg","contentUrl":"https:\/\/president-ksgov.net\/wp-content\/uploads\/1-242.jpg","width":1952,"height":1419},{"@type":"BreadcrumbList","@id":"https:\/\/president-ksgov.net\/sr\/predsednica-osmani-docekala-na-sastanku-g-bertranda-bouyxa-predsednika-odbora-za-politicka-pitanja-i-demokratiju-u-parlamentarnoj-skupstini-saveta-evrope\/#breadcrumb","itemListElement":[{"@type":"ListItem","position":1,"name":"Home","item":"https:\/\/president-ksgov.net\/sr\/"},{"@type":"ListItem","position":2,"name":"Predsednica Osmani do\u010dekala na sastanku g. Bertranda Bouyxa, predsednika Odbora za politi\u010dka pitanja i demokratiju u Parlamentarnoj skup\u0161tini Saveta Evrope"}]},{"@type":"WebSite","@id":"https:\/\/president-ksgov.net\/#website","url":"https:\/\/president-ksgov.net\/","name":"Presidente e Republik\u00ebs s\u00eb Kosov\u00ebs","description":"Presidente e Republik\u00ebs s\u00eb Kosov\u00ebs","alternateName":"DR. VJOSA OSMANI - SADRIU","potentialAction":[{"@type":"SearchAction","target":{"@type":"EntryPoint","urlTemplate":"https:\/\/president-ksgov.net\/?s={search_term_string}"},"query-input":{"@type":"PropertyValueSpecification","valueRequired":true,"valueName":"search_term_string"}}],"inLanguage":"sr-RS"},{"@type":"Person","@id":"https:\/\/president-ksgov.net\/#\/schema\/person\/1a2c014cffc81ec60d5a452a36d08d92","name":"presidentlogin","image":{"@type":"ImageObject","inLanguage":"sr-RS","@id":"https:\/\/president-ksgov.net\/#\/schema\/person\/image\/","url":"https:\/\/secure.gravatar.com\/avatar\/339f00ab0a8a0d5ce1ecff10aa2b4a1f51f58bbd5a57793f8cd6ad624080d807?s=96&d=mm&r=g","contentUrl":"https:\/\/secure.gravatar.com\/avatar\/339f00ab0a8a0d5ce1ecff10aa2b4a1f51f58bbd5a57793f8cd6ad624080d807?s=96&d=mm&r=g","caption":"presidentlogin"}}]}},"_links":{"self":[{"href":"https:\/\/president-ksgov.net\/sr\/wp-json\/wp\/v2\/posts\/103168","targetHints":{"allow":["GET"]}}],"collection":[{"href":"https:\/\/president-ksgov.net\/sr\/wp-json\/wp\/v2\/posts"}],"about":[{"href":"https:\/\/president-ksgov.net\/sr\/wp-json\/wp\/v2\/types\/post"}],"author":[{"embeddable":true,"href":"https:\/\/president-ksgov.net\/sr\/wp-json\/wp\/v2\/users\/11"}],"replies":[{"embeddable":true,"href":"https:\/\/president-ksgov.net\/sr\/wp-json\/wp\/v2\/comments?post=103168"}],"version-history":[{"count":1,"href":"https:\/\/president-ksgov.net\/sr\/wp-json\/wp\/v2\/posts\/103168\/revisions"}],"predecessor-version":[{"id":103170,"href":"https:\/\/president-ksgov.net\/sr\/wp-json\/wp\/v2\/posts\/103168\/revisions\/103170"}],"wp:featuredmedia":[{"embeddable":true,"href":"https:\/\/president-ksgov.net\/sr\/wp-json\/wp\/v2\/media\/103143"}],"wp:attachment":[{"href":"https:\/\/president-ksgov.net\/sr\/wp-json\/wp\/v2\/media?parent=103168"}],"wp:term":[{"taxonomy":"category","embeddable":true,"href":"https:\/\/president-ksgov.net\/sr\/wp-json\/wp\/v2\/categories?post=103168"},{"taxonomy":"post_tag","embeddable":true,"href":"https:\/\/president-ksgov.net\/sr\/wp-json\/wp\/v2\/tags?post=103168"}],"curies":[{"name":"wp","href":"https:\/\/api.w.org\/{rel}","templated":true}]}}