{"id":103047,"date":"2024-04-02T09:30:52","date_gmt":"2024-04-02T07:30:52","guid":{"rendered":"https:\/\/president-ksgov.net\/?p=103047"},"modified":"2024-04-02T10:46:29","modified_gmt":"2024-04-02T08:46:29","slug":"predsednica-osmani-podsetila-na-25-godisnjicu-masakra-u-kuci-porodice-vejsa","status":"publish","type":"post","link":"https:\/\/president-ksgov.net\/sr\/predsednica-osmani-podsetila-na-25-godisnjicu-masakra-u-kuci-porodice-vejsa\/","title":{"rendered":"Predsednica Osmani podsetila na 25. godi\u0161njicu masakra u ku\u0107i porodice Vejsa"},"content":{"rendered":"<p>Imena stradale dece i \u017eena porodica Vejsa, Caka, Haxhiavdija, Nuqi, Hoxha i Gashi iz \u0110akovice, trajno su se\u0107anje i svedo\u010de o te\u0161kom putu na\u0161ih te\u017enji za slobodom i dr\u017eavom.<\/p>\n<p>Srpski genocidni re\u017eim je pre 25 godina ispoljio svoje divlja\u0161tvo kada je ubio, a potom spalio u podrumu ku\u0107e porodice Vejsa \u010dlanove ovih porodica starosti od 2 do 75 godina.<\/p>\n<p>Spaljivanje \u017eive dece Kosova je istina Srbije, koja i danas nastavlja da \u0161titi zlo\u010dince koji su po\u010dinili ove jezive zlo\u010dine sa jasnom genocidnom namerom.<\/p>\n<p>\u010cuvaju\u0107i \u017eivim se\u0107anje na njih, nastavi\u0107emo borbu za pravdu.<\/p>\n<p>Neka je ve\u010dno se\u0107anje na sve one koji su pali za slobodu!<\/p>\n","protected":false},"excerpt":{"rendered":"<p>Imena stradale dece i \u017eena porodica Vejsa, Caka, Haxhiavdija, Nuqi, Hoxha i Gashi iz \u0110akovice, trajno su se\u0107anje i svedo\u010de o te\u0161kom putu na\u0161ih te\u017enji za slobodom i dr\u017eavom. Srpski genocidni re\u017eim je pre 25 godina ispoljio svoje divlja\u0161tvo kada je ubio, a potom spalio u podrumu ku\u0107e porodice Vejsa \u010dlanove ovih porodica starosti od 2 do 75 godina. Spaljivanje \u017eive dece Kosova je istina Srbije, koja i danas nastavlja da \u0161titi zlo\u010dince koji su po\u010dinili ove jezive zlo\u010dine sa jasnom genocidnom namerom. \u010cuvaju\u0107i \u017eivim se\u0107anje na njih, nastavi\u0107emo borbu za pravdu. Neka je ve\u010dno se\u0107anje na sve one koji su pali za slobodu!<\/p>\n","protected":false},"author":11,"featured_media":103031,"comment_status":"open","ping_status":"closed","sticky":false,"template":"","format":"standard","meta":{"_eb_attr":"","footnotes":""},"categories":[101],"tags":[],"class_list":["post-103047","post","type-post","status-publish","format-standard","has-post-thumbnail","hentry","category-vesti"],"yoast_head":"<!-- This site is optimized with the Yoast SEO plugin v23.5 - https:\/\/yoast.com\/wordpress\/plugins\/seo\/ -->\n<title>Predsednica Osmani podsetila na 25. godi\u0161njicu masakra u ku\u0107i porodice Vejsa - Predsednik Republike Kosovo - DR. VJOSA OSMANI - SADRIU<\/title>\n<meta name=\"description\" content=\"Predsednica Osmani podsetila na 25. godi\u0161njicu masakra u ku\u0107i porodice Vejsa - Predsednik Republike Kosovo - DR. VJOSA OSMANI - SADRIU -\" \/>\n<meta name=\"robots\" content=\"index, follow, max-snippet:-1, max-image-preview:large, max-video-preview:-1\" \/>\n<link rel=\"canonical\" href=\"https:\/\/president-ksgov.net\/sr\/predsednica-osmani-podsetila-na-25-godisnjicu-masakra-u-kuci-porodice-vejsa\/\" \/>\n<meta property=\"og:locale\" content=\"sr_RS\" \/>\n<meta property=\"og:type\" content=\"article\" \/>\n<meta property=\"og:title\" content=\"Predsednica Osmani podsetila na 25. godi\u0161njicu masakra u ku\u0107i porodice Vejsa - Predsednik Republike Kosovo - DR. VJOSA OSMANI - SADRIU\" \/>\n<meta property=\"og:description\" content=\"Predsednica Osmani podsetila na 25. godi\u0161njicu masakra u ku\u0107i porodice Vejsa - Predsednik Republike Kosovo - DR. VJOSA OSMANI - SADRIU -\" \/>\n<meta property=\"og:url\" content=\"https:\/\/president-ksgov.net\/sr\/predsednica-osmani-podsetila-na-25-godisnjicu-masakra-u-kuci-porodice-vejsa\/\" \/>\n<meta property=\"og:site_name\" content=\"Predsednik Republike Kosovo - DR. VJOSA OSMANI - SADRIU\" \/>\n<meta property=\"article:published_time\" content=\"2024-04-02T07:30:52+00:00\" \/>\n<meta property=\"article:modified_time\" content=\"2024-04-02T08:46:29+00:00\" \/>\n<meta property=\"og:image\" content=\"https:\/\/president-ksgov.net\/wp-content\/uploads\/masakra-ne-shtepine-e-familjes-Vejsa.jpg\" \/>\n\t<meta property=\"og:image:width\" content=\"780\" \/>\n\t<meta property=\"og:image:height\" content=\"439\" \/>\n\t<meta property=\"og:image:type\" content=\"image\/jpeg\" \/>\n<meta name=\"author\" content=\"presidentlogin\" \/>\n<meta name=\"twitter:card\" content=\"summary_large_image\" \/>\n<meta name=\"twitter:label1\" content=\"\u041d\u0430\u043f\u0438\u0441\u0430\u043d\u043e \u043e\u0434\" \/>\n\t<meta name=\"twitter:data1\" content=\"presidentlogin\" \/>\n\t<meta name=\"twitter:label2\" content=\"\u041f\u0440\u043e\u0446\u0435\u045a\u0435\u043d\u043e \u0432\u0440\u0435\u043c\u0435 \u0447\u0438\u0442\u0430\u045a\u0430\" \/>\n\t<meta name=\"twitter:data2\" content=\"1 \u043c\u0438\u043d\u0443\u0442\" \/>\n<script type=\"application\/ld+json\" class=\"yoast-schema-graph\">{\"@context\":\"https:\/\/schema.org\",\"@graph\":[{\"@type\":\"WebPage\",\"@id\":\"https:\/\/president-ksgov.net\/sr\/predsednica-osmani-podsetila-na-25-godisnjicu-masakra-u-kuci-porodice-vejsa\/\",\"url\":\"https:\/\/president-ksgov.net\/sr\/predsednica-osmani-podsetila-na-25-godisnjicu-masakra-u-kuci-porodice-vejsa\/\",\"name\":\"Predsednica Osmani podsetila na 25. godi\u0161njicu masakra u ku\u0107i porodice Vejsa - Predsednik Republike Kosovo - DR. VJOSA OSMANI - SADRIU\",\"isPartOf\":{\"@id\":\"https:\/\/president-ksgov.net\/#website\"},\"primaryImageOfPage\":{\"@id\":\"https:\/\/president-ksgov.net\/sr\/predsednica-osmani-podsetila-na-25-godisnjicu-masakra-u-kuci-porodice-vejsa\/#primaryimage\"},\"image\":{\"@id\":\"https:\/\/president-ksgov.net\/sr\/predsednica-osmani-podsetila-na-25-godisnjicu-masakra-u-kuci-porodice-vejsa\/#primaryimage\"},\"thumbnailUrl\":\"https:\/\/president-ksgov.net\/wp-content\/uploads\/masakra-ne-shtepine-e-familjes-Vejsa.jpg\",\"datePublished\":\"2024-04-02T07:30:52+00:00\",\"dateModified\":\"2024-04-02T08:46:29+00:00\",\"author\":{\"@id\":\"https:\/\/president-ksgov.net\/#\/schema\/person\/1a2c014cffc81ec60d5a452a36d08d92\"},\"description\":\"Predsednica Osmani podsetila na 25. godi\u0161njicu masakra u ku\u0107i porodice Vejsa - Predsednik Republike Kosovo - DR. VJOSA OSMANI - SADRIU -\",\"breadcrumb\":{\"@id\":\"https:\/\/president-ksgov.net\/sr\/predsednica-osmani-podsetila-na-25-godisnjicu-masakra-u-kuci-porodice-vejsa\/#breadcrumb\"},\"inLanguage\":\"sr-RS\",\"potentialAction\":[{\"@type\":\"ReadAction\",\"target\":[\"https:\/\/president-ksgov.net\/sr\/predsednica-osmani-podsetila-na-25-godisnjicu-masakra-u-kuci-porodice-vejsa\/\"]}]},{\"@type\":\"ImageObject\",\"inLanguage\":\"sr-RS\",\"@id\":\"https:\/\/president-ksgov.net\/sr\/predsednica-osmani-podsetila-na-25-godisnjicu-masakra-u-kuci-porodice-vejsa\/#primaryimage\",\"url\":\"https:\/\/president-ksgov.net\/wp-content\/uploads\/masakra-ne-shtepine-e-familjes-Vejsa.jpg\",\"contentUrl\":\"https:\/\/president-ksgov.net\/wp-content\/uploads\/masakra-ne-shtepine-e-familjes-Vejsa.jpg\",\"width\":780,\"height\":439},{\"@type\":\"BreadcrumbList\",\"@id\":\"https:\/\/president-ksgov.net\/sr\/predsednica-osmani-podsetila-na-25-godisnjicu-masakra-u-kuci-porodice-vejsa\/#breadcrumb\",\"itemListElement\":[{\"@type\":\"ListItem\",\"position\":1,\"name\":\"Home\",\"item\":\"https:\/\/president-ksgov.net\/sr\/\"},{\"@type\":\"ListItem\",\"position\":2,\"name\":\"Predsednica Osmani podsetila na 25. godi\u0161njicu masakra u ku\u0107i porodice Vejsa\"}]},{\"@type\":\"WebSite\",\"@id\":\"https:\/\/president-ksgov.net\/#website\",\"url\":\"https:\/\/president-ksgov.net\/\",\"name\":\"Presidente e Republik\u00ebs s\u00eb Kosov\u00ebs\",\"description\":\"Presidente e Republik\u00ebs s\u00eb Kosov\u00ebs\",\"alternateName\":\"DR. VJOSA OSMANI - SADRIU\",\"potentialAction\":[{\"@type\":\"SearchAction\",\"target\":{\"@type\":\"EntryPoint\",\"urlTemplate\":\"https:\/\/president-ksgov.net\/?s={search_term_string}\"},\"query-input\":{\"@type\":\"PropertyValueSpecification\",\"valueRequired\":true,\"valueName\":\"search_term_string\"}}],\"inLanguage\":\"sr-RS\"},{\"@type\":\"Person\",\"@id\":\"https:\/\/president-ksgov.net\/#\/schema\/person\/1a2c014cffc81ec60d5a452a36d08d92\",\"name\":\"presidentlogin\",\"image\":{\"@type\":\"ImageObject\",\"inLanguage\":\"sr-RS\",\"@id\":\"https:\/\/president-ksgov.net\/#\/schema\/person\/image\/\",\"url\":\"https:\/\/secure.gravatar.com\/avatar\/339f00ab0a8a0d5ce1ecff10aa2b4a1f51f58bbd5a57793f8cd6ad624080d807?s=96&d=mm&r=g\",\"contentUrl\":\"https:\/\/secure.gravatar.com\/avatar\/339f00ab0a8a0d5ce1ecff10aa2b4a1f51f58bbd5a57793f8cd6ad624080d807?s=96&d=mm&r=g\",\"caption\":\"presidentlogin\"}}]}<\/script>\n<!-- \/ Yoast SEO plugin. -->","yoast_head_json":{"title":"Predsednica Osmani podsetila na 25. godi\u0161njicu masakra u ku\u0107i porodice Vejsa - Predsednik Republike Kosovo - DR. VJOSA OSMANI - SADRIU","description":"Predsednica Osmani podsetila na 25. godi\u0161njicu masakra u ku\u0107i porodice Vejsa - Predsednik Republike Kosovo - DR. VJOSA OSMANI - SADRIU -","robots":{"index":"index","follow":"follow","max-snippet":"max-snippet:-1","max-image-preview":"max-image-preview:large","max-video-preview":"max-video-preview:-1"},"canonical":"https:\/\/president-ksgov.net\/sr\/predsednica-osmani-podsetila-na-25-godisnjicu-masakra-u-kuci-porodice-vejsa\/","og_locale":"sr_RS","og_type":"article","og_title":"Predsednica Osmani podsetila na 25. godi\u0161njicu masakra u ku\u0107i porodice Vejsa - Predsednik Republike Kosovo - DR. VJOSA OSMANI - SADRIU","og_description":"Predsednica Osmani podsetila na 25. godi\u0161njicu masakra u ku\u0107i porodice Vejsa - Predsednik Republike Kosovo - DR. VJOSA OSMANI - SADRIU -","og_url":"https:\/\/president-ksgov.net\/sr\/predsednica-osmani-podsetila-na-25-godisnjicu-masakra-u-kuci-porodice-vejsa\/","og_site_name":"Predsednik Republike Kosovo - DR. VJOSA OSMANI - SADRIU","article_published_time":"2024-04-02T07:30:52+00:00","article_modified_time":"2024-04-02T08:46:29+00:00","og_image":[{"width":780,"height":439,"url":"https:\/\/president-ksgov.net\/wp-content\/uploads\/masakra-ne-shtepine-e-familjes-Vejsa.jpg","type":"image\/jpeg"}],"author":"presidentlogin","twitter_card":"summary_large_image","twitter_misc":{"\u041d\u0430\u043f\u0438\u0441\u0430\u043d\u043e \u043e\u0434":"presidentlogin","\u041f\u0440\u043e\u0446\u0435\u045a\u0435\u043d\u043e \u0432\u0440\u0435\u043c\u0435 \u0447\u0438\u0442\u0430\u045a\u0430":"1 \u043c\u0438\u043d\u0443\u0442"},"schema":{"@context":"https:\/\/schema.org","@graph":[{"@type":"WebPage","@id":"https:\/\/president-ksgov.net\/sr\/predsednica-osmani-podsetila-na-25-godisnjicu-masakra-u-kuci-porodice-vejsa\/","url":"https:\/\/president-ksgov.net\/sr\/predsednica-osmani-podsetila-na-25-godisnjicu-masakra-u-kuci-porodice-vejsa\/","name":"Predsednica Osmani podsetila na 25. godi\u0161njicu masakra u ku\u0107i porodice Vejsa - Predsednik Republike Kosovo - DR. VJOSA OSMANI - SADRIU","isPartOf":{"@id":"https:\/\/president-ksgov.net\/#website"},"primaryImageOfPage":{"@id":"https:\/\/president-ksgov.net\/sr\/predsednica-osmani-podsetila-na-25-godisnjicu-masakra-u-kuci-porodice-vejsa\/#primaryimage"},"image":{"@id":"https:\/\/president-ksgov.net\/sr\/predsednica-osmani-podsetila-na-25-godisnjicu-masakra-u-kuci-porodice-vejsa\/#primaryimage"},"thumbnailUrl":"https:\/\/president-ksgov.net\/wp-content\/uploads\/masakra-ne-shtepine-e-familjes-Vejsa.jpg","datePublished":"2024-04-02T07:30:52+00:00","dateModified":"2024-04-02T08:46:29+00:00","author":{"@id":"https:\/\/president-ksgov.net\/#\/schema\/person\/1a2c014cffc81ec60d5a452a36d08d92"},"description":"Predsednica Osmani podsetila na 25. godi\u0161njicu masakra u ku\u0107i porodice Vejsa - Predsednik Republike Kosovo - DR. VJOSA OSMANI - SADRIU -","breadcrumb":{"@id":"https:\/\/president-ksgov.net\/sr\/predsednica-osmani-podsetila-na-25-godisnjicu-masakra-u-kuci-porodice-vejsa\/#breadcrumb"},"inLanguage":"sr-RS","potentialAction":[{"@type":"ReadAction","target":["https:\/\/president-ksgov.net\/sr\/predsednica-osmani-podsetila-na-25-godisnjicu-masakra-u-kuci-porodice-vejsa\/"]}]},{"@type":"ImageObject","inLanguage":"sr-RS","@id":"https:\/\/president-ksgov.net\/sr\/predsednica-osmani-podsetila-na-25-godisnjicu-masakra-u-kuci-porodice-vejsa\/#primaryimage","url":"https:\/\/president-ksgov.net\/wp-content\/uploads\/masakra-ne-shtepine-e-familjes-Vejsa.jpg","contentUrl":"https:\/\/president-ksgov.net\/wp-content\/uploads\/masakra-ne-shtepine-e-familjes-Vejsa.jpg","width":780,"height":439},{"@type":"BreadcrumbList","@id":"https:\/\/president-ksgov.net\/sr\/predsednica-osmani-podsetila-na-25-godisnjicu-masakra-u-kuci-porodice-vejsa\/#breadcrumb","itemListElement":[{"@type":"ListItem","position":1,"name":"Home","item":"https:\/\/president-ksgov.net\/sr\/"},{"@type":"ListItem","position":2,"name":"Predsednica Osmani podsetila na 25. godi\u0161njicu masakra u ku\u0107i porodice Vejsa"}]},{"@type":"WebSite","@id":"https:\/\/president-ksgov.net\/#website","url":"https:\/\/president-ksgov.net\/","name":"Presidente e Republik\u00ebs s\u00eb Kosov\u00ebs","description":"Presidente e Republik\u00ebs s\u00eb Kosov\u00ebs","alternateName":"DR. VJOSA OSMANI - SADRIU","potentialAction":[{"@type":"SearchAction","target":{"@type":"EntryPoint","urlTemplate":"https:\/\/president-ksgov.net\/?s={search_term_string}"},"query-input":{"@type":"PropertyValueSpecification","valueRequired":true,"valueName":"search_term_string"}}],"inLanguage":"sr-RS"},{"@type":"Person","@id":"https:\/\/president-ksgov.net\/#\/schema\/person\/1a2c014cffc81ec60d5a452a36d08d92","name":"presidentlogin","image":{"@type":"ImageObject","inLanguage":"sr-RS","@id":"https:\/\/president-ksgov.net\/#\/schema\/person\/image\/","url":"https:\/\/secure.gravatar.com\/avatar\/339f00ab0a8a0d5ce1ecff10aa2b4a1f51f58bbd5a57793f8cd6ad624080d807?s=96&d=mm&r=g","contentUrl":"https:\/\/secure.gravatar.com\/avatar\/339f00ab0a8a0d5ce1ecff10aa2b4a1f51f58bbd5a57793f8cd6ad624080d807?s=96&d=mm&r=g","caption":"presidentlogin"}}]}},"_links":{"self":[{"href":"https:\/\/president-ksgov.net\/sr\/wp-json\/wp\/v2\/posts\/103047","targetHints":{"allow":["GET"]}}],"collection":[{"href":"https:\/\/president-ksgov.net\/sr\/wp-json\/wp\/v2\/posts"}],"about":[{"href":"https:\/\/president-ksgov.net\/sr\/wp-json\/wp\/v2\/types\/post"}],"author":[{"embeddable":true,"href":"https:\/\/president-ksgov.net\/sr\/wp-json\/wp\/v2\/users\/11"}],"replies":[{"embeddable":true,"href":"https:\/\/president-ksgov.net\/sr\/wp-json\/wp\/v2\/comments?post=103047"}],"version-history":[{"count":1,"href":"https:\/\/president-ksgov.net\/sr\/wp-json\/wp\/v2\/posts\/103047\/revisions"}],"predecessor-version":[{"id":103048,"href":"https:\/\/president-ksgov.net\/sr\/wp-json\/wp\/v2\/posts\/103047\/revisions\/103048"}],"wp:featuredmedia":[{"embeddable":true,"href":"https:\/\/president-ksgov.net\/sr\/wp-json\/wp\/v2\/media\/103031"}],"wp:attachment":[{"href":"https:\/\/president-ksgov.net\/sr\/wp-json\/wp\/v2\/media?parent=103047"}],"wp:term":[{"taxonomy":"category","embeddable":true,"href":"https:\/\/president-ksgov.net\/sr\/wp-json\/wp\/v2\/categories?post=103047"},{"taxonomy":"post_tag","embeddable":true,"href":"https:\/\/president-ksgov.net\/sr\/wp-json\/wp\/v2\/tags?post=103047"}],"curies":[{"name":"wp","href":"https:\/\/api.w.org\/{rel}","templated":true}]}}