{"id":102989,"date":"2024-03-28T17:40:50","date_gmt":"2024-03-28T16:40:50","guid":{"rendered":"https:\/\/president-ksgov.net\/?p=102989"},"modified":"2024-03-29T09:29:59","modified_gmt":"2024-03-29T08:29:59","slug":"predsednica-osmani-se-sastala-sa-apostolskim-delegatom-svete-stolice-za-kosovo-jeanom-mari-speichom","status":"publish","type":"post","link":"https:\/\/president-ksgov.net\/sr\/predsednica-osmani-se-sastala-sa-apostolskim-delegatom-svete-stolice-za-kosovo-jeanom-mari-speichom\/","title":{"rendered":"Predsednica Osmani se sastala sa apostolskim delegatom Svete stolice za Kosovo Jeanom Mari Speichom"},"content":{"rendered":"<p>Predsednica Kosova Vjosa Osmani sastala se danas sa apostolskim delegatom Svete stolice za Kosovo, nuncijem Jeanom Mari Speichom , sa kojim je razgovarala o odnosima dve zemlje.<\/p>\n<p>Predsednica je nunciju Speichu izrazila zahvalnost naroda i institucija Kosova na brizi koju Sveta stolica i Sveti otac, papa Franja, konstantno pokazuju prema Kosovu. Ona je izrazila zadovoljstvo zbog spremnosti Svete stolice da Kosovu pru\u017ei stalno prisustvo u Vatikanu, kroz uspostavljanje Specijalne misije Kosova pri Svetoj stolici.<\/p>\n<p>\u201eUspostavljanje misije je rezultat na\u0161eg zajedni\u010dkog anga\u017eovanja na pribli\u017eavanju na\u0161ih zemalja i produbljivanju zajedni\u010dke saradnje za mir\u201c, rekla je predsednica Osmani.<\/p>\n<p>Predsednica je posebno zahvalila nunciju Speichu na njegovoj posve\u0107enosti kontinuiranom napretku odnosa izme\u0111u Svete stolice i Kosova.<\/p>\n<p>Predsednica i nuncije Speich razgovarali su i o mogu\u0107nostima budu\u0107e saradnje Kosova i Svete stolice.<\/p>\n<p>\u201eKosovo ima dugu tradiciju saradnje sa Svetom stolicom i mi smo posve\u0107eni tome da ovu dobru tradiciju saradnje dalje produbljujemo\u201c, rekla je predsednica Osmani.<\/p>\n<p>Nuncije Speich je u me\u0111uvremenu zahvalio predsednici Osmani na prijemu i izrazio zadovoljstvo \u0161to su se odnosi Svete stolice sa Kosovom zna\u010dajno produbili. Prema njegovim re\u010dima, osnivanje misije Kosova u Vatikanu je va\u017ean korak za odnose dve zemlje.<\/p>\n","protected":false},"excerpt":{"rendered":"<p>Predsednica Kosova Vjosa Osmani sastala se danas sa apostolskim delegatom Svete stolice za Kosovo, nuncijem Jeanom Mari Speichom , sa kojim je razgovarala o odnosima dve zemlje. Predsednica je nunciju Speichu izrazila zahvalnost naroda i institucija Kosova na brizi koju Sveta stolica i Sveti otac, papa Franja, konstantno pokazuju prema Kosovu. Ona je izrazila zadovoljstvo zbog spremnosti Svete stolice da Kosovu pru\u017ei stalno prisustvo u Vatikanu, kroz uspostavljanje Specijalne misije Kosova pri Svetoj stolici. \u201eUspostavljanje misije je rezultat na\u0161eg zajedni\u010dkog anga\u017eovanja na pribli\u017eavanju na\u0161ih zemalja i produbljivanju zajedni\u010dke saradnje za mir\u201c, rekla je predsednica Osmani. Predsednica je posebno zahvalila nunciju Speichu na njegovoj posve\u0107enosti kontinuiranom napretku odnosa izme\u0111u Svete stolice i Kosova. Predsednica i nuncije Speich razgovarali su i o mogu\u0107nostima budu\u0107e saradnje Kosova i Svete stolice. \u201eKosovo ima dugu tradiciju saradnje sa Svetom stolicom i mi smo posve\u0107eni tome da ovu dobru tradiciju saradnje dalje produbljujemo\u201c, rekla je predsednica Osmani. Nuncije Speich je u me\u0111uvremenu zahvalio predsednici Osmani na prijemu i izrazio zadovoljstvo \u0161to su se odnosi Svete stolice sa Kosovom zna\u010dajno produbili. Prema njegovim re\u010dima, osnivanje misije Kosova u Vatikanu je va\u017ean korak za odnose dve zemlje.<\/p>\n","protected":false},"author":11,"featured_media":102986,"comment_status":"open","ping_status":"closed","sticky":false,"template":"","format":"standard","meta":{"_eb_attr":"","footnotes":""},"categories":[101],"tags":[],"class_list":["post-102989","post","type-post","status-publish","format-standard","has-post-thumbnail","hentry","category-vesti"],"yoast_head":"<!-- This site is optimized with the Yoast SEO plugin v23.5 - https:\/\/yoast.com\/wordpress\/plugins\/seo\/ -->\n<title>Predsednica Osmani se sastala sa apostolskim delegatom Svete stolice za Kosovo Jeanom Mari Speichom - Predsednik Republike Kosovo - DR. VJOSA OSMANI - SADRIU<\/title>\n<meta name=\"description\" content=\"Predsednica Osmani se sastala sa apostolskim delegatom Svete stolice za Kosovo Jeanom Mari Speichom - Predsednik Republike Kosovo - DR. VJOSA OSMANI - SADRIU -\" \/>\n<meta name=\"robots\" content=\"index, follow, max-snippet:-1, max-image-preview:large, max-video-preview:-1\" \/>\n<link rel=\"canonical\" href=\"https:\/\/president-ksgov.net\/sr\/predsednica-osmani-se-sastala-sa-apostolskim-delegatom-svete-stolice-za-kosovo-jeanom-mari-speichom\/\" \/>\n<meta property=\"og:locale\" content=\"sr_RS\" \/>\n<meta property=\"og:type\" content=\"article\" \/>\n<meta property=\"og:title\" content=\"Predsednica Osmani se sastala sa apostolskim delegatom Svete stolice za Kosovo Jeanom Mari Speichom - Predsednik Republike Kosovo - DR. VJOSA OSMANI - SADRIU\" \/>\n<meta property=\"og:description\" content=\"Predsednica Osmani se sastala sa apostolskim delegatom Svete stolice za Kosovo Jeanom Mari Speichom - Predsednik Republike Kosovo - DR. VJOSA OSMANI - SADRIU -\" \/>\n<meta property=\"og:url\" content=\"https:\/\/president-ksgov.net\/sr\/predsednica-osmani-se-sastala-sa-apostolskim-delegatom-svete-stolice-za-kosovo-jeanom-mari-speichom\/\" \/>\n<meta property=\"og:site_name\" content=\"Predsednik Republike Kosovo - DR. VJOSA OSMANI - SADRIU\" \/>\n<meta property=\"article:published_time\" content=\"2024-03-28T16:40:50+00:00\" \/>\n<meta property=\"article:modified_time\" content=\"2024-03-29T08:29:59+00:00\" \/>\n<meta property=\"og:image\" content=\"https:\/\/president-ksgov.net\/wp-content\/uploads\/1000005815.jpg\" \/>\n\t<meta property=\"og:image:width\" content=\"1600\" \/>\n\t<meta property=\"og:image:height\" content=\"1066\" \/>\n\t<meta property=\"og:image:type\" content=\"image\/jpeg\" \/>\n<meta name=\"author\" content=\"presidentlogin\" \/>\n<meta name=\"twitter:card\" content=\"summary_large_image\" \/>\n<meta name=\"twitter:label1\" content=\"\u041d\u0430\u043f\u0438\u0441\u0430\u043d\u043e \u043e\u0434\" \/>\n\t<meta name=\"twitter:data1\" content=\"presidentlogin\" \/>\n\t<meta name=\"twitter:label2\" content=\"\u041f\u0440\u043e\u0446\u0435\u045a\u0435\u043d\u043e \u0432\u0440\u0435\u043c\u0435 \u0447\u0438\u0442\u0430\u045a\u0430\" \/>\n\t<meta name=\"twitter:data2\" content=\"2 \u043c\u0438\u043d\u0443\u0442\u0430\" \/>\n<script type=\"application\/ld+json\" class=\"yoast-schema-graph\">{\"@context\":\"https:\/\/schema.org\",\"@graph\":[{\"@type\":\"WebPage\",\"@id\":\"https:\/\/president-ksgov.net\/sr\/predsednica-osmani-se-sastala-sa-apostolskim-delegatom-svete-stolice-za-kosovo-jeanom-mari-speichom\/\",\"url\":\"https:\/\/president-ksgov.net\/sr\/predsednica-osmani-se-sastala-sa-apostolskim-delegatom-svete-stolice-za-kosovo-jeanom-mari-speichom\/\",\"name\":\"Predsednica Osmani se sastala sa apostolskim delegatom Svete stolice za Kosovo Jeanom Mari Speichom - Predsednik Republike Kosovo - DR. VJOSA OSMANI - SADRIU\",\"isPartOf\":{\"@id\":\"https:\/\/president-ksgov.net\/#website\"},\"primaryImageOfPage\":{\"@id\":\"https:\/\/president-ksgov.net\/sr\/predsednica-osmani-se-sastala-sa-apostolskim-delegatom-svete-stolice-za-kosovo-jeanom-mari-speichom\/#primaryimage\"},\"image\":{\"@id\":\"https:\/\/president-ksgov.net\/sr\/predsednica-osmani-se-sastala-sa-apostolskim-delegatom-svete-stolice-za-kosovo-jeanom-mari-speichom\/#primaryimage\"},\"thumbnailUrl\":\"https:\/\/president-ksgov.net\/wp-content\/uploads\/1000005815.jpg\",\"datePublished\":\"2024-03-28T16:40:50+00:00\",\"dateModified\":\"2024-03-29T08:29:59+00:00\",\"author\":{\"@id\":\"https:\/\/president-ksgov.net\/#\/schema\/person\/1a2c014cffc81ec60d5a452a36d08d92\"},\"description\":\"Predsednica Osmani se sastala sa apostolskim delegatom Svete stolice za Kosovo Jeanom Mari Speichom - Predsednik Republike Kosovo - DR. VJOSA OSMANI - SADRIU -\",\"breadcrumb\":{\"@id\":\"https:\/\/president-ksgov.net\/sr\/predsednica-osmani-se-sastala-sa-apostolskim-delegatom-svete-stolice-za-kosovo-jeanom-mari-speichom\/#breadcrumb\"},\"inLanguage\":\"sr-RS\",\"potentialAction\":[{\"@type\":\"ReadAction\",\"target\":[\"https:\/\/president-ksgov.net\/sr\/predsednica-osmani-se-sastala-sa-apostolskim-delegatom-svete-stolice-za-kosovo-jeanom-mari-speichom\/\"]}]},{\"@type\":\"ImageObject\",\"inLanguage\":\"sr-RS\",\"@id\":\"https:\/\/president-ksgov.net\/sr\/predsednica-osmani-se-sastala-sa-apostolskim-delegatom-svete-stolice-za-kosovo-jeanom-mari-speichom\/#primaryimage\",\"url\":\"https:\/\/president-ksgov.net\/wp-content\/uploads\/1000005815.jpg\",\"contentUrl\":\"https:\/\/president-ksgov.net\/wp-content\/uploads\/1000005815.jpg\",\"width\":1600,\"height\":1066},{\"@type\":\"BreadcrumbList\",\"@id\":\"https:\/\/president-ksgov.net\/sr\/predsednica-osmani-se-sastala-sa-apostolskim-delegatom-svete-stolice-za-kosovo-jeanom-mari-speichom\/#breadcrumb\",\"itemListElement\":[{\"@type\":\"ListItem\",\"position\":1,\"name\":\"Home\",\"item\":\"https:\/\/president-ksgov.net\/sr\/\"},{\"@type\":\"ListItem\",\"position\":2,\"name\":\"Predsednica Osmani se sastala sa apostolskim delegatom Svete stolice za Kosovo Jeanom Mari Speichom\"}]},{\"@type\":\"WebSite\",\"@id\":\"https:\/\/president-ksgov.net\/#website\",\"url\":\"https:\/\/president-ksgov.net\/\",\"name\":\"Presidente e Republik\u00ebs s\u00eb Kosov\u00ebs\",\"description\":\"Presidente e Republik\u00ebs s\u00eb Kosov\u00ebs\",\"alternateName\":\"DR. VJOSA OSMANI - SADRIU\",\"potentialAction\":[{\"@type\":\"SearchAction\",\"target\":{\"@type\":\"EntryPoint\",\"urlTemplate\":\"https:\/\/president-ksgov.net\/?s={search_term_string}\"},\"query-input\":{\"@type\":\"PropertyValueSpecification\",\"valueRequired\":true,\"valueName\":\"search_term_string\"}}],\"inLanguage\":\"sr-RS\"},{\"@type\":\"Person\",\"@id\":\"https:\/\/president-ksgov.net\/#\/schema\/person\/1a2c014cffc81ec60d5a452a36d08d92\",\"name\":\"presidentlogin\",\"image\":{\"@type\":\"ImageObject\",\"inLanguage\":\"sr-RS\",\"@id\":\"https:\/\/president-ksgov.net\/#\/schema\/person\/image\/\",\"url\":\"https:\/\/secure.gravatar.com\/avatar\/339f00ab0a8a0d5ce1ecff10aa2b4a1f51f58bbd5a57793f8cd6ad624080d807?s=96&d=mm&r=g\",\"contentUrl\":\"https:\/\/secure.gravatar.com\/avatar\/339f00ab0a8a0d5ce1ecff10aa2b4a1f51f58bbd5a57793f8cd6ad624080d807?s=96&d=mm&r=g\",\"caption\":\"presidentlogin\"}}]}<\/script>\n<!-- \/ Yoast SEO plugin. -->","yoast_head_json":{"title":"Predsednica Osmani se sastala sa apostolskim delegatom Svete stolice za Kosovo Jeanom Mari Speichom - Predsednik Republike Kosovo - DR. VJOSA OSMANI - SADRIU","description":"Predsednica Osmani se sastala sa apostolskim delegatom Svete stolice za Kosovo Jeanom Mari Speichom - Predsednik Republike Kosovo - DR. VJOSA OSMANI - SADRIU -","robots":{"index":"index","follow":"follow","max-snippet":"max-snippet:-1","max-image-preview":"max-image-preview:large","max-video-preview":"max-video-preview:-1"},"canonical":"https:\/\/president-ksgov.net\/sr\/predsednica-osmani-se-sastala-sa-apostolskim-delegatom-svete-stolice-za-kosovo-jeanom-mari-speichom\/","og_locale":"sr_RS","og_type":"article","og_title":"Predsednica Osmani se sastala sa apostolskim delegatom Svete stolice za Kosovo Jeanom Mari Speichom - Predsednik Republike Kosovo - DR. VJOSA OSMANI - SADRIU","og_description":"Predsednica Osmani se sastala sa apostolskim delegatom Svete stolice za Kosovo Jeanom Mari Speichom - Predsednik Republike Kosovo - DR. VJOSA OSMANI - SADRIU -","og_url":"https:\/\/president-ksgov.net\/sr\/predsednica-osmani-se-sastala-sa-apostolskim-delegatom-svete-stolice-za-kosovo-jeanom-mari-speichom\/","og_site_name":"Predsednik Republike Kosovo - DR. VJOSA OSMANI - SADRIU","article_published_time":"2024-03-28T16:40:50+00:00","article_modified_time":"2024-03-29T08:29:59+00:00","og_image":[{"width":1600,"height":1066,"url":"https:\/\/president-ksgov.net\/wp-content\/uploads\/1000005815.jpg","type":"image\/jpeg"}],"author":"presidentlogin","twitter_card":"summary_large_image","twitter_misc":{"\u041d\u0430\u043f\u0438\u0441\u0430\u043d\u043e \u043e\u0434":"presidentlogin","\u041f\u0440\u043e\u0446\u0435\u045a\u0435\u043d\u043e \u0432\u0440\u0435\u043c\u0435 \u0447\u0438\u0442\u0430\u045a\u0430":"2 \u043c\u0438\u043d\u0443\u0442\u0430"},"schema":{"@context":"https:\/\/schema.org","@graph":[{"@type":"WebPage","@id":"https:\/\/president-ksgov.net\/sr\/predsednica-osmani-se-sastala-sa-apostolskim-delegatom-svete-stolice-za-kosovo-jeanom-mari-speichom\/","url":"https:\/\/president-ksgov.net\/sr\/predsednica-osmani-se-sastala-sa-apostolskim-delegatom-svete-stolice-za-kosovo-jeanom-mari-speichom\/","name":"Predsednica Osmani se sastala sa apostolskim delegatom Svete stolice za Kosovo Jeanom Mari Speichom - Predsednik Republike Kosovo - DR. VJOSA OSMANI - SADRIU","isPartOf":{"@id":"https:\/\/president-ksgov.net\/#website"},"primaryImageOfPage":{"@id":"https:\/\/president-ksgov.net\/sr\/predsednica-osmani-se-sastala-sa-apostolskim-delegatom-svete-stolice-za-kosovo-jeanom-mari-speichom\/#primaryimage"},"image":{"@id":"https:\/\/president-ksgov.net\/sr\/predsednica-osmani-se-sastala-sa-apostolskim-delegatom-svete-stolice-za-kosovo-jeanom-mari-speichom\/#primaryimage"},"thumbnailUrl":"https:\/\/president-ksgov.net\/wp-content\/uploads\/1000005815.jpg","datePublished":"2024-03-28T16:40:50+00:00","dateModified":"2024-03-29T08:29:59+00:00","author":{"@id":"https:\/\/president-ksgov.net\/#\/schema\/person\/1a2c014cffc81ec60d5a452a36d08d92"},"description":"Predsednica Osmani se sastala sa apostolskim delegatom Svete stolice za Kosovo Jeanom Mari Speichom - Predsednik Republike Kosovo - DR. VJOSA OSMANI - SADRIU -","breadcrumb":{"@id":"https:\/\/president-ksgov.net\/sr\/predsednica-osmani-se-sastala-sa-apostolskim-delegatom-svete-stolice-za-kosovo-jeanom-mari-speichom\/#breadcrumb"},"inLanguage":"sr-RS","potentialAction":[{"@type":"ReadAction","target":["https:\/\/president-ksgov.net\/sr\/predsednica-osmani-se-sastala-sa-apostolskim-delegatom-svete-stolice-za-kosovo-jeanom-mari-speichom\/"]}]},{"@type":"ImageObject","inLanguage":"sr-RS","@id":"https:\/\/president-ksgov.net\/sr\/predsednica-osmani-se-sastala-sa-apostolskim-delegatom-svete-stolice-za-kosovo-jeanom-mari-speichom\/#primaryimage","url":"https:\/\/president-ksgov.net\/wp-content\/uploads\/1000005815.jpg","contentUrl":"https:\/\/president-ksgov.net\/wp-content\/uploads\/1000005815.jpg","width":1600,"height":1066},{"@type":"BreadcrumbList","@id":"https:\/\/president-ksgov.net\/sr\/predsednica-osmani-se-sastala-sa-apostolskim-delegatom-svete-stolice-za-kosovo-jeanom-mari-speichom\/#breadcrumb","itemListElement":[{"@type":"ListItem","position":1,"name":"Home","item":"https:\/\/president-ksgov.net\/sr\/"},{"@type":"ListItem","position":2,"name":"Predsednica Osmani se sastala sa apostolskim delegatom Svete stolice za Kosovo Jeanom Mari Speichom"}]},{"@type":"WebSite","@id":"https:\/\/president-ksgov.net\/#website","url":"https:\/\/president-ksgov.net\/","name":"Presidente e Republik\u00ebs s\u00eb Kosov\u00ebs","description":"Presidente e Republik\u00ebs s\u00eb Kosov\u00ebs","alternateName":"DR. VJOSA OSMANI - SADRIU","potentialAction":[{"@type":"SearchAction","target":{"@type":"EntryPoint","urlTemplate":"https:\/\/president-ksgov.net\/?s={search_term_string}"},"query-input":{"@type":"PropertyValueSpecification","valueRequired":true,"valueName":"search_term_string"}}],"inLanguage":"sr-RS"},{"@type":"Person","@id":"https:\/\/president-ksgov.net\/#\/schema\/person\/1a2c014cffc81ec60d5a452a36d08d92","name":"presidentlogin","image":{"@type":"ImageObject","inLanguage":"sr-RS","@id":"https:\/\/president-ksgov.net\/#\/schema\/person\/image\/","url":"https:\/\/secure.gravatar.com\/avatar\/339f00ab0a8a0d5ce1ecff10aa2b4a1f51f58bbd5a57793f8cd6ad624080d807?s=96&d=mm&r=g","contentUrl":"https:\/\/secure.gravatar.com\/avatar\/339f00ab0a8a0d5ce1ecff10aa2b4a1f51f58bbd5a57793f8cd6ad624080d807?s=96&d=mm&r=g","caption":"presidentlogin"}}]}},"_links":{"self":[{"href":"https:\/\/president-ksgov.net\/sr\/wp-json\/wp\/v2\/posts\/102989","targetHints":{"allow":["GET"]}}],"collection":[{"href":"https:\/\/president-ksgov.net\/sr\/wp-json\/wp\/v2\/posts"}],"about":[{"href":"https:\/\/president-ksgov.net\/sr\/wp-json\/wp\/v2\/types\/post"}],"author":[{"embeddable":true,"href":"https:\/\/president-ksgov.net\/sr\/wp-json\/wp\/v2\/users\/11"}],"replies":[{"embeddable":true,"href":"https:\/\/president-ksgov.net\/sr\/wp-json\/wp\/v2\/comments?post=102989"}],"version-history":[{"count":1,"href":"https:\/\/president-ksgov.net\/sr\/wp-json\/wp\/v2\/posts\/102989\/revisions"}],"predecessor-version":[{"id":102990,"href":"https:\/\/president-ksgov.net\/sr\/wp-json\/wp\/v2\/posts\/102989\/revisions\/102990"}],"wp:featuredmedia":[{"embeddable":true,"href":"https:\/\/president-ksgov.net\/sr\/wp-json\/wp\/v2\/media\/102986"}],"wp:attachment":[{"href":"https:\/\/president-ksgov.net\/sr\/wp-json\/wp\/v2\/media?parent=102989"}],"wp:term":[{"taxonomy":"category","embeddable":true,"href":"https:\/\/president-ksgov.net\/sr\/wp-json\/wp\/v2\/categories?post=102989"},{"taxonomy":"post_tag","embeddable":true,"href":"https:\/\/president-ksgov.net\/sr\/wp-json\/wp\/v2\/tags?post=102989"}],"curies":[{"name":"wp","href":"https:\/\/api.w.org\/{rel}","templated":true}]}}