{"id":102951,"date":"2024-03-25T14:00:12","date_gmt":"2024-03-25T13:00:12","guid":{"rendered":"https:\/\/president-ksgov.net\/?p=102951"},"modified":"2024-03-27T22:28:09","modified_gmt":"2024-03-27T21:28:09","slug":"obelezava-se-25-godisnjica-masakra-u-kotlini","status":"publish","type":"post","link":"https:\/\/president-ksgov.net\/sr\/obelezava-se-25-godisnjica-masakra-u-kotlini\/","title":{"rendered":"Obele\u017eava se 25. godi\u0161njica masakra u Kotlini"},"content":{"rendered":"<p>U komemorativnoj manifestaciji povodom 25. godi\u0161njice masakra u Kotlini, u ime predsednice Republike Kosovo g\u0111e Vjose Osmani Sadriu, prisustvovao vojni savetnik brigadni general Sefer Isufi, koji je odao po\u010dast i polo\u017eio cve\u0107e na \u00a0grobljima palih boraca.<\/p>\n<p>U govoru odr\u017eanom pred prisutnima u ime predsednice Osmani, general Isufi je rekao da su 24. marta 1999. godine snage genocidnog re\u017eima Srbije u selu Kotlina ubile i masakrirale 14 stanovnika ovog sela, dok je u odbrani stanovni\u0161tva tog dana ubijeno je 11 boraca OVK-a.<\/p>\n<p>Prema njegovim re\u010dima, 25 godina kasnije, poziv slobodoljubivih i miroljubivih institucija i gra\u0111ana zemlje na pravdu je sna\u017ean i neprekidan.<\/p>\n<p>\u201eSloboda i mir imaju smisla samo kada se odgovorni i izvr\u0161ioci privedu pravdi! Masakr u Kotlini je na\u0161 stalni bol, istorijsko se\u0107anje i \u017ertva za slobodu zemlje\u201c, naveo je general Isufi.<\/p>\n","protected":false},"excerpt":{"rendered":"<p>U komemorativnoj manifestaciji povodom 25. godi\u0161njice masakra u Kotlini, u ime predsednice Republike Kosovo g\u0111e Vjose Osmani Sadriu, prisustvovao vojni savetnik brigadni general Sefer Isufi, koji je odao po\u010dast i polo\u017eio cve\u0107e na \u00a0grobljima palih boraca. U govoru odr\u017eanom pred prisutnima u ime predsednice Osmani, general Isufi je rekao da su 24. marta 1999. godine snage genocidnog re\u017eima Srbije u selu Kotlina ubile i masakrirale 14 stanovnika ovog sela, dok je u odbrani stanovni\u0161tva tog dana ubijeno je 11 boraca OVK-a. Prema njegovim re\u010dima, 25 godina kasnije, poziv slobodoljubivih i miroljubivih institucija i gra\u0111ana zemlje na pravdu je sna\u017ean i neprekidan. \u201eSloboda i mir imaju smisla samo kada se odgovorni i izvr\u0161ioci privedu pravdi! Masakr u Kotlini je na\u0161 stalni bol, istorijsko se\u0107anje i \u017ertva za slobodu zemlje\u201c, naveo je general Isufi.<\/p>\n","protected":false},"author":11,"featured_media":102932,"comment_status":"open","ping_status":"closed","sticky":false,"template":"","format":"standard","meta":{"_eb_attr":"","footnotes":""},"categories":[101],"tags":[],"class_list":["post-102951","post","type-post","status-publish","format-standard","has-post-thumbnail","hentry","category-vesti"],"yoast_head":"<!-- This site is optimized with the Yoast SEO plugin v23.5 - https:\/\/yoast.com\/wordpress\/plugins\/seo\/ -->\n<title>Obele\u017eava se 25. godi\u0161njica masakra u Kotlini - Predsednik Republike Kosovo - DR. VJOSA OSMANI - SADRIU<\/title>\n<meta name=\"description\" content=\"Obele\u017eava se 25. godi\u0161njica masakra u Kotlini - Predsednik Republike Kosovo - DR. VJOSA OSMANI - SADRIU -\" \/>\n<meta name=\"robots\" content=\"index, follow, max-snippet:-1, max-image-preview:large, max-video-preview:-1\" \/>\n<link rel=\"canonical\" href=\"https:\/\/president-ksgov.net\/sr\/obelezava-se-25-godisnjica-masakra-u-kotlini\/\" \/>\n<meta property=\"og:locale\" content=\"sr_RS\" \/>\n<meta property=\"og:type\" content=\"article\" \/>\n<meta property=\"og:title\" content=\"Obele\u017eava se 25. godi\u0161njica masakra u Kotlini - Predsednik Republike Kosovo - DR. VJOSA OSMANI - SADRIU\" \/>\n<meta property=\"og:description\" content=\"Obele\u017eava se 25. godi\u0161njica masakra u Kotlini - Predsednik Republike Kosovo - DR. VJOSA OSMANI - SADRIU -\" \/>\n<meta property=\"og:url\" content=\"https:\/\/president-ksgov.net\/sr\/obelezava-se-25-godisnjica-masakra-u-kotlini\/\" \/>\n<meta property=\"og:site_name\" content=\"Predsednik Republike Kosovo - DR. VJOSA OSMANI - SADRIU\" \/>\n<meta property=\"article:published_time\" content=\"2024-03-25T13:00:12+00:00\" \/>\n<meta property=\"article:modified_time\" content=\"2024-03-27T21:28:09+00:00\" \/>\n<meta property=\"og:image\" content=\"https:\/\/president-ksgov.net\/wp-content\/uploads\/0.jpeg\" \/>\n\t<meta property=\"og:image:width\" content=\"1200\" \/>\n\t<meta property=\"og:image:height\" content=\"1600\" \/>\n\t<meta property=\"og:image:type\" content=\"image\/jpeg\" \/>\n<meta name=\"author\" content=\"presidentlogin\" \/>\n<meta name=\"twitter:card\" content=\"summary_large_image\" \/>\n<meta name=\"twitter:label1\" content=\"\u041d\u0430\u043f\u0438\u0441\u0430\u043d\u043e \u043e\u0434\" \/>\n\t<meta name=\"twitter:data1\" content=\"presidentlogin\" \/>\n\t<meta name=\"twitter:label2\" content=\"\u041f\u0440\u043e\u0446\u0435\u045a\u0435\u043d\u043e \u0432\u0440\u0435\u043c\u0435 \u0447\u0438\u0442\u0430\u045a\u0430\" \/>\n\t<meta name=\"twitter:data2\" content=\"1 \u043c\u0438\u043d\u0443\u0442\" \/>\n<script type=\"application\/ld+json\" class=\"yoast-schema-graph\">{\"@context\":\"https:\/\/schema.org\",\"@graph\":[{\"@type\":\"WebPage\",\"@id\":\"https:\/\/president-ksgov.net\/sr\/obelezava-se-25-godisnjica-masakra-u-kotlini\/\",\"url\":\"https:\/\/president-ksgov.net\/sr\/obelezava-se-25-godisnjica-masakra-u-kotlini\/\",\"name\":\"Obele\u017eava se 25. godi\u0161njica masakra u Kotlini - Predsednik Republike Kosovo - DR. VJOSA OSMANI - SADRIU\",\"isPartOf\":{\"@id\":\"https:\/\/president-ksgov.net\/#website\"},\"primaryImageOfPage\":{\"@id\":\"https:\/\/president-ksgov.net\/sr\/obelezava-se-25-godisnjica-masakra-u-kotlini\/#primaryimage\"},\"image\":{\"@id\":\"https:\/\/president-ksgov.net\/sr\/obelezava-se-25-godisnjica-masakra-u-kotlini\/#primaryimage\"},\"thumbnailUrl\":\"https:\/\/president-ksgov.net\/wp-content\/uploads\/0.jpeg\",\"datePublished\":\"2024-03-25T13:00:12+00:00\",\"dateModified\":\"2024-03-27T21:28:09+00:00\",\"author\":{\"@id\":\"https:\/\/president-ksgov.net\/#\/schema\/person\/1a2c014cffc81ec60d5a452a36d08d92\"},\"description\":\"Obele\u017eava se 25. godi\u0161njica masakra u Kotlini - Predsednik Republike Kosovo - DR. VJOSA OSMANI - SADRIU -\",\"breadcrumb\":{\"@id\":\"https:\/\/president-ksgov.net\/sr\/obelezava-se-25-godisnjica-masakra-u-kotlini\/#breadcrumb\"},\"inLanguage\":\"sr-RS\",\"potentialAction\":[{\"@type\":\"ReadAction\",\"target\":[\"https:\/\/president-ksgov.net\/sr\/obelezava-se-25-godisnjica-masakra-u-kotlini\/\"]}]},{\"@type\":\"ImageObject\",\"inLanguage\":\"sr-RS\",\"@id\":\"https:\/\/president-ksgov.net\/sr\/obelezava-se-25-godisnjica-masakra-u-kotlini\/#primaryimage\",\"url\":\"https:\/\/president-ksgov.net\/wp-content\/uploads\/0.jpeg\",\"contentUrl\":\"https:\/\/president-ksgov.net\/wp-content\/uploads\/0.jpeg\",\"width\":1200,\"height\":1600},{\"@type\":\"BreadcrumbList\",\"@id\":\"https:\/\/president-ksgov.net\/sr\/obelezava-se-25-godisnjica-masakra-u-kotlini\/#breadcrumb\",\"itemListElement\":[{\"@type\":\"ListItem\",\"position\":1,\"name\":\"Home\",\"item\":\"https:\/\/president-ksgov.net\/sr\/\"},{\"@type\":\"ListItem\",\"position\":2,\"name\":\"Obele\u017eava se 25. godi\u0161njica masakra u Kotlini\"}]},{\"@type\":\"WebSite\",\"@id\":\"https:\/\/president-ksgov.net\/#website\",\"url\":\"https:\/\/president-ksgov.net\/\",\"name\":\"Presidente e Republik\u00ebs s\u00eb Kosov\u00ebs\",\"description\":\"Presidente e Republik\u00ebs s\u00eb Kosov\u00ebs\",\"alternateName\":\"DR. VJOSA OSMANI - SADRIU\",\"potentialAction\":[{\"@type\":\"SearchAction\",\"target\":{\"@type\":\"EntryPoint\",\"urlTemplate\":\"https:\/\/president-ksgov.net\/?s={search_term_string}\"},\"query-input\":{\"@type\":\"PropertyValueSpecification\",\"valueRequired\":true,\"valueName\":\"search_term_string\"}}],\"inLanguage\":\"sr-RS\"},{\"@type\":\"Person\",\"@id\":\"https:\/\/president-ksgov.net\/#\/schema\/person\/1a2c014cffc81ec60d5a452a36d08d92\",\"name\":\"presidentlogin\",\"image\":{\"@type\":\"ImageObject\",\"inLanguage\":\"sr-RS\",\"@id\":\"https:\/\/president-ksgov.net\/#\/schema\/person\/image\/\",\"url\":\"https:\/\/secure.gravatar.com\/avatar\/339f00ab0a8a0d5ce1ecff10aa2b4a1f51f58bbd5a57793f8cd6ad624080d807?s=96&d=mm&r=g\",\"contentUrl\":\"https:\/\/secure.gravatar.com\/avatar\/339f00ab0a8a0d5ce1ecff10aa2b4a1f51f58bbd5a57793f8cd6ad624080d807?s=96&d=mm&r=g\",\"caption\":\"presidentlogin\"}}]}<\/script>\n<!-- \/ Yoast SEO plugin. -->","yoast_head_json":{"title":"Obele\u017eava se 25. godi\u0161njica masakra u Kotlini - Predsednik Republike Kosovo - DR. VJOSA OSMANI - SADRIU","description":"Obele\u017eava se 25. godi\u0161njica masakra u Kotlini - Predsednik Republike Kosovo - DR. VJOSA OSMANI - SADRIU -","robots":{"index":"index","follow":"follow","max-snippet":"max-snippet:-1","max-image-preview":"max-image-preview:large","max-video-preview":"max-video-preview:-1"},"canonical":"https:\/\/president-ksgov.net\/sr\/obelezava-se-25-godisnjica-masakra-u-kotlini\/","og_locale":"sr_RS","og_type":"article","og_title":"Obele\u017eava se 25. godi\u0161njica masakra u Kotlini - Predsednik Republike Kosovo - DR. VJOSA OSMANI - SADRIU","og_description":"Obele\u017eava se 25. godi\u0161njica masakra u Kotlini - Predsednik Republike Kosovo - DR. VJOSA OSMANI - SADRIU -","og_url":"https:\/\/president-ksgov.net\/sr\/obelezava-se-25-godisnjica-masakra-u-kotlini\/","og_site_name":"Predsednik Republike Kosovo - DR. VJOSA OSMANI - SADRIU","article_published_time":"2024-03-25T13:00:12+00:00","article_modified_time":"2024-03-27T21:28:09+00:00","og_image":[{"width":1200,"height":1600,"url":"https:\/\/president-ksgov.net\/wp-content\/uploads\/0.jpeg","type":"image\/jpeg"}],"author":"presidentlogin","twitter_card":"summary_large_image","twitter_misc":{"\u041d\u0430\u043f\u0438\u0441\u0430\u043d\u043e \u043e\u0434":"presidentlogin","\u041f\u0440\u043e\u0446\u0435\u045a\u0435\u043d\u043e \u0432\u0440\u0435\u043c\u0435 \u0447\u0438\u0442\u0430\u045a\u0430":"1 \u043c\u0438\u043d\u0443\u0442"},"schema":{"@context":"https:\/\/schema.org","@graph":[{"@type":"WebPage","@id":"https:\/\/president-ksgov.net\/sr\/obelezava-se-25-godisnjica-masakra-u-kotlini\/","url":"https:\/\/president-ksgov.net\/sr\/obelezava-se-25-godisnjica-masakra-u-kotlini\/","name":"Obele\u017eava se 25. godi\u0161njica masakra u Kotlini - Predsednik Republike Kosovo - DR. VJOSA OSMANI - SADRIU","isPartOf":{"@id":"https:\/\/president-ksgov.net\/#website"},"primaryImageOfPage":{"@id":"https:\/\/president-ksgov.net\/sr\/obelezava-se-25-godisnjica-masakra-u-kotlini\/#primaryimage"},"image":{"@id":"https:\/\/president-ksgov.net\/sr\/obelezava-se-25-godisnjica-masakra-u-kotlini\/#primaryimage"},"thumbnailUrl":"https:\/\/president-ksgov.net\/wp-content\/uploads\/0.jpeg","datePublished":"2024-03-25T13:00:12+00:00","dateModified":"2024-03-27T21:28:09+00:00","author":{"@id":"https:\/\/president-ksgov.net\/#\/schema\/person\/1a2c014cffc81ec60d5a452a36d08d92"},"description":"Obele\u017eava se 25. godi\u0161njica masakra u Kotlini - Predsednik Republike Kosovo - DR. VJOSA OSMANI - SADRIU -","breadcrumb":{"@id":"https:\/\/president-ksgov.net\/sr\/obelezava-se-25-godisnjica-masakra-u-kotlini\/#breadcrumb"},"inLanguage":"sr-RS","potentialAction":[{"@type":"ReadAction","target":["https:\/\/president-ksgov.net\/sr\/obelezava-se-25-godisnjica-masakra-u-kotlini\/"]}]},{"@type":"ImageObject","inLanguage":"sr-RS","@id":"https:\/\/president-ksgov.net\/sr\/obelezava-se-25-godisnjica-masakra-u-kotlini\/#primaryimage","url":"https:\/\/president-ksgov.net\/wp-content\/uploads\/0.jpeg","contentUrl":"https:\/\/president-ksgov.net\/wp-content\/uploads\/0.jpeg","width":1200,"height":1600},{"@type":"BreadcrumbList","@id":"https:\/\/president-ksgov.net\/sr\/obelezava-se-25-godisnjica-masakra-u-kotlini\/#breadcrumb","itemListElement":[{"@type":"ListItem","position":1,"name":"Home","item":"https:\/\/president-ksgov.net\/sr\/"},{"@type":"ListItem","position":2,"name":"Obele\u017eava se 25. godi\u0161njica masakra u Kotlini"}]},{"@type":"WebSite","@id":"https:\/\/president-ksgov.net\/#website","url":"https:\/\/president-ksgov.net\/","name":"Presidente e Republik\u00ebs s\u00eb Kosov\u00ebs","description":"Presidente e Republik\u00ebs s\u00eb Kosov\u00ebs","alternateName":"DR. VJOSA OSMANI - SADRIU","potentialAction":[{"@type":"SearchAction","target":{"@type":"EntryPoint","urlTemplate":"https:\/\/president-ksgov.net\/?s={search_term_string}"},"query-input":{"@type":"PropertyValueSpecification","valueRequired":true,"valueName":"search_term_string"}}],"inLanguage":"sr-RS"},{"@type":"Person","@id":"https:\/\/president-ksgov.net\/#\/schema\/person\/1a2c014cffc81ec60d5a452a36d08d92","name":"presidentlogin","image":{"@type":"ImageObject","inLanguage":"sr-RS","@id":"https:\/\/president-ksgov.net\/#\/schema\/person\/image\/","url":"https:\/\/secure.gravatar.com\/avatar\/339f00ab0a8a0d5ce1ecff10aa2b4a1f51f58bbd5a57793f8cd6ad624080d807?s=96&d=mm&r=g","contentUrl":"https:\/\/secure.gravatar.com\/avatar\/339f00ab0a8a0d5ce1ecff10aa2b4a1f51f58bbd5a57793f8cd6ad624080d807?s=96&d=mm&r=g","caption":"presidentlogin"}}]}},"_links":{"self":[{"href":"https:\/\/president-ksgov.net\/sr\/wp-json\/wp\/v2\/posts\/102951","targetHints":{"allow":["GET"]}}],"collection":[{"href":"https:\/\/president-ksgov.net\/sr\/wp-json\/wp\/v2\/posts"}],"about":[{"href":"https:\/\/president-ksgov.net\/sr\/wp-json\/wp\/v2\/types\/post"}],"author":[{"embeddable":true,"href":"https:\/\/president-ksgov.net\/sr\/wp-json\/wp\/v2\/users\/11"}],"replies":[{"embeddable":true,"href":"https:\/\/president-ksgov.net\/sr\/wp-json\/wp\/v2\/comments?post=102951"}],"version-history":[{"count":1,"href":"https:\/\/president-ksgov.net\/sr\/wp-json\/wp\/v2\/posts\/102951\/revisions"}],"predecessor-version":[{"id":102952,"href":"https:\/\/president-ksgov.net\/sr\/wp-json\/wp\/v2\/posts\/102951\/revisions\/102952"}],"wp:featuredmedia":[{"embeddable":true,"href":"https:\/\/president-ksgov.net\/sr\/wp-json\/wp\/v2\/media\/102932"}],"wp:attachment":[{"href":"https:\/\/president-ksgov.net\/sr\/wp-json\/wp\/v2\/media?parent=102951"}],"wp:term":[{"taxonomy":"category","embeddable":true,"href":"https:\/\/president-ksgov.net\/sr\/wp-json\/wp\/v2\/categories?post=102951"},{"taxonomy":"post_tag","embeddable":true,"href":"https:\/\/president-ksgov.net\/sr\/wp-json\/wp\/v2\/tags?post=102951"}],"curies":[{"name":"wp","href":"https:\/\/api.w.org\/{rel}","templated":true}]}}