{"id":102877,"date":"2024-03-26T10:25:40","date_gmt":"2024-03-26T09:25:40","guid":{"rendered":"https:\/\/president-ksgov.net\/?p=102877"},"modified":"2024-03-26T19:42:32","modified_gmt":"2024-03-26T18:42:32","slug":"predsednica-pre-25-godina-46-clanova-porodice-berisha-u-suvoj-reci-masakrirano-je-na-pragu-njihove-kuce","status":"publish","type":"post","link":"https:\/\/president-ksgov.net\/sr\/predsednica-pre-25-godina-46-clanova-porodice-berisha-u-suvoj-reci-masakrirano-je-na-pragu-njihove-kuce\/","title":{"rendered":"Predsednica: Pre 25 godina, 46 \u010dlanova porodice Berisha u Suvoj Reci masakrirano je na pragu njihove ku\u0107e"},"content":{"rendered":"<p>Pre 25 godina, 46 \u010dlanova porodicu Berisha u Suvoj Reci masakrirale su, na pragu njihovog doma, snage genocidnog re\u017eima Srbije.<\/p>\n<p>Jo\u0161 je te\u017ei bol od nere\u0161ene sudbine nekih \u010dlanova porodice Berisha.<\/p>\n<p>Od ovog stra\u0161nog masakra spasili su se Vjollca sa sinom Gramozom i Shyhretja i dokaz su brutalnosti srpskog zlo\u010dina\u010dkog re\u017eima.<\/p>\n<p>Nikada ne\u0107emo \u0107utati u potrazi za pravdom i po\u0161tovanjem prema \u017ertvama i porodicama.<\/p>\n<p>Pravda za \u017ertve i rasvetljavanje sudbine nasilno nestalih su konstantan cilj!<\/p>\n","protected":false},"excerpt":{"rendered":"<p>Pre 25 godina, 46 \u010dlanova porodicu Berisha u Suvoj Reci masakrirale su, na pragu njihovog doma, snage genocidnog re\u017eima Srbije. Jo\u0161 je te\u017ei bol od nere\u0161ene sudbine nekih \u010dlanova porodice Berisha. Od ovog stra\u0161nog masakra spasili su se Vjollca sa sinom Gramozom i Shyhretja i dokaz su brutalnosti srpskog zlo\u010dina\u010dkog re\u017eima. Nikada ne\u0107emo \u0107utati u potrazi za pravdom i po\u0161tovanjem prema \u017ertvama i porodicama. Pravda za \u017ertve i rasvetljavanje sudbine nasilno nestalih su konstantan cilj!<\/p>\n","protected":false},"author":11,"featured_media":102765,"comment_status":"open","ping_status":"closed","sticky":false,"template":"","format":"standard","meta":{"_eb_attr":"","footnotes":""},"categories":[101],"tags":[],"class_list":["post-102877","post","type-post","status-publish","format-standard","has-post-thumbnail","hentry","category-vesti"],"yoast_head":"<!-- This site is optimized with the Yoast SEO plugin v23.5 - https:\/\/yoast.com\/wordpress\/plugins\/seo\/ -->\n<title>Predsednica: Pre 25 godina, 46 \u010dlanova porodice Berisha u Suvoj Reci masakrirano je na pragu njihove ku\u0107e - Predsednik Republike Kosovo - DR. VJOSA OSMANI - SADRIU<\/title>\n<meta name=\"description\" content=\"Predsednica: Pre 25 godina, 46 \u010dlanova porodice Berisha u Suvoj Reci masakrirano je na pragu njihove ku\u0107e - Predsednik Republike Kosovo - DR. VJOSA OSMANI - SADRIU -\" \/>\n<meta name=\"robots\" content=\"index, follow, max-snippet:-1, max-image-preview:large, max-video-preview:-1\" \/>\n<link rel=\"canonical\" href=\"https:\/\/president-ksgov.net\/sr\/predsednica-pre-25-godina-46-clanova-porodice-berisha-u-suvoj-reci-masakrirano-je-na-pragu-njihove-kuce\/\" \/>\n<meta property=\"og:locale\" content=\"sr_RS\" \/>\n<meta property=\"og:type\" content=\"article\" \/>\n<meta property=\"og:title\" content=\"Predsednica: Pre 25 godina, 46 \u010dlanova porodice Berisha u Suvoj Reci masakrirano je na pragu njihove ku\u0107e - Predsednik Republike Kosovo - DR. VJOSA OSMANI - SADRIU\" \/>\n<meta property=\"og:description\" content=\"Predsednica: Pre 25 godina, 46 \u010dlanova porodice Berisha u Suvoj Reci masakrirano je na pragu njihove ku\u0107e - Predsednik Republike Kosovo - DR. VJOSA OSMANI - SADRIU -\" \/>\n<meta property=\"og:url\" content=\"https:\/\/president-ksgov.net\/sr\/predsednica-pre-25-godina-46-clanova-porodice-berisha-u-suvoj-reci-masakrirano-je-na-pragu-njihove-kuce\/\" \/>\n<meta property=\"og:site_name\" content=\"Predsednik Republike Kosovo - DR. VJOSA OSMANI - SADRIU\" \/>\n<meta property=\"article:published_time\" content=\"2024-03-26T09:25:40+00:00\" \/>\n<meta property=\"article:modified_time\" content=\"2024-03-26T18:42:32+00:00\" \/>\n<meta property=\"og:image\" content=\"https:\/\/president-ksgov.net\/wp-content\/uploads\/26.3.24_1.jpg\" \/>\n\t<meta property=\"og:image:width\" content=\"1080\" \/>\n\t<meta property=\"og:image:height\" content=\"810\" \/>\n\t<meta property=\"og:image:type\" content=\"image\/jpeg\" \/>\n<meta name=\"author\" content=\"presidentlogin\" \/>\n<meta name=\"twitter:card\" content=\"summary_large_image\" \/>\n<meta name=\"twitter:label1\" content=\"\u041d\u0430\u043f\u0438\u0441\u0430\u043d\u043e \u043e\u0434\" \/>\n\t<meta name=\"twitter:data1\" content=\"presidentlogin\" \/>\n\t<meta name=\"twitter:label2\" content=\"\u041f\u0440\u043e\u0446\u0435\u045a\u0435\u043d\u043e \u0432\u0440\u0435\u043c\u0435 \u0447\u0438\u0442\u0430\u045a\u0430\" \/>\n\t<meta name=\"twitter:data2\" content=\"1 \u043c\u0438\u043d\u0443\u0442\" \/>\n<script type=\"application\/ld+json\" class=\"yoast-schema-graph\">{\"@context\":\"https:\/\/schema.org\",\"@graph\":[{\"@type\":\"WebPage\",\"@id\":\"https:\/\/president-ksgov.net\/sr\/predsednica-pre-25-godina-46-clanova-porodice-berisha-u-suvoj-reci-masakrirano-je-na-pragu-njihove-kuce\/\",\"url\":\"https:\/\/president-ksgov.net\/sr\/predsednica-pre-25-godina-46-clanova-porodice-berisha-u-suvoj-reci-masakrirano-je-na-pragu-njihove-kuce\/\",\"name\":\"Predsednica: Pre 25 godina, 46 \u010dlanova porodice Berisha u Suvoj Reci masakrirano je na pragu njihove ku\u0107e - Predsednik Republike Kosovo - DR. VJOSA OSMANI - SADRIU\",\"isPartOf\":{\"@id\":\"https:\/\/president-ksgov.net\/#website\"},\"primaryImageOfPage\":{\"@id\":\"https:\/\/president-ksgov.net\/sr\/predsednica-pre-25-godina-46-clanova-porodice-berisha-u-suvoj-reci-masakrirano-je-na-pragu-njihove-kuce\/#primaryimage\"},\"image\":{\"@id\":\"https:\/\/president-ksgov.net\/sr\/predsednica-pre-25-godina-46-clanova-porodice-berisha-u-suvoj-reci-masakrirano-je-na-pragu-njihove-kuce\/#primaryimage\"},\"thumbnailUrl\":\"https:\/\/president-ksgov.net\/wp-content\/uploads\/26.3.24_1.jpg\",\"datePublished\":\"2024-03-26T09:25:40+00:00\",\"dateModified\":\"2024-03-26T18:42:32+00:00\",\"author\":{\"@id\":\"https:\/\/president-ksgov.net\/#\/schema\/person\/1a2c014cffc81ec60d5a452a36d08d92\"},\"description\":\"Predsednica: Pre 25 godina, 46 \u010dlanova porodice Berisha u Suvoj Reci masakrirano je na pragu njihove ku\u0107e - Predsednik Republike Kosovo - DR. VJOSA OSMANI - SADRIU -\",\"breadcrumb\":{\"@id\":\"https:\/\/president-ksgov.net\/sr\/predsednica-pre-25-godina-46-clanova-porodice-berisha-u-suvoj-reci-masakrirano-je-na-pragu-njihove-kuce\/#breadcrumb\"},\"inLanguage\":\"sr-RS\",\"potentialAction\":[{\"@type\":\"ReadAction\",\"target\":[\"https:\/\/president-ksgov.net\/sr\/predsednica-pre-25-godina-46-clanova-porodice-berisha-u-suvoj-reci-masakrirano-je-na-pragu-njihove-kuce\/\"]}]},{\"@type\":\"ImageObject\",\"inLanguage\":\"sr-RS\",\"@id\":\"https:\/\/president-ksgov.net\/sr\/predsednica-pre-25-godina-46-clanova-porodice-berisha-u-suvoj-reci-masakrirano-je-na-pragu-njihove-kuce\/#primaryimage\",\"url\":\"https:\/\/president-ksgov.net\/wp-content\/uploads\/26.3.24_1.jpg\",\"contentUrl\":\"https:\/\/president-ksgov.net\/wp-content\/uploads\/26.3.24_1.jpg\",\"width\":1080,\"height\":810},{\"@type\":\"BreadcrumbList\",\"@id\":\"https:\/\/president-ksgov.net\/sr\/predsednica-pre-25-godina-46-clanova-porodice-berisha-u-suvoj-reci-masakrirano-je-na-pragu-njihove-kuce\/#breadcrumb\",\"itemListElement\":[{\"@type\":\"ListItem\",\"position\":1,\"name\":\"Home\",\"item\":\"https:\/\/president-ksgov.net\/sr\/\"},{\"@type\":\"ListItem\",\"position\":2,\"name\":\"Predsednica: Pre 25 godina, 46 \u010dlanova porodice Berisha u Suvoj Reci masakrirano je na pragu njihove ku\u0107e\"}]},{\"@type\":\"WebSite\",\"@id\":\"https:\/\/president-ksgov.net\/#website\",\"url\":\"https:\/\/president-ksgov.net\/\",\"name\":\"Presidente e Republik\u00ebs s\u00eb Kosov\u00ebs\",\"description\":\"Presidente e Republik\u00ebs s\u00eb Kosov\u00ebs\",\"alternateName\":\"DR. VJOSA OSMANI - SADRIU\",\"potentialAction\":[{\"@type\":\"SearchAction\",\"target\":{\"@type\":\"EntryPoint\",\"urlTemplate\":\"https:\/\/president-ksgov.net\/?s={search_term_string}\"},\"query-input\":{\"@type\":\"PropertyValueSpecification\",\"valueRequired\":true,\"valueName\":\"search_term_string\"}}],\"inLanguage\":\"sr-RS\"},{\"@type\":\"Person\",\"@id\":\"https:\/\/president-ksgov.net\/#\/schema\/person\/1a2c014cffc81ec60d5a452a36d08d92\",\"name\":\"presidentlogin\",\"image\":{\"@type\":\"ImageObject\",\"inLanguage\":\"sr-RS\",\"@id\":\"https:\/\/president-ksgov.net\/#\/schema\/person\/image\/\",\"url\":\"https:\/\/secure.gravatar.com\/avatar\/339f00ab0a8a0d5ce1ecff10aa2b4a1f51f58bbd5a57793f8cd6ad624080d807?s=96&d=mm&r=g\",\"contentUrl\":\"https:\/\/secure.gravatar.com\/avatar\/339f00ab0a8a0d5ce1ecff10aa2b4a1f51f58bbd5a57793f8cd6ad624080d807?s=96&d=mm&r=g\",\"caption\":\"presidentlogin\"}}]}<\/script>\n<!-- \/ Yoast SEO plugin. -->","yoast_head_json":{"title":"Predsednica: Pre 25 godina, 46 \u010dlanova porodice Berisha u Suvoj Reci masakrirano je na pragu njihove ku\u0107e - Predsednik Republike Kosovo - DR. VJOSA OSMANI - SADRIU","description":"Predsednica: Pre 25 godina, 46 \u010dlanova porodice Berisha u Suvoj Reci masakrirano je na pragu njihove ku\u0107e - Predsednik Republike Kosovo - DR. VJOSA OSMANI - SADRIU -","robots":{"index":"index","follow":"follow","max-snippet":"max-snippet:-1","max-image-preview":"max-image-preview:large","max-video-preview":"max-video-preview:-1"},"canonical":"https:\/\/president-ksgov.net\/sr\/predsednica-pre-25-godina-46-clanova-porodice-berisha-u-suvoj-reci-masakrirano-je-na-pragu-njihove-kuce\/","og_locale":"sr_RS","og_type":"article","og_title":"Predsednica: Pre 25 godina, 46 \u010dlanova porodice Berisha u Suvoj Reci masakrirano je na pragu njihove ku\u0107e - Predsednik Republike Kosovo - DR. VJOSA OSMANI - SADRIU","og_description":"Predsednica: Pre 25 godina, 46 \u010dlanova porodice Berisha u Suvoj Reci masakrirano je na pragu njihove ku\u0107e - Predsednik Republike Kosovo - DR. VJOSA OSMANI - SADRIU -","og_url":"https:\/\/president-ksgov.net\/sr\/predsednica-pre-25-godina-46-clanova-porodice-berisha-u-suvoj-reci-masakrirano-je-na-pragu-njihove-kuce\/","og_site_name":"Predsednik Republike Kosovo - DR. VJOSA OSMANI - SADRIU","article_published_time":"2024-03-26T09:25:40+00:00","article_modified_time":"2024-03-26T18:42:32+00:00","og_image":[{"width":1080,"height":810,"url":"https:\/\/president-ksgov.net\/wp-content\/uploads\/26.3.24_1.jpg","type":"image\/jpeg"}],"author":"presidentlogin","twitter_card":"summary_large_image","twitter_misc":{"\u041d\u0430\u043f\u0438\u0441\u0430\u043d\u043e \u043e\u0434":"presidentlogin","\u041f\u0440\u043e\u0446\u0435\u045a\u0435\u043d\u043e \u0432\u0440\u0435\u043c\u0435 \u0447\u0438\u0442\u0430\u045a\u0430":"1 \u043c\u0438\u043d\u0443\u0442"},"schema":{"@context":"https:\/\/schema.org","@graph":[{"@type":"WebPage","@id":"https:\/\/president-ksgov.net\/sr\/predsednica-pre-25-godina-46-clanova-porodice-berisha-u-suvoj-reci-masakrirano-je-na-pragu-njihove-kuce\/","url":"https:\/\/president-ksgov.net\/sr\/predsednica-pre-25-godina-46-clanova-porodice-berisha-u-suvoj-reci-masakrirano-je-na-pragu-njihove-kuce\/","name":"Predsednica: Pre 25 godina, 46 \u010dlanova porodice Berisha u Suvoj Reci masakrirano je na pragu njihove ku\u0107e - Predsednik Republike Kosovo - DR. VJOSA OSMANI - SADRIU","isPartOf":{"@id":"https:\/\/president-ksgov.net\/#website"},"primaryImageOfPage":{"@id":"https:\/\/president-ksgov.net\/sr\/predsednica-pre-25-godina-46-clanova-porodice-berisha-u-suvoj-reci-masakrirano-je-na-pragu-njihove-kuce\/#primaryimage"},"image":{"@id":"https:\/\/president-ksgov.net\/sr\/predsednica-pre-25-godina-46-clanova-porodice-berisha-u-suvoj-reci-masakrirano-je-na-pragu-njihove-kuce\/#primaryimage"},"thumbnailUrl":"https:\/\/president-ksgov.net\/wp-content\/uploads\/26.3.24_1.jpg","datePublished":"2024-03-26T09:25:40+00:00","dateModified":"2024-03-26T18:42:32+00:00","author":{"@id":"https:\/\/president-ksgov.net\/#\/schema\/person\/1a2c014cffc81ec60d5a452a36d08d92"},"description":"Predsednica: Pre 25 godina, 46 \u010dlanova porodice Berisha u Suvoj Reci masakrirano je na pragu njihove ku\u0107e - Predsednik Republike Kosovo - DR. VJOSA OSMANI - SADRIU -","breadcrumb":{"@id":"https:\/\/president-ksgov.net\/sr\/predsednica-pre-25-godina-46-clanova-porodice-berisha-u-suvoj-reci-masakrirano-je-na-pragu-njihove-kuce\/#breadcrumb"},"inLanguage":"sr-RS","potentialAction":[{"@type":"ReadAction","target":["https:\/\/president-ksgov.net\/sr\/predsednica-pre-25-godina-46-clanova-porodice-berisha-u-suvoj-reci-masakrirano-je-na-pragu-njihove-kuce\/"]}]},{"@type":"ImageObject","inLanguage":"sr-RS","@id":"https:\/\/president-ksgov.net\/sr\/predsednica-pre-25-godina-46-clanova-porodice-berisha-u-suvoj-reci-masakrirano-je-na-pragu-njihove-kuce\/#primaryimage","url":"https:\/\/president-ksgov.net\/wp-content\/uploads\/26.3.24_1.jpg","contentUrl":"https:\/\/president-ksgov.net\/wp-content\/uploads\/26.3.24_1.jpg","width":1080,"height":810},{"@type":"BreadcrumbList","@id":"https:\/\/president-ksgov.net\/sr\/predsednica-pre-25-godina-46-clanova-porodice-berisha-u-suvoj-reci-masakrirano-je-na-pragu-njihove-kuce\/#breadcrumb","itemListElement":[{"@type":"ListItem","position":1,"name":"Home","item":"https:\/\/president-ksgov.net\/sr\/"},{"@type":"ListItem","position":2,"name":"Predsednica: Pre 25 godina, 46 \u010dlanova porodice Berisha u Suvoj Reci masakrirano je na pragu njihove ku\u0107e"}]},{"@type":"WebSite","@id":"https:\/\/president-ksgov.net\/#website","url":"https:\/\/president-ksgov.net\/","name":"Presidente e Republik\u00ebs s\u00eb Kosov\u00ebs","description":"Presidente e Republik\u00ebs s\u00eb Kosov\u00ebs","alternateName":"DR. VJOSA OSMANI - SADRIU","potentialAction":[{"@type":"SearchAction","target":{"@type":"EntryPoint","urlTemplate":"https:\/\/president-ksgov.net\/?s={search_term_string}"},"query-input":{"@type":"PropertyValueSpecification","valueRequired":true,"valueName":"search_term_string"}}],"inLanguage":"sr-RS"},{"@type":"Person","@id":"https:\/\/president-ksgov.net\/#\/schema\/person\/1a2c014cffc81ec60d5a452a36d08d92","name":"presidentlogin","image":{"@type":"ImageObject","inLanguage":"sr-RS","@id":"https:\/\/president-ksgov.net\/#\/schema\/person\/image\/","url":"https:\/\/secure.gravatar.com\/avatar\/339f00ab0a8a0d5ce1ecff10aa2b4a1f51f58bbd5a57793f8cd6ad624080d807?s=96&d=mm&r=g","contentUrl":"https:\/\/secure.gravatar.com\/avatar\/339f00ab0a8a0d5ce1ecff10aa2b4a1f51f58bbd5a57793f8cd6ad624080d807?s=96&d=mm&r=g","caption":"presidentlogin"}}]}},"_links":{"self":[{"href":"https:\/\/president-ksgov.net\/sr\/wp-json\/wp\/v2\/posts\/102877","targetHints":{"allow":["GET"]}}],"collection":[{"href":"https:\/\/president-ksgov.net\/sr\/wp-json\/wp\/v2\/posts"}],"about":[{"href":"https:\/\/president-ksgov.net\/sr\/wp-json\/wp\/v2\/types\/post"}],"author":[{"embeddable":true,"href":"https:\/\/president-ksgov.net\/sr\/wp-json\/wp\/v2\/users\/11"}],"replies":[{"embeddable":true,"href":"https:\/\/president-ksgov.net\/sr\/wp-json\/wp\/v2\/comments?post=102877"}],"version-history":[{"count":1,"href":"https:\/\/president-ksgov.net\/sr\/wp-json\/wp\/v2\/posts\/102877\/revisions"}],"predecessor-version":[{"id":102878,"href":"https:\/\/president-ksgov.net\/sr\/wp-json\/wp\/v2\/posts\/102877\/revisions\/102878"}],"wp:featuredmedia":[{"embeddable":true,"href":"https:\/\/president-ksgov.net\/sr\/wp-json\/wp\/v2\/media\/102765"}],"wp:attachment":[{"href":"https:\/\/president-ksgov.net\/sr\/wp-json\/wp\/v2\/media?parent=102877"}],"wp:term":[{"taxonomy":"category","embeddable":true,"href":"https:\/\/president-ksgov.net\/sr\/wp-json\/wp\/v2\/categories?post=102877"},{"taxonomy":"post_tag","embeddable":true,"href":"https:\/\/president-ksgov.net\/sr\/wp-json\/wp\/v2\/tags?post=102877"}],"curies":[{"name":"wp","href":"https:\/\/api.w.org\/{rel}","templated":true}]}}