{"id":102875,"date":"2024-03-26T18:26:44","date_gmt":"2024-03-26T17:26:44","guid":{"rendered":"https:\/\/president-ksgov.net\/?p=102875"},"modified":"2026-01-22T10:27:44","modified_gmt":"2026-01-22T09:27:44","slug":"govor-predsednice-vjose-osmani-na-spomen-svecanosti-povodom-25-godisnjice-masakra-u-velikoj-krusi","status":"publish","type":"post","link":"https:\/\/president-ksgov.net\/sr\/govor-predsednice-vjose-osmani-na-spomen-svecanosti-povodom-25-godisnjice-masakra-u-velikoj-krusi\/","title":{"rendered":"Govor predsednice Vjose Osmani na spomen sve\u010danosti povodom 25.  godi\u0161njice masakra u Velikoj Kru\u0161i"},"content":{"rendered":"<p>Drage porodice Velike Kru\u0161e,<\/p>\n<p>Po\u0161tovani predsedni\u010de op\u0161tine Latifi,<\/p>\n<p>Po\u0161tovani ambasadori,<\/p>\n<p>Ambasadore Sjedinjenih Dr\u017eava,<\/p>\n<p>Ambasadore Nema\u010dke,<\/p>\n<p>Ambasadore Albanije,<\/p>\n<p>Po\u0161tovani predsedni\u010de Sejdiu,<\/p>\n<p>Po\u0161tovana ministrko Haxhiu,<\/p>\n<p>Po\u0161tovani stare\u0161ino sela, g. Hoti,<\/p>\n<p>Po\u0161tovani predstavnici organizacija proisteklih iz rata OVK-a,<\/p>\n<p>Po\u0161tovani lideri politi\u010dkih partija,<\/p>\n<p>Poslanici Skup\u0161tine Kosova,<\/p>\n<p>Predstavnici Bezbednosnih snaga i drugih institucija,<\/p>\n<p>Predstavnici klera,<\/p>\n<p>Po\u0161tovani \u010dlanovi porodica,<\/p>\n<p>Po\u0161tovani u\u010desnici,<\/p>\n<p>&nbsp;<\/p>\n<p>Danas smo svi zajedno ovde, da se setimo zlo\u010dina koji se ovde dogodio pre 25 godina, kada je genocidni re\u017eim Srbije do\u0161ao u Veliku Kru\u0161i i okolna sela i brutalno pogubio stotine mu\u0161karaca i de\u010daka, mnogo dece i \u017eena, uklju\u010duju\u0107i i trudnice.<\/p>\n<p>&nbsp;<\/p>\n<p>Danas smo tu da jo\u0161 jednom podignemo glas za rasvetljavanje sudbine onih koji su nasilno nestali, me\u0111u kojima je i preko 60 me\u0161tana Velike Kru\u0161e, koji su i dalje me\u0111u nestalima, koji se nalaze u masovnim grobnicama u Srbiji.<\/p>\n<p>&nbsp;<\/p>\n<p>Danas smo ovde da se setimo izuzetnog intelektualca i aktiviste Ukshina Hotija, koji je tako\u0111e me\u0111u nasilno nestalima.<\/p>\n<p>&nbsp;<\/p>\n<p>Iznad svega, mi smo danas ovde da institucionalizujemo na\u0161e kolektivno se\u0107anje na jedan od najstra\u0161nijih masakra rata 1999. godine.<\/p>\n<p>&nbsp;<\/p>\n<p>Muzej zverstava je svedo\u010danstvo jednog od najmra\u010dnijih poglavlja na\u0161e istorije iz poslednjeg rata. Ovaj Muzej slu\u017ei da oblikuje na\u0161e kolektivno pam\u0107enje, oda po\u010dast \u017ertvama, a pre svega u funkciji je na\u0161eg zajedni\u010dkog poziva na pravdu, koji jo\u0161 uvek nedostaje.<\/p>\n<p>&nbsp;<\/p>\n<p>Zna\u010daj ovakvog muzeja je izuzetan. Osveljuju\u0107i mra\u010dne doga\u0111aje na\u0161e pro\u0161losti, obezbe\u0111ujemo da se glasovi \u017ertava nikada ne u\u0107utkaju i nikada ne zaborave u na\u0161oj istoriji.<\/p>\n<p>&nbsp;<\/p>\n<p>Ne smemo zaboraviti na put koji smo pre\u0161li, ali moramo u\u010diti iz pro\u0161losti u funkciji svetlije budu\u0107nosti i odr\u017eivijeg mira.<\/p>\n<p>&nbsp;<\/p>\n<p>I upravo su stanovnici Kru\u0161e bili na \u010delu ove misije.<\/p>\n<p>&nbsp;<\/p>\n<p>Kada \u010dujemo glasove dece oko nas, kada vidimo \u017eenu ikonu, oli\u010denu u Fahriji Hoti i sve \u017eene Kru\u0161e, kada vidimo kako je ovo selo ponovo ro\u0111eno, vidimo da nisu uspeli u svojoj misiji istrebljenja albanskog naroda.<\/p>\n<p>&nbsp;<\/p>\n<p>Dakle, u prostoru ovog muzeja \u010duvaju se pri\u010de o svakoj od \u017ertava, ne samo za na\u0161u generaciju, ve\u0107 i za sve generacije koje \u0107e do\u0107i posle nas.<\/p>\n<p>&nbsp;<\/p>\n<p>Se\u0107anjem na \u017ertve zlo\u010dina odajemo po\u010dast njihovim \u017eivotima, po\u0161tujemo njihovo dostojanstvo, a iznad svega njihovu \u017ertvu.<\/p>\n<p>&nbsp;<\/p>\n<p>Porodicama ovih \u017ertava je potrebna pravda. Kosovu je potrebna pravda. Jer, to je temeljni princip na kojem svako dru\u0161tvo mora da funkcioni\u0161e, a bez kojeg mir nikada nije pravi\u010dan.<\/p>\n<p>&nbsp;<\/p>\n<p>Ovaj muzej oli\u010dava na\u0161u nepokolebljivu odlu\u010dnost, otpornost ljudskog duha pred takvim nezamislivim tragedijama.<\/p>\n<p>&nbsp;<\/p>\n<p>I dalje odjekuju glasovi \u017ertava. Oni zahtevaju priznanje patnje, po\u010dast i se\u0107anje.<\/p>\n<p>&nbsp;<\/p>\n<p>Sa ovim muzejom to radimo, ne samo na godi\u0161njice, ve\u0107 svaki dan. Ovaj muzej \u0107e od danas raditi svakodnevno za sve one koji \u017eele da saznaju o stra\u0161nim zlo\u010dinima koje je Srbija po\u010dinila nad gra\u0111anima Kosova, a pre svega da saznaju istinu.<\/p>\n<p>&nbsp;<\/p>\n<p>Ovaj Muzej, kao i na\u0161a sloboda, rezultat je \u017ertvovanja na\u0161eg naroda za slobodu, ali i rezultat podr\u0161ke na\u0161ih dragocenih saveznika. Kako je rekao predsednik op\u0161tine Latifi, pored rada institucija Republike Kosovo na izgradnji ovog muzeja, podr\u017eale su nas i Sjedinjene Ameri\u010dke Dr\u017eave. Zato, hvala vam \u0161to nas podr\u017eavate u o\u010duvanju na\u0161eg kolektivnog se\u0107anja.<\/p>\n<p>&nbsp;<\/p>\n<p><strong>Po\u0161tovani u\u010desnici, <\/strong><\/p>\n<p>Muzej zverstava i masakra u Velikoj Kru\u0161i treba da poslu\u017ei kao podsetnik ne samo za porodice \u017ertava, ne samo za Kosovo, ve\u0107 kao podsetnik za celo \u010dove\u010danstvo. Ovaj muzej je na\u0161a bolna istorija, ali nadam se da ne\u0107e biti istorija sutra\u0161njice nikome, bilo gde u svetu.<\/p>\n<p>&nbsp;<\/p>\n<p>Danas sve\u010dano otvaramo muzej koji nije samo spomenik \u017ertvama, ve\u0107 je i \u010duvar istine za generacije koje \u0107e do\u0107i posle nas.<\/p>\n<p>&nbsp;<\/p>\n<p>To je zato \u0161to je muzej dokaz na\u0161e kolektivne re\u0161enosti da po svaku cenu odbranimo istinu na\u0161eg oslobodila\u010dkog rata, da odbranimo svoje dostojanstvo i da odbranimo svoju zemlju.<\/p>\n<p>&nbsp;<\/p>\n<p>Ratni zlo\u010dini i genocid usmereni na istrebljenje albanskog naroda na Kosovu od strane Milo\u0161evi\u0107evog re\u017eima nikada ne zastarevaju, tako da nikada ne prestajemo da zahtevamo da se po\u010dinioci privedu pravdi.<\/p>\n<p>&nbsp;<\/p>\n<p>Klanjamo se pred \u017ertvom svih \u017ertava, pred samoodricanjem i hrabro\u0161\u0107u svih sinova i k\u0107eri OVK-a, koji su uz podr\u0161ku Severnoatlantske alijanse, predvo\u0111ene SAD-om, omogu\u0107ili ostvarenje sna mnogih generacija o slobodi.<\/p>\n<p>&nbsp;<\/p>\n<p>U obnovljenoj Kru\u0161i, pri\u010du o istini moramo zauvek odr\u017eati \u017eivom.<\/p>\n<p>&nbsp;<\/p>\n<p>Muzej ovih zverstava nad stanovnicima Kru\u0161e treba da nas inspiri\u0161e da te\u017eimo ka svetu u kome se ovakvi zlo\u010dini vi\u0161e nikada ne\u0107e dogoditi!<\/p>\n<p>&nbsp;<\/p>\n<p>Kao \u0161to \u0107e muzej slu\u017eiti na\u0161em kolektivnom se\u0107anju, mi \u0107emo slu\u017eiti trajnom se\u0107anju na sve \u017ertve, na sve heroje OVK-a i o\u010duvanju slobode dr\u017eave i saveza koji su uvek bili uz nas!<\/p>\n<p>&nbsp;<\/p>\n<p><strong>Hvala vam!<\/strong><\/p>\n<p><strong>\u00a0<\/strong><\/p>\n<p><strong>Slava svim herojima, svim palim borcima i mu\u010denicima slobode!<\/strong><\/p>\n<p>&nbsp;<\/p>\n<p><iframe style=\"border: none; overflow: hidden;\" src=\"https:\/\/www.facebook.com\/plugins\/video.php?height=230&amp;href=https%3A%2F%2Fwww.facebook.com%2FPresidencaRKS%2Fvideos%2F1357880991590347%2F&amp;show_text=false&amp;width=380&amp;t=0\" width=\"380\" height=\"380\" frameborder=\"0\" scrolling=\"no\" allowfullscreen=\"allowfullscreen\"><span data-mce-type=\"bookmark\" style=\"display: inline-block; width: 0px; overflow: hidden; line-height: 0;\" class=\"mce_SELRES_start\">\ufeff<\/span><\/iframe><\/p>\n","protected":false},"excerpt":{"rendered":"<p>Drage porodice Velike Kru\u0161e, Po\u0161tovani predsedni\u010de op\u0161tine Latifi, Po\u0161tovani ambasadori, Ambasadore Sjedinjenih Dr\u017eava, Ambasadore Nema\u010dke, Ambasadore Albanije, Po\u0161tovani predsedni\u010de Sejdiu, Po\u0161tovana ministrko Haxhiu, Po\u0161tovani stare\u0161ino sela, g. Hoti, Po\u0161tovani predstavnici organizacija proisteklih iz rata OVK-a, Po\u0161tovani lideri politi\u010dkih partija, Poslanici Skup\u0161tine Kosova, Predstavnici Bezbednosnih snaga i drugih institucija, Predstavnici klera, Po\u0161tovani \u010dlanovi porodica, Po\u0161tovani u\u010desnici, &nbsp; Danas smo svi zajedno ovde, da se setimo zlo\u010dina koji se ovde dogodio pre 25 godina, kada je genocidni re\u017eim Srbije do\u0161ao u Veliku Kru\u0161i i okolna sela i brutalno pogubio stotine mu\u0161karaca i de\u010daka, mnogo dece i \u017eena, uklju\u010duju\u0107i i trudnice. &nbsp; Danas smo tu da jo\u0161 jednom podignemo glas za rasvetljavanje sudbine onih koji su nasilno nestali, me\u0111u kojima je i preko 60 me\u0161tana Velike Kru\u0161e, koji su i dalje me\u0111u nestalima, koji se nalaze u masovnim grobnicama u Srbiji. &nbsp; Danas smo ovde da se setimo izuzetnog intelektualca i aktiviste Ukshina Hotija, koji je tako\u0111e me\u0111u nasilno nestalima. &nbsp; Iznad svega, mi smo danas ovde da institucionalizujemo na\u0161e kolektivno se\u0107anje na jedan od najstra\u0161nijih masakra rata 1999. godine. &nbsp; Muzej zverstava je svedo\u010danstvo jednog od najmra\u010dnijih poglavlja na\u0161e istorije iz poslednjeg rata. Ovaj Muzej slu\u017ei da oblikuje na\u0161e kolektivno pam\u0107enje, oda po\u010dast \u017ertvama, a pre svega u funkciji je na\u0161eg zajedni\u010dkog poziva na pravdu, koji jo\u0161 uvek nedostaje. &nbsp; Zna\u010daj ovakvog muzeja je izuzetan. Osveljuju\u0107i mra\u010dne doga\u0111aje na\u0161e pro\u0161losti, obezbe\u0111ujemo da se glasovi \u017ertava nikada ne u\u0107utkaju i nikada ne zaborave u na\u0161oj istoriji. &nbsp; Ne smemo zaboraviti na put koji smo pre\u0161li, ali moramo u\u010diti iz pro\u0161losti u funkciji svetlije budu\u0107nosti i odr\u017eivijeg mira. &nbsp; I upravo su stanovnici Kru\u0161e bili na \u010delu ove misije. &nbsp; Kada \u010dujemo glasove dece oko nas, kada vidimo \u017eenu ikonu, oli\u010denu u Fahriji Hoti i sve \u017eene Kru\u0161e, kada vidimo kako je ovo selo ponovo ro\u0111eno, vidimo da nisu uspeli u svojoj misiji istrebljenja albanskog naroda. &nbsp; Dakle, u prostoru ovog muzeja \u010duvaju se pri\u010de o svakoj od \u017ertava, ne samo za na\u0161u generaciju, ve\u0107 i za sve generacije koje \u0107e do\u0107i posle nas. &nbsp; Se\u0107anjem na \u017ertve zlo\u010dina odajemo po\u010dast njihovim \u017eivotima, po\u0161tujemo njihovo dostojanstvo, a iznad svega njihovu \u017ertvu. &nbsp; Porodicama ovih \u017ertava je potrebna pravda. Kosovu je potrebna pravda. Jer, to je temeljni princip na kojem svako dru\u0161tvo mora da funkcioni\u0161e, a bez kojeg mir nikada nije pravi\u010dan. &nbsp; Ovaj muzej oli\u010dava na\u0161u nepokolebljivu odlu\u010dnost, otpornost ljudskog duha pred takvim nezamislivim tragedijama. &nbsp; I dalje odjekuju glasovi \u017ertava. Oni zahtevaju priznanje patnje, po\u010dast i se\u0107anje. &nbsp; Sa ovim muzejom to radimo, ne samo na godi\u0161njice, ve\u0107 svaki dan. Ovaj muzej \u0107e od danas raditi svakodnevno za sve one koji \u017eele da saznaju o stra\u0161nim zlo\u010dinima koje je Srbija po\u010dinila nad gra\u0111anima Kosova, a pre svega da saznaju istinu. &nbsp; Ovaj Muzej, kao i na\u0161a sloboda, rezultat je \u017ertvovanja na\u0161eg naroda za slobodu, ali i rezultat podr\u0161ke na\u0161ih dragocenih saveznika. Kako je rekao predsednik op\u0161tine Latifi, pored rada institucija Republike Kosovo na izgradnji ovog muzeja, podr\u017eale su nas i Sjedinjene Ameri\u010dke Dr\u017eave. Zato, hvala vam \u0161to nas podr\u017eavate u o\u010duvanju na\u0161eg kolektivnog se\u0107anja. &nbsp; Po\u0161tovani u\u010desnici, Muzej zverstava i masakra u Velikoj Kru\u0161i treba da poslu\u017ei kao podsetnik ne samo za porodice \u017ertava, ne samo za Kosovo, ve\u0107 kao podsetnik za celo \u010dove\u010danstvo. Ovaj muzej je na\u0161a bolna istorija, ali nadam se da ne\u0107e biti istorija sutra\u0161njice nikome, bilo gde u svetu. &nbsp; Danas sve\u010dano otvaramo muzej koji nije samo spomenik \u017ertvama, ve\u0107 je i \u010duvar istine za generacije koje \u0107e do\u0107i posle nas. &nbsp; To je zato \u0161to je muzej dokaz na\u0161e kolektivne re\u0161enosti da po svaku cenu odbranimo istinu na\u0161eg oslobodila\u010dkog rata, da odbranimo svoje dostojanstvo i da odbranimo svoju zemlju. &nbsp; Ratni zlo\u010dini i genocid usmereni na istrebljenje albanskog naroda na Kosovu od strane Milo\u0161evi\u0107evog re\u017eima nikada ne zastarevaju, tako da nikada ne prestajemo da zahtevamo da se po\u010dinioci privedu pravdi. &nbsp; Klanjamo se pred \u017ertvom svih \u017ertava, pred samoodricanjem i hrabro\u0161\u0107u svih sinova i k\u0107eri OVK-a, koji su uz podr\u0161ku Severnoatlantske alijanse, predvo\u0111ene SAD-om, omogu\u0107ili ostvarenje sna mnogih generacija o slobodi. &nbsp; U obnovljenoj Kru\u0161i, pri\u010du o istini moramo zauvek odr\u017eati \u017eivom. &nbsp; Muzej ovih zverstava nad stanovnicima Kru\u0161e treba da nas inspiri\u0161e da te\u017eimo ka svetu u kome se ovakvi zlo\u010dini vi\u0161e nikada ne\u0107e dogoditi! &nbsp; Kao \u0161to \u0107e muzej slu\u017eiti na\u0161em kolektivnom se\u0107anju, mi \u0107emo slu\u017eiti trajnom se\u0107anju na sve \u017ertve, na sve heroje OVK-a i o\u010duvanju slobode dr\u017eave i saveza koji su uvek bili uz nas! &nbsp; Hvala vam! \u00a0 Slava svim herojima, svim palim borcima i mu\u010denicima slobode! &nbsp; \ufeff<\/p>\n","protected":false},"author":11,"featured_media":102788,"comment_status":"closed","ping_status":"closed","sticky":false,"template":"","format":"standard","meta":{"_eb_attr":"","footnotes":""},"categories":[106,101],"tags":[],"class_list":["post-102875","post","type-post","status-publish","format-standard","has-post-thumbnail","hentry","category-govori","category-vesti"],"yoast_head":"<!-- This site is optimized with the Yoast SEO plugin v23.5 - https:\/\/yoast.com\/wordpress\/plugins\/seo\/ -->\n<title>Govor predsednice Vjose Osmani na spomen sve\u010danosti povodom 25. godi\u0161njice masakra u Velikoj Kru\u0161i - Predsednik Republike Kosovo - DR. VJOSA OSMANI - SADRIU<\/title>\n<meta name=\"description\" content=\"Govor predsednice Vjose Osmani na spomen sve\u010danosti povodom 25. godi\u0161njice masakra u Velikoj Kru\u0161i - Predsednik Republike Kosovo - DR. VJOSA OSMANI - SADRIU -\" \/>\n<meta name=\"robots\" content=\"index, follow, max-snippet:-1, max-image-preview:large, max-video-preview:-1\" \/>\n<link rel=\"canonical\" href=\"https:\/\/president-ksgov.net\/sr\/govor-predsednice-vjose-osmani-na-spomen-svecanosti-povodom-25-godisnjice-masakra-u-velikoj-krusi\/\" \/>\n<meta property=\"og:locale\" content=\"sr_RS\" \/>\n<meta property=\"og:type\" content=\"article\" \/>\n<meta property=\"og:title\" content=\"Govor predsednice Vjose Osmani na spomen sve\u010danosti povodom 25. godi\u0161njice masakra u Velikoj Kru\u0161i - Predsednik Republike Kosovo - DR. VJOSA OSMANI - SADRIU\" \/>\n<meta property=\"og:description\" content=\"Govor predsednice Vjose Osmani na spomen sve\u010danosti povodom 25. godi\u0161njice masakra u Velikoj Kru\u0161i - Predsednik Republike Kosovo - DR. VJOSA OSMANI - SADRIU -\" \/>\n<meta property=\"og:url\" content=\"https:\/\/president-ksgov.net\/sr\/govor-predsednice-vjose-osmani-na-spomen-svecanosti-povodom-25-godisnjice-masakra-u-velikoj-krusi\/\" \/>\n<meta property=\"og:site_name\" content=\"Predsednik Republike Kosovo - DR. VJOSA OSMANI - SADRIU\" \/>\n<meta property=\"article:published_time\" content=\"2024-03-26T17:26:44+00:00\" \/>\n<meta property=\"article:modified_time\" content=\"2026-01-22T09:27:44+00:00\" \/>\n<meta property=\"og:image\" content=\"https:\/\/president-ksgov.net\/wp-content\/uploads\/13-28.jpg\" \/>\n\t<meta property=\"og:image:width\" content=\"2000\" \/>\n\t<meta property=\"og:image:height\" content=\"1333\" \/>\n\t<meta property=\"og:image:type\" content=\"image\/jpeg\" \/>\n<meta name=\"author\" content=\"presidentlogin\" \/>\n<meta name=\"twitter:card\" content=\"summary_large_image\" \/>\n<meta name=\"twitter:label1\" content=\"\u041d\u0430\u043f\u0438\u0441\u0430\u043d\u043e \u043e\u0434\" \/>\n\t<meta name=\"twitter:data1\" content=\"presidentlogin\" \/>\n\t<meta name=\"twitter:label2\" content=\"\u041f\u0440\u043e\u0446\u0435\u045a\u0435\u043d\u043e \u0432\u0440\u0435\u043c\u0435 \u0447\u0438\u0442\u0430\u045a\u0430\" \/>\n\t<meta name=\"twitter:data2\" content=\"5 \u043c\u0438\u043d\u0443\u0442\u0430\" \/>\n<script type=\"application\/ld+json\" class=\"yoast-schema-graph\">{\"@context\":\"https:\/\/schema.org\",\"@graph\":[{\"@type\":\"WebPage\",\"@id\":\"https:\/\/president-ksgov.net\/sr\/govor-predsednice-vjose-osmani-na-spomen-svecanosti-povodom-25-godisnjice-masakra-u-velikoj-krusi\/\",\"url\":\"https:\/\/president-ksgov.net\/sr\/govor-predsednice-vjose-osmani-na-spomen-svecanosti-povodom-25-godisnjice-masakra-u-velikoj-krusi\/\",\"name\":\"Govor predsednice Vjose Osmani na spomen sve\u010danosti povodom 25. godi\u0161njice masakra u Velikoj Kru\u0161i - Predsednik Republike Kosovo - DR. VJOSA OSMANI - SADRIU\",\"isPartOf\":{\"@id\":\"https:\/\/president-ksgov.net\/#website\"},\"primaryImageOfPage\":{\"@id\":\"https:\/\/president-ksgov.net\/sr\/govor-predsednice-vjose-osmani-na-spomen-svecanosti-povodom-25-godisnjice-masakra-u-velikoj-krusi\/#primaryimage\"},\"image\":{\"@id\":\"https:\/\/president-ksgov.net\/sr\/govor-predsednice-vjose-osmani-na-spomen-svecanosti-povodom-25-godisnjice-masakra-u-velikoj-krusi\/#primaryimage\"},\"thumbnailUrl\":\"https:\/\/president-ksgov.net\/wp-content\/uploads\/13-28.jpg\",\"datePublished\":\"2024-03-26T17:26:44+00:00\",\"dateModified\":\"2026-01-22T09:27:44+00:00\",\"author\":{\"@id\":\"https:\/\/president-ksgov.net\/#\/schema\/person\/1a2c014cffc81ec60d5a452a36d08d92\"},\"description\":\"Govor predsednice Vjose Osmani na spomen sve\u010danosti povodom 25. godi\u0161njice masakra u Velikoj Kru\u0161i - Predsednik Republike Kosovo - DR. VJOSA OSMANI - SADRIU -\",\"breadcrumb\":{\"@id\":\"https:\/\/president-ksgov.net\/sr\/govor-predsednice-vjose-osmani-na-spomen-svecanosti-povodom-25-godisnjice-masakra-u-velikoj-krusi\/#breadcrumb\"},\"inLanguage\":\"sr-RS\",\"potentialAction\":[{\"@type\":\"ReadAction\",\"target\":[\"https:\/\/president-ksgov.net\/sr\/govor-predsednice-vjose-osmani-na-spomen-svecanosti-povodom-25-godisnjice-masakra-u-velikoj-krusi\/\"]}]},{\"@type\":\"ImageObject\",\"inLanguage\":\"sr-RS\",\"@id\":\"https:\/\/president-ksgov.net\/sr\/govor-predsednice-vjose-osmani-na-spomen-svecanosti-povodom-25-godisnjice-masakra-u-velikoj-krusi\/#primaryimage\",\"url\":\"https:\/\/president-ksgov.net\/wp-content\/uploads\/13-28.jpg\",\"contentUrl\":\"https:\/\/president-ksgov.net\/wp-content\/uploads\/13-28.jpg\",\"width\":2000,\"height\":1333},{\"@type\":\"BreadcrumbList\",\"@id\":\"https:\/\/president-ksgov.net\/sr\/govor-predsednice-vjose-osmani-na-spomen-svecanosti-povodom-25-godisnjice-masakra-u-velikoj-krusi\/#breadcrumb\",\"itemListElement\":[{\"@type\":\"ListItem\",\"position\":1,\"name\":\"Home\",\"item\":\"https:\/\/president-ksgov.net\/sr\/\"},{\"@type\":\"ListItem\",\"position\":2,\"name\":\"Govor predsednice Vjose Osmani na spomen sve\u010danosti povodom 25. godi\u0161njice masakra u Velikoj Kru\u0161i\"}]},{\"@type\":\"WebSite\",\"@id\":\"https:\/\/president-ksgov.net\/#website\",\"url\":\"https:\/\/president-ksgov.net\/\",\"name\":\"Presidente e Republik\u00ebs s\u00eb Kosov\u00ebs\",\"description\":\"Presidente e Republik\u00ebs s\u00eb Kosov\u00ebs\",\"alternateName\":\"DR. VJOSA OSMANI - SADRIU\",\"potentialAction\":[{\"@type\":\"SearchAction\",\"target\":{\"@type\":\"EntryPoint\",\"urlTemplate\":\"https:\/\/president-ksgov.net\/?s={search_term_string}\"},\"query-input\":{\"@type\":\"PropertyValueSpecification\",\"valueRequired\":true,\"valueName\":\"search_term_string\"}}],\"inLanguage\":\"sr-RS\"},{\"@type\":\"Person\",\"@id\":\"https:\/\/president-ksgov.net\/#\/schema\/person\/1a2c014cffc81ec60d5a452a36d08d92\",\"name\":\"presidentlogin\",\"image\":{\"@type\":\"ImageObject\",\"inLanguage\":\"sr-RS\",\"@id\":\"https:\/\/president-ksgov.net\/#\/schema\/person\/image\/\",\"url\":\"https:\/\/secure.gravatar.com\/avatar\/339f00ab0a8a0d5ce1ecff10aa2b4a1f51f58bbd5a57793f8cd6ad624080d807?s=96&d=mm&r=g\",\"contentUrl\":\"https:\/\/secure.gravatar.com\/avatar\/339f00ab0a8a0d5ce1ecff10aa2b4a1f51f58bbd5a57793f8cd6ad624080d807?s=96&d=mm&r=g\",\"caption\":\"presidentlogin\"}}]}<\/script>\n<!-- \/ Yoast SEO plugin. -->","yoast_head_json":{"title":"Govor predsednice Vjose Osmani na spomen sve\u010danosti povodom 25. godi\u0161njice masakra u Velikoj Kru\u0161i - Predsednik Republike Kosovo - DR. VJOSA OSMANI - SADRIU","description":"Govor predsednice Vjose Osmani na spomen sve\u010danosti povodom 25. godi\u0161njice masakra u Velikoj Kru\u0161i - Predsednik Republike Kosovo - DR. VJOSA OSMANI - SADRIU -","robots":{"index":"index","follow":"follow","max-snippet":"max-snippet:-1","max-image-preview":"max-image-preview:large","max-video-preview":"max-video-preview:-1"},"canonical":"https:\/\/president-ksgov.net\/sr\/govor-predsednice-vjose-osmani-na-spomen-svecanosti-povodom-25-godisnjice-masakra-u-velikoj-krusi\/","og_locale":"sr_RS","og_type":"article","og_title":"Govor predsednice Vjose Osmani na spomen sve\u010danosti povodom 25. godi\u0161njice masakra u Velikoj Kru\u0161i - Predsednik Republike Kosovo - DR. VJOSA OSMANI - SADRIU","og_description":"Govor predsednice Vjose Osmani na spomen sve\u010danosti povodom 25. godi\u0161njice masakra u Velikoj Kru\u0161i - Predsednik Republike Kosovo - DR. VJOSA OSMANI - SADRIU -","og_url":"https:\/\/president-ksgov.net\/sr\/govor-predsednice-vjose-osmani-na-spomen-svecanosti-povodom-25-godisnjice-masakra-u-velikoj-krusi\/","og_site_name":"Predsednik Republike Kosovo - DR. VJOSA OSMANI - SADRIU","article_published_time":"2024-03-26T17:26:44+00:00","article_modified_time":"2026-01-22T09:27:44+00:00","og_image":[{"width":2000,"height":1333,"url":"https:\/\/president-ksgov.net\/wp-content\/uploads\/13-28.jpg","type":"image\/jpeg"}],"author":"presidentlogin","twitter_card":"summary_large_image","twitter_misc":{"\u041d\u0430\u043f\u0438\u0441\u0430\u043d\u043e \u043e\u0434":"presidentlogin","\u041f\u0440\u043e\u0446\u0435\u045a\u0435\u043d\u043e \u0432\u0440\u0435\u043c\u0435 \u0447\u0438\u0442\u0430\u045a\u0430":"5 \u043c\u0438\u043d\u0443\u0442\u0430"},"schema":{"@context":"https:\/\/schema.org","@graph":[{"@type":"WebPage","@id":"https:\/\/president-ksgov.net\/sr\/govor-predsednice-vjose-osmani-na-spomen-svecanosti-povodom-25-godisnjice-masakra-u-velikoj-krusi\/","url":"https:\/\/president-ksgov.net\/sr\/govor-predsednice-vjose-osmani-na-spomen-svecanosti-povodom-25-godisnjice-masakra-u-velikoj-krusi\/","name":"Govor predsednice Vjose Osmani na spomen sve\u010danosti povodom 25. godi\u0161njice masakra u Velikoj Kru\u0161i - Predsednik Republike Kosovo - DR. VJOSA OSMANI - SADRIU","isPartOf":{"@id":"https:\/\/president-ksgov.net\/#website"},"primaryImageOfPage":{"@id":"https:\/\/president-ksgov.net\/sr\/govor-predsednice-vjose-osmani-na-spomen-svecanosti-povodom-25-godisnjice-masakra-u-velikoj-krusi\/#primaryimage"},"image":{"@id":"https:\/\/president-ksgov.net\/sr\/govor-predsednice-vjose-osmani-na-spomen-svecanosti-povodom-25-godisnjice-masakra-u-velikoj-krusi\/#primaryimage"},"thumbnailUrl":"https:\/\/president-ksgov.net\/wp-content\/uploads\/13-28.jpg","datePublished":"2024-03-26T17:26:44+00:00","dateModified":"2026-01-22T09:27:44+00:00","author":{"@id":"https:\/\/president-ksgov.net\/#\/schema\/person\/1a2c014cffc81ec60d5a452a36d08d92"},"description":"Govor predsednice Vjose Osmani na spomen sve\u010danosti povodom 25. godi\u0161njice masakra u Velikoj Kru\u0161i - Predsednik Republike Kosovo - DR. VJOSA OSMANI - SADRIU -","breadcrumb":{"@id":"https:\/\/president-ksgov.net\/sr\/govor-predsednice-vjose-osmani-na-spomen-svecanosti-povodom-25-godisnjice-masakra-u-velikoj-krusi\/#breadcrumb"},"inLanguage":"sr-RS","potentialAction":[{"@type":"ReadAction","target":["https:\/\/president-ksgov.net\/sr\/govor-predsednice-vjose-osmani-na-spomen-svecanosti-povodom-25-godisnjice-masakra-u-velikoj-krusi\/"]}]},{"@type":"ImageObject","inLanguage":"sr-RS","@id":"https:\/\/president-ksgov.net\/sr\/govor-predsednice-vjose-osmani-na-spomen-svecanosti-povodom-25-godisnjice-masakra-u-velikoj-krusi\/#primaryimage","url":"https:\/\/president-ksgov.net\/wp-content\/uploads\/13-28.jpg","contentUrl":"https:\/\/president-ksgov.net\/wp-content\/uploads\/13-28.jpg","width":2000,"height":1333},{"@type":"BreadcrumbList","@id":"https:\/\/president-ksgov.net\/sr\/govor-predsednice-vjose-osmani-na-spomen-svecanosti-povodom-25-godisnjice-masakra-u-velikoj-krusi\/#breadcrumb","itemListElement":[{"@type":"ListItem","position":1,"name":"Home","item":"https:\/\/president-ksgov.net\/sr\/"},{"@type":"ListItem","position":2,"name":"Govor predsednice Vjose Osmani na spomen sve\u010danosti povodom 25. godi\u0161njice masakra u Velikoj Kru\u0161i"}]},{"@type":"WebSite","@id":"https:\/\/president-ksgov.net\/#website","url":"https:\/\/president-ksgov.net\/","name":"Presidente e Republik\u00ebs s\u00eb Kosov\u00ebs","description":"Presidente e Republik\u00ebs s\u00eb Kosov\u00ebs","alternateName":"DR. VJOSA OSMANI - SADRIU","potentialAction":[{"@type":"SearchAction","target":{"@type":"EntryPoint","urlTemplate":"https:\/\/president-ksgov.net\/?s={search_term_string}"},"query-input":{"@type":"PropertyValueSpecification","valueRequired":true,"valueName":"search_term_string"}}],"inLanguage":"sr-RS"},{"@type":"Person","@id":"https:\/\/president-ksgov.net\/#\/schema\/person\/1a2c014cffc81ec60d5a452a36d08d92","name":"presidentlogin","image":{"@type":"ImageObject","inLanguage":"sr-RS","@id":"https:\/\/president-ksgov.net\/#\/schema\/person\/image\/","url":"https:\/\/secure.gravatar.com\/avatar\/339f00ab0a8a0d5ce1ecff10aa2b4a1f51f58bbd5a57793f8cd6ad624080d807?s=96&d=mm&r=g","contentUrl":"https:\/\/secure.gravatar.com\/avatar\/339f00ab0a8a0d5ce1ecff10aa2b4a1f51f58bbd5a57793f8cd6ad624080d807?s=96&d=mm&r=g","caption":"presidentlogin"}}]}},"_links":{"self":[{"href":"https:\/\/president-ksgov.net\/sr\/wp-json\/wp\/v2\/posts\/102875","targetHints":{"allow":["GET"]}}],"collection":[{"href":"https:\/\/president-ksgov.net\/sr\/wp-json\/wp\/v2\/posts"}],"about":[{"href":"https:\/\/president-ksgov.net\/sr\/wp-json\/wp\/v2\/types\/post"}],"author":[{"embeddable":true,"href":"https:\/\/president-ksgov.net\/sr\/wp-json\/wp\/v2\/users\/11"}],"replies":[{"embeddable":true,"href":"https:\/\/president-ksgov.net\/sr\/wp-json\/wp\/v2\/comments?post=102875"}],"version-history":[{"count":3,"href":"https:\/\/president-ksgov.net\/sr\/wp-json\/wp\/v2\/posts\/102875\/revisions"}],"predecessor-version":[{"id":180491,"href":"https:\/\/president-ksgov.net\/sr\/wp-json\/wp\/v2\/posts\/102875\/revisions\/180491"}],"wp:featuredmedia":[{"embeddable":true,"href":"https:\/\/president-ksgov.net\/sr\/wp-json\/wp\/v2\/media\/102788"}],"wp:attachment":[{"href":"https:\/\/president-ksgov.net\/sr\/wp-json\/wp\/v2\/media?parent=102875"}],"wp:term":[{"taxonomy":"category","embeddable":true,"href":"https:\/\/president-ksgov.net\/sr\/wp-json\/wp\/v2\/categories?post=102875"},{"taxonomy":"post_tag","embeddable":true,"href":"https:\/\/president-ksgov.net\/sr\/wp-json\/wp\/v2\/tags?post=102875"}],"curies":[{"name":"wp","href":"https:\/\/api.w.org\/{rel}","templated":true}]}}