{"id":102757,"date":"2024-03-19T11:00:24","date_gmt":"2024-03-19T10:00:24","guid":{"rendered":"https:\/\/president-ksgov.net\/?p=102757"},"modified":"2024-03-25T10:43:28","modified_gmt":"2024-03-25T09:43:28","slug":"prvi-gospodin-republike-kosovo-g-prindon-sadriu-sastao-se-sa-albanskom-koleginicom-gdom-armandom-begaj","status":"publish","type":"post","link":"https:\/\/president-ksgov.net\/sr\/prvi-gospodin-republike-kosovo-g-prindon-sadriu-sastao-se-sa-albanskom-koleginicom-gdom-armandom-begaj\/","title":{"rendered":"Prvi gospodin Republike Kosovo g. Prindon Sadriu sastao se sa albanskom koleginicom g\u0111om Armandom Begaj"},"content":{"rendered":"<p>Prvi gospodin, Prindon Sadriu, sastao se u utorak u Tirani sa svojom koleginicom iz Albanije g\u0111om Armandom Begaj.<\/p>\n<p>U svojstvu diplomate prvi gospodin se nalazi u Tirani kako bi predstavljao Republiku Kosovo na slede\u0107em sastanku Jadranske povelje (A5). U isto vreme g. Sadriu vodi bezbednosne konsultacije na nivou ministarstava spoljnih poslova i odbrane.<\/p>\n<p>Dvoje kolega su razgovarali o pitanjima od zajedni\u010dkog interesa, kao i o daljem ja\u010danju me\u0111udr\u017eavnih i bratskih odnosa.<\/p>\n<p>Tokom sastanka razgovori su bili usredsre\u0111eni na bilateralne odnose. Poseban fokus je bio posve\u0107en saradnji i sinergiji u razli\u010ditim oblastima, kao i podr\u0161ci koju pru\u017eaju u vr\u0161enju ustavnih funkcija \u0161efova obe dr\u017eave.<\/p>\n<p>Sadriu je obavestio g\u0111u Begaj o radu i anga\u017eovanjima u vezi sa organizacijom druge edicije Samita za \u017eene, mir i bezbednost (WPS).<\/p>\n<p>Dvoje sagovornika razgovarala su i o svojim me\u0111unarodnim agendama, bilo da su odvojene ili u okviru zvani\u010dnih poseta \u0161efova dr\u017eava.<\/p>\n<p>\u0160tavi\u0161e, pa\u017enja je posve\u0107ena regionalnim i globalnim izazovima, sa akcentom na zna\u010daj solidarnosti i saradnje u suo\u010davanju sa zajedni\u010dkim pretnjama regionalnom miru i bezbednosti.<\/p>\n<p>Prvi gospodin je izrazio spremnost za naredni sastanak u Pri\u0161tini, tokom radova WPS-a, potvr\u0111uju\u0107i njegovo \u010dvrsto opredeljenje za nastavak saradnje sa prvom damom Albanije i njenim timom.<\/p>\n<p>Sadriu je istakao da s nestrpljenjem o\u010dekuje dalje unapre\u0111enje zajedni\u010dkih ciljeva.<\/p>\n","protected":false},"excerpt":{"rendered":"<p>Prvi gospodin, Prindon Sadriu, sastao se u utorak u Tirani sa svojom koleginicom iz Albanije g\u0111om Armandom Begaj. U svojstvu diplomate prvi gospodin se nalazi u Tirani kako bi predstavljao Republiku Kosovo na slede\u0107em sastanku Jadranske povelje (A5). U isto vreme g. Sadriu vodi bezbednosne konsultacije na nivou ministarstava spoljnih poslova i odbrane. Dvoje kolega su razgovarali o pitanjima od zajedni\u010dkog interesa, kao i o daljem ja\u010danju me\u0111udr\u017eavnih i bratskih odnosa. Tokom sastanka razgovori su bili usredsre\u0111eni na bilateralne odnose. Poseban fokus je bio posve\u0107en saradnji i sinergiji u razli\u010ditim oblastima, kao i podr\u0161ci koju pru\u017eaju u vr\u0161enju ustavnih funkcija \u0161efova obe dr\u017eave. Sadriu je obavestio g\u0111u Begaj o radu i anga\u017eovanjima u vezi sa organizacijom druge edicije Samita za \u017eene, mir i bezbednost (WPS). Dvoje sagovornika razgovarala su i o svojim me\u0111unarodnim agendama, bilo da su odvojene ili u okviru zvani\u010dnih poseta \u0161efova dr\u017eava. \u0160tavi\u0161e, pa\u017enja je posve\u0107ena regionalnim i globalnim izazovima, sa akcentom na zna\u010daj solidarnosti i saradnje u suo\u010davanju sa zajedni\u010dkim pretnjama regionalnom miru i bezbednosti. Prvi gospodin je izrazio spremnost za naredni sastanak u Pri\u0161tini, tokom radova WPS-a, potvr\u0111uju\u0107i njegovo \u010dvrsto opredeljenje za nastavak saradnje sa prvom damom Albanije i njenim timom. Sadriu je istakao da s nestrpljenjem o\u010dekuje dalje unapre\u0111enje zajedni\u010dkih ciljeva.<\/p>\n","protected":false},"author":11,"featured_media":95194,"comment_status":"open","ping_status":"closed","sticky":false,"template":"","format":"standard","meta":{"_eb_attr":"","footnotes":""},"categories":[101],"tags":[],"class_list":["post-102757","post","type-post","status-publish","format-standard","has-post-thumbnail","hentry","category-vesti"],"yoast_head":"<!-- This site is optimized with the Yoast SEO plugin v23.5 - https:\/\/yoast.com\/wordpress\/plugins\/seo\/ -->\n<title>Prvi gospodin Republike Kosovo g. Prindon Sadriu sastao se sa albanskom koleginicom g\u0111om Armandom Begaj - Predsednik Republike Kosovo - DR. VJOSA OSMANI - SADRIU<\/title>\n<meta name=\"description\" content=\"Prvi gospodin Republike Kosovo g. Prindon Sadriu sastao se sa albanskom koleginicom g\u0111om Armandom Begaj - Predsednik Republike Kosovo - DR. VJOSA OSMANI - SADRIU -\" \/>\n<meta name=\"robots\" content=\"index, follow, max-snippet:-1, max-image-preview:large, max-video-preview:-1\" \/>\n<link rel=\"canonical\" href=\"https:\/\/president-ksgov.net\/sr\/prvi-gospodin-republike-kosovo-g-prindon-sadriu-sastao-se-sa-albanskom-koleginicom-gdom-armandom-begaj\/\" \/>\n<meta property=\"og:locale\" content=\"sr_RS\" \/>\n<meta property=\"og:type\" content=\"article\" \/>\n<meta property=\"og:title\" content=\"Prvi gospodin Republike Kosovo g. Prindon Sadriu sastao se sa albanskom koleginicom g\u0111om Armandom Begaj - Predsednik Republike Kosovo - DR. VJOSA OSMANI - SADRIU\" \/>\n<meta property=\"og:description\" content=\"Prvi gospodin Republike Kosovo g. Prindon Sadriu sastao se sa albanskom koleginicom g\u0111om Armandom Begaj - Predsednik Republike Kosovo - DR. VJOSA OSMANI - SADRIU -\" \/>\n<meta property=\"og:url\" content=\"https:\/\/president-ksgov.net\/sr\/prvi-gospodin-republike-kosovo-g-prindon-sadriu-sastao-se-sa-albanskom-koleginicom-gdom-armandom-begaj\/\" \/>\n<meta property=\"og:site_name\" content=\"Predsednik Republike Kosovo - DR. VJOSA OSMANI - SADRIU\" \/>\n<meta property=\"article:published_time\" content=\"2024-03-19T10:00:24+00:00\" \/>\n<meta property=\"article:modified_time\" content=\"2024-03-25T09:43:28+00:00\" \/>\n<meta property=\"og:image\" content=\"https:\/\/president-ksgov.net\/wp-content\/uploads\/02-10-scaled.jpg\" \/>\n\t<meta property=\"og:image:width\" content=\"2560\" \/>\n\t<meta property=\"og:image:height\" content=\"2048\" \/>\n\t<meta property=\"og:image:type\" content=\"image\/jpeg\" \/>\n<meta name=\"author\" content=\"presidentlogin\" \/>\n<meta name=\"twitter:card\" content=\"summary_large_image\" \/>\n<meta name=\"twitter:label1\" content=\"\u041d\u0430\u043f\u0438\u0441\u0430\u043d\u043e \u043e\u0434\" \/>\n\t<meta name=\"twitter:data1\" content=\"presidentlogin\" \/>\n\t<meta name=\"twitter:label2\" content=\"\u041f\u0440\u043e\u0446\u0435\u045a\u0435\u043d\u043e \u0432\u0440\u0435\u043c\u0435 \u0447\u0438\u0442\u0430\u045a\u0430\" \/>\n\t<meta name=\"twitter:data2\" content=\"2 \u043c\u0438\u043d\u0443\u0442\u0430\" \/>\n<script type=\"application\/ld+json\" class=\"yoast-schema-graph\">{\"@context\":\"https:\/\/schema.org\",\"@graph\":[{\"@type\":\"WebPage\",\"@id\":\"https:\/\/president-ksgov.net\/sr\/prvi-gospodin-republike-kosovo-g-prindon-sadriu-sastao-se-sa-albanskom-koleginicom-gdom-armandom-begaj\/\",\"url\":\"https:\/\/president-ksgov.net\/sr\/prvi-gospodin-republike-kosovo-g-prindon-sadriu-sastao-se-sa-albanskom-koleginicom-gdom-armandom-begaj\/\",\"name\":\"Prvi gospodin Republike Kosovo g. Prindon Sadriu sastao se sa albanskom koleginicom g\u0111om Armandom Begaj - Predsednik Republike Kosovo - DR. VJOSA OSMANI - SADRIU\",\"isPartOf\":{\"@id\":\"https:\/\/president-ksgov.net\/#website\"},\"primaryImageOfPage\":{\"@id\":\"https:\/\/president-ksgov.net\/sr\/prvi-gospodin-republike-kosovo-g-prindon-sadriu-sastao-se-sa-albanskom-koleginicom-gdom-armandom-begaj\/#primaryimage\"},\"image\":{\"@id\":\"https:\/\/president-ksgov.net\/sr\/prvi-gospodin-republike-kosovo-g-prindon-sadriu-sastao-se-sa-albanskom-koleginicom-gdom-armandom-begaj\/#primaryimage\"},\"thumbnailUrl\":\"https:\/\/president-ksgov.net\/wp-content\/uploads\/02-10-scaled.jpg\",\"datePublished\":\"2024-03-19T10:00:24+00:00\",\"dateModified\":\"2024-03-25T09:43:28+00:00\",\"author\":{\"@id\":\"https:\/\/president-ksgov.net\/#\/schema\/person\/1a2c014cffc81ec60d5a452a36d08d92\"},\"description\":\"Prvi gospodin Republike Kosovo g. Prindon Sadriu sastao se sa albanskom koleginicom g\u0111om Armandom Begaj - Predsednik Republike Kosovo - DR. VJOSA OSMANI - SADRIU -\",\"breadcrumb\":{\"@id\":\"https:\/\/president-ksgov.net\/sr\/prvi-gospodin-republike-kosovo-g-prindon-sadriu-sastao-se-sa-albanskom-koleginicom-gdom-armandom-begaj\/#breadcrumb\"},\"inLanguage\":\"sr-RS\",\"potentialAction\":[{\"@type\":\"ReadAction\",\"target\":[\"https:\/\/president-ksgov.net\/sr\/prvi-gospodin-republike-kosovo-g-prindon-sadriu-sastao-se-sa-albanskom-koleginicom-gdom-armandom-begaj\/\"]}]},{\"@type\":\"ImageObject\",\"inLanguage\":\"sr-RS\",\"@id\":\"https:\/\/president-ksgov.net\/sr\/prvi-gospodin-republike-kosovo-g-prindon-sadriu-sastao-se-sa-albanskom-koleginicom-gdom-armandom-begaj\/#primaryimage\",\"url\":\"https:\/\/president-ksgov.net\/wp-content\/uploads\/02-10-scaled.jpg\",\"contentUrl\":\"https:\/\/president-ksgov.net\/wp-content\/uploads\/02-10-scaled.jpg\",\"width\":2560,\"height\":2048},{\"@type\":\"BreadcrumbList\",\"@id\":\"https:\/\/president-ksgov.net\/sr\/prvi-gospodin-republike-kosovo-g-prindon-sadriu-sastao-se-sa-albanskom-koleginicom-gdom-armandom-begaj\/#breadcrumb\",\"itemListElement\":[{\"@type\":\"ListItem\",\"position\":1,\"name\":\"Home\",\"item\":\"https:\/\/president-ksgov.net\/sr\/\"},{\"@type\":\"ListItem\",\"position\":2,\"name\":\"Prvi gospodin Republike Kosovo g. Prindon Sadriu sastao se sa albanskom koleginicom g\u0111om Armandom Begaj\"}]},{\"@type\":\"WebSite\",\"@id\":\"https:\/\/president-ksgov.net\/#website\",\"url\":\"https:\/\/president-ksgov.net\/\",\"name\":\"Presidente e Republik\u00ebs s\u00eb Kosov\u00ebs\",\"description\":\"Presidente e Republik\u00ebs s\u00eb Kosov\u00ebs\",\"alternateName\":\"DR. VJOSA OSMANI - SADRIU\",\"potentialAction\":[{\"@type\":\"SearchAction\",\"target\":{\"@type\":\"EntryPoint\",\"urlTemplate\":\"https:\/\/president-ksgov.net\/?s={search_term_string}\"},\"query-input\":{\"@type\":\"PropertyValueSpecification\",\"valueRequired\":true,\"valueName\":\"search_term_string\"}}],\"inLanguage\":\"sr-RS\"},{\"@type\":\"Person\",\"@id\":\"https:\/\/president-ksgov.net\/#\/schema\/person\/1a2c014cffc81ec60d5a452a36d08d92\",\"name\":\"presidentlogin\",\"image\":{\"@type\":\"ImageObject\",\"inLanguage\":\"sr-RS\",\"@id\":\"https:\/\/president-ksgov.net\/#\/schema\/person\/image\/\",\"url\":\"https:\/\/secure.gravatar.com\/avatar\/339f00ab0a8a0d5ce1ecff10aa2b4a1f51f58bbd5a57793f8cd6ad624080d807?s=96&d=mm&r=g\",\"contentUrl\":\"https:\/\/secure.gravatar.com\/avatar\/339f00ab0a8a0d5ce1ecff10aa2b4a1f51f58bbd5a57793f8cd6ad624080d807?s=96&d=mm&r=g\",\"caption\":\"presidentlogin\"}}]}<\/script>\n<!-- \/ Yoast SEO plugin. -->","yoast_head_json":{"title":"Prvi gospodin Republike Kosovo g. Prindon Sadriu sastao se sa albanskom koleginicom g\u0111om Armandom Begaj - Predsednik Republike Kosovo - DR. VJOSA OSMANI - SADRIU","description":"Prvi gospodin Republike Kosovo g. Prindon Sadriu sastao se sa albanskom koleginicom g\u0111om Armandom Begaj - Predsednik Republike Kosovo - DR. VJOSA OSMANI - SADRIU -","robots":{"index":"index","follow":"follow","max-snippet":"max-snippet:-1","max-image-preview":"max-image-preview:large","max-video-preview":"max-video-preview:-1"},"canonical":"https:\/\/president-ksgov.net\/sr\/prvi-gospodin-republike-kosovo-g-prindon-sadriu-sastao-se-sa-albanskom-koleginicom-gdom-armandom-begaj\/","og_locale":"sr_RS","og_type":"article","og_title":"Prvi gospodin Republike Kosovo g. Prindon Sadriu sastao se sa albanskom koleginicom g\u0111om Armandom Begaj - Predsednik Republike Kosovo - DR. VJOSA OSMANI - SADRIU","og_description":"Prvi gospodin Republike Kosovo g. Prindon Sadriu sastao se sa albanskom koleginicom g\u0111om Armandom Begaj - Predsednik Republike Kosovo - DR. VJOSA OSMANI - SADRIU -","og_url":"https:\/\/president-ksgov.net\/sr\/prvi-gospodin-republike-kosovo-g-prindon-sadriu-sastao-se-sa-albanskom-koleginicom-gdom-armandom-begaj\/","og_site_name":"Predsednik Republike Kosovo - DR. VJOSA OSMANI - SADRIU","article_published_time":"2024-03-19T10:00:24+00:00","article_modified_time":"2024-03-25T09:43:28+00:00","og_image":[{"width":2560,"height":2048,"url":"https:\/\/president-ksgov.net\/wp-content\/uploads\/02-10-scaled.jpg","type":"image\/jpeg"}],"author":"presidentlogin","twitter_card":"summary_large_image","twitter_misc":{"\u041d\u0430\u043f\u0438\u0441\u0430\u043d\u043e \u043e\u0434":"presidentlogin","\u041f\u0440\u043e\u0446\u0435\u045a\u0435\u043d\u043e \u0432\u0440\u0435\u043c\u0435 \u0447\u0438\u0442\u0430\u045a\u0430":"2 \u043c\u0438\u043d\u0443\u0442\u0430"},"schema":{"@context":"https:\/\/schema.org","@graph":[{"@type":"WebPage","@id":"https:\/\/president-ksgov.net\/sr\/prvi-gospodin-republike-kosovo-g-prindon-sadriu-sastao-se-sa-albanskom-koleginicom-gdom-armandom-begaj\/","url":"https:\/\/president-ksgov.net\/sr\/prvi-gospodin-republike-kosovo-g-prindon-sadriu-sastao-se-sa-albanskom-koleginicom-gdom-armandom-begaj\/","name":"Prvi gospodin Republike Kosovo g. Prindon Sadriu sastao se sa albanskom koleginicom g\u0111om Armandom Begaj - Predsednik Republike Kosovo - DR. VJOSA OSMANI - SADRIU","isPartOf":{"@id":"https:\/\/president-ksgov.net\/#website"},"primaryImageOfPage":{"@id":"https:\/\/president-ksgov.net\/sr\/prvi-gospodin-republike-kosovo-g-prindon-sadriu-sastao-se-sa-albanskom-koleginicom-gdom-armandom-begaj\/#primaryimage"},"image":{"@id":"https:\/\/president-ksgov.net\/sr\/prvi-gospodin-republike-kosovo-g-prindon-sadriu-sastao-se-sa-albanskom-koleginicom-gdom-armandom-begaj\/#primaryimage"},"thumbnailUrl":"https:\/\/president-ksgov.net\/wp-content\/uploads\/02-10-scaled.jpg","datePublished":"2024-03-19T10:00:24+00:00","dateModified":"2024-03-25T09:43:28+00:00","author":{"@id":"https:\/\/president-ksgov.net\/#\/schema\/person\/1a2c014cffc81ec60d5a452a36d08d92"},"description":"Prvi gospodin Republike Kosovo g. Prindon Sadriu sastao se sa albanskom koleginicom g\u0111om Armandom Begaj - Predsednik Republike Kosovo - DR. VJOSA OSMANI - SADRIU -","breadcrumb":{"@id":"https:\/\/president-ksgov.net\/sr\/prvi-gospodin-republike-kosovo-g-prindon-sadriu-sastao-se-sa-albanskom-koleginicom-gdom-armandom-begaj\/#breadcrumb"},"inLanguage":"sr-RS","potentialAction":[{"@type":"ReadAction","target":["https:\/\/president-ksgov.net\/sr\/prvi-gospodin-republike-kosovo-g-prindon-sadriu-sastao-se-sa-albanskom-koleginicom-gdom-armandom-begaj\/"]}]},{"@type":"ImageObject","inLanguage":"sr-RS","@id":"https:\/\/president-ksgov.net\/sr\/prvi-gospodin-republike-kosovo-g-prindon-sadriu-sastao-se-sa-albanskom-koleginicom-gdom-armandom-begaj\/#primaryimage","url":"https:\/\/president-ksgov.net\/wp-content\/uploads\/02-10-scaled.jpg","contentUrl":"https:\/\/president-ksgov.net\/wp-content\/uploads\/02-10-scaled.jpg","width":2560,"height":2048},{"@type":"BreadcrumbList","@id":"https:\/\/president-ksgov.net\/sr\/prvi-gospodin-republike-kosovo-g-prindon-sadriu-sastao-se-sa-albanskom-koleginicom-gdom-armandom-begaj\/#breadcrumb","itemListElement":[{"@type":"ListItem","position":1,"name":"Home","item":"https:\/\/president-ksgov.net\/sr\/"},{"@type":"ListItem","position":2,"name":"Prvi gospodin Republike Kosovo g. Prindon Sadriu sastao se sa albanskom koleginicom g\u0111om Armandom Begaj"}]},{"@type":"WebSite","@id":"https:\/\/president-ksgov.net\/#website","url":"https:\/\/president-ksgov.net\/","name":"Presidente e Republik\u00ebs s\u00eb Kosov\u00ebs","description":"Presidente e Republik\u00ebs s\u00eb Kosov\u00ebs","alternateName":"DR. VJOSA OSMANI - SADRIU","potentialAction":[{"@type":"SearchAction","target":{"@type":"EntryPoint","urlTemplate":"https:\/\/president-ksgov.net\/?s={search_term_string}"},"query-input":{"@type":"PropertyValueSpecification","valueRequired":true,"valueName":"search_term_string"}}],"inLanguage":"sr-RS"},{"@type":"Person","@id":"https:\/\/president-ksgov.net\/#\/schema\/person\/1a2c014cffc81ec60d5a452a36d08d92","name":"presidentlogin","image":{"@type":"ImageObject","inLanguage":"sr-RS","@id":"https:\/\/president-ksgov.net\/#\/schema\/person\/image\/","url":"https:\/\/secure.gravatar.com\/avatar\/339f00ab0a8a0d5ce1ecff10aa2b4a1f51f58bbd5a57793f8cd6ad624080d807?s=96&d=mm&r=g","contentUrl":"https:\/\/secure.gravatar.com\/avatar\/339f00ab0a8a0d5ce1ecff10aa2b4a1f51f58bbd5a57793f8cd6ad624080d807?s=96&d=mm&r=g","caption":"presidentlogin"}}]}},"_links":{"self":[{"href":"https:\/\/president-ksgov.net\/sr\/wp-json\/wp\/v2\/posts\/102757","targetHints":{"allow":["GET"]}}],"collection":[{"href":"https:\/\/president-ksgov.net\/sr\/wp-json\/wp\/v2\/posts"}],"about":[{"href":"https:\/\/president-ksgov.net\/sr\/wp-json\/wp\/v2\/types\/post"}],"author":[{"embeddable":true,"href":"https:\/\/president-ksgov.net\/sr\/wp-json\/wp\/v2\/users\/11"}],"replies":[{"embeddable":true,"href":"https:\/\/president-ksgov.net\/sr\/wp-json\/wp\/v2\/comments?post=102757"}],"version-history":[{"count":1,"href":"https:\/\/president-ksgov.net\/sr\/wp-json\/wp\/v2\/posts\/102757\/revisions"}],"predecessor-version":[{"id":102758,"href":"https:\/\/president-ksgov.net\/sr\/wp-json\/wp\/v2\/posts\/102757\/revisions\/102758"}],"wp:featuredmedia":[{"embeddable":true,"href":"https:\/\/president-ksgov.net\/sr\/wp-json\/wp\/v2\/media\/95194"}],"wp:attachment":[{"href":"https:\/\/president-ksgov.net\/sr\/wp-json\/wp\/v2\/media?parent=102757"}],"wp:term":[{"taxonomy":"category","embeddable":true,"href":"https:\/\/president-ksgov.net\/sr\/wp-json\/wp\/v2\/categories?post=102757"},{"taxonomy":"post_tag","embeddable":true,"href":"https:\/\/president-ksgov.net\/sr\/wp-json\/wp\/v2\/tags?post=102757"}],"curies":[{"name":"wp","href":"https:\/\/api.w.org\/{rel}","templated":true}]}}