{"id":102753,"date":"2024-03-25T09:00:09","date_gmt":"2024-03-25T08:00:09","guid":{"rendered":"https:\/\/president-ksgov.net\/?p=102753"},"modified":"2024-03-25T10:30:40","modified_gmt":"2024-03-25T09:30:40","slug":"predsednica-pravda-mora-biti-zadovoljena-za-advokata-bajrama-kelmendija-i-njegove-sinove","status":"publish","type":"post","link":"https:\/\/president-ksgov.net\/sr\/predsednica-pravda-mora-biti-zadovoljena-za-advokata-bajrama-kelmendija-i-njegove-sinove\/","title":{"rendered":"Predsednica: Pravda mora biti zadovoljena za advokata Bajrama Kelmendija i njegove sinove"},"content":{"rendered":"<p>Pre 25 godina Kosovo je izgubilo borca za ljudska prava, advokata Bajrama Kelmendija i njegova dva sina, Kastriota i Kushtrimina.<\/p>\n<p>Dan nakon \u0161to su ih iz njihove ku\u0107e otele snage genocidnog Milo\u0161evi\u0107evog re\u017eima, brutalno su pogubljeni.<\/p>\n<p>Na ovu godi\u0161njicu ponovo potvr\u0111ujemo na\u0161u posve\u0107enost privo\u0111enju pravdi po\u010dinilaca zlo\u010dina za ubistvo advokata Kelmendija i njegovih sinova. Ceo \u017eivot je proveo u odbrani i tra\u017eenju pravde, tako da smo du\u017eni da uspostavimo pravdu.<\/p>\n<p>Delatnost advokata Kelmendija ostaje dragoceno nasle\u0111e za nas i za generacije.<\/p>\n<p>Neka je ve\u010dna uspomena na Bajrama Kelmendija i njegova dva sina!<\/p>\n<p>&nbsp;<\/p>\n","protected":false},"excerpt":{"rendered":"<p>Pre 25 godina Kosovo je izgubilo borca za ljudska prava, advokata Bajrama Kelmendija i njegova dva sina, Kastriota i Kushtrimina. Dan nakon \u0161to su ih iz njihove ku\u0107e otele snage genocidnog Milo\u0161evi\u0107evog re\u017eima, brutalno su pogubljeni. Na ovu godi\u0161njicu ponovo potvr\u0111ujemo na\u0161u posve\u0107enost privo\u0111enju pravdi po\u010dinilaca zlo\u010dina za ubistvo advokata Kelmendija i njegovih sinova. Ceo \u017eivot je proveo u odbrani i tra\u017eenju pravde, tako da smo du\u017eni da uspostavimo pravdu. Delatnost advokata Kelmendija ostaje dragoceno nasle\u0111e za nas i za generacije. Neka je ve\u010dna uspomena na Bajrama Kelmendija i njegova dva sina! &nbsp;<\/p>\n","protected":false},"author":11,"featured_media":102749,"comment_status":"open","ping_status":"closed","sticky":false,"template":"","format":"standard","meta":{"_eb_attr":"","footnotes":""},"categories":[101],"tags":[],"class_list":["post-102753","post","type-post","status-publish","format-standard","has-post-thumbnail","hentry","category-vesti"],"yoast_head":"<!-- This site is optimized with the Yoast SEO plugin v23.5 - https:\/\/yoast.com\/wordpress\/plugins\/seo\/ -->\n<title>Predsednica: Pravda mora biti zadovoljena za advokata Bajrama Kelmendija i njegove sinove - Predsednik Republike Kosovo - DR. VJOSA OSMANI - SADRIU<\/title>\n<meta name=\"description\" content=\"Predsednica: Pravda mora biti zadovoljena za advokata Bajrama Kelmendija i njegove sinove - Predsednik Republike Kosovo - DR. VJOSA OSMANI - SADRIU -\" \/>\n<meta name=\"robots\" content=\"index, follow, max-snippet:-1, max-image-preview:large, max-video-preview:-1\" \/>\n<link rel=\"canonical\" href=\"https:\/\/president-ksgov.net\/sr\/predsednica-pravda-mora-biti-zadovoljena-za-advokata-bajrama-kelmendija-i-njegove-sinove\/\" \/>\n<meta property=\"og:locale\" content=\"sr_RS\" \/>\n<meta property=\"og:type\" content=\"article\" \/>\n<meta property=\"og:title\" content=\"Predsednica: Pravda mora biti zadovoljena za advokata Bajrama Kelmendija i njegove sinove - Predsednik Republike Kosovo - DR. VJOSA OSMANI - SADRIU\" \/>\n<meta property=\"og:description\" content=\"Predsednica: Pravda mora biti zadovoljena za advokata Bajrama Kelmendija i njegove sinove - Predsednik Republike Kosovo - DR. VJOSA OSMANI - SADRIU -\" \/>\n<meta property=\"og:url\" content=\"https:\/\/president-ksgov.net\/sr\/predsednica-pravda-mora-biti-zadovoljena-za-advokata-bajrama-kelmendija-i-njegove-sinove\/\" \/>\n<meta property=\"og:site_name\" content=\"Predsednik Republike Kosovo - DR. VJOSA OSMANI - SADRIU\" \/>\n<meta property=\"article:published_time\" content=\"2024-03-25T08:00:09+00:00\" \/>\n<meta property=\"article:modified_time\" content=\"2024-03-25T09:30:40+00:00\" \/>\n<meta property=\"og:image\" content=\"https:\/\/president-ksgov.net\/wp-content\/uploads\/bajramkelmendi.jpeg\" \/>\n\t<meta property=\"og:image:width\" content=\"635\" \/>\n\t<meta property=\"og:image:height\" content=\"315\" \/>\n\t<meta property=\"og:image:type\" content=\"image\/jpeg\" \/>\n<meta name=\"author\" content=\"presidentlogin\" \/>\n<meta name=\"twitter:card\" content=\"summary_large_image\" \/>\n<meta name=\"twitter:label1\" content=\"\u041d\u0430\u043f\u0438\u0441\u0430\u043d\u043e \u043e\u0434\" \/>\n\t<meta name=\"twitter:data1\" content=\"presidentlogin\" \/>\n\t<meta name=\"twitter:label2\" content=\"\u041f\u0440\u043e\u0446\u0435\u045a\u0435\u043d\u043e \u0432\u0440\u0435\u043c\u0435 \u0447\u0438\u0442\u0430\u045a\u0430\" \/>\n\t<meta name=\"twitter:data2\" content=\"1 \u043c\u0438\u043d\u0443\u0442\" \/>\n<script type=\"application\/ld+json\" class=\"yoast-schema-graph\">{\"@context\":\"https:\/\/schema.org\",\"@graph\":[{\"@type\":\"WebPage\",\"@id\":\"https:\/\/president-ksgov.net\/sr\/predsednica-pravda-mora-biti-zadovoljena-za-advokata-bajrama-kelmendija-i-njegove-sinove\/\",\"url\":\"https:\/\/president-ksgov.net\/sr\/predsednica-pravda-mora-biti-zadovoljena-za-advokata-bajrama-kelmendija-i-njegove-sinove\/\",\"name\":\"Predsednica: Pravda mora biti zadovoljena za advokata Bajrama Kelmendija i njegove sinove - Predsednik Republike Kosovo - DR. VJOSA OSMANI - SADRIU\",\"isPartOf\":{\"@id\":\"https:\/\/president-ksgov.net\/#website\"},\"primaryImageOfPage\":{\"@id\":\"https:\/\/president-ksgov.net\/sr\/predsednica-pravda-mora-biti-zadovoljena-za-advokata-bajrama-kelmendija-i-njegove-sinove\/#primaryimage\"},\"image\":{\"@id\":\"https:\/\/president-ksgov.net\/sr\/predsednica-pravda-mora-biti-zadovoljena-za-advokata-bajrama-kelmendija-i-njegove-sinove\/#primaryimage\"},\"thumbnailUrl\":\"https:\/\/president-ksgov.net\/wp-content\/uploads\/bajramkelmendi.jpeg\",\"datePublished\":\"2024-03-25T08:00:09+00:00\",\"dateModified\":\"2024-03-25T09:30:40+00:00\",\"author\":{\"@id\":\"https:\/\/president-ksgov.net\/#\/schema\/person\/1a2c014cffc81ec60d5a452a36d08d92\"},\"description\":\"Predsednica: Pravda mora biti zadovoljena za advokata Bajrama Kelmendija i njegove sinove - Predsednik Republike Kosovo - DR. VJOSA OSMANI - SADRIU -\",\"breadcrumb\":{\"@id\":\"https:\/\/president-ksgov.net\/sr\/predsednica-pravda-mora-biti-zadovoljena-za-advokata-bajrama-kelmendija-i-njegove-sinove\/#breadcrumb\"},\"inLanguage\":\"sr-RS\",\"potentialAction\":[{\"@type\":\"ReadAction\",\"target\":[\"https:\/\/president-ksgov.net\/sr\/predsednica-pravda-mora-biti-zadovoljena-za-advokata-bajrama-kelmendija-i-njegove-sinove\/\"]}]},{\"@type\":\"ImageObject\",\"inLanguage\":\"sr-RS\",\"@id\":\"https:\/\/president-ksgov.net\/sr\/predsednica-pravda-mora-biti-zadovoljena-za-advokata-bajrama-kelmendija-i-njegove-sinove\/#primaryimage\",\"url\":\"https:\/\/president-ksgov.net\/wp-content\/uploads\/bajramkelmendi.jpeg\",\"contentUrl\":\"https:\/\/president-ksgov.net\/wp-content\/uploads\/bajramkelmendi.jpeg\",\"width\":635,\"height\":315},{\"@type\":\"BreadcrumbList\",\"@id\":\"https:\/\/president-ksgov.net\/sr\/predsednica-pravda-mora-biti-zadovoljena-za-advokata-bajrama-kelmendija-i-njegove-sinove\/#breadcrumb\",\"itemListElement\":[{\"@type\":\"ListItem\",\"position\":1,\"name\":\"Home\",\"item\":\"https:\/\/president-ksgov.net\/sr\/\"},{\"@type\":\"ListItem\",\"position\":2,\"name\":\"Predsednica: Pravda mora biti zadovoljena za advokata Bajrama Kelmendija i njegove sinove\"}]},{\"@type\":\"WebSite\",\"@id\":\"https:\/\/president-ksgov.net\/#website\",\"url\":\"https:\/\/president-ksgov.net\/\",\"name\":\"Presidente e Republik\u00ebs s\u00eb Kosov\u00ebs\",\"description\":\"Presidente e Republik\u00ebs s\u00eb Kosov\u00ebs\",\"alternateName\":\"DR. VJOSA OSMANI - SADRIU\",\"potentialAction\":[{\"@type\":\"SearchAction\",\"target\":{\"@type\":\"EntryPoint\",\"urlTemplate\":\"https:\/\/president-ksgov.net\/?s={search_term_string}\"},\"query-input\":{\"@type\":\"PropertyValueSpecification\",\"valueRequired\":true,\"valueName\":\"search_term_string\"}}],\"inLanguage\":\"sr-RS\"},{\"@type\":\"Person\",\"@id\":\"https:\/\/president-ksgov.net\/#\/schema\/person\/1a2c014cffc81ec60d5a452a36d08d92\",\"name\":\"presidentlogin\",\"image\":{\"@type\":\"ImageObject\",\"inLanguage\":\"sr-RS\",\"@id\":\"https:\/\/president-ksgov.net\/#\/schema\/person\/image\/\",\"url\":\"https:\/\/secure.gravatar.com\/avatar\/339f00ab0a8a0d5ce1ecff10aa2b4a1f51f58bbd5a57793f8cd6ad624080d807?s=96&d=mm&r=g\",\"contentUrl\":\"https:\/\/secure.gravatar.com\/avatar\/339f00ab0a8a0d5ce1ecff10aa2b4a1f51f58bbd5a57793f8cd6ad624080d807?s=96&d=mm&r=g\",\"caption\":\"presidentlogin\"}}]}<\/script>\n<!-- \/ Yoast SEO plugin. -->","yoast_head_json":{"title":"Predsednica: Pravda mora biti zadovoljena za advokata Bajrama Kelmendija i njegove sinove - Predsednik Republike Kosovo - DR. VJOSA OSMANI - SADRIU","description":"Predsednica: Pravda mora biti zadovoljena za advokata Bajrama Kelmendija i njegove sinove - Predsednik Republike Kosovo - DR. VJOSA OSMANI - SADRIU -","robots":{"index":"index","follow":"follow","max-snippet":"max-snippet:-1","max-image-preview":"max-image-preview:large","max-video-preview":"max-video-preview:-1"},"canonical":"https:\/\/president-ksgov.net\/sr\/predsednica-pravda-mora-biti-zadovoljena-za-advokata-bajrama-kelmendija-i-njegove-sinove\/","og_locale":"sr_RS","og_type":"article","og_title":"Predsednica: Pravda mora biti zadovoljena za advokata Bajrama Kelmendija i njegove sinove - Predsednik Republike Kosovo - DR. VJOSA OSMANI - SADRIU","og_description":"Predsednica: Pravda mora biti zadovoljena za advokata Bajrama Kelmendija i njegove sinove - Predsednik Republike Kosovo - DR. VJOSA OSMANI - SADRIU -","og_url":"https:\/\/president-ksgov.net\/sr\/predsednica-pravda-mora-biti-zadovoljena-za-advokata-bajrama-kelmendija-i-njegove-sinove\/","og_site_name":"Predsednik Republike Kosovo - DR. VJOSA OSMANI - SADRIU","article_published_time":"2024-03-25T08:00:09+00:00","article_modified_time":"2024-03-25T09:30:40+00:00","og_image":[{"width":635,"height":315,"url":"https:\/\/president-ksgov.net\/wp-content\/uploads\/bajramkelmendi.jpeg","type":"image\/jpeg"}],"author":"presidentlogin","twitter_card":"summary_large_image","twitter_misc":{"\u041d\u0430\u043f\u0438\u0441\u0430\u043d\u043e \u043e\u0434":"presidentlogin","\u041f\u0440\u043e\u0446\u0435\u045a\u0435\u043d\u043e \u0432\u0440\u0435\u043c\u0435 \u0447\u0438\u0442\u0430\u045a\u0430":"1 \u043c\u0438\u043d\u0443\u0442"},"schema":{"@context":"https:\/\/schema.org","@graph":[{"@type":"WebPage","@id":"https:\/\/president-ksgov.net\/sr\/predsednica-pravda-mora-biti-zadovoljena-za-advokata-bajrama-kelmendija-i-njegove-sinove\/","url":"https:\/\/president-ksgov.net\/sr\/predsednica-pravda-mora-biti-zadovoljena-za-advokata-bajrama-kelmendija-i-njegove-sinove\/","name":"Predsednica: Pravda mora biti zadovoljena za advokata Bajrama Kelmendija i njegove sinove - Predsednik Republike Kosovo - DR. VJOSA OSMANI - SADRIU","isPartOf":{"@id":"https:\/\/president-ksgov.net\/#website"},"primaryImageOfPage":{"@id":"https:\/\/president-ksgov.net\/sr\/predsednica-pravda-mora-biti-zadovoljena-za-advokata-bajrama-kelmendija-i-njegove-sinove\/#primaryimage"},"image":{"@id":"https:\/\/president-ksgov.net\/sr\/predsednica-pravda-mora-biti-zadovoljena-za-advokata-bajrama-kelmendija-i-njegove-sinove\/#primaryimage"},"thumbnailUrl":"https:\/\/president-ksgov.net\/wp-content\/uploads\/bajramkelmendi.jpeg","datePublished":"2024-03-25T08:00:09+00:00","dateModified":"2024-03-25T09:30:40+00:00","author":{"@id":"https:\/\/president-ksgov.net\/#\/schema\/person\/1a2c014cffc81ec60d5a452a36d08d92"},"description":"Predsednica: Pravda mora biti zadovoljena za advokata Bajrama Kelmendija i njegove sinove - Predsednik Republike Kosovo - DR. VJOSA OSMANI - SADRIU -","breadcrumb":{"@id":"https:\/\/president-ksgov.net\/sr\/predsednica-pravda-mora-biti-zadovoljena-za-advokata-bajrama-kelmendija-i-njegove-sinove\/#breadcrumb"},"inLanguage":"sr-RS","potentialAction":[{"@type":"ReadAction","target":["https:\/\/president-ksgov.net\/sr\/predsednica-pravda-mora-biti-zadovoljena-za-advokata-bajrama-kelmendija-i-njegove-sinove\/"]}]},{"@type":"ImageObject","inLanguage":"sr-RS","@id":"https:\/\/president-ksgov.net\/sr\/predsednica-pravda-mora-biti-zadovoljena-za-advokata-bajrama-kelmendija-i-njegove-sinove\/#primaryimage","url":"https:\/\/president-ksgov.net\/wp-content\/uploads\/bajramkelmendi.jpeg","contentUrl":"https:\/\/president-ksgov.net\/wp-content\/uploads\/bajramkelmendi.jpeg","width":635,"height":315},{"@type":"BreadcrumbList","@id":"https:\/\/president-ksgov.net\/sr\/predsednica-pravda-mora-biti-zadovoljena-za-advokata-bajrama-kelmendija-i-njegove-sinove\/#breadcrumb","itemListElement":[{"@type":"ListItem","position":1,"name":"Home","item":"https:\/\/president-ksgov.net\/sr\/"},{"@type":"ListItem","position":2,"name":"Predsednica: Pravda mora biti zadovoljena za advokata Bajrama Kelmendija i njegove sinove"}]},{"@type":"WebSite","@id":"https:\/\/president-ksgov.net\/#website","url":"https:\/\/president-ksgov.net\/","name":"Presidente e Republik\u00ebs s\u00eb Kosov\u00ebs","description":"Presidente e Republik\u00ebs s\u00eb Kosov\u00ebs","alternateName":"DR. VJOSA OSMANI - SADRIU","potentialAction":[{"@type":"SearchAction","target":{"@type":"EntryPoint","urlTemplate":"https:\/\/president-ksgov.net\/?s={search_term_string}"},"query-input":{"@type":"PropertyValueSpecification","valueRequired":true,"valueName":"search_term_string"}}],"inLanguage":"sr-RS"},{"@type":"Person","@id":"https:\/\/president-ksgov.net\/#\/schema\/person\/1a2c014cffc81ec60d5a452a36d08d92","name":"presidentlogin","image":{"@type":"ImageObject","inLanguage":"sr-RS","@id":"https:\/\/president-ksgov.net\/#\/schema\/person\/image\/","url":"https:\/\/secure.gravatar.com\/avatar\/339f00ab0a8a0d5ce1ecff10aa2b4a1f51f58bbd5a57793f8cd6ad624080d807?s=96&d=mm&r=g","contentUrl":"https:\/\/secure.gravatar.com\/avatar\/339f00ab0a8a0d5ce1ecff10aa2b4a1f51f58bbd5a57793f8cd6ad624080d807?s=96&d=mm&r=g","caption":"presidentlogin"}}]}},"_links":{"self":[{"href":"https:\/\/president-ksgov.net\/sr\/wp-json\/wp\/v2\/posts\/102753","targetHints":{"allow":["GET"]}}],"collection":[{"href":"https:\/\/president-ksgov.net\/sr\/wp-json\/wp\/v2\/posts"}],"about":[{"href":"https:\/\/president-ksgov.net\/sr\/wp-json\/wp\/v2\/types\/post"}],"author":[{"embeddable":true,"href":"https:\/\/president-ksgov.net\/sr\/wp-json\/wp\/v2\/users\/11"}],"replies":[{"embeddable":true,"href":"https:\/\/president-ksgov.net\/sr\/wp-json\/wp\/v2\/comments?post=102753"}],"version-history":[{"count":1,"href":"https:\/\/president-ksgov.net\/sr\/wp-json\/wp\/v2\/posts\/102753\/revisions"}],"predecessor-version":[{"id":102754,"href":"https:\/\/president-ksgov.net\/sr\/wp-json\/wp\/v2\/posts\/102753\/revisions\/102754"}],"wp:featuredmedia":[{"embeddable":true,"href":"https:\/\/president-ksgov.net\/sr\/wp-json\/wp\/v2\/media\/102749"}],"wp:attachment":[{"href":"https:\/\/president-ksgov.net\/sr\/wp-json\/wp\/v2\/media?parent=102753"}],"wp:term":[{"taxonomy":"category","embeddable":true,"href":"https:\/\/president-ksgov.net\/sr\/wp-json\/wp\/v2\/categories?post=102753"},{"taxonomy":"post_tag","embeddable":true,"href":"https:\/\/president-ksgov.net\/sr\/wp-json\/wp\/v2\/tags?post=102753"}],"curies":[{"name":"wp","href":"https:\/\/api.w.org\/{rel}","templated":true}]}}