{"id":102743,"date":"2024-03-24T19:58:35","date_gmt":"2024-03-24T18:58:35","guid":{"rendered":"https:\/\/president-ksgov.net\/?p=102743"},"modified":"2024-03-25T08:56:50","modified_gmt":"2024-03-25T07:56:50","slug":"povodom-prerane-smrti-triumfa-feratija-predsednica-osmani-je-uputila-saucesce-porodici-ferati","status":"publish","type":"post","link":"https:\/\/president-ksgov.net\/sr\/povodom-prerane-smrti-triumfa-feratija-predsednica-osmani-je-uputila-saucesce-porodici-ferati\/","title":{"rendered":"Povodom prerane smrti Triumfa Feratija, predsednica Osmani je uputila sau\u010de\u0161\u0107e porodici Ferati"},"content":{"rendered":"<p>Prevremeni gubitak Triumfa Feratija, sina pokojnog Fadila Feratija, biv\u0161eg predsednika op\u0161tine Istok, kao i brata sada\u0161njeg gradona\u010delnika Ilira Feratija, \u0161okirao je sve nas.<\/p>\n<p>Izra\u017eavam najdublje sau\u010de\u0161\u0107e Triumfovoj porodici, rodbini i dru\u0161tvu!<\/p>\n<p>U ovim u\u017easno te\u0161kim trenucima za porodicu, saose\u0107am sa vama i nadam se da \u0107ete na\u0107i snagu da se nosite sa bolom se\u0107aju\u0107i se nezaboravnih trenutaka koje ste stvorili zajedno sa Triumfom.<\/p>\n<p>Neka mu du\u0161a po\u010diva u miru! Neka se\u0107anje na Triumfa bude ve\u010dno!<\/p>\n<p>&nbsp;<\/p>\n","protected":false},"excerpt":{"rendered":"<p>Prevremeni gubitak Triumfa Feratija, sina pokojnog Fadila Feratija, biv\u0161eg predsednika op\u0161tine Istok, kao i brata sada\u0161njeg gradona\u010delnika Ilira Feratija, \u0161okirao je sve nas. Izra\u017eavam najdublje sau\u010de\u0161\u0107e Triumfovoj porodici, rodbini i dru\u0161tvu! U ovim u\u017easno te\u0161kim trenucima za porodicu, saose\u0107am sa vama i nadam se da \u0107ete na\u0107i snagu da se nosite sa bolom se\u0107aju\u0107i se nezaboravnih trenutaka koje ste stvorili zajedno sa Triumfom. Neka mu du\u0161a po\u010diva u miru! Neka se\u0107anje na Triumfa bude ve\u010dno! &nbsp;<\/p>\n","protected":false},"author":11,"featured_media":102733,"comment_status":"open","ping_status":"closed","sticky":false,"template":"","format":"standard","meta":{"_eb_attr":"","footnotes":""},"categories":[101],"tags":[],"class_list":["post-102743","post","type-post","status-publish","format-standard","has-post-thumbnail","hentry","category-vesti"],"yoast_head":"<!-- This site is optimized with the Yoast SEO plugin v23.5 - https:\/\/yoast.com\/wordpress\/plugins\/seo\/ -->\n<title>Povodom prerane smrti Triumfa Feratija, predsednica Osmani je uputila sau\u010de\u0161\u0107e porodici Ferati - Predsednik Republike Kosovo - DR. VJOSA OSMANI - SADRIU<\/title>\n<meta name=\"description\" content=\"Povodom prerane smrti Triumfa Feratija, predsednica Osmani je uputila sau\u010de\u0161\u0107e porodici Ferati - Predsednik Republike Kosovo - DR. VJOSA OSMANI - SADRIU -\" \/>\n<meta name=\"robots\" content=\"index, follow, max-snippet:-1, max-image-preview:large, max-video-preview:-1\" \/>\n<link rel=\"canonical\" href=\"https:\/\/president-ksgov.net\/sr\/povodom-prerane-smrti-triumfa-feratija-predsednica-osmani-je-uputila-saucesce-porodici-ferati\/\" \/>\n<meta property=\"og:locale\" content=\"sr_RS\" \/>\n<meta property=\"og:type\" content=\"article\" \/>\n<meta property=\"og:title\" content=\"Povodom prerane smrti Triumfa Feratija, predsednica Osmani je uputila sau\u010de\u0161\u0107e porodici Ferati - Predsednik Republike Kosovo - DR. VJOSA OSMANI - SADRIU\" \/>\n<meta property=\"og:description\" content=\"Povodom prerane smrti Triumfa Feratija, predsednica Osmani je uputila sau\u010de\u0161\u0107e porodici Ferati - Predsednik Republike Kosovo - DR. VJOSA OSMANI - SADRIU -\" \/>\n<meta property=\"og:url\" content=\"https:\/\/president-ksgov.net\/sr\/povodom-prerane-smrti-triumfa-feratija-predsednica-osmani-je-uputila-saucesce-porodici-ferati\/\" \/>\n<meta property=\"og:site_name\" content=\"Predsednik Republike Kosovo - DR. VJOSA OSMANI - SADRIU\" \/>\n<meta property=\"article:published_time\" content=\"2024-03-24T18:58:35+00:00\" \/>\n<meta property=\"article:modified_time\" content=\"2024-03-25T07:56:50+00:00\" \/>\n<meta property=\"og:image\" content=\"https:\/\/president-ksgov.net\/wp-content\/uploads\/Screenshot_20240324_183650_Facebook.jpg\" \/>\n\t<meta property=\"og:image:width\" content=\"1043\" \/>\n\t<meta property=\"og:image:height\" content=\"790\" \/>\n\t<meta property=\"og:image:type\" content=\"image\/jpeg\" \/>\n<meta name=\"author\" content=\"presidentlogin\" \/>\n<meta name=\"twitter:card\" content=\"summary_large_image\" \/>\n<meta name=\"twitter:label1\" content=\"\u041d\u0430\u043f\u0438\u0441\u0430\u043d\u043e \u043e\u0434\" \/>\n\t<meta name=\"twitter:data1\" content=\"presidentlogin\" \/>\n\t<meta name=\"twitter:label2\" content=\"\u041f\u0440\u043e\u0446\u0435\u045a\u0435\u043d\u043e \u0432\u0440\u0435\u043c\u0435 \u0447\u0438\u0442\u0430\u045a\u0430\" \/>\n\t<meta name=\"twitter:data2\" content=\"1 \u043c\u0438\u043d\u0443\u0442\" \/>\n<script type=\"application\/ld+json\" class=\"yoast-schema-graph\">{\"@context\":\"https:\/\/schema.org\",\"@graph\":[{\"@type\":\"WebPage\",\"@id\":\"https:\/\/president-ksgov.net\/sr\/povodom-prerane-smrti-triumfa-feratija-predsednica-osmani-je-uputila-saucesce-porodici-ferati\/\",\"url\":\"https:\/\/president-ksgov.net\/sr\/povodom-prerane-smrti-triumfa-feratija-predsednica-osmani-je-uputila-saucesce-porodici-ferati\/\",\"name\":\"Povodom prerane smrti Triumfa Feratija, predsednica Osmani je uputila sau\u010de\u0161\u0107e porodici Ferati - Predsednik Republike Kosovo - DR. VJOSA OSMANI - SADRIU\",\"isPartOf\":{\"@id\":\"https:\/\/president-ksgov.net\/#website\"},\"primaryImageOfPage\":{\"@id\":\"https:\/\/president-ksgov.net\/sr\/povodom-prerane-smrti-triumfa-feratija-predsednica-osmani-je-uputila-saucesce-porodici-ferati\/#primaryimage\"},\"image\":{\"@id\":\"https:\/\/president-ksgov.net\/sr\/povodom-prerane-smrti-triumfa-feratija-predsednica-osmani-je-uputila-saucesce-porodici-ferati\/#primaryimage\"},\"thumbnailUrl\":\"https:\/\/president-ksgov.net\/wp-content\/uploads\/Screenshot_20240324_183650_Facebook.jpg\",\"datePublished\":\"2024-03-24T18:58:35+00:00\",\"dateModified\":\"2024-03-25T07:56:50+00:00\",\"author\":{\"@id\":\"https:\/\/president-ksgov.net\/#\/schema\/person\/1a2c014cffc81ec60d5a452a36d08d92\"},\"description\":\"Povodom prerane smrti Triumfa Feratija, predsednica Osmani je uputila sau\u010de\u0161\u0107e porodici Ferati - Predsednik Republike Kosovo - DR. VJOSA OSMANI - SADRIU -\",\"breadcrumb\":{\"@id\":\"https:\/\/president-ksgov.net\/sr\/povodom-prerane-smrti-triumfa-feratija-predsednica-osmani-je-uputila-saucesce-porodici-ferati\/#breadcrumb\"},\"inLanguage\":\"sr-RS\",\"potentialAction\":[{\"@type\":\"ReadAction\",\"target\":[\"https:\/\/president-ksgov.net\/sr\/povodom-prerane-smrti-triumfa-feratija-predsednica-osmani-je-uputila-saucesce-porodici-ferati\/\"]}]},{\"@type\":\"ImageObject\",\"inLanguage\":\"sr-RS\",\"@id\":\"https:\/\/president-ksgov.net\/sr\/povodom-prerane-smrti-triumfa-feratija-predsednica-osmani-je-uputila-saucesce-porodici-ferati\/#primaryimage\",\"url\":\"https:\/\/president-ksgov.net\/wp-content\/uploads\/Screenshot_20240324_183650_Facebook.jpg\",\"contentUrl\":\"https:\/\/president-ksgov.net\/wp-content\/uploads\/Screenshot_20240324_183650_Facebook.jpg\",\"width\":1043,\"height\":790},{\"@type\":\"BreadcrumbList\",\"@id\":\"https:\/\/president-ksgov.net\/sr\/povodom-prerane-smrti-triumfa-feratija-predsednica-osmani-je-uputila-saucesce-porodici-ferati\/#breadcrumb\",\"itemListElement\":[{\"@type\":\"ListItem\",\"position\":1,\"name\":\"Home\",\"item\":\"https:\/\/president-ksgov.net\/sr\/\"},{\"@type\":\"ListItem\",\"position\":2,\"name\":\"Povodom prerane smrti Triumfa Feratija, predsednica Osmani je uputila sau\u010de\u0161\u0107e porodici Ferati\"}]},{\"@type\":\"WebSite\",\"@id\":\"https:\/\/president-ksgov.net\/#website\",\"url\":\"https:\/\/president-ksgov.net\/\",\"name\":\"Presidente e Republik\u00ebs s\u00eb Kosov\u00ebs\",\"description\":\"Presidente e Republik\u00ebs s\u00eb Kosov\u00ebs\",\"alternateName\":\"DR. VJOSA OSMANI - SADRIU\",\"potentialAction\":[{\"@type\":\"SearchAction\",\"target\":{\"@type\":\"EntryPoint\",\"urlTemplate\":\"https:\/\/president-ksgov.net\/?s={search_term_string}\"},\"query-input\":{\"@type\":\"PropertyValueSpecification\",\"valueRequired\":true,\"valueName\":\"search_term_string\"}}],\"inLanguage\":\"sr-RS\"},{\"@type\":\"Person\",\"@id\":\"https:\/\/president-ksgov.net\/#\/schema\/person\/1a2c014cffc81ec60d5a452a36d08d92\",\"name\":\"presidentlogin\",\"image\":{\"@type\":\"ImageObject\",\"inLanguage\":\"sr-RS\",\"@id\":\"https:\/\/president-ksgov.net\/#\/schema\/person\/image\/\",\"url\":\"https:\/\/secure.gravatar.com\/avatar\/339f00ab0a8a0d5ce1ecff10aa2b4a1f51f58bbd5a57793f8cd6ad624080d807?s=96&d=mm&r=g\",\"contentUrl\":\"https:\/\/secure.gravatar.com\/avatar\/339f00ab0a8a0d5ce1ecff10aa2b4a1f51f58bbd5a57793f8cd6ad624080d807?s=96&d=mm&r=g\",\"caption\":\"presidentlogin\"}}]}<\/script>\n<!-- \/ Yoast SEO plugin. -->","yoast_head_json":{"title":"Povodom prerane smrti Triumfa Feratija, predsednica Osmani je uputila sau\u010de\u0161\u0107e porodici Ferati - Predsednik Republike Kosovo - DR. VJOSA OSMANI - SADRIU","description":"Povodom prerane smrti Triumfa Feratija, predsednica Osmani je uputila sau\u010de\u0161\u0107e porodici Ferati - Predsednik Republike Kosovo - DR. VJOSA OSMANI - SADRIU -","robots":{"index":"index","follow":"follow","max-snippet":"max-snippet:-1","max-image-preview":"max-image-preview:large","max-video-preview":"max-video-preview:-1"},"canonical":"https:\/\/president-ksgov.net\/sr\/povodom-prerane-smrti-triumfa-feratija-predsednica-osmani-je-uputila-saucesce-porodici-ferati\/","og_locale":"sr_RS","og_type":"article","og_title":"Povodom prerane smrti Triumfa Feratija, predsednica Osmani je uputila sau\u010de\u0161\u0107e porodici Ferati - Predsednik Republike Kosovo - DR. VJOSA OSMANI - SADRIU","og_description":"Povodom prerane smrti Triumfa Feratija, predsednica Osmani je uputila sau\u010de\u0161\u0107e porodici Ferati - Predsednik Republike Kosovo - DR. VJOSA OSMANI - SADRIU -","og_url":"https:\/\/president-ksgov.net\/sr\/povodom-prerane-smrti-triumfa-feratija-predsednica-osmani-je-uputila-saucesce-porodici-ferati\/","og_site_name":"Predsednik Republike Kosovo - DR. VJOSA OSMANI - SADRIU","article_published_time":"2024-03-24T18:58:35+00:00","article_modified_time":"2024-03-25T07:56:50+00:00","og_image":[{"width":1043,"height":790,"url":"https:\/\/president-ksgov.net\/wp-content\/uploads\/Screenshot_20240324_183650_Facebook.jpg","type":"image\/jpeg"}],"author":"presidentlogin","twitter_card":"summary_large_image","twitter_misc":{"\u041d\u0430\u043f\u0438\u0441\u0430\u043d\u043e \u043e\u0434":"presidentlogin","\u041f\u0440\u043e\u0446\u0435\u045a\u0435\u043d\u043e \u0432\u0440\u0435\u043c\u0435 \u0447\u0438\u0442\u0430\u045a\u0430":"1 \u043c\u0438\u043d\u0443\u0442"},"schema":{"@context":"https:\/\/schema.org","@graph":[{"@type":"WebPage","@id":"https:\/\/president-ksgov.net\/sr\/povodom-prerane-smrti-triumfa-feratija-predsednica-osmani-je-uputila-saucesce-porodici-ferati\/","url":"https:\/\/president-ksgov.net\/sr\/povodom-prerane-smrti-triumfa-feratija-predsednica-osmani-je-uputila-saucesce-porodici-ferati\/","name":"Povodom prerane smrti Triumfa Feratija, predsednica Osmani je uputila sau\u010de\u0161\u0107e porodici Ferati - Predsednik Republike Kosovo - DR. VJOSA OSMANI - SADRIU","isPartOf":{"@id":"https:\/\/president-ksgov.net\/#website"},"primaryImageOfPage":{"@id":"https:\/\/president-ksgov.net\/sr\/povodom-prerane-smrti-triumfa-feratija-predsednica-osmani-je-uputila-saucesce-porodici-ferati\/#primaryimage"},"image":{"@id":"https:\/\/president-ksgov.net\/sr\/povodom-prerane-smrti-triumfa-feratija-predsednica-osmani-je-uputila-saucesce-porodici-ferati\/#primaryimage"},"thumbnailUrl":"https:\/\/president-ksgov.net\/wp-content\/uploads\/Screenshot_20240324_183650_Facebook.jpg","datePublished":"2024-03-24T18:58:35+00:00","dateModified":"2024-03-25T07:56:50+00:00","author":{"@id":"https:\/\/president-ksgov.net\/#\/schema\/person\/1a2c014cffc81ec60d5a452a36d08d92"},"description":"Povodom prerane smrti Triumfa Feratija, predsednica Osmani je uputila sau\u010de\u0161\u0107e porodici Ferati - Predsednik Republike Kosovo - DR. VJOSA OSMANI - SADRIU -","breadcrumb":{"@id":"https:\/\/president-ksgov.net\/sr\/povodom-prerane-smrti-triumfa-feratija-predsednica-osmani-je-uputila-saucesce-porodici-ferati\/#breadcrumb"},"inLanguage":"sr-RS","potentialAction":[{"@type":"ReadAction","target":["https:\/\/president-ksgov.net\/sr\/povodom-prerane-smrti-triumfa-feratija-predsednica-osmani-je-uputila-saucesce-porodici-ferati\/"]}]},{"@type":"ImageObject","inLanguage":"sr-RS","@id":"https:\/\/president-ksgov.net\/sr\/povodom-prerane-smrti-triumfa-feratija-predsednica-osmani-je-uputila-saucesce-porodici-ferati\/#primaryimage","url":"https:\/\/president-ksgov.net\/wp-content\/uploads\/Screenshot_20240324_183650_Facebook.jpg","contentUrl":"https:\/\/president-ksgov.net\/wp-content\/uploads\/Screenshot_20240324_183650_Facebook.jpg","width":1043,"height":790},{"@type":"BreadcrumbList","@id":"https:\/\/president-ksgov.net\/sr\/povodom-prerane-smrti-triumfa-feratija-predsednica-osmani-je-uputila-saucesce-porodici-ferati\/#breadcrumb","itemListElement":[{"@type":"ListItem","position":1,"name":"Home","item":"https:\/\/president-ksgov.net\/sr\/"},{"@type":"ListItem","position":2,"name":"Povodom prerane smrti Triumfa Feratija, predsednica Osmani je uputila sau\u010de\u0161\u0107e porodici Ferati"}]},{"@type":"WebSite","@id":"https:\/\/president-ksgov.net\/#website","url":"https:\/\/president-ksgov.net\/","name":"Presidente e Republik\u00ebs s\u00eb Kosov\u00ebs","description":"Presidente e Republik\u00ebs s\u00eb Kosov\u00ebs","alternateName":"DR. VJOSA OSMANI - SADRIU","potentialAction":[{"@type":"SearchAction","target":{"@type":"EntryPoint","urlTemplate":"https:\/\/president-ksgov.net\/?s={search_term_string}"},"query-input":{"@type":"PropertyValueSpecification","valueRequired":true,"valueName":"search_term_string"}}],"inLanguage":"sr-RS"},{"@type":"Person","@id":"https:\/\/president-ksgov.net\/#\/schema\/person\/1a2c014cffc81ec60d5a452a36d08d92","name":"presidentlogin","image":{"@type":"ImageObject","inLanguage":"sr-RS","@id":"https:\/\/president-ksgov.net\/#\/schema\/person\/image\/","url":"https:\/\/secure.gravatar.com\/avatar\/339f00ab0a8a0d5ce1ecff10aa2b4a1f51f58bbd5a57793f8cd6ad624080d807?s=96&d=mm&r=g","contentUrl":"https:\/\/secure.gravatar.com\/avatar\/339f00ab0a8a0d5ce1ecff10aa2b4a1f51f58bbd5a57793f8cd6ad624080d807?s=96&d=mm&r=g","caption":"presidentlogin"}}]}},"_links":{"self":[{"href":"https:\/\/president-ksgov.net\/sr\/wp-json\/wp\/v2\/posts\/102743","targetHints":{"allow":["GET"]}}],"collection":[{"href":"https:\/\/president-ksgov.net\/sr\/wp-json\/wp\/v2\/posts"}],"about":[{"href":"https:\/\/president-ksgov.net\/sr\/wp-json\/wp\/v2\/types\/post"}],"author":[{"embeddable":true,"href":"https:\/\/president-ksgov.net\/sr\/wp-json\/wp\/v2\/users\/11"}],"replies":[{"embeddable":true,"href":"https:\/\/president-ksgov.net\/sr\/wp-json\/wp\/v2\/comments?post=102743"}],"version-history":[{"count":1,"href":"https:\/\/president-ksgov.net\/sr\/wp-json\/wp\/v2\/posts\/102743\/revisions"}],"predecessor-version":[{"id":102745,"href":"https:\/\/president-ksgov.net\/sr\/wp-json\/wp\/v2\/posts\/102743\/revisions\/102745"}],"wp:featuredmedia":[{"embeddable":true,"href":"https:\/\/president-ksgov.net\/sr\/wp-json\/wp\/v2\/media\/102733"}],"wp:attachment":[{"href":"https:\/\/president-ksgov.net\/sr\/wp-json\/wp\/v2\/media?parent=102743"}],"wp:term":[{"taxonomy":"category","embeddable":true,"href":"https:\/\/president-ksgov.net\/sr\/wp-json\/wp\/v2\/categories?post=102743"},{"taxonomy":"post_tag","embeddable":true,"href":"https:\/\/president-ksgov.net\/sr\/wp-json\/wp\/v2\/tags?post=102743"}],"curies":[{"name":"wp","href":"https:\/\/api.w.org\/{rel}","templated":true}]}}