{"id":102683,"date":"2024-03-20T14:05:33","date_gmt":"2024-03-20T13:05:33","guid":{"rendered":"https:\/\/president-ksgov.net\/?p=102683"},"modified":"2024-03-22T19:18:10","modified_gmt":"2024-03-22T18:18:10","slug":"drzavna-deklaracija-predsednice-vjose-osmani-u-ime-republike-kosovo-na-trecem-samitu-za-demokratiju-odrzanom-u-republici-koreji","status":"publish","type":"post","link":"https:\/\/president-ksgov.net\/sr\/drzavna-deklaracija-predsednice-vjose-osmani-u-ime-republike-kosovo-na-trecem-samitu-za-demokratiju-odrzanom-u-republici-koreji\/","title":{"rendered":"Dr\u017eavna deklaracija predsednice Vjose Osmani u ime Republike Kosovo na tre\u0107em Samitu za demokratiju odr\u017eanom u Republici Koreji"},"content":{"rendered":"<p>Po\u0161tovane kolege, po\u0161tovani predstavnici institucija Ju\u017ene Koreje!<\/p>\n<p>Demokratija se ne mo\u017ee uzeti zdravo za gotovo. Demokratija tako\u0111e nije dato pravo. Iznad svega, demokratija je odgovornost: odgovornost za za\u0161titu, osna\u017eivanje, o\u010duvanje, podr\u0161ku, ali \u0161to je najva\u017enije, to je odgovornost za \u010dinjenje.<\/p>\n<p>Pre tri godine, na inicijativu predsednika Bidena, pridru\u017eili smo se demokratskom svetu da bismo preneli poruku jedinstva. Ali, iznad svega, poruku o neophodnosti ujedinjenja demokratija pred autokratijama u porastu.<\/p>\n<p>Od tada, obaveze koje smo preuzeli u okviru Samita za demokratiju oblikovale su na\u0161 put kako u politici tako i u dono\u0161enju odluka. U svakom dobu, demokratiju su izazivale sile tiranije i ugnjetavanja, kao i oni koji nastoje da potkopaju njenu transformativnu mo\u0107. Me\u0111utim, demokratija opstaje. Ona postaje stabilnija i ja\u010da jer se u svojoj sr\u017ei demokratija odnosi na ljudski duh. Sa na\u0161im snovima i te\u017enjama.<\/p>\n<p>Od na\u0161eg poslednjeg sastanka, Kosovo je napravilo zna\u010dajne korake u unapre\u0111enju vladavine prava u skladu sa usvojenom sveobuhvatnom nacionalnom strategijom, \u0161to je jedan od najva\u017enijih ishoda u okviru na\u0161ih obaveza na Samitu za demokratiju. Tako\u0111e smo pokazali na\u0161u privr\u017eenost me\u0111unarodnim standardima i saradnji usvajanjem Deklaracije protiv samovoljne zabrane u me\u0111udr\u017eavnim odnosima; postaju\u0107i deo Deklaracije o principima za borbu protiv transnacionalne represije zajedno sa \u0161est drugih demokratskih zemalja pro\u0161log oktobra; kao i blisko sara\u0111uju\u0107i sa Sjedinjenim Dr\u017eavama na unapre\u0111enju zajedni\u010dkih napora u borbi protiv manipulacije informacijama od strane bilo koje strane zemlje.<\/p>\n<p>Uz rodnu ravnopravnost i osna\u017eivanje \u017eena u sr\u017ei svih na\u0161ih obaveza, radili smo sa svim institucijama i sa civilnim dru\u0161tvom na borbi protiv rodno zasnovanog nasilja, na ekonomskom osna\u017eivanju \u017eena i ja\u010danju njihove uloge u javnim i politi\u010dkim institucijama.<\/p>\n<p>Dok govorim pred vama, vr\u0161imo pripreme za odr\u017eavanje druge edicije Me\u0111unarodnog foruma za \u017eene, mir i bezbednost, koji \u0107e se odr\u017eati u aprilu u Pri\u0161tini. U ovoj ediciji se ne\u0107emo fokusirati samo na partnerstva i dijalog za izgradnju odr\u017eivog mira kroz obezbe\u0111ivanje ve\u0107e zastupljenosti \u017eena na svim nivoima dono\u0161enja odluka. Sre\u0107na sam \u0161to mogu da podelim sa vama vest o osnivanju prvog Regionalnog centra izvrsnosti za \u017eene, mir i bezbednost na Zapadnom Balkanu, u partnerstvu sa Kancelarijom ameri\u010dkog dr\u017eavnog sekretara, u skladu sa Strategijom SAD-a za \u017eene, mir i bezbednost 2023., kao i sa Nacionalnim akcionim planom.<\/p>\n<p>Ove mere u celini predstavljaju sna\u017ean pristup ja\u010danju vladavine prava, pokazuju\u0107i posve\u0107enost Kosova pravnoj reformi, transparentnosti i za\u0161titi i unapre\u0111enju ljudskih prava. Na ovom putu od vitalnog je zna\u010daja anga\u017eovanje slede\u0107e generacije u demokratskim procesima. Uverena sam da kroz njihovo digitalno znanje koje se stalno razvija, imamo izuzetno velike mogu\u0107nosti za dalji razvoj demokratije. Delovanje na\u0161ih mladih ljudi, njihova strast i posve\u0107enost demokratiji mogu da podstaknu novu eru prosperiteta.<\/p>\n<p>To je zato \u0161to tamo gde postoji stabilnost, upornost, jedinstvo i ambicija, demokratija uvek pobe\u0111uje!<\/p>\n<p>Hvala vam!<br \/>\n<iframe style=\"border: none; overflow: hidden;\" src=\"https:\/\/www.facebook.com\/plugins\/video.php?height=314&amp;href=https%3A%2F%2Fwww.facebook.com%2FVjosaOsmaniMP%2Fvideos%2F1812110072536160%2F&amp;show_text=false&amp;width=560&amp;t=0\" width=\"560\" height=\"560\" frameborder=\"0\" scrolling=\"no\" allowfullscreen=\"allowfullscreen\"><span data-mce-type=\"bookmark\" style=\"display: inline-block; width: 0px; overflow: hidden; line-height: 0;\" class=\"mce_SELRES_start\">\ufeff<\/span><\/iframe><\/p>\n","protected":false},"excerpt":{"rendered":"<p>Po\u0161tovane kolege, po\u0161tovani predstavnici institucija Ju\u017ene Koreje! Demokratija se ne mo\u017ee uzeti zdravo za gotovo. Demokratija tako\u0111e nije dato pravo. Iznad svega, demokratija je odgovornost: odgovornost za za\u0161titu, osna\u017eivanje, o\u010duvanje, podr\u0161ku, ali \u0161to je najva\u017enije, to je odgovornost za \u010dinjenje. Pre tri godine, na inicijativu predsednika Bidena, pridru\u017eili smo se demokratskom svetu da bismo preneli poruku jedinstva. Ali, iznad svega, poruku o neophodnosti ujedinjenja demokratija pred autokratijama u porastu. Od tada, obaveze koje smo preuzeli u okviru Samita za demokratiju oblikovale su na\u0161 put kako u politici tako i u dono\u0161enju odluka. U svakom dobu, demokratiju su izazivale sile tiranije i ugnjetavanja, kao i oni koji nastoje da potkopaju njenu transformativnu mo\u0107. Me\u0111utim, demokratija opstaje. Ona postaje stabilnija i ja\u010da jer se u svojoj sr\u017ei demokratija odnosi na ljudski duh. Sa na\u0161im snovima i te\u017enjama. Od na\u0161eg poslednjeg sastanka, Kosovo je napravilo zna\u010dajne korake u unapre\u0111enju vladavine prava u skladu sa usvojenom sveobuhvatnom nacionalnom strategijom, \u0161to je jedan od najva\u017enijih ishoda u okviru na\u0161ih obaveza na Samitu za demokratiju. Tako\u0111e smo pokazali na\u0161u privr\u017eenost me\u0111unarodnim standardima i saradnji usvajanjem Deklaracije protiv samovoljne zabrane u me\u0111udr\u017eavnim odnosima; postaju\u0107i deo Deklaracije o principima za borbu protiv transnacionalne represije zajedno sa \u0161est drugih demokratskih zemalja pro\u0161log oktobra; kao i blisko sara\u0111uju\u0107i sa Sjedinjenim Dr\u017eavama na unapre\u0111enju zajedni\u010dkih napora u borbi protiv manipulacije informacijama od strane bilo koje strane zemlje. Uz rodnu ravnopravnost i osna\u017eivanje \u017eena u sr\u017ei svih na\u0161ih obaveza, radili smo sa svim institucijama i sa civilnim dru\u0161tvom na borbi protiv rodno zasnovanog nasilja, na ekonomskom osna\u017eivanju \u017eena i ja\u010danju njihove uloge u javnim i politi\u010dkim institucijama. Dok govorim pred vama, vr\u0161imo pripreme za odr\u017eavanje druge edicije Me\u0111unarodnog foruma za \u017eene, mir i bezbednost, koji \u0107e se odr\u017eati u aprilu u Pri\u0161tini. U ovoj ediciji se ne\u0107emo fokusirati samo na partnerstva i dijalog za izgradnju odr\u017eivog mira kroz obezbe\u0111ivanje ve\u0107e zastupljenosti \u017eena na svim nivoima dono\u0161enja odluka. Sre\u0107na sam \u0161to mogu da podelim sa vama vest o osnivanju prvog Regionalnog centra izvrsnosti za \u017eene, mir i bezbednost na Zapadnom Balkanu, u partnerstvu sa Kancelarijom ameri\u010dkog dr\u017eavnog sekretara, u skladu sa Strategijom SAD-a za \u017eene, mir i bezbednost 2023., kao i sa Nacionalnim akcionim planom. Ove mere u celini predstavljaju sna\u017ean pristup ja\u010danju vladavine prava, pokazuju\u0107i posve\u0107enost Kosova pravnoj reformi, transparentnosti i za\u0161titi i unapre\u0111enju ljudskih prava. Na ovom putu od vitalnog je zna\u010daja anga\u017eovanje slede\u0107e generacije u demokratskim procesima. Uverena sam da kroz njihovo digitalno znanje koje se stalno razvija, imamo izuzetno velike mogu\u0107nosti za dalji razvoj demokratije. Delovanje na\u0161ih mladih ljudi, njihova strast i posve\u0107enost demokratiji mogu da podstaknu novu eru prosperiteta. To je zato \u0161to tamo gde postoji stabilnost, upornost, jedinstvo i ambicija, demokratija uvek pobe\u0111uje! Hvala vam! \ufeff<\/p>\n","protected":false},"author":11,"featured_media":102438,"comment_status":"open","ping_status":"closed","sticky":false,"template":"","format":"standard","meta":{"_eb_attr":"","footnotes":""},"categories":[101],"tags":[],"class_list":["post-102683","post","type-post","status-publish","format-standard","has-post-thumbnail","hentry","category-vesti"],"yoast_head":"<!-- This site is optimized with the Yoast SEO plugin v23.5 - https:\/\/yoast.com\/wordpress\/plugins\/seo\/ -->\n<title>Dr\u017eavna deklaracija predsednice Vjose Osmani u ime Republike Kosovo na tre\u0107em Samitu za demokratiju odr\u017eanom u Republici Koreji - Predsednik Republike Kosovo - DR. VJOSA OSMANI - SADRIU<\/title>\n<meta name=\"description\" content=\"Dr\u017eavna deklaracija predsednice Vjose Osmani u ime Republike Kosovo na tre\u0107em Samitu za demokratiju odr\u017eanom u Republici Koreji - Predsednik Republike Kosovo - DR. VJOSA OSMANI - SADRIU -\" \/>\n<meta name=\"robots\" content=\"index, follow, max-snippet:-1, max-image-preview:large, max-video-preview:-1\" \/>\n<link rel=\"canonical\" href=\"https:\/\/president-ksgov.net\/sr\/drzavna-deklaracija-predsednice-vjose-osmani-u-ime-republike-kosovo-na-trecem-samitu-za-demokratiju-odrzanom-u-republici-koreji\/\" \/>\n<meta property=\"og:locale\" content=\"sr_RS\" \/>\n<meta property=\"og:type\" content=\"article\" \/>\n<meta property=\"og:title\" content=\"Dr\u017eavna deklaracija predsednice Vjose Osmani u ime Republike Kosovo na tre\u0107em Samitu za demokratiju odr\u017eanom u Republici Koreji - Predsednik Republike Kosovo - DR. VJOSA OSMANI - SADRIU\" \/>\n<meta property=\"og:description\" content=\"Dr\u017eavna deklaracija predsednice Vjose Osmani u ime Republike Kosovo na tre\u0107em Samitu za demokratiju odr\u017eanom u Republici Koreji - Predsednik Republike Kosovo - DR. VJOSA OSMANI - SADRIU -\" \/>\n<meta property=\"og:url\" content=\"https:\/\/president-ksgov.net\/sr\/drzavna-deklaracija-predsednice-vjose-osmani-u-ime-republike-kosovo-na-trecem-samitu-za-demokratiju-odrzanom-u-republici-koreji\/\" \/>\n<meta property=\"og:site_name\" content=\"Predsednik Republike Kosovo - DR. VJOSA OSMANI - SADRIU\" \/>\n<meta property=\"article:published_time\" content=\"2024-03-20T13:05:33+00:00\" \/>\n<meta property=\"article:modified_time\" content=\"2024-03-22T18:18:10+00:00\" \/>\n<meta property=\"og:image\" content=\"https:\/\/president-ksgov.net\/wp-content\/uploads\/001-S4D-KS-1.png\" \/>\n\t<meta property=\"og:image:width\" content=\"774\" \/>\n\t<meta property=\"og:image:height\" content=\"436\" \/>\n\t<meta property=\"og:image:type\" content=\"image\/png\" \/>\n<meta name=\"author\" content=\"presidentlogin\" \/>\n<meta name=\"twitter:card\" content=\"summary_large_image\" \/>\n<meta name=\"twitter:label1\" content=\"\u041d\u0430\u043f\u0438\u0441\u0430\u043d\u043e \u043e\u0434\" \/>\n\t<meta name=\"twitter:data1\" content=\"presidentlogin\" \/>\n\t<meta name=\"twitter:label2\" content=\"\u041f\u0440\u043e\u0446\u0435\u045a\u0435\u043d\u043e \u0432\u0440\u0435\u043c\u0435 \u0447\u0438\u0442\u0430\u045a\u0430\" \/>\n\t<meta name=\"twitter:data2\" content=\"3 \u043c\u0438\u043d\u0443\u0442\u0430\" \/>\n<script type=\"application\/ld+json\" class=\"yoast-schema-graph\">{\"@context\":\"https:\/\/schema.org\",\"@graph\":[{\"@type\":\"WebPage\",\"@id\":\"https:\/\/president-ksgov.net\/sr\/drzavna-deklaracija-predsednice-vjose-osmani-u-ime-republike-kosovo-na-trecem-samitu-za-demokratiju-odrzanom-u-republici-koreji\/\",\"url\":\"https:\/\/president-ksgov.net\/sr\/drzavna-deklaracija-predsednice-vjose-osmani-u-ime-republike-kosovo-na-trecem-samitu-za-demokratiju-odrzanom-u-republici-koreji\/\",\"name\":\"Dr\u017eavna deklaracija predsednice Vjose Osmani u ime Republike Kosovo na tre\u0107em Samitu za demokratiju odr\u017eanom u Republici Koreji - Predsednik Republike Kosovo - DR. VJOSA OSMANI - SADRIU\",\"isPartOf\":{\"@id\":\"https:\/\/president-ksgov.net\/#website\"},\"primaryImageOfPage\":{\"@id\":\"https:\/\/president-ksgov.net\/sr\/drzavna-deklaracija-predsednice-vjose-osmani-u-ime-republike-kosovo-na-trecem-samitu-za-demokratiju-odrzanom-u-republici-koreji\/#primaryimage\"},\"image\":{\"@id\":\"https:\/\/president-ksgov.net\/sr\/drzavna-deklaracija-predsednice-vjose-osmani-u-ime-republike-kosovo-na-trecem-samitu-za-demokratiju-odrzanom-u-republici-koreji\/#primaryimage\"},\"thumbnailUrl\":\"https:\/\/president-ksgov.net\/wp-content\/uploads\/001-S4D-KS-1.png\",\"datePublished\":\"2024-03-20T13:05:33+00:00\",\"dateModified\":\"2024-03-22T18:18:10+00:00\",\"author\":{\"@id\":\"https:\/\/president-ksgov.net\/#\/schema\/person\/1a2c014cffc81ec60d5a452a36d08d92\"},\"description\":\"Dr\u017eavna deklaracija predsednice Vjose Osmani u ime Republike Kosovo na tre\u0107em Samitu za demokratiju odr\u017eanom u Republici Koreji - Predsednik Republike Kosovo - DR. VJOSA OSMANI - SADRIU -\",\"breadcrumb\":{\"@id\":\"https:\/\/president-ksgov.net\/sr\/drzavna-deklaracija-predsednice-vjose-osmani-u-ime-republike-kosovo-na-trecem-samitu-za-demokratiju-odrzanom-u-republici-koreji\/#breadcrumb\"},\"inLanguage\":\"sr-RS\",\"potentialAction\":[{\"@type\":\"ReadAction\",\"target\":[\"https:\/\/president-ksgov.net\/sr\/drzavna-deklaracija-predsednice-vjose-osmani-u-ime-republike-kosovo-na-trecem-samitu-za-demokratiju-odrzanom-u-republici-koreji\/\"]}]},{\"@type\":\"ImageObject\",\"inLanguage\":\"sr-RS\",\"@id\":\"https:\/\/president-ksgov.net\/sr\/drzavna-deklaracija-predsednice-vjose-osmani-u-ime-republike-kosovo-na-trecem-samitu-za-demokratiju-odrzanom-u-republici-koreji\/#primaryimage\",\"url\":\"https:\/\/president-ksgov.net\/wp-content\/uploads\/001-S4D-KS-1.png\",\"contentUrl\":\"https:\/\/president-ksgov.net\/wp-content\/uploads\/001-S4D-KS-1.png\",\"width\":774,\"height\":436},{\"@type\":\"BreadcrumbList\",\"@id\":\"https:\/\/president-ksgov.net\/sr\/drzavna-deklaracija-predsednice-vjose-osmani-u-ime-republike-kosovo-na-trecem-samitu-za-demokratiju-odrzanom-u-republici-koreji\/#breadcrumb\",\"itemListElement\":[{\"@type\":\"ListItem\",\"position\":1,\"name\":\"Home\",\"item\":\"https:\/\/president-ksgov.net\/sr\/\"},{\"@type\":\"ListItem\",\"position\":2,\"name\":\"Dr\u017eavna deklaracija predsednice Vjose Osmani u ime Republike Kosovo na tre\u0107em Samitu za demokratiju odr\u017eanom u Republici Koreji\"}]},{\"@type\":\"WebSite\",\"@id\":\"https:\/\/president-ksgov.net\/#website\",\"url\":\"https:\/\/president-ksgov.net\/\",\"name\":\"Presidente e Republik\u00ebs s\u00eb Kosov\u00ebs\",\"description\":\"Presidente e Republik\u00ebs s\u00eb Kosov\u00ebs\",\"alternateName\":\"DR. VJOSA OSMANI - SADRIU\",\"potentialAction\":[{\"@type\":\"SearchAction\",\"target\":{\"@type\":\"EntryPoint\",\"urlTemplate\":\"https:\/\/president-ksgov.net\/?s={search_term_string}\"},\"query-input\":{\"@type\":\"PropertyValueSpecification\",\"valueRequired\":true,\"valueName\":\"search_term_string\"}}],\"inLanguage\":\"sr-RS\"},{\"@type\":\"Person\",\"@id\":\"https:\/\/president-ksgov.net\/#\/schema\/person\/1a2c014cffc81ec60d5a452a36d08d92\",\"name\":\"presidentlogin\",\"image\":{\"@type\":\"ImageObject\",\"inLanguage\":\"sr-RS\",\"@id\":\"https:\/\/president-ksgov.net\/#\/schema\/person\/image\/\",\"url\":\"https:\/\/secure.gravatar.com\/avatar\/339f00ab0a8a0d5ce1ecff10aa2b4a1f51f58bbd5a57793f8cd6ad624080d807?s=96&d=mm&r=g\",\"contentUrl\":\"https:\/\/secure.gravatar.com\/avatar\/339f00ab0a8a0d5ce1ecff10aa2b4a1f51f58bbd5a57793f8cd6ad624080d807?s=96&d=mm&r=g\",\"caption\":\"presidentlogin\"}}]}<\/script>\n<!-- \/ Yoast SEO plugin. -->","yoast_head_json":{"title":"Dr\u017eavna deklaracija predsednice Vjose Osmani u ime Republike Kosovo na tre\u0107em Samitu za demokratiju odr\u017eanom u Republici Koreji - Predsednik Republike Kosovo - DR. VJOSA OSMANI - SADRIU","description":"Dr\u017eavna deklaracija predsednice Vjose Osmani u ime Republike Kosovo na tre\u0107em Samitu za demokratiju odr\u017eanom u Republici Koreji - Predsednik Republike Kosovo - DR. VJOSA OSMANI - SADRIU -","robots":{"index":"index","follow":"follow","max-snippet":"max-snippet:-1","max-image-preview":"max-image-preview:large","max-video-preview":"max-video-preview:-1"},"canonical":"https:\/\/president-ksgov.net\/sr\/drzavna-deklaracija-predsednice-vjose-osmani-u-ime-republike-kosovo-na-trecem-samitu-za-demokratiju-odrzanom-u-republici-koreji\/","og_locale":"sr_RS","og_type":"article","og_title":"Dr\u017eavna deklaracija predsednice Vjose Osmani u ime Republike Kosovo na tre\u0107em Samitu za demokratiju odr\u017eanom u Republici Koreji - Predsednik Republike Kosovo - DR. VJOSA OSMANI - SADRIU","og_description":"Dr\u017eavna deklaracija predsednice Vjose Osmani u ime Republike Kosovo na tre\u0107em Samitu za demokratiju odr\u017eanom u Republici Koreji - Predsednik Republike Kosovo - DR. VJOSA OSMANI - SADRIU -","og_url":"https:\/\/president-ksgov.net\/sr\/drzavna-deklaracija-predsednice-vjose-osmani-u-ime-republike-kosovo-na-trecem-samitu-za-demokratiju-odrzanom-u-republici-koreji\/","og_site_name":"Predsednik Republike Kosovo - DR. VJOSA OSMANI - SADRIU","article_published_time":"2024-03-20T13:05:33+00:00","article_modified_time":"2024-03-22T18:18:10+00:00","og_image":[{"width":774,"height":436,"url":"https:\/\/president-ksgov.net\/wp-content\/uploads\/001-S4D-KS-1.png","type":"image\/png"}],"author":"presidentlogin","twitter_card":"summary_large_image","twitter_misc":{"\u041d\u0430\u043f\u0438\u0441\u0430\u043d\u043e \u043e\u0434":"presidentlogin","\u041f\u0440\u043e\u0446\u0435\u045a\u0435\u043d\u043e \u0432\u0440\u0435\u043c\u0435 \u0447\u0438\u0442\u0430\u045a\u0430":"3 \u043c\u0438\u043d\u0443\u0442\u0430"},"schema":{"@context":"https:\/\/schema.org","@graph":[{"@type":"WebPage","@id":"https:\/\/president-ksgov.net\/sr\/drzavna-deklaracija-predsednice-vjose-osmani-u-ime-republike-kosovo-na-trecem-samitu-za-demokratiju-odrzanom-u-republici-koreji\/","url":"https:\/\/president-ksgov.net\/sr\/drzavna-deklaracija-predsednice-vjose-osmani-u-ime-republike-kosovo-na-trecem-samitu-za-demokratiju-odrzanom-u-republici-koreji\/","name":"Dr\u017eavna deklaracija predsednice Vjose Osmani u ime Republike Kosovo na tre\u0107em Samitu za demokratiju odr\u017eanom u Republici Koreji - Predsednik Republike Kosovo - DR. VJOSA OSMANI - SADRIU","isPartOf":{"@id":"https:\/\/president-ksgov.net\/#website"},"primaryImageOfPage":{"@id":"https:\/\/president-ksgov.net\/sr\/drzavna-deklaracija-predsednice-vjose-osmani-u-ime-republike-kosovo-na-trecem-samitu-za-demokratiju-odrzanom-u-republici-koreji\/#primaryimage"},"image":{"@id":"https:\/\/president-ksgov.net\/sr\/drzavna-deklaracija-predsednice-vjose-osmani-u-ime-republike-kosovo-na-trecem-samitu-za-demokratiju-odrzanom-u-republici-koreji\/#primaryimage"},"thumbnailUrl":"https:\/\/president-ksgov.net\/wp-content\/uploads\/001-S4D-KS-1.png","datePublished":"2024-03-20T13:05:33+00:00","dateModified":"2024-03-22T18:18:10+00:00","author":{"@id":"https:\/\/president-ksgov.net\/#\/schema\/person\/1a2c014cffc81ec60d5a452a36d08d92"},"description":"Dr\u017eavna deklaracija predsednice Vjose Osmani u ime Republike Kosovo na tre\u0107em Samitu za demokratiju odr\u017eanom u Republici Koreji - Predsednik Republike Kosovo - DR. VJOSA OSMANI - SADRIU -","breadcrumb":{"@id":"https:\/\/president-ksgov.net\/sr\/drzavna-deklaracija-predsednice-vjose-osmani-u-ime-republike-kosovo-na-trecem-samitu-za-demokratiju-odrzanom-u-republici-koreji\/#breadcrumb"},"inLanguage":"sr-RS","potentialAction":[{"@type":"ReadAction","target":["https:\/\/president-ksgov.net\/sr\/drzavna-deklaracija-predsednice-vjose-osmani-u-ime-republike-kosovo-na-trecem-samitu-za-demokratiju-odrzanom-u-republici-koreji\/"]}]},{"@type":"ImageObject","inLanguage":"sr-RS","@id":"https:\/\/president-ksgov.net\/sr\/drzavna-deklaracija-predsednice-vjose-osmani-u-ime-republike-kosovo-na-trecem-samitu-za-demokratiju-odrzanom-u-republici-koreji\/#primaryimage","url":"https:\/\/president-ksgov.net\/wp-content\/uploads\/001-S4D-KS-1.png","contentUrl":"https:\/\/president-ksgov.net\/wp-content\/uploads\/001-S4D-KS-1.png","width":774,"height":436},{"@type":"BreadcrumbList","@id":"https:\/\/president-ksgov.net\/sr\/drzavna-deklaracija-predsednice-vjose-osmani-u-ime-republike-kosovo-na-trecem-samitu-za-demokratiju-odrzanom-u-republici-koreji\/#breadcrumb","itemListElement":[{"@type":"ListItem","position":1,"name":"Home","item":"https:\/\/president-ksgov.net\/sr\/"},{"@type":"ListItem","position":2,"name":"Dr\u017eavna deklaracija predsednice Vjose Osmani u ime Republike Kosovo na tre\u0107em Samitu za demokratiju odr\u017eanom u Republici Koreji"}]},{"@type":"WebSite","@id":"https:\/\/president-ksgov.net\/#website","url":"https:\/\/president-ksgov.net\/","name":"Presidente e Republik\u00ebs s\u00eb Kosov\u00ebs","description":"Presidente e Republik\u00ebs s\u00eb Kosov\u00ebs","alternateName":"DR. VJOSA OSMANI - SADRIU","potentialAction":[{"@type":"SearchAction","target":{"@type":"EntryPoint","urlTemplate":"https:\/\/president-ksgov.net\/?s={search_term_string}"},"query-input":{"@type":"PropertyValueSpecification","valueRequired":true,"valueName":"search_term_string"}}],"inLanguage":"sr-RS"},{"@type":"Person","@id":"https:\/\/president-ksgov.net\/#\/schema\/person\/1a2c014cffc81ec60d5a452a36d08d92","name":"presidentlogin","image":{"@type":"ImageObject","inLanguage":"sr-RS","@id":"https:\/\/president-ksgov.net\/#\/schema\/person\/image\/","url":"https:\/\/secure.gravatar.com\/avatar\/339f00ab0a8a0d5ce1ecff10aa2b4a1f51f58bbd5a57793f8cd6ad624080d807?s=96&d=mm&r=g","contentUrl":"https:\/\/secure.gravatar.com\/avatar\/339f00ab0a8a0d5ce1ecff10aa2b4a1f51f58bbd5a57793f8cd6ad624080d807?s=96&d=mm&r=g","caption":"presidentlogin"}}]}},"_links":{"self":[{"href":"https:\/\/president-ksgov.net\/sr\/wp-json\/wp\/v2\/posts\/102683","targetHints":{"allow":["GET"]}}],"collection":[{"href":"https:\/\/president-ksgov.net\/sr\/wp-json\/wp\/v2\/posts"}],"about":[{"href":"https:\/\/president-ksgov.net\/sr\/wp-json\/wp\/v2\/types\/post"}],"author":[{"embeddable":true,"href":"https:\/\/president-ksgov.net\/sr\/wp-json\/wp\/v2\/users\/11"}],"replies":[{"embeddable":true,"href":"https:\/\/president-ksgov.net\/sr\/wp-json\/wp\/v2\/comments?post=102683"}],"version-history":[{"count":1,"href":"https:\/\/president-ksgov.net\/sr\/wp-json\/wp\/v2\/posts\/102683\/revisions"}],"predecessor-version":[{"id":102684,"href":"https:\/\/president-ksgov.net\/sr\/wp-json\/wp\/v2\/posts\/102683\/revisions\/102684"}],"wp:featuredmedia":[{"embeddable":true,"href":"https:\/\/president-ksgov.net\/sr\/wp-json\/wp\/v2\/media\/102438"}],"wp:attachment":[{"href":"https:\/\/president-ksgov.net\/sr\/wp-json\/wp\/v2\/media?parent=102683"}],"wp:term":[{"taxonomy":"category","embeddable":true,"href":"https:\/\/president-ksgov.net\/sr\/wp-json\/wp\/v2\/categories?post=102683"},{"taxonomy":"post_tag","embeddable":true,"href":"https:\/\/president-ksgov.net\/sr\/wp-json\/wp\/v2\/tags?post=102683"}],"curies":[{"name":"wp","href":"https:\/\/api.w.org\/{rel}","templated":true}]}}