{"id":102573,"date":"2024-01-31T11:30:19","date_gmt":"2024-01-31T10:30:19","guid":{"rendered":"https:\/\/president-ksgov.net\/?p=102573"},"modified":"2026-03-03T10:18:35","modified_gmt":"2026-03-03T09:18:35","slug":"predsednica-zahir-hakif-i-edmond-bili-su-zacetnici-slobode-inspiracija-borbe-oslobodilacke-vojske-kosova","status":"publish","type":"post","link":"https:\/\/president-ksgov.net\/sr\/predsednica-zahir-hakif-i-edmond-bili-su-zacetnici-slobode-inspiracija-borbe-oslobodilacke-vojske-kosova\/","title":{"rendered":"Predsednica: Zahir, Hakif i Edmond bili su za\u010detnici slobode, inspiracija borbe Oslobodila\u010dke vojske Kosova"},"content":{"rendered":"<p>Predsednica Republike Kosovo Vjosa Osmani odala je po\u010dats pred statuom Zahira Pajazitija na 27. godi\u0161njicu pada heroja Zahira Pajazitija, Hakifa Zejnullahua i Edmonda Hoxhe.<\/p>\n<p>&nbsp;<\/p>\n<p>Predsednica Osmani je rekla da danas odajemo po\u010dast na\u0161im herojima, herojima na\u0161e slobode Zahiru Pajazitiju, Hakifu Zenullahuu i Edmondu Hoxhi na 27. godi\u0161njicu njihovog pada na oltaru slobode.<\/p>\n<p>&nbsp;<\/p>\n<p>\u201eBili su za\u010detnici slobode, inspiracija borbe Oslobodila\u010dke vojske Kosova i svojom hrabro\u0161\u0107u, svojom smelo\u0161\u0107u i svojom \u017ertvom inspirisali su hiljade momaka i devojaka OVK da se bore za slobodu Kosova i izgradili \u010dvrste temelje nezavisne i suverene dr\u017eave Republike koju danas u\u017eivamo\u201c, rekla je predsednica Osmani.<\/p>\n<p>&nbsp;<\/p>\n<p>Predsednica Osmani je rekla da su Zahir, Hakif i Edmond dokazali da je cena slobode veoma visoka.<\/p>\n<p>&nbsp;<\/p>\n<p>\u201eZahir, Hakif i Edmond su svojom borbom protiv srpskog okupatora dokazali da je cena slobode veoma visoka. Ali to je cena koju je narod Kosova platio svojom \u017ertvom znaju\u0107i da su sloboda i nezavisnost i dr\u017eava koju smo nasledili kroz njihovu hrabrost i smelost dr\u017eava koja \u0107e \u017eiveti ve\u010dno, to je dr\u017eava koja \u0107e nastaviti da napreduje i zemlja kojoj je jedini putokaz upravo hrabrost i po\u017ertvovanost heroja, koji su dali svoje najdragocenije, koji su dali svoje \u017eivote za na\u0161u zemlju kako bi generacije koje su danas sa nama i generacije koje \u0107e do\u0107i posle nas \u017eivele oslobo\u0111ene od okupacije i da \u017eive slobodni od genocidnog re\u017eima koji je u to vreme ubijao i najnevinije, \u010dak i decu u kolevci\u201c, istakla je predsednica.<\/p>\n<p>&nbsp;<\/p>\n<p>Tako\u0111e, predsednica Osmani je rekla da danas odajemo po\u010dast ovoj \u017ertvi, bez koje niko od nas ne bi mogao da u\u017eiva u najve\u0107em dostignu\u0107u na\u0161eg naroda, a to je dr\u017eava Kosovo.<\/p>\n<p>&nbsp;<\/p>\n<p><iframe style=\"border: none; overflow: hidden;\" src=\"https:\/\/www.facebook.com\/plugins\/video.php?height=314&amp;href=https%3A%2F%2Fwww.facebook.com%2FPresidencaRKS%2Fvideos%2F786152050230426%2F&amp;show_text=false&amp;width=560&amp;t=0\" width=\"560\" height=\"560\" frameborder=\"0\" scrolling=\"no\" allowfullscreen=\"allowfullscreen\"><span data-mce-type=\"bookmark\" style=\"display: inline-block; width: 0px; overflow: hidden; line-height: 0;\" class=\"mce_SELRES_start\">\ufeff<\/span><\/iframe><\/p>\n","protected":false},"excerpt":{"rendered":"<p>Predsednica Republike Kosovo Vjosa Osmani odala je po\u010dats pred statuom Zahira Pajazitija na 27. godi\u0161njicu pada heroja Zahira Pajazitija, Hakifa Zejnullahua i Edmonda Hoxhe. &nbsp; Predsednica Osmani je rekla da danas odajemo po\u010dast na\u0161im herojima, herojima na\u0161e slobode Zahiru Pajazitiju, Hakifu Zenullahuu i Edmondu Hoxhi na 27. godi\u0161njicu njihovog pada na oltaru slobode. &nbsp; \u201eBili su za\u010detnici slobode, inspiracija borbe Oslobodila\u010dke vojske Kosova i svojom hrabro\u0161\u0107u, svojom smelo\u0161\u0107u i svojom \u017ertvom inspirisali su hiljade momaka i devojaka OVK da se bore za slobodu Kosova i izgradili \u010dvrste temelje nezavisne i suverene dr\u017eave Republike koju danas u\u017eivamo\u201c, rekla je predsednica Osmani. &nbsp; Predsednica Osmani je rekla da su Zahir, Hakif i Edmond dokazali da je cena slobode veoma visoka. &nbsp; \u201eZahir, Hakif i Edmond su svojom borbom protiv srpskog okupatora dokazali da je cena slobode veoma visoka. Ali to je cena koju je narod Kosova platio svojom \u017ertvom znaju\u0107i da su sloboda i nezavisnost i dr\u017eava koju smo nasledili kroz njihovu hrabrost i smelost dr\u017eava koja \u0107e \u017eiveti ve\u010dno, to je dr\u017eava koja \u0107e nastaviti da napreduje i zemlja kojoj je jedini putokaz upravo hrabrost i po\u017ertvovanost heroja, koji su dali svoje najdragocenije, koji su dali svoje \u017eivote za na\u0161u zemlju kako bi generacije koje su danas sa nama i generacije koje \u0107e do\u0107i posle nas \u017eivele oslobo\u0111ene od okupacije i da \u017eive slobodni od genocidnog re\u017eima koji je u to vreme ubijao i najnevinije, \u010dak i decu u kolevci\u201c, istakla je predsednica. &nbsp; Tako\u0111e, predsednica Osmani je rekla da danas odajemo po\u010dast ovoj \u017ertvi, bez koje niko od nas ne bi mogao da u\u017eiva u najve\u0107em dostignu\u0107u na\u0161eg naroda, a to je dr\u017eava Kosovo. &nbsp; \ufeff<\/p>\n","protected":false},"author":11,"featured_media":100500,"comment_status":"closed","ping_status":"closed","sticky":false,"template":"","format":"standard","meta":{"_eb_attr":"","footnotes":""},"categories":[101],"tags":[],"class_list":["post-102573","post","type-post","status-publish","format-standard","has-post-thumbnail","hentry","category-vesti"],"yoast_head":"<!-- This site is optimized with the Yoast SEO plugin v23.5 - https:\/\/yoast.com\/wordpress\/plugins\/seo\/ -->\n<title>Predsednica: Zahir, Hakif i Edmond bili su za\u010detnici slobode, inspiracija borbe Oslobodila\u010dke vojske Kosova - Predsednik Republike Kosovo - DR. VJOSA OSMANI - SADRIU<\/title>\n<meta name=\"description\" content=\"Predsednica: Zahir, Hakif i Edmond bili su za\u010detnici slobode, inspiracija borbe Oslobodila\u010dke vojske Kosova - Predsednik Republike Kosovo - DR. VJOSA OSMANI - SADRIU -\" \/>\n<meta name=\"robots\" content=\"index, follow, max-snippet:-1, max-image-preview:large, max-video-preview:-1\" \/>\n<link rel=\"canonical\" href=\"https:\/\/president-ksgov.net\/sr\/predsednica-zahir-hakif-i-edmond-bili-su-zacetnici-slobode-inspiracija-borbe-oslobodilacke-vojske-kosova\/\" \/>\n<meta property=\"og:locale\" content=\"sr_RS\" \/>\n<meta property=\"og:type\" content=\"article\" \/>\n<meta property=\"og:title\" content=\"Predsednica: Zahir, Hakif i Edmond bili su za\u010detnici slobode, inspiracija borbe Oslobodila\u010dke vojske Kosova - Predsednik Republike Kosovo - DR. VJOSA OSMANI - SADRIU\" \/>\n<meta property=\"og:description\" content=\"Predsednica: Zahir, Hakif i Edmond bili su za\u010detnici slobode, inspiracija borbe Oslobodila\u010dke vojske Kosova - Predsednik Republike Kosovo - DR. VJOSA OSMANI - SADRIU -\" \/>\n<meta property=\"og:url\" content=\"https:\/\/president-ksgov.net\/sr\/predsednica-zahir-hakif-i-edmond-bili-su-zacetnici-slobode-inspiracija-borbe-oslobodilacke-vojske-kosova\/\" \/>\n<meta property=\"og:site_name\" content=\"Predsednik Republike Kosovo - DR. VJOSA OSMANI - SADRIU\" \/>\n<meta property=\"article:published_time\" content=\"2024-01-31T10:30:19+00:00\" \/>\n<meta property=\"article:modified_time\" content=\"2026-03-03T09:18:35+00:00\" \/>\n<meta property=\"og:image\" content=\"https:\/\/president-ksgov.net\/wp-content\/uploads\/1-201.jpg\" \/>\n\t<meta property=\"og:image:width\" content=\"1788\" \/>\n\t<meta property=\"og:image:height\" content=\"1215\" \/>\n\t<meta property=\"og:image:type\" content=\"image\/jpeg\" \/>\n<meta name=\"author\" content=\"presidentlogin\" \/>\n<meta name=\"twitter:card\" content=\"summary_large_image\" \/>\n<meta name=\"twitter:label1\" content=\"\u041d\u0430\u043f\u0438\u0441\u0430\u043d\u043e \u043e\u0434\" \/>\n\t<meta name=\"twitter:data1\" content=\"presidentlogin\" \/>\n\t<meta name=\"twitter:label2\" content=\"\u041f\u0440\u043e\u0446\u0435\u045a\u0435\u043d\u043e \u0432\u0440\u0435\u043c\u0435 \u0447\u0438\u0442\u0430\u045a\u0430\" \/>\n\t<meta name=\"twitter:data2\" content=\"2 \u043c\u0438\u043d\u0443\u0442\u0430\" \/>\n<script type=\"application\/ld+json\" class=\"yoast-schema-graph\">{\"@context\":\"https:\/\/schema.org\",\"@graph\":[{\"@type\":\"WebPage\",\"@id\":\"https:\/\/president-ksgov.net\/sr\/predsednica-zahir-hakif-i-edmond-bili-su-zacetnici-slobode-inspiracija-borbe-oslobodilacke-vojske-kosova\/\",\"url\":\"https:\/\/president-ksgov.net\/sr\/predsednica-zahir-hakif-i-edmond-bili-su-zacetnici-slobode-inspiracija-borbe-oslobodilacke-vojske-kosova\/\",\"name\":\"Predsednica: Zahir, Hakif i Edmond bili su za\u010detnici slobode, inspiracija borbe Oslobodila\u010dke vojske Kosova - Predsednik Republike Kosovo - DR. VJOSA OSMANI - SADRIU\",\"isPartOf\":{\"@id\":\"https:\/\/president-ksgov.net\/#website\"},\"primaryImageOfPage\":{\"@id\":\"https:\/\/president-ksgov.net\/sr\/predsednica-zahir-hakif-i-edmond-bili-su-zacetnici-slobode-inspiracija-borbe-oslobodilacke-vojske-kosova\/#primaryimage\"},\"image\":{\"@id\":\"https:\/\/president-ksgov.net\/sr\/predsednica-zahir-hakif-i-edmond-bili-su-zacetnici-slobode-inspiracija-borbe-oslobodilacke-vojske-kosova\/#primaryimage\"},\"thumbnailUrl\":\"https:\/\/president-ksgov.net\/wp-content\/uploads\/1-201.jpg\",\"datePublished\":\"2024-01-31T10:30:19+00:00\",\"dateModified\":\"2026-03-03T09:18:35+00:00\",\"author\":{\"@id\":\"https:\/\/president-ksgov.net\/#\/schema\/person\/1a2c014cffc81ec60d5a452a36d08d92\"},\"description\":\"Predsednica: Zahir, Hakif i Edmond bili su za\u010detnici slobode, inspiracija borbe Oslobodila\u010dke vojske Kosova - Predsednik Republike Kosovo - DR. VJOSA OSMANI - SADRIU -\",\"breadcrumb\":{\"@id\":\"https:\/\/president-ksgov.net\/sr\/predsednica-zahir-hakif-i-edmond-bili-su-zacetnici-slobode-inspiracija-borbe-oslobodilacke-vojske-kosova\/#breadcrumb\"},\"inLanguage\":\"sr-RS\",\"potentialAction\":[{\"@type\":\"ReadAction\",\"target\":[\"https:\/\/president-ksgov.net\/sr\/predsednica-zahir-hakif-i-edmond-bili-su-zacetnici-slobode-inspiracija-borbe-oslobodilacke-vojske-kosova\/\"]}]},{\"@type\":\"ImageObject\",\"inLanguage\":\"sr-RS\",\"@id\":\"https:\/\/president-ksgov.net\/sr\/predsednica-zahir-hakif-i-edmond-bili-su-zacetnici-slobode-inspiracija-borbe-oslobodilacke-vojske-kosova\/#primaryimage\",\"url\":\"https:\/\/president-ksgov.net\/wp-content\/uploads\/1-201.jpg\",\"contentUrl\":\"https:\/\/president-ksgov.net\/wp-content\/uploads\/1-201.jpg\",\"width\":1788,\"height\":1215},{\"@type\":\"BreadcrumbList\",\"@id\":\"https:\/\/president-ksgov.net\/sr\/predsednica-zahir-hakif-i-edmond-bili-su-zacetnici-slobode-inspiracija-borbe-oslobodilacke-vojske-kosova\/#breadcrumb\",\"itemListElement\":[{\"@type\":\"ListItem\",\"position\":1,\"name\":\"Home\",\"item\":\"https:\/\/president-ksgov.net\/sr\/\"},{\"@type\":\"ListItem\",\"position\":2,\"name\":\"Predsednica: Zahir, Hakif i Edmond bili su za\u010detnici slobode, inspiracija borbe Oslobodila\u010dke vojske Kosova\"}]},{\"@type\":\"WebSite\",\"@id\":\"https:\/\/president-ksgov.net\/#website\",\"url\":\"https:\/\/president-ksgov.net\/\",\"name\":\"Presidente e Republik\u00ebs s\u00eb Kosov\u00ebs\",\"description\":\"Presidente e Republik\u00ebs s\u00eb Kosov\u00ebs\",\"alternateName\":\"DR. VJOSA OSMANI - SADRIU\",\"potentialAction\":[{\"@type\":\"SearchAction\",\"target\":{\"@type\":\"EntryPoint\",\"urlTemplate\":\"https:\/\/president-ksgov.net\/?s={search_term_string}\"},\"query-input\":{\"@type\":\"PropertyValueSpecification\",\"valueRequired\":true,\"valueName\":\"search_term_string\"}}],\"inLanguage\":\"sr-RS\"},{\"@type\":\"Person\",\"@id\":\"https:\/\/president-ksgov.net\/#\/schema\/person\/1a2c014cffc81ec60d5a452a36d08d92\",\"name\":\"presidentlogin\",\"image\":{\"@type\":\"ImageObject\",\"inLanguage\":\"sr-RS\",\"@id\":\"https:\/\/president-ksgov.net\/#\/schema\/person\/image\/\",\"url\":\"https:\/\/secure.gravatar.com\/avatar\/339f00ab0a8a0d5ce1ecff10aa2b4a1f51f58bbd5a57793f8cd6ad624080d807?s=96&d=mm&r=g\",\"contentUrl\":\"https:\/\/secure.gravatar.com\/avatar\/339f00ab0a8a0d5ce1ecff10aa2b4a1f51f58bbd5a57793f8cd6ad624080d807?s=96&d=mm&r=g\",\"caption\":\"presidentlogin\"}}]}<\/script>\n<!-- \/ Yoast SEO plugin. -->","yoast_head_json":{"title":"Predsednica: Zahir, Hakif i Edmond bili su za\u010detnici slobode, inspiracija borbe Oslobodila\u010dke vojske Kosova - Predsednik Republike Kosovo - DR. VJOSA OSMANI - SADRIU","description":"Predsednica: Zahir, Hakif i Edmond bili su za\u010detnici slobode, inspiracija borbe Oslobodila\u010dke vojske Kosova - Predsednik Republike Kosovo - DR. VJOSA OSMANI - SADRIU -","robots":{"index":"index","follow":"follow","max-snippet":"max-snippet:-1","max-image-preview":"max-image-preview:large","max-video-preview":"max-video-preview:-1"},"canonical":"https:\/\/president-ksgov.net\/sr\/predsednica-zahir-hakif-i-edmond-bili-su-zacetnici-slobode-inspiracija-borbe-oslobodilacke-vojske-kosova\/","og_locale":"sr_RS","og_type":"article","og_title":"Predsednica: Zahir, Hakif i Edmond bili su za\u010detnici slobode, inspiracija borbe Oslobodila\u010dke vojske Kosova - Predsednik Republike Kosovo - DR. VJOSA OSMANI - SADRIU","og_description":"Predsednica: Zahir, Hakif i Edmond bili su za\u010detnici slobode, inspiracija borbe Oslobodila\u010dke vojske Kosova - Predsednik Republike Kosovo - DR. VJOSA OSMANI - SADRIU -","og_url":"https:\/\/president-ksgov.net\/sr\/predsednica-zahir-hakif-i-edmond-bili-su-zacetnici-slobode-inspiracija-borbe-oslobodilacke-vojske-kosova\/","og_site_name":"Predsednik Republike Kosovo - DR. VJOSA OSMANI - SADRIU","article_published_time":"2024-01-31T10:30:19+00:00","article_modified_time":"2026-03-03T09:18:35+00:00","og_image":[{"width":1788,"height":1215,"url":"https:\/\/president-ksgov.net\/wp-content\/uploads\/1-201.jpg","type":"image\/jpeg"}],"author":"presidentlogin","twitter_card":"summary_large_image","twitter_misc":{"\u041d\u0430\u043f\u0438\u0441\u0430\u043d\u043e \u043e\u0434":"presidentlogin","\u041f\u0440\u043e\u0446\u0435\u045a\u0435\u043d\u043e \u0432\u0440\u0435\u043c\u0435 \u0447\u0438\u0442\u0430\u045a\u0430":"2 \u043c\u0438\u043d\u0443\u0442\u0430"},"schema":{"@context":"https:\/\/schema.org","@graph":[{"@type":"WebPage","@id":"https:\/\/president-ksgov.net\/sr\/predsednica-zahir-hakif-i-edmond-bili-su-zacetnici-slobode-inspiracija-borbe-oslobodilacke-vojske-kosova\/","url":"https:\/\/president-ksgov.net\/sr\/predsednica-zahir-hakif-i-edmond-bili-su-zacetnici-slobode-inspiracija-borbe-oslobodilacke-vojske-kosova\/","name":"Predsednica: Zahir, Hakif i Edmond bili su za\u010detnici slobode, inspiracija borbe Oslobodila\u010dke vojske Kosova - Predsednik Republike Kosovo - DR. VJOSA OSMANI - SADRIU","isPartOf":{"@id":"https:\/\/president-ksgov.net\/#website"},"primaryImageOfPage":{"@id":"https:\/\/president-ksgov.net\/sr\/predsednica-zahir-hakif-i-edmond-bili-su-zacetnici-slobode-inspiracija-borbe-oslobodilacke-vojske-kosova\/#primaryimage"},"image":{"@id":"https:\/\/president-ksgov.net\/sr\/predsednica-zahir-hakif-i-edmond-bili-su-zacetnici-slobode-inspiracija-borbe-oslobodilacke-vojske-kosova\/#primaryimage"},"thumbnailUrl":"https:\/\/president-ksgov.net\/wp-content\/uploads\/1-201.jpg","datePublished":"2024-01-31T10:30:19+00:00","dateModified":"2026-03-03T09:18:35+00:00","author":{"@id":"https:\/\/president-ksgov.net\/#\/schema\/person\/1a2c014cffc81ec60d5a452a36d08d92"},"description":"Predsednica: Zahir, Hakif i Edmond bili su za\u010detnici slobode, inspiracija borbe Oslobodila\u010dke vojske Kosova - Predsednik Republike Kosovo - DR. VJOSA OSMANI - SADRIU -","breadcrumb":{"@id":"https:\/\/president-ksgov.net\/sr\/predsednica-zahir-hakif-i-edmond-bili-su-zacetnici-slobode-inspiracija-borbe-oslobodilacke-vojske-kosova\/#breadcrumb"},"inLanguage":"sr-RS","potentialAction":[{"@type":"ReadAction","target":["https:\/\/president-ksgov.net\/sr\/predsednica-zahir-hakif-i-edmond-bili-su-zacetnici-slobode-inspiracija-borbe-oslobodilacke-vojske-kosova\/"]}]},{"@type":"ImageObject","inLanguage":"sr-RS","@id":"https:\/\/president-ksgov.net\/sr\/predsednica-zahir-hakif-i-edmond-bili-su-zacetnici-slobode-inspiracija-borbe-oslobodilacke-vojske-kosova\/#primaryimage","url":"https:\/\/president-ksgov.net\/wp-content\/uploads\/1-201.jpg","contentUrl":"https:\/\/president-ksgov.net\/wp-content\/uploads\/1-201.jpg","width":1788,"height":1215},{"@type":"BreadcrumbList","@id":"https:\/\/president-ksgov.net\/sr\/predsednica-zahir-hakif-i-edmond-bili-su-zacetnici-slobode-inspiracija-borbe-oslobodilacke-vojske-kosova\/#breadcrumb","itemListElement":[{"@type":"ListItem","position":1,"name":"Home","item":"https:\/\/president-ksgov.net\/sr\/"},{"@type":"ListItem","position":2,"name":"Predsednica: Zahir, Hakif i Edmond bili su za\u010detnici slobode, inspiracija borbe Oslobodila\u010dke vojske Kosova"}]},{"@type":"WebSite","@id":"https:\/\/president-ksgov.net\/#website","url":"https:\/\/president-ksgov.net\/","name":"Presidente e Republik\u00ebs s\u00eb Kosov\u00ebs","description":"Presidente e Republik\u00ebs s\u00eb Kosov\u00ebs","alternateName":"DR. VJOSA OSMANI - SADRIU","potentialAction":[{"@type":"SearchAction","target":{"@type":"EntryPoint","urlTemplate":"https:\/\/president-ksgov.net\/?s={search_term_string}"},"query-input":{"@type":"PropertyValueSpecification","valueRequired":true,"valueName":"search_term_string"}}],"inLanguage":"sr-RS"},{"@type":"Person","@id":"https:\/\/president-ksgov.net\/#\/schema\/person\/1a2c014cffc81ec60d5a452a36d08d92","name":"presidentlogin","image":{"@type":"ImageObject","inLanguage":"sr-RS","@id":"https:\/\/president-ksgov.net\/#\/schema\/person\/image\/","url":"https:\/\/secure.gravatar.com\/avatar\/339f00ab0a8a0d5ce1ecff10aa2b4a1f51f58bbd5a57793f8cd6ad624080d807?s=96&d=mm&r=g","contentUrl":"https:\/\/secure.gravatar.com\/avatar\/339f00ab0a8a0d5ce1ecff10aa2b4a1f51f58bbd5a57793f8cd6ad624080d807?s=96&d=mm&r=g","caption":"presidentlogin"}}]}},"_links":{"self":[{"href":"https:\/\/president-ksgov.net\/sr\/wp-json\/wp\/v2\/posts\/102573","targetHints":{"allow":["GET"]}}],"collection":[{"href":"https:\/\/president-ksgov.net\/sr\/wp-json\/wp\/v2\/posts"}],"about":[{"href":"https:\/\/president-ksgov.net\/sr\/wp-json\/wp\/v2\/types\/post"}],"author":[{"embeddable":true,"href":"https:\/\/president-ksgov.net\/sr\/wp-json\/wp\/v2\/users\/11"}],"replies":[{"embeddable":true,"href":"https:\/\/president-ksgov.net\/sr\/wp-json\/wp\/v2\/comments?post=102573"}],"version-history":[{"count":3,"href":"https:\/\/president-ksgov.net\/sr\/wp-json\/wp\/v2\/posts\/102573\/revisions"}],"predecessor-version":[{"id":184529,"href":"https:\/\/president-ksgov.net\/sr\/wp-json\/wp\/v2\/posts\/102573\/revisions\/184529"}],"wp:featuredmedia":[{"embeddable":true,"href":"https:\/\/president-ksgov.net\/sr\/wp-json\/wp\/v2\/media\/100500"}],"wp:attachment":[{"href":"https:\/\/president-ksgov.net\/sr\/wp-json\/wp\/v2\/media?parent=102573"}],"wp:term":[{"taxonomy":"category","embeddable":true,"href":"https:\/\/president-ksgov.net\/sr\/wp-json\/wp\/v2\/categories?post=102573"},{"taxonomy":"post_tag","embeddable":true,"href":"https:\/\/president-ksgov.net\/sr\/wp-json\/wp\/v2\/tags?post=102573"}],"curies":[{"name":"wp","href":"https:\/\/api.w.org\/{rel}","templated":true}]}}