{"id":102571,"date":"2024-03-20T16:30:41","date_gmt":"2024-03-20T15:30:41","guid":{"rendered":"https:\/\/president-ksgov.net\/?p=102571"},"modified":"2024-03-22T10:47:46","modified_gmt":"2024-03-22T09:47:46","slug":"predsednica-osmani-predstavlja-kosovo-na-samitu-za-demokratiju-kosovo-na-svakom-koraku-odrazava-snagu-i-duh-demokratije","status":"publish","type":"post","link":"https:\/\/president-ksgov.net\/sr\/predsednica-osmani-predstavlja-kosovo-na-samitu-za-demokratiju-kosovo-na-svakom-koraku-odrazava-snagu-i-duh-demokratije\/","title":{"rendered":"Predsednica Osmani predstavlja Kosovo na Samitu za demokratiju: Kosovo na svakom koraku odra\u017eava snagu i duh demokratije"},"content":{"rendered":"<p>Predsednica Republike Kosovo, Vjosa Osmani, predstavljala je Republiku Kosovo na Samitu za demokratiju, koji je danas virtuelno organizovala Republika Koreja, pod vo\u0111stvom predsednika Yoon Suk Yeola. Samit za demokratiju je inicijativa predsednika SAD Joa Bidena, u okviru koje se Kosovo godinama izdvaja me\u0111u zemljama \u0161ampionima po reformama i inicijativama preduzetim u pravcu kontinuiranog ja\u010danja demokratije.<\/p>\n<p>U svojoj deklaraciji, predsednica Osmani je skrenula pa\u017enju na vitalni zna\u010daj daljeg ja\u010danja i razvoja demokratije, isti\u010du\u0107i neophodnost jedinstva demokratskih dr\u017eava naspram rastu\u0107e autokratije.<\/p>\n<p>S tim u vezi, predsednica Osmani je rekla da su obaveze koje smo preuzeli u okviru Samita za demokratiju uticale na na\u0161 put, kako u politici tako i u dono\u0161enju odluka.<\/p>\n<p>U svojoj deklaraciji, predsednica Osmani je istakla da je Kosovo od poslednjeg sastanka lidera napravilo va\u017ene korake u unapre\u0111enju vladavine prava u skladu sa usvojenom sveobuhvatnom nacionalnom strategijom, \u0161to je jedan od najva\u017enijih rezultata u okviru na\u0161ih obaveza u\u00a0 okviru Samita za demokratiju. \u201eTako\u0111e smo dokazali svoju posve\u0107enost me\u0111unarodnim standardima i saradnji usvajanjem Deklaracije protiv samovoljne zabrane u me\u0111udr\u017eavnim odnosima; pridru\u017eivanjem Deklaraciji o principima za borbu protiv transnacionalne represije zajedno sa \u0161est drugih demokratskih zemalja pro\u0161log oktobra; kao i bliskom saradnjom sa Sjedinjenim Dr\u017eavama na unapre\u0111enju zajedni\u010dkih napora u borbi protiv manipulacije informacijama od strane bilo koje strane zemlje\u201c, rekla je predsednica Osmani.<\/p>\n<p>Predsednica Osmani je tako\u0111e govorila o konstantnim naporima u borbi protiv rodno zasnovanog nasilja, ekonomskom osna\u017eivanju \u017eena i ja\u010danju njihove uloge u javnim i politi\u010dkim institucijama, nagla\u0161avaju\u0107i da su rodna ravnopravnost i osna\u017eivanje \u017eena bili fundamentalni za sve na\u0161e obaveze.<\/p>\n<p>Uo\u010di druge edicije Me\u0111unarodnog foruma za \u017eene, mir i bezbednost, koji \u0107e biti odr\u017ean u aprilu u Pri\u0161tini, predsednica Osmani je istakla da je jedno od najve\u0107ih dostignu\u0107a ove godine osnivanje prvog Regionalnog centra izvrsnosti na \u017eene, mir i bezbednost na Zapadnom Balkanu, u partnerstvu sa Kancelarijom ameri\u010dkog dr\u017eavnog sekretara, u skladu sa Strategijom za \u017eene, mir i bezbednost SAD -a2023, kao i Nacionalnim akcionim planom.<\/p>\n","protected":false},"excerpt":{"rendered":"<p>Predsednica Republike Kosovo, Vjosa Osmani, predstavljala je Republiku Kosovo na Samitu za demokratiju, koji je danas virtuelno organizovala Republika Koreja, pod vo\u0111stvom predsednika Yoon Suk Yeola. Samit za demokratiju je inicijativa predsednika SAD Joa Bidena, u okviru koje se Kosovo godinama izdvaja me\u0111u zemljama \u0161ampionima po reformama i inicijativama preduzetim u pravcu kontinuiranog ja\u010danja demokratije. U svojoj deklaraciji, predsednica Osmani je skrenula pa\u017enju na vitalni zna\u010daj daljeg ja\u010danja i razvoja demokratije, isti\u010du\u0107i neophodnost jedinstva demokratskih dr\u017eava naspram rastu\u0107e autokratije. S tim u vezi, predsednica Osmani je rekla da su obaveze koje smo preuzeli u okviru Samita za demokratiju uticale na na\u0161 put, kako u politici tako i u dono\u0161enju odluka. U svojoj deklaraciji, predsednica Osmani je istakla da je Kosovo od poslednjeg sastanka lidera napravilo va\u017ene korake u unapre\u0111enju vladavine prava u skladu sa usvojenom sveobuhvatnom nacionalnom strategijom, \u0161to je jedan od najva\u017enijih rezultata u okviru na\u0161ih obaveza u\u00a0 okviru Samita za demokratiju. \u201eTako\u0111e smo dokazali svoju posve\u0107enost me\u0111unarodnim standardima i saradnji usvajanjem Deklaracije protiv samovoljne zabrane u me\u0111udr\u017eavnim odnosima; pridru\u017eivanjem Deklaraciji o principima za borbu protiv transnacionalne represije zajedno sa \u0161est drugih demokratskih zemalja pro\u0161log oktobra; kao i bliskom saradnjom sa Sjedinjenim Dr\u017eavama na unapre\u0111enju zajedni\u010dkih napora u borbi protiv manipulacije informacijama od strane bilo koje strane zemlje\u201c, rekla je predsednica Osmani. Predsednica Osmani je tako\u0111e govorila o konstantnim naporima u borbi protiv rodno zasnovanog nasilja, ekonomskom osna\u017eivanju \u017eena i ja\u010danju njihove uloge u javnim i politi\u010dkim institucijama, nagla\u0161avaju\u0107i da su rodna ravnopravnost i osna\u017eivanje \u017eena bili fundamentalni za sve na\u0161e obaveze. Uo\u010di druge edicije Me\u0111unarodnog foruma za \u017eene, mir i bezbednost, koji \u0107e biti odr\u017ean u aprilu u Pri\u0161tini, predsednica Osmani je istakla da je jedno od najve\u0107ih dostignu\u0107a ove godine osnivanje prvog Regionalnog centra izvrsnosti na \u017eene, mir i bezbednost na Zapadnom Balkanu, u partnerstvu sa Kancelarijom ameri\u010dkog dr\u017eavnog sekretara, u skladu sa Strategijom za \u017eene, mir i bezbednost SAD -a2023, kao i Nacionalnim akcionim planom.<\/p>\n","protected":false},"author":11,"featured_media":102447,"comment_status":"open","ping_status":"closed","sticky":false,"template":"","format":"standard","meta":{"_eb_attr":"","footnotes":""},"categories":[101],"tags":[],"class_list":["post-102571","post","type-post","status-publish","format-standard","has-post-thumbnail","hentry","category-vesti"],"yoast_head":"<!-- This site is optimized with the Yoast SEO plugin v23.5 - https:\/\/yoast.com\/wordpress\/plugins\/seo\/ -->\n<title>Predsednica Osmani predstavlja Kosovo na Samitu za demokratiju: Kosovo na svakom koraku odra\u017eava snagu i duh demokratije - Predsednik Republike Kosovo - DR. VJOSA OSMANI - SADRIU<\/title>\n<meta name=\"description\" content=\"Predsednica Osmani predstavlja Kosovo na Samitu za demokratiju: Kosovo na svakom koraku odra\u017eava snagu i duh demokratije - Predsednik Republike Kosovo - DR. VJOSA OSMANI - SADRIU -\" \/>\n<meta name=\"robots\" content=\"index, follow, max-snippet:-1, max-image-preview:large, max-video-preview:-1\" \/>\n<link rel=\"canonical\" href=\"https:\/\/president-ksgov.net\/sr\/predsednica-osmani-predstavlja-kosovo-na-samitu-za-demokratiju-kosovo-na-svakom-koraku-odrazava-snagu-i-duh-demokratije\/\" \/>\n<meta property=\"og:locale\" content=\"sr_RS\" \/>\n<meta property=\"og:type\" content=\"article\" \/>\n<meta property=\"og:title\" content=\"Predsednica Osmani predstavlja Kosovo na Samitu za demokratiju: Kosovo na svakom koraku odra\u017eava snagu i duh demokratije - Predsednik Republike Kosovo - DR. VJOSA OSMANI - SADRIU\" \/>\n<meta property=\"og:description\" content=\"Predsednica Osmani predstavlja Kosovo na Samitu za demokratiju: Kosovo na svakom koraku odra\u017eava snagu i duh demokratije - Predsednik Republike Kosovo - DR. VJOSA OSMANI - SADRIU -\" \/>\n<meta property=\"og:url\" content=\"https:\/\/president-ksgov.net\/sr\/predsednica-osmani-predstavlja-kosovo-na-samitu-za-demokratiju-kosovo-na-svakom-koraku-odrazava-snagu-i-duh-demokratije\/\" \/>\n<meta property=\"og:site_name\" content=\"Predsednik Republike Kosovo - DR. VJOSA OSMANI - SADRIU\" \/>\n<meta property=\"article:published_time\" content=\"2024-03-20T15:30:41+00:00\" \/>\n<meta property=\"article:modified_time\" content=\"2024-03-22T09:47:46+00:00\" \/>\n<meta property=\"og:image\" content=\"https:\/\/president-ksgov.net\/wp-content\/uploads\/001-S4D-01.jpg\" \/>\n\t<meta property=\"og:image:width\" content=\"774\" \/>\n\t<meta property=\"og:image:height\" content=\"436\" \/>\n\t<meta property=\"og:image:type\" content=\"image\/jpeg\" \/>\n<meta name=\"author\" content=\"presidentlogin\" \/>\n<meta name=\"twitter:card\" content=\"summary_large_image\" \/>\n<meta name=\"twitter:label1\" content=\"\u041d\u0430\u043f\u0438\u0441\u0430\u043d\u043e \u043e\u0434\" \/>\n\t<meta name=\"twitter:data1\" content=\"presidentlogin\" \/>\n\t<meta name=\"twitter:label2\" content=\"\u041f\u0440\u043e\u0446\u0435\u045a\u0435\u043d\u043e \u0432\u0440\u0435\u043c\u0435 \u0447\u0438\u0442\u0430\u045a\u0430\" \/>\n\t<meta name=\"twitter:data2\" content=\"2 \u043c\u0438\u043d\u0443\u0442\u0430\" \/>\n<script type=\"application\/ld+json\" class=\"yoast-schema-graph\">{\"@context\":\"https:\/\/schema.org\",\"@graph\":[{\"@type\":\"WebPage\",\"@id\":\"https:\/\/president-ksgov.net\/sr\/predsednica-osmani-predstavlja-kosovo-na-samitu-za-demokratiju-kosovo-na-svakom-koraku-odrazava-snagu-i-duh-demokratije\/\",\"url\":\"https:\/\/president-ksgov.net\/sr\/predsednica-osmani-predstavlja-kosovo-na-samitu-za-demokratiju-kosovo-na-svakom-koraku-odrazava-snagu-i-duh-demokratije\/\",\"name\":\"Predsednica Osmani predstavlja Kosovo na Samitu za demokratiju: Kosovo na svakom koraku odra\u017eava snagu i duh demokratije - Predsednik Republike Kosovo - DR. VJOSA OSMANI - SADRIU\",\"isPartOf\":{\"@id\":\"https:\/\/president-ksgov.net\/#website\"},\"primaryImageOfPage\":{\"@id\":\"https:\/\/president-ksgov.net\/sr\/predsednica-osmani-predstavlja-kosovo-na-samitu-za-demokratiju-kosovo-na-svakom-koraku-odrazava-snagu-i-duh-demokratije\/#primaryimage\"},\"image\":{\"@id\":\"https:\/\/president-ksgov.net\/sr\/predsednica-osmani-predstavlja-kosovo-na-samitu-za-demokratiju-kosovo-na-svakom-koraku-odrazava-snagu-i-duh-demokratije\/#primaryimage\"},\"thumbnailUrl\":\"https:\/\/president-ksgov.net\/wp-content\/uploads\/001-S4D-01.jpg\",\"datePublished\":\"2024-03-20T15:30:41+00:00\",\"dateModified\":\"2024-03-22T09:47:46+00:00\",\"author\":{\"@id\":\"https:\/\/president-ksgov.net\/#\/schema\/person\/1a2c014cffc81ec60d5a452a36d08d92\"},\"description\":\"Predsednica Osmani predstavlja Kosovo na Samitu za demokratiju: Kosovo na svakom koraku odra\u017eava snagu i duh demokratije - Predsednik Republike Kosovo - DR. VJOSA OSMANI - SADRIU -\",\"breadcrumb\":{\"@id\":\"https:\/\/president-ksgov.net\/sr\/predsednica-osmani-predstavlja-kosovo-na-samitu-za-demokratiju-kosovo-na-svakom-koraku-odrazava-snagu-i-duh-demokratije\/#breadcrumb\"},\"inLanguage\":\"sr-RS\",\"potentialAction\":[{\"@type\":\"ReadAction\",\"target\":[\"https:\/\/president-ksgov.net\/sr\/predsednica-osmani-predstavlja-kosovo-na-samitu-za-demokratiju-kosovo-na-svakom-koraku-odrazava-snagu-i-duh-demokratije\/\"]}]},{\"@type\":\"ImageObject\",\"inLanguage\":\"sr-RS\",\"@id\":\"https:\/\/president-ksgov.net\/sr\/predsednica-osmani-predstavlja-kosovo-na-samitu-za-demokratiju-kosovo-na-svakom-koraku-odrazava-snagu-i-duh-demokratije\/#primaryimage\",\"url\":\"https:\/\/president-ksgov.net\/wp-content\/uploads\/001-S4D-01.jpg\",\"contentUrl\":\"https:\/\/president-ksgov.net\/wp-content\/uploads\/001-S4D-01.jpg\",\"width\":774,\"height\":436},{\"@type\":\"BreadcrumbList\",\"@id\":\"https:\/\/president-ksgov.net\/sr\/predsednica-osmani-predstavlja-kosovo-na-samitu-za-demokratiju-kosovo-na-svakom-koraku-odrazava-snagu-i-duh-demokratije\/#breadcrumb\",\"itemListElement\":[{\"@type\":\"ListItem\",\"position\":1,\"name\":\"Home\",\"item\":\"https:\/\/president-ksgov.net\/sr\/\"},{\"@type\":\"ListItem\",\"position\":2,\"name\":\"Predsednica Osmani predstavlja Kosovo na Samitu za demokratiju: Kosovo na svakom koraku odra\u017eava snagu i duh demokratije\"}]},{\"@type\":\"WebSite\",\"@id\":\"https:\/\/president-ksgov.net\/#website\",\"url\":\"https:\/\/president-ksgov.net\/\",\"name\":\"Presidente e Republik\u00ebs s\u00eb Kosov\u00ebs\",\"description\":\"Presidente e Republik\u00ebs s\u00eb Kosov\u00ebs\",\"alternateName\":\"DR. VJOSA OSMANI - SADRIU\",\"potentialAction\":[{\"@type\":\"SearchAction\",\"target\":{\"@type\":\"EntryPoint\",\"urlTemplate\":\"https:\/\/president-ksgov.net\/?s={search_term_string}\"},\"query-input\":{\"@type\":\"PropertyValueSpecification\",\"valueRequired\":true,\"valueName\":\"search_term_string\"}}],\"inLanguage\":\"sr-RS\"},{\"@type\":\"Person\",\"@id\":\"https:\/\/president-ksgov.net\/#\/schema\/person\/1a2c014cffc81ec60d5a452a36d08d92\",\"name\":\"presidentlogin\",\"image\":{\"@type\":\"ImageObject\",\"inLanguage\":\"sr-RS\",\"@id\":\"https:\/\/president-ksgov.net\/#\/schema\/person\/image\/\",\"url\":\"https:\/\/secure.gravatar.com\/avatar\/339f00ab0a8a0d5ce1ecff10aa2b4a1f51f58bbd5a57793f8cd6ad624080d807?s=96&d=mm&r=g\",\"contentUrl\":\"https:\/\/secure.gravatar.com\/avatar\/339f00ab0a8a0d5ce1ecff10aa2b4a1f51f58bbd5a57793f8cd6ad624080d807?s=96&d=mm&r=g\",\"caption\":\"presidentlogin\"}}]}<\/script>\n<!-- \/ Yoast SEO plugin. -->","yoast_head_json":{"title":"Predsednica Osmani predstavlja Kosovo na Samitu za demokratiju: Kosovo na svakom koraku odra\u017eava snagu i duh demokratije - Predsednik Republike Kosovo - DR. VJOSA OSMANI - SADRIU","description":"Predsednica Osmani predstavlja Kosovo na Samitu za demokratiju: Kosovo na svakom koraku odra\u017eava snagu i duh demokratije - Predsednik Republike Kosovo - DR. VJOSA OSMANI - SADRIU -","robots":{"index":"index","follow":"follow","max-snippet":"max-snippet:-1","max-image-preview":"max-image-preview:large","max-video-preview":"max-video-preview:-1"},"canonical":"https:\/\/president-ksgov.net\/sr\/predsednica-osmani-predstavlja-kosovo-na-samitu-za-demokratiju-kosovo-na-svakom-koraku-odrazava-snagu-i-duh-demokratije\/","og_locale":"sr_RS","og_type":"article","og_title":"Predsednica Osmani predstavlja Kosovo na Samitu za demokratiju: Kosovo na svakom koraku odra\u017eava snagu i duh demokratije - Predsednik Republike Kosovo - DR. VJOSA OSMANI - SADRIU","og_description":"Predsednica Osmani predstavlja Kosovo na Samitu za demokratiju: Kosovo na svakom koraku odra\u017eava snagu i duh demokratije - Predsednik Republike Kosovo - DR. VJOSA OSMANI - SADRIU -","og_url":"https:\/\/president-ksgov.net\/sr\/predsednica-osmani-predstavlja-kosovo-na-samitu-za-demokratiju-kosovo-na-svakom-koraku-odrazava-snagu-i-duh-demokratije\/","og_site_name":"Predsednik Republike Kosovo - DR. VJOSA OSMANI - SADRIU","article_published_time":"2024-03-20T15:30:41+00:00","article_modified_time":"2024-03-22T09:47:46+00:00","og_image":[{"width":774,"height":436,"url":"https:\/\/president-ksgov.net\/wp-content\/uploads\/001-S4D-01.jpg","type":"image\/jpeg"}],"author":"presidentlogin","twitter_card":"summary_large_image","twitter_misc":{"\u041d\u0430\u043f\u0438\u0441\u0430\u043d\u043e \u043e\u0434":"presidentlogin","\u041f\u0440\u043e\u0446\u0435\u045a\u0435\u043d\u043e \u0432\u0440\u0435\u043c\u0435 \u0447\u0438\u0442\u0430\u045a\u0430":"2 \u043c\u0438\u043d\u0443\u0442\u0430"},"schema":{"@context":"https:\/\/schema.org","@graph":[{"@type":"WebPage","@id":"https:\/\/president-ksgov.net\/sr\/predsednica-osmani-predstavlja-kosovo-na-samitu-za-demokratiju-kosovo-na-svakom-koraku-odrazava-snagu-i-duh-demokratije\/","url":"https:\/\/president-ksgov.net\/sr\/predsednica-osmani-predstavlja-kosovo-na-samitu-za-demokratiju-kosovo-na-svakom-koraku-odrazava-snagu-i-duh-demokratije\/","name":"Predsednica Osmani predstavlja Kosovo na Samitu za demokratiju: Kosovo na svakom koraku odra\u017eava snagu i duh demokratije - Predsednik Republike Kosovo - DR. VJOSA OSMANI - SADRIU","isPartOf":{"@id":"https:\/\/president-ksgov.net\/#website"},"primaryImageOfPage":{"@id":"https:\/\/president-ksgov.net\/sr\/predsednica-osmani-predstavlja-kosovo-na-samitu-za-demokratiju-kosovo-na-svakom-koraku-odrazava-snagu-i-duh-demokratije\/#primaryimage"},"image":{"@id":"https:\/\/president-ksgov.net\/sr\/predsednica-osmani-predstavlja-kosovo-na-samitu-za-demokratiju-kosovo-na-svakom-koraku-odrazava-snagu-i-duh-demokratije\/#primaryimage"},"thumbnailUrl":"https:\/\/president-ksgov.net\/wp-content\/uploads\/001-S4D-01.jpg","datePublished":"2024-03-20T15:30:41+00:00","dateModified":"2024-03-22T09:47:46+00:00","author":{"@id":"https:\/\/president-ksgov.net\/#\/schema\/person\/1a2c014cffc81ec60d5a452a36d08d92"},"description":"Predsednica Osmani predstavlja Kosovo na Samitu za demokratiju: Kosovo na svakom koraku odra\u017eava snagu i duh demokratije - Predsednik Republike Kosovo - DR. VJOSA OSMANI - SADRIU -","breadcrumb":{"@id":"https:\/\/president-ksgov.net\/sr\/predsednica-osmani-predstavlja-kosovo-na-samitu-za-demokratiju-kosovo-na-svakom-koraku-odrazava-snagu-i-duh-demokratije\/#breadcrumb"},"inLanguage":"sr-RS","potentialAction":[{"@type":"ReadAction","target":["https:\/\/president-ksgov.net\/sr\/predsednica-osmani-predstavlja-kosovo-na-samitu-za-demokratiju-kosovo-na-svakom-koraku-odrazava-snagu-i-duh-demokratije\/"]}]},{"@type":"ImageObject","inLanguage":"sr-RS","@id":"https:\/\/president-ksgov.net\/sr\/predsednica-osmani-predstavlja-kosovo-na-samitu-za-demokratiju-kosovo-na-svakom-koraku-odrazava-snagu-i-duh-demokratije\/#primaryimage","url":"https:\/\/president-ksgov.net\/wp-content\/uploads\/001-S4D-01.jpg","contentUrl":"https:\/\/president-ksgov.net\/wp-content\/uploads\/001-S4D-01.jpg","width":774,"height":436},{"@type":"BreadcrumbList","@id":"https:\/\/president-ksgov.net\/sr\/predsednica-osmani-predstavlja-kosovo-na-samitu-za-demokratiju-kosovo-na-svakom-koraku-odrazava-snagu-i-duh-demokratije\/#breadcrumb","itemListElement":[{"@type":"ListItem","position":1,"name":"Home","item":"https:\/\/president-ksgov.net\/sr\/"},{"@type":"ListItem","position":2,"name":"Predsednica Osmani predstavlja Kosovo na Samitu za demokratiju: Kosovo na svakom koraku odra\u017eava snagu i duh demokratije"}]},{"@type":"WebSite","@id":"https:\/\/president-ksgov.net\/#website","url":"https:\/\/president-ksgov.net\/","name":"Presidente e Republik\u00ebs s\u00eb Kosov\u00ebs","description":"Presidente e Republik\u00ebs s\u00eb Kosov\u00ebs","alternateName":"DR. VJOSA OSMANI - SADRIU","potentialAction":[{"@type":"SearchAction","target":{"@type":"EntryPoint","urlTemplate":"https:\/\/president-ksgov.net\/?s={search_term_string}"},"query-input":{"@type":"PropertyValueSpecification","valueRequired":true,"valueName":"search_term_string"}}],"inLanguage":"sr-RS"},{"@type":"Person","@id":"https:\/\/president-ksgov.net\/#\/schema\/person\/1a2c014cffc81ec60d5a452a36d08d92","name":"presidentlogin","image":{"@type":"ImageObject","inLanguage":"sr-RS","@id":"https:\/\/president-ksgov.net\/#\/schema\/person\/image\/","url":"https:\/\/secure.gravatar.com\/avatar\/339f00ab0a8a0d5ce1ecff10aa2b4a1f51f58bbd5a57793f8cd6ad624080d807?s=96&d=mm&r=g","contentUrl":"https:\/\/secure.gravatar.com\/avatar\/339f00ab0a8a0d5ce1ecff10aa2b4a1f51f58bbd5a57793f8cd6ad624080d807?s=96&d=mm&r=g","caption":"presidentlogin"}}]}},"_links":{"self":[{"href":"https:\/\/president-ksgov.net\/sr\/wp-json\/wp\/v2\/posts\/102571","targetHints":{"allow":["GET"]}}],"collection":[{"href":"https:\/\/president-ksgov.net\/sr\/wp-json\/wp\/v2\/posts"}],"about":[{"href":"https:\/\/president-ksgov.net\/sr\/wp-json\/wp\/v2\/types\/post"}],"author":[{"embeddable":true,"href":"https:\/\/president-ksgov.net\/sr\/wp-json\/wp\/v2\/users\/11"}],"replies":[{"embeddable":true,"href":"https:\/\/president-ksgov.net\/sr\/wp-json\/wp\/v2\/comments?post=102571"}],"version-history":[{"count":1,"href":"https:\/\/president-ksgov.net\/sr\/wp-json\/wp\/v2\/posts\/102571\/revisions"}],"predecessor-version":[{"id":102572,"href":"https:\/\/president-ksgov.net\/sr\/wp-json\/wp\/v2\/posts\/102571\/revisions\/102572"}],"wp:featuredmedia":[{"embeddable":true,"href":"https:\/\/president-ksgov.net\/sr\/wp-json\/wp\/v2\/media\/102447"}],"wp:attachment":[{"href":"https:\/\/president-ksgov.net\/sr\/wp-json\/wp\/v2\/media?parent=102571"}],"wp:term":[{"taxonomy":"category","embeddable":true,"href":"https:\/\/president-ksgov.net\/sr\/wp-json\/wp\/v2\/categories?post=102571"},{"taxonomy":"post_tag","embeddable":true,"href":"https:\/\/president-ksgov.net\/sr\/wp-json\/wp\/v2\/tags?post=102571"}],"curies":[{"name":"wp","href":"https:\/\/api.w.org\/{rel}","templated":true}]}}