{"id":102569,"date":"2024-03-18T21:05:44","date_gmt":"2024-03-18T20:05:44","guid":{"rendered":"https:\/\/president-ksgov.net\/?p=102569"},"modified":"2024-03-21T18:58:06","modified_gmt":"2024-03-21T17:58:06","slug":"predsednica-osmani-posetila-je-opstinu-lipljan-2","status":"publish","type":"post","link":"https:\/\/president-ksgov.net\/sr\/predsednica-osmani-posetila-je-opstinu-lipljan-2\/","title":{"rendered":"Predsednica Osmani posetila je op\u0161tinu Lipljan"},"content":{"rendered":"<p class=\"v1MsoNormal\"><b><span lang=\"SR-LATN-RS\">Lipljan, 18. mart 2024. godine<\/span><\/b><span lang=\"SR-LATN-RS\">\u00a0\u2013 Predsednica Republike Kosovo Vjosa Osmani posetila je danas tokom dana op\u0161tinu Lipljan, i tim povodom odr\u017ean je niz aktivnosti.<u><\/u><u><\/u><\/span><\/p>\n<p class=\"v1MsoNormal\"><span lang=\"SR-LATN-RS\">Na po\u010detku, predsednicu Osmani je na sastanku do\u010dekao predsednik op\u0161tine Lipljan Imri Ahmeti.<u><\/u><u><\/u><\/span><\/p>\n<p class=\"v1MsoNormal\"><span lang=\"SR-LATN-RS\">Predsednica Osmani i predsednik op\u0161tine Ahmeti su se tako\u0111e sastali sa decom u vrti\u0107u, mladi\u0107ima i devojkama ove op\u0161tine, preduze\u0107ima, kao i neve\u0107inskim zajednicama koje \u017eive u op\u0161tini Lipljan.<u><\/u><\/span><\/p>\n<p class=\"v1MsoNormal\"><span lang=\"SR-LATN-RS\">U me\u0111uvremenu, u izjavi medijima, predsednica Osmani je rekla da sa Lipljanom nastavlja posete kosovskim op\u0161tinama.<u><\/u><u><\/u><\/span><\/p>\n<p class=\"v1MsoNormal\"><span lang=\"SR-LATN-RS\">\u201eDrago mi je \u0161to me je danas do\u010dekao predsednik op\u0161tine Imri Ahmeti, jedan od predsednika op\u0161tina kojeg poznajemo vi\u0161e od 20 godina i sa kojim smo sara\u0111ivali u razli\u010ditim svojstvima. Dakle, iz njegovog dosada\u0161njeg rada, uverena sam da gra\u0111ani Lipljana imaju \u010dime da se ponose i da \u0107e se ostali projekti, o kojima me je predsednik op\u0161tine Ahmeti danas obavestio, nastaviti i da \u0107e biti uspe\u0161no zavr\u0161eni&#8220;, reka je predsednica Osmani.<u><\/u><u><\/u><\/span><\/p>\n<p class=\"v1MsoNormal\"><span lang=\"SR-LATN-RS\">Predsednica Osmani i predsednik op\u0161tine Ahmeti razgovarali su o raznim oblastima koje su u interesu gra\u0111ana Lipljana.<u><\/u><u><\/u><\/span><\/p>\n<p class=\"v1MsoNormal\"><span lang=\"SR-LATN-RS\">\u201ePostoje razli\u010dite oblasti koje su, naravno, od interesa za gra\u0111ane ove op\u0161tine, o kojima smo razgovarali, od oblasti obrazovanja do oblasti ekonomskog razvoja, razgovarali smo o zna\u010daju stvaranja novih mogu\u0107nosti, posebno za mlade, tako bi oni ostali na Kosovu, da razviju svoj potencijal na Kosovu, da ostvare svoje snove u svojim profesijama na Kosovu i da to ne vide kao jedinu priliku da odu odavde. Ovo se, naravno, odnosi na ekonomski razvoj ove op\u0161tine, koja je, kao \u0161to sam ranije pomenula, op\u0161tina koja je pru\u017eila izuzetnu priliku za firme, ovde posluje preko dve hiljade preduze\u0107a, od kojih \u0107emo neke posetiti danas u toku dana&#8220;, naglasila je predsednica Osmani.<u><\/u><u><\/u><\/span><\/p>\n<p class=\"v1MsoNormal\"><span lang=\"SR-LATN-RS\">Predsednica Osmani i predsednik op\u0161tine Ahmeti su tako\u0111e razgovarali o mogu\u0107nostima za privla\u010denje stranih investitora u op\u0161tinu Lipljan.<u><\/u><u><\/u><\/span><\/p>\n<p class=\"v1MsoNormal\"><span lang=\"SR-LATN-RS\">\u201eRazgovarali smo i o mogu\u0107nostima kako bi strani investitori mogli da ula\u017eu, bilo da su to dr\u017eavne ili direktne strane investicije u op\u0161tinu Lipljan, i naravno zato \u0161to u velikoj ve\u0107ini mojih putovanja u inostranstvo imam komunikaciju sa ovim dr\u017eavama koje su zainteresovane da pro\u0161ire svoju komercijalno-ekonomsku saradnju sa Kosovom, mi \u0107emo neke od projekata op\u0161tine Lipljan pogurati, naravno u punom skladu, kao \u0161to ste rekli, sa interesima gra\u0111ana&#8220;, potvrdila je predsednica.<\/span><\/p>\n<p><iframe style=\"border: none; overflow: hidden;\" src=\"https:\/\/www.facebook.com\/plugins\/video.php?height=314&amp;href=https%3A%2F%2Fwww.facebook.com%2FPresidencaRKS%2Fvideos%2F1533291867527845%2F&amp;show_text=false&amp;width=560&amp;t=0\" width=\"560\" height=\"560\" frameborder=\"0\" scrolling=\"no\" allowfullscreen=\"allowfullscreen\"><span data-mce-type=\"bookmark\" style=\"display: inline-block; width: 0px; overflow: hidden; line-height: 0;\" class=\"mce_SELRES_start\">\ufeff<\/span><\/iframe><\/p>\n","protected":false},"excerpt":{"rendered":"<p>Lipljan, 18. mart 2024. godine\u00a0\u2013 Predsednica Republike Kosovo Vjosa Osmani posetila je danas tokom dana op\u0161tinu Lipljan, i tim povodom odr\u017ean je niz aktivnosti. Na po\u010detku, predsednicu Osmani je na sastanku do\u010dekao predsednik op\u0161tine Lipljan Imri Ahmeti. Predsednica Osmani i predsednik op\u0161tine Ahmeti su se tako\u0111e sastali sa decom u vrti\u0107u, mladi\u0107ima i devojkama ove op\u0161tine, preduze\u0107ima, kao i neve\u0107inskim zajednicama koje \u017eive u op\u0161tini Lipljan. U me\u0111uvremenu, u izjavi medijima, predsednica Osmani je rekla da sa Lipljanom nastavlja posete kosovskim op\u0161tinama. \u201eDrago mi je \u0161to me je danas do\u010dekao predsednik op\u0161tine Imri Ahmeti, jedan od predsednika op\u0161tina kojeg poznajemo vi\u0161e od 20 godina i sa kojim smo sara\u0111ivali u razli\u010ditim svojstvima. Dakle, iz njegovog dosada\u0161njeg rada, uverena sam da gra\u0111ani Lipljana imaju \u010dime da se ponose i da \u0107e se ostali projekti, o kojima me je predsednik op\u0161tine Ahmeti danas obavestio, nastaviti i da \u0107e biti uspe\u0161no zavr\u0161eni&#8220;, reka je predsednica Osmani. Predsednica Osmani i predsednik op\u0161tine Ahmeti razgovarali su o raznim oblastima koje su u interesu gra\u0111ana Lipljana. \u201ePostoje razli\u010dite oblasti koje su, naravno, od interesa za gra\u0111ane ove op\u0161tine, o kojima smo razgovarali, od oblasti obrazovanja do oblasti ekonomskog razvoja, razgovarali smo o zna\u010daju stvaranja novih mogu\u0107nosti, posebno za mlade, tako bi oni ostali na Kosovu, da razviju svoj potencijal na Kosovu, da ostvare svoje snove u svojim profesijama na Kosovu i da to ne vide kao jedinu priliku da odu odavde. Ovo se, naravno, odnosi na ekonomski razvoj ove op\u0161tine, koja je, kao \u0161to sam ranije pomenula, op\u0161tina koja je pru\u017eila izuzetnu priliku za firme, ovde posluje preko dve hiljade preduze\u0107a, od kojih \u0107emo neke posetiti danas u toku dana&#8220;, naglasila je predsednica Osmani. Predsednica Osmani i predsednik op\u0161tine Ahmeti su tako\u0111e razgovarali o mogu\u0107nostima za privla\u010denje stranih investitora u op\u0161tinu Lipljan. \u201eRazgovarali smo i o mogu\u0107nostima kako bi strani investitori mogli da ula\u017eu, bilo da su to dr\u017eavne ili direktne strane investicije u op\u0161tinu Lipljan, i naravno zato \u0161to u velikoj ve\u0107ini mojih putovanja u inostranstvo imam komunikaciju sa ovim dr\u017eavama koje su zainteresovane da pro\u0161ire svoju komercijalno-ekonomsku saradnju sa Kosovom, mi \u0107emo neke od projekata op\u0161tine Lipljan pogurati, naravno u punom skladu, kao \u0161to ste rekli, sa interesima gra\u0111ana&#8220;, potvrdila je predsednica. \ufeff<\/p>\n","protected":false},"author":11,"featured_media":102332,"comment_status":"open","ping_status":"closed","sticky":false,"template":"","format":"standard","meta":{"_eb_attr":"","footnotes":""},"categories":[101],"tags":[],"class_list":["post-102569","post","type-post","status-publish","format-standard","has-post-thumbnail","hentry","category-vesti"],"yoast_head":"<!-- This site is optimized with the Yoast SEO plugin v23.5 - https:\/\/yoast.com\/wordpress\/plugins\/seo\/ -->\n<title>Predsednica Osmani posetila je op\u0161tinu Lipljan - Predsednik Republike Kosovo - DR. VJOSA OSMANI - SADRIU<\/title>\n<meta name=\"description\" content=\"Predsednica Osmani posetila je op\u0161tinu Lipljan - Predsednik Republike Kosovo - DR. VJOSA OSMANI - SADRIU -\" \/>\n<meta name=\"robots\" content=\"index, follow, max-snippet:-1, max-image-preview:large, max-video-preview:-1\" \/>\n<link rel=\"canonical\" href=\"https:\/\/president-ksgov.net\/sr\/predsednica-osmani-posetila-je-opstinu-lipljan-2\/\" \/>\n<meta property=\"og:locale\" content=\"sr_RS\" \/>\n<meta property=\"og:type\" content=\"article\" \/>\n<meta property=\"og:title\" content=\"Predsednica Osmani posetila je op\u0161tinu Lipljan - Predsednik Republike Kosovo - DR. VJOSA OSMANI - SADRIU\" \/>\n<meta property=\"og:description\" content=\"Predsednica Osmani posetila je op\u0161tinu Lipljan - Predsednik Republike Kosovo - DR. VJOSA OSMANI - SADRIU -\" \/>\n<meta property=\"og:url\" content=\"https:\/\/president-ksgov.net\/sr\/predsednica-osmani-posetila-je-opstinu-lipljan-2\/\" \/>\n<meta property=\"og:site_name\" content=\"Predsednik Republike Kosovo - DR. VJOSA OSMANI - SADRIU\" \/>\n<meta property=\"article:published_time\" content=\"2024-03-18T20:05:44+00:00\" \/>\n<meta property=\"article:modified_time\" content=\"2024-03-21T17:58:06+00:00\" \/>\n<meta property=\"og:image\" content=\"https:\/\/president-ksgov.net\/wp-content\/uploads\/1-232.jpg\" \/>\n\t<meta property=\"og:image:width\" content=\"1201\" \/>\n\t<meta property=\"og:image:height\" content=\"1066\" \/>\n\t<meta property=\"og:image:type\" content=\"image\/jpeg\" \/>\n<meta name=\"author\" content=\"presidentlogin\" \/>\n<meta name=\"twitter:card\" content=\"summary_large_image\" \/>\n<meta name=\"twitter:label1\" content=\"\u041d\u0430\u043f\u0438\u0441\u0430\u043d\u043e \u043e\u0434\" \/>\n\t<meta name=\"twitter:data1\" content=\"presidentlogin\" \/>\n\t<meta name=\"twitter:label2\" content=\"\u041f\u0440\u043e\u0446\u0435\u045a\u0435\u043d\u043e \u0432\u0440\u0435\u043c\u0435 \u0447\u0438\u0442\u0430\u045a\u0430\" \/>\n\t<meta name=\"twitter:data2\" content=\"3 \u043c\u0438\u043d\u0443\u0442\u0430\" \/>\n<script type=\"application\/ld+json\" class=\"yoast-schema-graph\">{\"@context\":\"https:\/\/schema.org\",\"@graph\":[{\"@type\":\"WebPage\",\"@id\":\"https:\/\/president-ksgov.net\/sr\/predsednica-osmani-posetila-je-opstinu-lipljan-2\/\",\"url\":\"https:\/\/president-ksgov.net\/sr\/predsednica-osmani-posetila-je-opstinu-lipljan-2\/\",\"name\":\"Predsednica Osmani posetila je op\u0161tinu Lipljan - Predsednik Republike Kosovo - DR. VJOSA OSMANI - SADRIU\",\"isPartOf\":{\"@id\":\"https:\/\/president-ksgov.net\/#website\"},\"primaryImageOfPage\":{\"@id\":\"https:\/\/president-ksgov.net\/sr\/predsednica-osmani-posetila-je-opstinu-lipljan-2\/#primaryimage\"},\"image\":{\"@id\":\"https:\/\/president-ksgov.net\/sr\/predsednica-osmani-posetila-je-opstinu-lipljan-2\/#primaryimage\"},\"thumbnailUrl\":\"https:\/\/president-ksgov.net\/wp-content\/uploads\/1-232.jpg\",\"datePublished\":\"2024-03-18T20:05:44+00:00\",\"dateModified\":\"2024-03-21T17:58:06+00:00\",\"author\":{\"@id\":\"https:\/\/president-ksgov.net\/#\/schema\/person\/1a2c014cffc81ec60d5a452a36d08d92\"},\"description\":\"Predsednica Osmani posetila je op\u0161tinu Lipljan - Predsednik Republike Kosovo - DR. VJOSA OSMANI - SADRIU -\",\"breadcrumb\":{\"@id\":\"https:\/\/president-ksgov.net\/sr\/predsednica-osmani-posetila-je-opstinu-lipljan-2\/#breadcrumb\"},\"inLanguage\":\"sr-RS\",\"potentialAction\":[{\"@type\":\"ReadAction\",\"target\":[\"https:\/\/president-ksgov.net\/sr\/predsednica-osmani-posetila-je-opstinu-lipljan-2\/\"]}]},{\"@type\":\"ImageObject\",\"inLanguage\":\"sr-RS\",\"@id\":\"https:\/\/president-ksgov.net\/sr\/predsednica-osmani-posetila-je-opstinu-lipljan-2\/#primaryimage\",\"url\":\"https:\/\/president-ksgov.net\/wp-content\/uploads\/1-232.jpg\",\"contentUrl\":\"https:\/\/president-ksgov.net\/wp-content\/uploads\/1-232.jpg\",\"width\":1201,\"height\":1066},{\"@type\":\"BreadcrumbList\",\"@id\":\"https:\/\/president-ksgov.net\/sr\/predsednica-osmani-posetila-je-opstinu-lipljan-2\/#breadcrumb\",\"itemListElement\":[{\"@type\":\"ListItem\",\"position\":1,\"name\":\"Home\",\"item\":\"https:\/\/president-ksgov.net\/sr\/\"},{\"@type\":\"ListItem\",\"position\":2,\"name\":\"Predsednica Osmani posetila je op\u0161tinu Lipljan\"}]},{\"@type\":\"WebSite\",\"@id\":\"https:\/\/president-ksgov.net\/#website\",\"url\":\"https:\/\/president-ksgov.net\/\",\"name\":\"Presidente e Republik\u00ebs s\u00eb Kosov\u00ebs\",\"description\":\"Presidente e Republik\u00ebs s\u00eb Kosov\u00ebs\",\"alternateName\":\"DR. VJOSA OSMANI - SADRIU\",\"potentialAction\":[{\"@type\":\"SearchAction\",\"target\":{\"@type\":\"EntryPoint\",\"urlTemplate\":\"https:\/\/president-ksgov.net\/?s={search_term_string}\"},\"query-input\":{\"@type\":\"PropertyValueSpecification\",\"valueRequired\":true,\"valueName\":\"search_term_string\"}}],\"inLanguage\":\"sr-RS\"},{\"@type\":\"Person\",\"@id\":\"https:\/\/president-ksgov.net\/#\/schema\/person\/1a2c014cffc81ec60d5a452a36d08d92\",\"name\":\"presidentlogin\",\"image\":{\"@type\":\"ImageObject\",\"inLanguage\":\"sr-RS\",\"@id\":\"https:\/\/president-ksgov.net\/#\/schema\/person\/image\/\",\"url\":\"https:\/\/secure.gravatar.com\/avatar\/339f00ab0a8a0d5ce1ecff10aa2b4a1f51f58bbd5a57793f8cd6ad624080d807?s=96&d=mm&r=g\",\"contentUrl\":\"https:\/\/secure.gravatar.com\/avatar\/339f00ab0a8a0d5ce1ecff10aa2b4a1f51f58bbd5a57793f8cd6ad624080d807?s=96&d=mm&r=g\",\"caption\":\"presidentlogin\"}}]}<\/script>\n<!-- \/ Yoast SEO plugin. -->","yoast_head_json":{"title":"Predsednica Osmani posetila je op\u0161tinu Lipljan - Predsednik Republike Kosovo - DR. VJOSA OSMANI - SADRIU","description":"Predsednica Osmani posetila je op\u0161tinu Lipljan - Predsednik Republike Kosovo - DR. VJOSA OSMANI - SADRIU -","robots":{"index":"index","follow":"follow","max-snippet":"max-snippet:-1","max-image-preview":"max-image-preview:large","max-video-preview":"max-video-preview:-1"},"canonical":"https:\/\/president-ksgov.net\/sr\/predsednica-osmani-posetila-je-opstinu-lipljan-2\/","og_locale":"sr_RS","og_type":"article","og_title":"Predsednica Osmani posetila je op\u0161tinu Lipljan - Predsednik Republike Kosovo - DR. VJOSA OSMANI - SADRIU","og_description":"Predsednica Osmani posetila je op\u0161tinu Lipljan - Predsednik Republike Kosovo - DR. VJOSA OSMANI - SADRIU -","og_url":"https:\/\/president-ksgov.net\/sr\/predsednica-osmani-posetila-je-opstinu-lipljan-2\/","og_site_name":"Predsednik Republike Kosovo - DR. VJOSA OSMANI - SADRIU","article_published_time":"2024-03-18T20:05:44+00:00","article_modified_time":"2024-03-21T17:58:06+00:00","og_image":[{"width":1201,"height":1066,"url":"https:\/\/president-ksgov.net\/wp-content\/uploads\/1-232.jpg","type":"image\/jpeg"}],"author":"presidentlogin","twitter_card":"summary_large_image","twitter_misc":{"\u041d\u0430\u043f\u0438\u0441\u0430\u043d\u043e \u043e\u0434":"presidentlogin","\u041f\u0440\u043e\u0446\u0435\u045a\u0435\u043d\u043e \u0432\u0440\u0435\u043c\u0435 \u0447\u0438\u0442\u0430\u045a\u0430":"3 \u043c\u0438\u043d\u0443\u0442\u0430"},"schema":{"@context":"https:\/\/schema.org","@graph":[{"@type":"WebPage","@id":"https:\/\/president-ksgov.net\/sr\/predsednica-osmani-posetila-je-opstinu-lipljan-2\/","url":"https:\/\/president-ksgov.net\/sr\/predsednica-osmani-posetila-je-opstinu-lipljan-2\/","name":"Predsednica Osmani posetila je op\u0161tinu Lipljan - Predsednik Republike Kosovo - DR. VJOSA OSMANI - SADRIU","isPartOf":{"@id":"https:\/\/president-ksgov.net\/#website"},"primaryImageOfPage":{"@id":"https:\/\/president-ksgov.net\/sr\/predsednica-osmani-posetila-je-opstinu-lipljan-2\/#primaryimage"},"image":{"@id":"https:\/\/president-ksgov.net\/sr\/predsednica-osmani-posetila-je-opstinu-lipljan-2\/#primaryimage"},"thumbnailUrl":"https:\/\/president-ksgov.net\/wp-content\/uploads\/1-232.jpg","datePublished":"2024-03-18T20:05:44+00:00","dateModified":"2024-03-21T17:58:06+00:00","author":{"@id":"https:\/\/president-ksgov.net\/#\/schema\/person\/1a2c014cffc81ec60d5a452a36d08d92"},"description":"Predsednica Osmani posetila je op\u0161tinu Lipljan - Predsednik Republike Kosovo - DR. VJOSA OSMANI - SADRIU -","breadcrumb":{"@id":"https:\/\/president-ksgov.net\/sr\/predsednica-osmani-posetila-je-opstinu-lipljan-2\/#breadcrumb"},"inLanguage":"sr-RS","potentialAction":[{"@type":"ReadAction","target":["https:\/\/president-ksgov.net\/sr\/predsednica-osmani-posetila-je-opstinu-lipljan-2\/"]}]},{"@type":"ImageObject","inLanguage":"sr-RS","@id":"https:\/\/president-ksgov.net\/sr\/predsednica-osmani-posetila-je-opstinu-lipljan-2\/#primaryimage","url":"https:\/\/president-ksgov.net\/wp-content\/uploads\/1-232.jpg","contentUrl":"https:\/\/president-ksgov.net\/wp-content\/uploads\/1-232.jpg","width":1201,"height":1066},{"@type":"BreadcrumbList","@id":"https:\/\/president-ksgov.net\/sr\/predsednica-osmani-posetila-je-opstinu-lipljan-2\/#breadcrumb","itemListElement":[{"@type":"ListItem","position":1,"name":"Home","item":"https:\/\/president-ksgov.net\/sr\/"},{"@type":"ListItem","position":2,"name":"Predsednica Osmani posetila je op\u0161tinu Lipljan"}]},{"@type":"WebSite","@id":"https:\/\/president-ksgov.net\/#website","url":"https:\/\/president-ksgov.net\/","name":"Presidente e Republik\u00ebs s\u00eb Kosov\u00ebs","description":"Presidente e Republik\u00ebs s\u00eb Kosov\u00ebs","alternateName":"DR. VJOSA OSMANI - SADRIU","potentialAction":[{"@type":"SearchAction","target":{"@type":"EntryPoint","urlTemplate":"https:\/\/president-ksgov.net\/?s={search_term_string}"},"query-input":{"@type":"PropertyValueSpecification","valueRequired":true,"valueName":"search_term_string"}}],"inLanguage":"sr-RS"},{"@type":"Person","@id":"https:\/\/president-ksgov.net\/#\/schema\/person\/1a2c014cffc81ec60d5a452a36d08d92","name":"presidentlogin","image":{"@type":"ImageObject","inLanguage":"sr-RS","@id":"https:\/\/president-ksgov.net\/#\/schema\/person\/image\/","url":"https:\/\/secure.gravatar.com\/avatar\/339f00ab0a8a0d5ce1ecff10aa2b4a1f51f58bbd5a57793f8cd6ad624080d807?s=96&d=mm&r=g","contentUrl":"https:\/\/secure.gravatar.com\/avatar\/339f00ab0a8a0d5ce1ecff10aa2b4a1f51f58bbd5a57793f8cd6ad624080d807?s=96&d=mm&r=g","caption":"presidentlogin"}}]}},"_links":{"self":[{"href":"https:\/\/president-ksgov.net\/sr\/wp-json\/wp\/v2\/posts\/102569","targetHints":{"allow":["GET"]}}],"collection":[{"href":"https:\/\/president-ksgov.net\/sr\/wp-json\/wp\/v2\/posts"}],"about":[{"href":"https:\/\/president-ksgov.net\/sr\/wp-json\/wp\/v2\/types\/post"}],"author":[{"embeddable":true,"href":"https:\/\/president-ksgov.net\/sr\/wp-json\/wp\/v2\/users\/11"}],"replies":[{"embeddable":true,"href":"https:\/\/president-ksgov.net\/sr\/wp-json\/wp\/v2\/comments?post=102569"}],"version-history":[{"count":1,"href":"https:\/\/president-ksgov.net\/sr\/wp-json\/wp\/v2\/posts\/102569\/revisions"}],"predecessor-version":[{"id":102570,"href":"https:\/\/president-ksgov.net\/sr\/wp-json\/wp\/v2\/posts\/102569\/revisions\/102570"}],"wp:featuredmedia":[{"embeddable":true,"href":"https:\/\/president-ksgov.net\/sr\/wp-json\/wp\/v2\/media\/102332"}],"wp:attachment":[{"href":"https:\/\/president-ksgov.net\/sr\/wp-json\/wp\/v2\/media?parent=102569"}],"wp:term":[{"taxonomy":"category","embeddable":true,"href":"https:\/\/president-ksgov.net\/sr\/wp-json\/wp\/v2\/categories?post=102569"},{"taxonomy":"post_tag","embeddable":true,"href":"https:\/\/president-ksgov.net\/sr\/wp-json\/wp\/v2\/tags?post=102569"}],"curies":[{"name":"wp","href":"https:\/\/api.w.org\/{rel}","templated":true}]}}