{"id":101707,"date":"2024-03-05T11:00:19","date_gmt":"2024-03-05T10:00:19","guid":{"rendered":"https:\/\/president-ksgov.net\/?p=101707"},"modified":"2026-01-22T10:12:40","modified_gmt":"2026-01-22T09:12:40","slug":"govor-predsednice-osmani-na-svecanoj-sednici-skupstine-republike-kosovo-povodom-26-godisnjice-epopeje-ovk-a","status":"publish","type":"post","link":"https:\/\/president-ksgov.net\/sr\/govor-predsednice-osmani-na-svecanoj-sednici-skupstine-republike-kosovo-povodom-26-godisnjice-epopeje-ovk-a\/","title":{"rendered":"Govor predsednice Osmani na Sve\u010danoj sednici Skup\u0161tine Republike Kosovo, povodom 26. godi\u0161njice Epopeje OVK-a"},"content":{"rendered":"<p>Po\u0161tovani \u010dika Rifate,<\/p>\n<p>Po\u0161tovana amblemska porodico Jashari,<\/p>\n<p>Po\u0161tovani predsedni\u010de Skup\u0161tine g. Konjufca,<\/p>\n<p>Po\u0161tovani premijeru Republike, g. Kurti,<\/p>\n<p>Ministri i poslanici,<\/p>\n<p>Po\u0161tovani ambasadori i predstavnici diplomatskih misija u na\u0161oj zemlji,<\/p>\n<p>Porodice palih boraca,<\/p>\n<p>Udru\u017eenja proistekla iz rata,<\/p>\n<p>Predsednici op\u0161tina,<\/p>\n<p>Predstavnici centralnih i lokalnih institucija,<\/p>\n<p>Po\u0161tovani u\u010desnici,<\/p>\n<p>&nbsp;<\/p>\n<p>Svaki put kada do\u0111e mart, na\u0161a se\u0107anja se prirodno vra\u0107aju na najslavniji period istorije na\u0161eg naroda vezan za na\u0161e napore za slobodu i dr\u017eavu.<\/p>\n<p>Mart je mesec urezan u anale borbe na\u0161eg naroda za slobodu, mesec kada je nesalomivi duh Adema Jasharija i Oslobodila\u010dke vojske Kosova dao podsticaj borbi protiv genocidnog re\u017eima Milo\u0161evi\u0107a.<\/p>\n<p>Dakle, mart dolazi ponovo nije vi\u0161e samo pesni\u010dki refren, to je moto se\u0107anja i po\u0161tovanja na\u0161e borbe za slobodu i nezavisnost, koji se nesumnjivo poistove\u0107uje sa glavnim likom na\u0161e borbe, legendarnim komandantom Ademom Jasharijem, njegovom porodicom i celokupnom Oslobodila\u010dkom vojskom Kosova.<\/p>\n<p>Na 16. godi\u0161njicu nezavisnosti na\u0161e zemlje, Epopeja OVK-a obele\u017eava 26. godi\u0161njicu.<\/p>\n<p>Shaban Jashari, Adem, Hamza i svi \u010dlanovi porodice Jashari pokazali su 5., 6. i 7. marta 1998. godine nevi\u0111eno herojstvo i po\u017ertvovanost, \u0161tite\u0107i prag svog doma. Prag ku\u0107e Jasharijevih, u stvari, simbolizovao je samo Kosovo.<\/p>\n<p>Suo\u010den sa tiranijom i nepravdom, gigant Adem Jashari oli\u010dava hrabrost i nepokolebljivu posve\u0107enost slobodi. On i cela njegova porodica su odbili da se poklone, pa su se borili za dostojanstvo i slobodu celog Kosova.<\/p>\n<p>Na\u0161 ustanik, Adem Jashari, pao je na oltaru slobode zajedno sa \u010dlanovima svoje porodice, postav\u0161i tako stalni \u010duvar Kosova, stalni \u010duvar na\u0161e krvlju natopljene slobode.<\/p>\n<p>Oni su vodili bitku za slobodu, stoga za pokazani stoicizam, posve\u0107enost i herojstvo, legendarnom komandantu sa porodicom i svakom borcu, svakom veteranu i invalidu Oslobodila\u010dke vojske Kosova dugujemo ve\u010dnu zahvalnost!<\/p>\n<p>Heroji su vodi\u010di na putu na\u0161e zemlje, pa \u0107emo im odati po\u010dast \u010duvanjem i negovanjem vrednosti za koje su se borili i pali.<\/p>\n<p>Na\u0161 put je bio naporan, na\u0161 put pun izazova, ali kroz sve to smo iza\u0161li kao pobednici zahvaljuju\u0107i \u017ertvi na\u0161ih ratnika. Na\u0161a sloboda i nezavisnost su ne\u0161to najdragocenije \u0161to smo od njih nasledili i svete su isto koliko i na\u0161i heroji, \u010dija je krv temelj na\u0161e Republike.<\/p>\n<p>Epopeja OVK-a odredila je na\u0161u sudbinu kao naroda i kao dr\u017eave. Bila je to epopeja na\u0161eg dostojanstva, ponosa i slobode, kojom je, izuzetnom istrajno\u0161\u0107u i izdr\u017eljivo\u0161\u0107u, dokazano da sloboda nema cenu, koju nismo spremni da platimo.<\/p>\n<p>Dakle, dr\u017eava Kosovo danas stoji upravo na ple\u0107ima na\u0161ih heroja, \u010dija je hrabrost i \u017ertva krojila sudbinu na\u0161e Republike, na\u0161e svete Republike. Slu\u017ei\u0107emo ovoj Republici sa odano\u0161\u0107u, kao \u0161to su joj slu\u017eili svi oni pali borci.<\/p>\n<p>Rad Adema Jasharija i cele porodice Jashari je svedo\u010danstvo o mo\u0107i ljudskog duha, podse\u0107anje da \u010dak i u na\u0161im najmra\u010dnijim \u010dasovima nalazimo snagu kao narod da se izdignemo iznad stra\u0161nih okolnosti i borimo se za ono u \u0161ta verujemo. Uradio je, Legendarni komandant je to uradio, zato je sa celom svojom porodicom postao na\u0161 ve\u010diti heroj. Bio je vi\u0161e od komandanta &#8211; bio je vizionar \u010dija hrabrost nije imala granice.<\/p>\n<p>Danas na\u0161a zemlja ide napred zajedno sa novom generacijom Jasharijevih. Sa novim Adamom, novim Hamzom, svim mladi\u0107ima i devojkama, koji pevaju \u201eMora fjal\u00eb\u201c u svakom kutku Kosova. Danas ku\u0107e Jasharijevih pulsiraju \u017eivotom. U me\u0111uvremenu, zajedni\u010dki nastavljamo putanju zapo\u010detu od tada, ja\u010daju\u0107i dr\u017eavu i \u0161tite\u0107i \u017eivot i prava svakog na\u0161eg gra\u0111anina.<\/p>\n<p>Ali na\u0161 zajedni\u010dki napor u ovom procesu nije zavr\u0161en. Sada je, vi\u0161e nego ikada, neophodno jedinstvo po pitanjima od nacionalnog interesa, jer je to jedino sredstvo za ja\u010danje na\u0161e dr\u017eave, njenog integriteta i odavanja po\u010dasti se\u0107anju na one koji su se \u017ertvovali za na\u0161u Republiku.<\/p>\n<p>Na nama je da ispi\u0161emo novo poglavlje istorije na\u0161e zemlje, poglavlje razvoja i me\u0111unarodne afirmacije Republike.<\/p>\n<p>Kosovo je na\u0161a domovina koja zaslu\u017euje na\u0161u nepokolebljivu posve\u0107enost svakog dana!<\/p>\n<p>Bog blagoslovio porodicu Jashari!<\/p>\n<p>Neka Bog blagoslovi sve pale borce OVK-a!<\/p>\n<p>Bog blagoslovio na\u0161u Republiku!<\/p>\n<p>&nbsp;<\/p>\n<p>Hvala vam!<\/p>\n<p>&nbsp;<\/p>\n<p><iframe width=\"1396\" height=\"785\" src=\"https:\/\/www.youtube.com\/embed\/IqnL2nbTwuQ\" title=\"Seanca solemne e Kuvendit t\u00eb Kosov\u00ebs me rastin e 26 vjetorit t\u00eb Epopes\u00eb s\u00eb U\u00c7K-s\u00eb - 05.03.2024\" frameborder=\"0\" allow=\"accelerometer; autoplay; clipboard-write; encrypted-media; gyroscope; picture-in-picture; web-share\" referrerpolicy=\"strict-origin-when-cross-origin\" allowfullscreen><\/iframe><\/p>\n","protected":false},"excerpt":{"rendered":"<p>Po\u0161tovani \u010dika Rifate, Po\u0161tovana amblemska porodico Jashari, Po\u0161tovani predsedni\u010de Skup\u0161tine g. Konjufca, Po\u0161tovani premijeru Republike, g. Kurti, Ministri i poslanici, Po\u0161tovani ambasadori i predstavnici diplomatskih misija u na\u0161oj zemlji, Porodice palih boraca, Udru\u017eenja proistekla iz rata, Predsednici op\u0161tina, Predstavnici centralnih i lokalnih institucija, Po\u0161tovani u\u010desnici, &nbsp; Svaki put kada do\u0111e mart, na\u0161a se\u0107anja se prirodno vra\u0107aju na najslavniji period istorije na\u0161eg naroda vezan za na\u0161e napore za slobodu i dr\u017eavu. Mart je mesec urezan u anale borbe na\u0161eg naroda za slobodu, mesec kada je nesalomivi duh Adema Jasharija i Oslobodila\u010dke vojske Kosova dao podsticaj borbi protiv genocidnog re\u017eima Milo\u0161evi\u0107a. Dakle, mart dolazi ponovo nije vi\u0161e samo pesni\u010dki refren, to je moto se\u0107anja i po\u0161tovanja na\u0161e borbe za slobodu i nezavisnost, koji se nesumnjivo poistove\u0107uje sa glavnim likom na\u0161e borbe, legendarnim komandantom Ademom Jasharijem, njegovom porodicom i celokupnom Oslobodila\u010dkom vojskom Kosova. Na 16. godi\u0161njicu nezavisnosti na\u0161e zemlje, Epopeja OVK-a obele\u017eava 26. godi\u0161njicu. Shaban Jashari, Adem, Hamza i svi \u010dlanovi porodice Jashari pokazali su 5., 6. i 7. marta 1998. godine nevi\u0111eno herojstvo i po\u017ertvovanost, \u0161tite\u0107i prag svog doma. Prag ku\u0107e Jasharijevih, u stvari, simbolizovao je samo Kosovo. Suo\u010den sa tiranijom i nepravdom, gigant Adem Jashari oli\u010dava hrabrost i nepokolebljivu posve\u0107enost slobodi. On i cela njegova porodica su odbili da se poklone, pa su se borili za dostojanstvo i slobodu celog Kosova. Na\u0161 ustanik, Adem Jashari, pao je na oltaru slobode zajedno sa \u010dlanovima svoje porodice, postav\u0161i tako stalni \u010duvar Kosova, stalni \u010duvar na\u0161e krvlju natopljene slobode. Oni su vodili bitku za slobodu, stoga za pokazani stoicizam, posve\u0107enost i herojstvo, legendarnom komandantu sa porodicom i svakom borcu, svakom veteranu i invalidu Oslobodila\u010dke vojske Kosova dugujemo ve\u010dnu zahvalnost! Heroji su vodi\u010di na putu na\u0161e zemlje, pa \u0107emo im odati po\u010dast \u010duvanjem i negovanjem vrednosti za koje su se borili i pali. Na\u0161 put je bio naporan, na\u0161 put pun izazova, ali kroz sve to smo iza\u0161li kao pobednici zahvaljuju\u0107i \u017ertvi na\u0161ih ratnika. Na\u0161a sloboda i nezavisnost su ne\u0161to najdragocenije \u0161to smo od njih nasledili i svete su isto koliko i na\u0161i heroji, \u010dija je krv temelj na\u0161e Republike. Epopeja OVK-a odredila je na\u0161u sudbinu kao naroda i kao dr\u017eave. Bila je to epopeja na\u0161eg dostojanstva, ponosa i slobode, kojom je, izuzetnom istrajno\u0161\u0107u i izdr\u017eljivo\u0161\u0107u, dokazano da sloboda nema cenu, koju nismo spremni da platimo. Dakle, dr\u017eava Kosovo danas stoji upravo na ple\u0107ima na\u0161ih heroja, \u010dija je hrabrost i \u017ertva krojila sudbinu na\u0161e Republike, na\u0161e svete Republike. Slu\u017ei\u0107emo ovoj Republici sa odano\u0161\u0107u, kao \u0161to su joj slu\u017eili svi oni pali borci. Rad Adema Jasharija i cele porodice Jashari je svedo\u010danstvo o mo\u0107i ljudskog duha, podse\u0107anje da \u010dak i u na\u0161im najmra\u010dnijim \u010dasovima nalazimo snagu kao narod da se izdignemo iznad stra\u0161nih okolnosti i borimo se za ono u \u0161ta verujemo. Uradio je, Legendarni komandant je to uradio, zato je sa celom svojom porodicom postao na\u0161 ve\u010diti heroj. Bio je vi\u0161e od komandanta &#8211; bio je vizionar \u010dija hrabrost nije imala granice. Danas na\u0161a zemlja ide napred zajedno sa novom generacijom Jasharijevih. Sa novim Adamom, novim Hamzom, svim mladi\u0107ima i devojkama, koji pevaju \u201eMora fjal\u00eb\u201c u svakom kutku Kosova. Danas ku\u0107e Jasharijevih pulsiraju \u017eivotom. U me\u0111uvremenu, zajedni\u010dki nastavljamo putanju zapo\u010detu od tada, ja\u010daju\u0107i dr\u017eavu i \u0161tite\u0107i \u017eivot i prava svakog na\u0161eg gra\u0111anina. Ali na\u0161 zajedni\u010dki napor u ovom procesu nije zavr\u0161en. Sada je, vi\u0161e nego ikada, neophodno jedinstvo po pitanjima od nacionalnog interesa, jer je to jedino sredstvo za ja\u010danje na\u0161e dr\u017eave, njenog integriteta i odavanja po\u010dasti se\u0107anju na one koji su se \u017ertvovali za na\u0161u Republiku. Na nama je da ispi\u0161emo novo poglavlje istorije na\u0161e zemlje, poglavlje razvoja i me\u0111unarodne afirmacije Republike. Kosovo je na\u0161a domovina koja zaslu\u017euje na\u0161u nepokolebljivu posve\u0107enost svakog dana! Bog blagoslovio porodicu Jashari! Neka Bog blagoslovi sve pale borce OVK-a! Bog blagoslovio na\u0161u Republiku! &nbsp; Hvala vam! &nbsp;<\/p>\n","protected":false},"author":11,"featured_media":101571,"comment_status":"closed","ping_status":"closed","sticky":false,"template":"","format":"standard","meta":{"_eb_attr":"","footnotes":""},"categories":[106,101],"tags":[],"class_list":["post-101707","post","type-post","status-publish","format-standard","has-post-thumbnail","hentry","category-govori","category-vesti"],"yoast_head":"<!-- This site is optimized with the Yoast SEO plugin v23.5 - https:\/\/yoast.com\/wordpress\/plugins\/seo\/ -->\n<title>Govor predsednice Osmani na Sve\u010danoj sednici Skup\u0161tine Republike Kosovo, povodom 26. godi\u0161njice Epopeje OVK-a - Predsednik Republike Kosovo - DR. VJOSA OSMANI - SADRIU<\/title>\n<meta name=\"description\" content=\"Govor predsednice Osmani na Sve\u010danoj sednici Skup\u0161tine Republike Kosovo, povodom 26. godi\u0161njice Epopeje OVK-a - Predsednik Republike Kosovo - DR. VJOSA OSMANI - SADRIU -\" \/>\n<meta name=\"robots\" content=\"index, follow, max-snippet:-1, max-image-preview:large, max-video-preview:-1\" \/>\n<link rel=\"canonical\" href=\"https:\/\/president-ksgov.net\/sr\/govor-predsednice-osmani-na-svecanoj-sednici-skupstine-republike-kosovo-povodom-26-godisnjice-epopeje-ovk-a\/\" \/>\n<meta property=\"og:locale\" content=\"sr_RS\" \/>\n<meta property=\"og:type\" content=\"article\" \/>\n<meta property=\"og:title\" content=\"Govor predsednice Osmani na Sve\u010danoj sednici Skup\u0161tine Republike Kosovo, povodom 26. godi\u0161njice Epopeje OVK-a - Predsednik Republike Kosovo - DR. VJOSA OSMANI - SADRIU\" \/>\n<meta property=\"og:description\" content=\"Govor predsednice Osmani na Sve\u010danoj sednici Skup\u0161tine Republike Kosovo, povodom 26. godi\u0161njice Epopeje OVK-a - Predsednik Republike Kosovo - DR. VJOSA OSMANI - SADRIU -\" \/>\n<meta property=\"og:url\" content=\"https:\/\/president-ksgov.net\/sr\/govor-predsednice-osmani-na-svecanoj-sednici-skupstine-republike-kosovo-povodom-26-godisnjice-epopeje-ovk-a\/\" \/>\n<meta property=\"og:site_name\" content=\"Predsednik Republike Kosovo - DR. VJOSA OSMANI - SADRIU\" \/>\n<meta property=\"article:published_time\" content=\"2024-03-05T10:00:19+00:00\" \/>\n<meta property=\"article:modified_time\" content=\"2026-01-22T09:12:40+00:00\" \/>\n<meta property=\"og:image\" content=\"https:\/\/president-ksgov.net\/wp-content\/uploads\/0-11.jpg\" \/>\n\t<meta property=\"og:image:width\" content=\"2000\" \/>\n\t<meta property=\"og:image:height\" content=\"1332\" \/>\n\t<meta property=\"og:image:type\" content=\"image\/jpeg\" \/>\n<meta name=\"author\" content=\"presidentlogin\" \/>\n<meta name=\"twitter:card\" content=\"summary_large_image\" \/>\n<meta name=\"twitter:label1\" content=\"\u041d\u0430\u043f\u0438\u0441\u0430\u043d\u043e \u043e\u0434\" \/>\n\t<meta name=\"twitter:data1\" content=\"presidentlogin\" \/>\n\t<meta name=\"twitter:label2\" content=\"\u041f\u0440\u043e\u0446\u0435\u045a\u0435\u043d\u043e \u0432\u0440\u0435\u043c\u0435 \u0447\u0438\u0442\u0430\u045a\u0430\" \/>\n\t<meta name=\"twitter:data2\" content=\"4 \u043c\u0438\u043d\u0443\u0442\u0430\" \/>\n<script type=\"application\/ld+json\" class=\"yoast-schema-graph\">{\"@context\":\"https:\/\/schema.org\",\"@graph\":[{\"@type\":\"WebPage\",\"@id\":\"https:\/\/president-ksgov.net\/sr\/govor-predsednice-osmani-na-svecanoj-sednici-skupstine-republike-kosovo-povodom-26-godisnjice-epopeje-ovk-a\/\",\"url\":\"https:\/\/president-ksgov.net\/sr\/govor-predsednice-osmani-na-svecanoj-sednici-skupstine-republike-kosovo-povodom-26-godisnjice-epopeje-ovk-a\/\",\"name\":\"Govor predsednice Osmani na Sve\u010danoj sednici Skup\u0161tine Republike Kosovo, povodom 26. godi\u0161njice Epopeje OVK-a - Predsednik Republike Kosovo - DR. VJOSA OSMANI - SADRIU\",\"isPartOf\":{\"@id\":\"https:\/\/president-ksgov.net\/#website\"},\"primaryImageOfPage\":{\"@id\":\"https:\/\/president-ksgov.net\/sr\/govor-predsednice-osmani-na-svecanoj-sednici-skupstine-republike-kosovo-povodom-26-godisnjice-epopeje-ovk-a\/#primaryimage\"},\"image\":{\"@id\":\"https:\/\/president-ksgov.net\/sr\/govor-predsednice-osmani-na-svecanoj-sednici-skupstine-republike-kosovo-povodom-26-godisnjice-epopeje-ovk-a\/#primaryimage\"},\"thumbnailUrl\":\"https:\/\/president-ksgov.net\/wp-content\/uploads\/0-11.jpg\",\"datePublished\":\"2024-03-05T10:00:19+00:00\",\"dateModified\":\"2026-01-22T09:12:40+00:00\",\"author\":{\"@id\":\"https:\/\/president-ksgov.net\/#\/schema\/person\/1a2c014cffc81ec60d5a452a36d08d92\"},\"description\":\"Govor predsednice Osmani na Sve\u010danoj sednici Skup\u0161tine Republike Kosovo, povodom 26. godi\u0161njice Epopeje OVK-a - Predsednik Republike Kosovo - DR. VJOSA OSMANI - SADRIU -\",\"breadcrumb\":{\"@id\":\"https:\/\/president-ksgov.net\/sr\/govor-predsednice-osmani-na-svecanoj-sednici-skupstine-republike-kosovo-povodom-26-godisnjice-epopeje-ovk-a\/#breadcrumb\"},\"inLanguage\":\"sr-RS\",\"potentialAction\":[{\"@type\":\"ReadAction\",\"target\":[\"https:\/\/president-ksgov.net\/sr\/govor-predsednice-osmani-na-svecanoj-sednici-skupstine-republike-kosovo-povodom-26-godisnjice-epopeje-ovk-a\/\"]}]},{\"@type\":\"ImageObject\",\"inLanguage\":\"sr-RS\",\"@id\":\"https:\/\/president-ksgov.net\/sr\/govor-predsednice-osmani-na-svecanoj-sednici-skupstine-republike-kosovo-povodom-26-godisnjice-epopeje-ovk-a\/#primaryimage\",\"url\":\"https:\/\/president-ksgov.net\/wp-content\/uploads\/0-11.jpg\",\"contentUrl\":\"https:\/\/president-ksgov.net\/wp-content\/uploads\/0-11.jpg\",\"width\":2000,\"height\":1332},{\"@type\":\"BreadcrumbList\",\"@id\":\"https:\/\/president-ksgov.net\/sr\/govor-predsednice-osmani-na-svecanoj-sednici-skupstine-republike-kosovo-povodom-26-godisnjice-epopeje-ovk-a\/#breadcrumb\",\"itemListElement\":[{\"@type\":\"ListItem\",\"position\":1,\"name\":\"Home\",\"item\":\"https:\/\/president-ksgov.net\/sr\/\"},{\"@type\":\"ListItem\",\"position\":2,\"name\":\"Govor predsednice Osmani na Sve\u010danoj sednici Skup\u0161tine Republike Kosovo, povodom 26. godi\u0161njice Epopeje OVK-a\"}]},{\"@type\":\"WebSite\",\"@id\":\"https:\/\/president-ksgov.net\/#website\",\"url\":\"https:\/\/president-ksgov.net\/\",\"name\":\"Presidente e Republik\u00ebs s\u00eb Kosov\u00ebs\",\"description\":\"Presidente e Republik\u00ebs s\u00eb Kosov\u00ebs\",\"alternateName\":\"DR. VJOSA OSMANI - SADRIU\",\"potentialAction\":[{\"@type\":\"SearchAction\",\"target\":{\"@type\":\"EntryPoint\",\"urlTemplate\":\"https:\/\/president-ksgov.net\/?s={search_term_string}\"},\"query-input\":{\"@type\":\"PropertyValueSpecification\",\"valueRequired\":true,\"valueName\":\"search_term_string\"}}],\"inLanguage\":\"sr-RS\"},{\"@type\":\"Person\",\"@id\":\"https:\/\/president-ksgov.net\/#\/schema\/person\/1a2c014cffc81ec60d5a452a36d08d92\",\"name\":\"presidentlogin\",\"image\":{\"@type\":\"ImageObject\",\"inLanguage\":\"sr-RS\",\"@id\":\"https:\/\/president-ksgov.net\/#\/schema\/person\/image\/\",\"url\":\"https:\/\/secure.gravatar.com\/avatar\/339f00ab0a8a0d5ce1ecff10aa2b4a1f51f58bbd5a57793f8cd6ad624080d807?s=96&d=mm&r=g\",\"contentUrl\":\"https:\/\/secure.gravatar.com\/avatar\/339f00ab0a8a0d5ce1ecff10aa2b4a1f51f58bbd5a57793f8cd6ad624080d807?s=96&d=mm&r=g\",\"caption\":\"presidentlogin\"}}]}<\/script>\n<!-- \/ Yoast SEO plugin. -->","yoast_head_json":{"title":"Govor predsednice Osmani na Sve\u010danoj sednici Skup\u0161tine Republike Kosovo, povodom 26. godi\u0161njice Epopeje OVK-a - Predsednik Republike Kosovo - DR. VJOSA OSMANI - SADRIU","description":"Govor predsednice Osmani na Sve\u010danoj sednici Skup\u0161tine Republike Kosovo, povodom 26. godi\u0161njice Epopeje OVK-a - Predsednik Republike Kosovo - DR. VJOSA OSMANI - SADRIU -","robots":{"index":"index","follow":"follow","max-snippet":"max-snippet:-1","max-image-preview":"max-image-preview:large","max-video-preview":"max-video-preview:-1"},"canonical":"https:\/\/president-ksgov.net\/sr\/govor-predsednice-osmani-na-svecanoj-sednici-skupstine-republike-kosovo-povodom-26-godisnjice-epopeje-ovk-a\/","og_locale":"sr_RS","og_type":"article","og_title":"Govor predsednice Osmani na Sve\u010danoj sednici Skup\u0161tine Republike Kosovo, povodom 26. godi\u0161njice Epopeje OVK-a - Predsednik Republike Kosovo - DR. VJOSA OSMANI - SADRIU","og_description":"Govor predsednice Osmani na Sve\u010danoj sednici Skup\u0161tine Republike Kosovo, povodom 26. godi\u0161njice Epopeje OVK-a - Predsednik Republike Kosovo - DR. VJOSA OSMANI - SADRIU -","og_url":"https:\/\/president-ksgov.net\/sr\/govor-predsednice-osmani-na-svecanoj-sednici-skupstine-republike-kosovo-povodom-26-godisnjice-epopeje-ovk-a\/","og_site_name":"Predsednik Republike Kosovo - DR. VJOSA OSMANI - SADRIU","article_published_time":"2024-03-05T10:00:19+00:00","article_modified_time":"2026-01-22T09:12:40+00:00","og_image":[{"width":2000,"height":1332,"url":"https:\/\/president-ksgov.net\/wp-content\/uploads\/0-11.jpg","type":"image\/jpeg"}],"author":"presidentlogin","twitter_card":"summary_large_image","twitter_misc":{"\u041d\u0430\u043f\u0438\u0441\u0430\u043d\u043e \u043e\u0434":"presidentlogin","\u041f\u0440\u043e\u0446\u0435\u045a\u0435\u043d\u043e \u0432\u0440\u0435\u043c\u0435 \u0447\u0438\u0442\u0430\u045a\u0430":"4 \u043c\u0438\u043d\u0443\u0442\u0430"},"schema":{"@context":"https:\/\/schema.org","@graph":[{"@type":"WebPage","@id":"https:\/\/president-ksgov.net\/sr\/govor-predsednice-osmani-na-svecanoj-sednici-skupstine-republike-kosovo-povodom-26-godisnjice-epopeje-ovk-a\/","url":"https:\/\/president-ksgov.net\/sr\/govor-predsednice-osmani-na-svecanoj-sednici-skupstine-republike-kosovo-povodom-26-godisnjice-epopeje-ovk-a\/","name":"Govor predsednice Osmani na Sve\u010danoj sednici Skup\u0161tine Republike Kosovo, povodom 26. godi\u0161njice Epopeje OVK-a - Predsednik Republike Kosovo - DR. VJOSA OSMANI - SADRIU","isPartOf":{"@id":"https:\/\/president-ksgov.net\/#website"},"primaryImageOfPage":{"@id":"https:\/\/president-ksgov.net\/sr\/govor-predsednice-osmani-na-svecanoj-sednici-skupstine-republike-kosovo-povodom-26-godisnjice-epopeje-ovk-a\/#primaryimage"},"image":{"@id":"https:\/\/president-ksgov.net\/sr\/govor-predsednice-osmani-na-svecanoj-sednici-skupstine-republike-kosovo-povodom-26-godisnjice-epopeje-ovk-a\/#primaryimage"},"thumbnailUrl":"https:\/\/president-ksgov.net\/wp-content\/uploads\/0-11.jpg","datePublished":"2024-03-05T10:00:19+00:00","dateModified":"2026-01-22T09:12:40+00:00","author":{"@id":"https:\/\/president-ksgov.net\/#\/schema\/person\/1a2c014cffc81ec60d5a452a36d08d92"},"description":"Govor predsednice Osmani na Sve\u010danoj sednici Skup\u0161tine Republike Kosovo, povodom 26. godi\u0161njice Epopeje OVK-a - Predsednik Republike Kosovo - DR. VJOSA OSMANI - SADRIU -","breadcrumb":{"@id":"https:\/\/president-ksgov.net\/sr\/govor-predsednice-osmani-na-svecanoj-sednici-skupstine-republike-kosovo-povodom-26-godisnjice-epopeje-ovk-a\/#breadcrumb"},"inLanguage":"sr-RS","potentialAction":[{"@type":"ReadAction","target":["https:\/\/president-ksgov.net\/sr\/govor-predsednice-osmani-na-svecanoj-sednici-skupstine-republike-kosovo-povodom-26-godisnjice-epopeje-ovk-a\/"]}]},{"@type":"ImageObject","inLanguage":"sr-RS","@id":"https:\/\/president-ksgov.net\/sr\/govor-predsednice-osmani-na-svecanoj-sednici-skupstine-republike-kosovo-povodom-26-godisnjice-epopeje-ovk-a\/#primaryimage","url":"https:\/\/president-ksgov.net\/wp-content\/uploads\/0-11.jpg","contentUrl":"https:\/\/president-ksgov.net\/wp-content\/uploads\/0-11.jpg","width":2000,"height":1332},{"@type":"BreadcrumbList","@id":"https:\/\/president-ksgov.net\/sr\/govor-predsednice-osmani-na-svecanoj-sednici-skupstine-republike-kosovo-povodom-26-godisnjice-epopeje-ovk-a\/#breadcrumb","itemListElement":[{"@type":"ListItem","position":1,"name":"Home","item":"https:\/\/president-ksgov.net\/sr\/"},{"@type":"ListItem","position":2,"name":"Govor predsednice Osmani na Sve\u010danoj sednici Skup\u0161tine Republike Kosovo, povodom 26. godi\u0161njice Epopeje OVK-a"}]},{"@type":"WebSite","@id":"https:\/\/president-ksgov.net\/#website","url":"https:\/\/president-ksgov.net\/","name":"Presidente e Republik\u00ebs s\u00eb Kosov\u00ebs","description":"Presidente e Republik\u00ebs s\u00eb Kosov\u00ebs","alternateName":"DR. VJOSA OSMANI - SADRIU","potentialAction":[{"@type":"SearchAction","target":{"@type":"EntryPoint","urlTemplate":"https:\/\/president-ksgov.net\/?s={search_term_string}"},"query-input":{"@type":"PropertyValueSpecification","valueRequired":true,"valueName":"search_term_string"}}],"inLanguage":"sr-RS"},{"@type":"Person","@id":"https:\/\/president-ksgov.net\/#\/schema\/person\/1a2c014cffc81ec60d5a452a36d08d92","name":"presidentlogin","image":{"@type":"ImageObject","inLanguage":"sr-RS","@id":"https:\/\/president-ksgov.net\/#\/schema\/person\/image\/","url":"https:\/\/secure.gravatar.com\/avatar\/339f00ab0a8a0d5ce1ecff10aa2b4a1f51f58bbd5a57793f8cd6ad624080d807?s=96&d=mm&r=g","contentUrl":"https:\/\/secure.gravatar.com\/avatar\/339f00ab0a8a0d5ce1ecff10aa2b4a1f51f58bbd5a57793f8cd6ad624080d807?s=96&d=mm&r=g","caption":"presidentlogin"}}]}},"_links":{"self":[{"href":"https:\/\/president-ksgov.net\/sr\/wp-json\/wp\/v2\/posts\/101707","targetHints":{"allow":["GET"]}}],"collection":[{"href":"https:\/\/president-ksgov.net\/sr\/wp-json\/wp\/v2\/posts"}],"about":[{"href":"https:\/\/president-ksgov.net\/sr\/wp-json\/wp\/v2\/types\/post"}],"author":[{"embeddable":true,"href":"https:\/\/president-ksgov.net\/sr\/wp-json\/wp\/v2\/users\/11"}],"replies":[{"embeddable":true,"href":"https:\/\/president-ksgov.net\/sr\/wp-json\/wp\/v2\/comments?post=101707"}],"version-history":[{"count":3,"href":"https:\/\/president-ksgov.net\/sr\/wp-json\/wp\/v2\/posts\/101707\/revisions"}],"predecessor-version":[{"id":180479,"href":"https:\/\/president-ksgov.net\/sr\/wp-json\/wp\/v2\/posts\/101707\/revisions\/180479"}],"wp:featuredmedia":[{"embeddable":true,"href":"https:\/\/president-ksgov.net\/sr\/wp-json\/wp\/v2\/media\/101571"}],"wp:attachment":[{"href":"https:\/\/president-ksgov.net\/sr\/wp-json\/wp\/v2\/media?parent=101707"}],"wp:term":[{"taxonomy":"category","embeddable":true,"href":"https:\/\/president-ksgov.net\/sr\/wp-json\/wp\/v2\/categories?post=101707"},{"taxonomy":"post_tag","embeddable":true,"href":"https:\/\/president-ksgov.net\/sr\/wp-json\/wp\/v2\/tags?post=101707"}],"curies":[{"name":"wp","href":"https:\/\/api.w.org\/{rel}","templated":true}]}}