{"id":101701,"date":"2024-03-05T13:00:44","date_gmt":"2024-03-05T12:00:44","guid":{"rendered":"https:\/\/president-ksgov.net\/?p=101701"},"modified":"2024-03-11T13:06:48","modified_gmt":"2024-03-11T12:06:48","slug":"govor-predsednice-osmani-na-svecanosti-manifestacije-epopeja-ovk-a-i-dan-kasarne-adem-jashari-u-pristini","status":"publish","type":"post","link":"https:\/\/president-ksgov.net\/sr\/govor-predsednice-osmani-na-svecanosti-manifestacije-epopeja-ovk-a-i-dan-kasarne-adem-jashari-u-pristini\/","title":{"rendered":"Govor predsednice Osmani na sve\u010danosti Manifestacije \u201eEpopeja OVK-a i Dan kasarne \u201eAdem Jashari\u201c, u Pri\u0161tini"},"content":{"rendered":"<p><strong><em>Veoma po\u0161tovani \u010dika Rifate,<\/em><\/strong><\/p>\n<p><strong><em>Po\u0161tovana porodico Jashari,<\/em><\/strong><\/p>\n<p><strong><em>Uva\u017eeni predsedni\u010de Skup\u0161tine g. Konjufca,<\/em><\/strong><\/p>\n<p><strong><em>Po\u0161tovani premijeru Republike g. Kurti,<\/em><\/strong><\/p>\n<p><strong><em>Po\u0161tovani komandante KBS-a, general-pukovni\u010de Bashkime Jashari,<\/em><\/strong><\/p>\n<p><strong><em>Ministare odbrane Ejupe Maqedonci,<\/em><\/strong><\/p>\n<p><strong><em>Po\u0161tovani oficiri, podoficiri, vojnici KBS-a,<\/em><\/strong><\/p>\n<p><strong><em>\u010clanovi porodica heroja, palih boraca i stradalnika slobode,<\/em><\/strong><\/p>\n<p><strong><em>Veterani i invalidi na\u0161e Oslobodila\u010dke vojske,<\/em><\/strong><\/p>\n<p><strong><em>Po\u0161tovane diplomate i vojni \u010delnici prijateljskih zemalja,<\/em><\/strong><\/p>\n<p><strong><em>Poslanici i ministri,<\/em><\/strong><\/p>\n<p><strong><em>Po\u0161tovani prisutni,<\/em><\/strong><\/p>\n<p>&nbsp;<\/p>\n<p>Svaki put kada do\u0111e 5., 6. i 7. mart, se\u0107anje nam se vra\u0107a na dane ponosa i slave pre 26 godina, kada se u herojskom Prekazu odigrala herojska i neponovljiva bitka u istoriji oru\u017eanog otpora za slobodu.<\/p>\n<p>\u010citava ubila\u010dka armija protiv jedne porodice.<\/p>\n<p>Legendarni komandant Adem Jashari sa bratom Hamzom, \u010dika Shabanom i jo\u0161 preko 50 drugih lanova porodice, utvrdili je njihovu kulu i borili su \u00a0se do istrebljenja.<\/p>\n<p>Jer njihova kula je bila Kosovo.<\/p>\n<p>Epopeja Prekaza i njihova \u017ertva doneli su promenu toka otpora za slobodu i nezavisnost. Hiljade momaka i devojaka pristupilo je Oslobodila\u010dkoj vojsci Kosova, spremnih da \u017ertvuju i svoje \u017eivote, samo da bi Kosovo jednog dana disalo slobodno.<\/p>\n<p><strong><em>Po\u0161tovani prisutni,<\/em><\/strong><\/p>\n<p>Kao i svaki put, a posebno danas je poseban trenutak da izrazimo na\u0161e po\u0161tovanje, zahvalnost, \u010dast i duboku naklonost herojskoj porodici Jashari, svim herojima, palim borcima i stradalnicima slobode.<\/p>\n<p>\u010cast i po\u0161tovanje svim ratnim veteranima i invalidima OVK-a i porodicama svih poginulih.<\/p>\n<p>Duboko u du\u0161i saose\u0107amo sa svim porodicama na\u0161ih sugra\u0111ana koji su i koji se i posle 26 godina vode kao nasilno nestali.<\/p>\n<p>Iako svako od nas, iznad bola, ima ponos na \u017ertvu za slobodu, rane Kosova su jo\u0161 uvek sve\u017ee.<\/p>\n<p>Nedostatak pravde i neka\u017enjivost srpskih ratnih zlo\u010dinaca ohrabrili su i njihove naslednike, kao \u0161to je to bio slu\u010daj i sa agresijom Srbije na Kosovo 24. septembra.<\/p>\n<p>Ali, na ovaj slavni dan, podse\u0107amo vas da je Republika Kosovo nepovratna realnost, to je konsolidovana dr\u017eava, sa jasnim i me\u0111unarodno priznatim dr\u017eavnim suverenitetom i teritorijalnim integritetom, sa ustavom i institucijama zasnovanim na najvi\u0161im vrednostima \u200b\u200bi standardima i sa jasnom vizijom ka evroatlantskim integracijama.<\/p>\n<p>Podse\u0107amo ih da \u0107e njihove hegemonisti\u010dke politike jo\u0161 jednom dokazati da ne\u0107e uspeti, a mi \u0107emo braniti slobodu i mir po svaku cenu.<\/p>\n<p><strong><em>Po\u0161tovani vojnici, podoficiri i oficiri,<\/em><\/strong><\/p>\n<p>Vi svojim nesebi\u010dnim zalaganjem, izuzetnom slu\u017ebom i visokim nivoom discipline i profesionalizma, neprestano dokazujete da ste u svojoj li\u010dnosti i karakteru oli\u010dili najvi\u0161e vrednosti lojalnosti, po\u0161tovanja i integriteta, sa najvi\u0161im motivom i iznad svega za \u201eDu\u017enost, \u010dast i otad\u017ebinu\u201c.<\/p>\n<p>Svakim danom dokazujete da Adem Jashari \u017eivi u svakom od vas, i da \u0107ete \u010duvati njegov amanet u svakom trenutku i na svakom pedlju Kosova.<\/p>\n<p>Sa ove veli\u010danstvene manifestacije, na ovaj poseban dan, pozdrav sa zahvalno\u0161\u0107u i posebnom cenjeno\u0161\u0107u svim na\u0161im vojnicima koji su trenutno na slu\u017ebi, obuci i operacijama van zemlje, i koji dr\u017ee visoko i ponosno zastavu Republike Kosovo uz vojnike snaga savezni\u010dkih zemalja.<\/p>\n<p>Ve\u010dno hvala i zahvalnost svim na\u0161im savezni\u010dkim dr\u017eavama, njihovim oru\u017eanim snagama i svakom pojedina\u010dnom vojniku za njihov nemerljiv doprinos u izgradnji, razvoju i unapre\u0111enju KBS u modernu, profesionalnu i interoperabilnu snagu sa partnerskim snagama, u slu\u017ebi mira, stabilnosti i bezbednosti svuda u svetu.<\/p>\n<p>Svi imamo obavezu da slu\u017eimo svojoj zemlji, zato moramo raditi na tome da se posvetimo ja\u010danju svake karike i elementa na\u0161e dr\u017eave.<\/p>\n<p>Najve\u0107a \u010dast herojima, palim borcima i stradalnicima, a posebno herojskoj porodici Jashari i legendarnom komandantu Ademu Jashariju je mo\u0107no i demokratsko Kosovo, sa suverenitetom u svakom kutku i saveznicima u svakom delu sveta.<\/p>\n<p><strong>Po\u0161tovani prisutni,<\/strong><\/p>\n<p>Kada \u010dujemo pesmu \u201eMora fjal\u00eb\u201c od na\u0161ih mali\u0161ana, a pre svega kada \u010dujemo kako odzvanja me\u0111u na\u0161om vojskom, shvatimo da je to vi\u0161e od melodije.<\/p>\n<p>To je svedo\u010danstvo o otpornosti ljudskog duha najbolje personifikovanog u porodici Jashari.<\/p>\n<p>To je poziv svima koji se usude da sanjaju o slobodnom svetu.<\/p>\n<p>To je stih koji odra\u017eava te\u017enje generacija i mobili\u0161e za trijumf slobode nad tiranijom i ugnjetavanjem.<\/p>\n<p>U odjeku na\u0161e istorije uvek \u0107emo \u010duti stih \u201eMora fjal\u00eb\u201c, refren koji nadilazi vreme i prostor, i sa\u017eima na\u0161 istorijski put.<\/p>\n<p>Sintagma koja govori o istoriji na\u0161ih heroja, koji su se usudili da prkose okovima ugnjetavanja, ustali su protiv genocidnog re\u017eima Srbije i nepokolebljivom odlu\u010dno\u0161c\u0301u zapalili plamen slobode u najmra\u010dnijim no\u0107ima.<\/p>\n<p>Adem Jashari i porodica Jashari su plamen slobode koji se nikada ne gasi.<\/p>\n<p><strong>Ve\u010dna slava legendarnom komandantu Ademu Jashariju i celoj porodici Jashari!<\/strong><\/p>\n<p><strong>Neka je ve\u010dno se\u0107anje i \u010dast svima koji su pali za slobodu! <\/strong><\/p>\n<p>&nbsp;<\/p>\n","protected":false},"excerpt":{"rendered":"<p>Veoma po\u0161tovani \u010dika Rifate, Po\u0161tovana porodico Jashari, Uva\u017eeni predsedni\u010de Skup\u0161tine g. Konjufca, Po\u0161tovani premijeru Republike g. Kurti, Po\u0161tovani komandante KBS-a, general-pukovni\u010de Bashkime Jashari, Ministare odbrane Ejupe Maqedonci, Po\u0161tovani oficiri, podoficiri, vojnici KBS-a, \u010clanovi porodica heroja, palih boraca i stradalnika slobode, Veterani i invalidi na\u0161e Oslobodila\u010dke vojske, Po\u0161tovane diplomate i vojni \u010delnici prijateljskih zemalja, Poslanici i ministri, Po\u0161tovani prisutni, &nbsp; Svaki put kada do\u0111e 5., 6. i 7. mart, se\u0107anje nam se vra\u0107a na dane ponosa i slave pre 26 godina, kada se u herojskom Prekazu odigrala herojska i neponovljiva bitka u istoriji oru\u017eanog otpora za slobodu. \u010citava ubila\u010dka armija protiv jedne porodice. Legendarni komandant Adem Jashari sa bratom Hamzom, \u010dika Shabanom i jo\u0161 preko 50 drugih lanova porodice, utvrdili je njihovu kulu i borili su \u00a0se do istrebljenja. Jer njihova kula je bila Kosovo. Epopeja Prekaza i njihova \u017ertva doneli su promenu toka otpora za slobodu i nezavisnost. Hiljade momaka i devojaka pristupilo je Oslobodila\u010dkoj vojsci Kosova, spremnih da \u017ertvuju i svoje \u017eivote, samo da bi Kosovo jednog dana disalo slobodno. Po\u0161tovani prisutni, Kao i svaki put, a posebno danas je poseban trenutak da izrazimo na\u0161e po\u0161tovanje, zahvalnost, \u010dast i duboku naklonost herojskoj porodici Jashari, svim herojima, palim borcima i stradalnicima slobode. \u010cast i po\u0161tovanje svim ratnim veteranima i invalidima OVK-a i porodicama svih poginulih. Duboko u du\u0161i saose\u0107amo sa svim porodicama na\u0161ih sugra\u0111ana koji su i koji se i posle 26 godina vode kao nasilno nestali. Iako svako od nas, iznad bola, ima ponos na \u017ertvu za slobodu, rane Kosova su jo\u0161 uvek sve\u017ee. Nedostatak pravde i neka\u017enjivost srpskih ratnih zlo\u010dinaca ohrabrili su i njihove naslednike, kao \u0161to je to bio slu\u010daj i sa agresijom Srbije na Kosovo 24. septembra. Ali, na ovaj slavni dan, podse\u0107amo vas da je Republika Kosovo nepovratna realnost, to je konsolidovana dr\u017eava, sa jasnim i me\u0111unarodno priznatim dr\u017eavnim suverenitetom i teritorijalnim integritetom, sa ustavom i institucijama zasnovanim na najvi\u0161im vrednostima \u200b\u200bi standardima i sa jasnom vizijom ka evroatlantskim integracijama. Podse\u0107amo ih da \u0107e njihove hegemonisti\u010dke politike jo\u0161 jednom dokazati da ne\u0107e uspeti, a mi \u0107emo braniti slobodu i mir po svaku cenu. Po\u0161tovani vojnici, podoficiri i oficiri, Vi svojim nesebi\u010dnim zalaganjem, izuzetnom slu\u017ebom i visokim nivoom discipline i profesionalizma, neprestano dokazujete da ste u svojoj li\u010dnosti i karakteru oli\u010dili najvi\u0161e vrednosti lojalnosti, po\u0161tovanja i integriteta, sa najvi\u0161im motivom i iznad svega za \u201eDu\u017enost, \u010dast i otad\u017ebinu\u201c. Svakim danom dokazujete da Adem Jashari \u017eivi u svakom od vas, i da \u0107ete \u010duvati njegov amanet u svakom trenutku i na svakom pedlju Kosova. Sa ove veli\u010danstvene manifestacije, na ovaj poseban dan, pozdrav sa zahvalno\u0161\u0107u i posebnom cenjeno\u0161\u0107u svim na\u0161im vojnicima koji su trenutno na slu\u017ebi, obuci i operacijama van zemlje, i koji dr\u017ee visoko i ponosno zastavu Republike Kosovo uz vojnike snaga savezni\u010dkih zemalja. Ve\u010dno hvala i zahvalnost svim na\u0161im savezni\u010dkim dr\u017eavama, njihovim oru\u017eanim snagama i svakom pojedina\u010dnom vojniku za njihov nemerljiv doprinos u izgradnji, razvoju i unapre\u0111enju KBS u modernu, profesionalnu i interoperabilnu snagu sa partnerskim snagama, u slu\u017ebi mira, stabilnosti i bezbednosti svuda u svetu. Svi imamo obavezu da slu\u017eimo svojoj zemlji, zato moramo raditi na tome da se posvetimo ja\u010danju svake karike i elementa na\u0161e dr\u017eave. Najve\u0107a \u010dast herojima, palim borcima i stradalnicima, a posebno herojskoj porodici Jashari i legendarnom komandantu Ademu Jashariju je mo\u0107no i demokratsko Kosovo, sa suverenitetom u svakom kutku i saveznicima u svakom delu sveta. Po\u0161tovani prisutni, Kada \u010dujemo pesmu \u201eMora fjal\u00eb\u201c od na\u0161ih mali\u0161ana, a pre svega kada \u010dujemo kako odzvanja me\u0111u na\u0161om vojskom, shvatimo da je to vi\u0161e od melodije. To je svedo\u010danstvo o otpornosti ljudskog duha najbolje personifikovanog u porodici Jashari. To je poziv svima koji se usude da sanjaju o slobodnom svetu. To je stih koji odra\u017eava te\u017enje generacija i mobili\u0161e za trijumf slobode nad tiranijom i ugnjetavanjem. U odjeku na\u0161e istorije uvek \u0107emo \u010duti stih \u201eMora fjal\u00eb\u201c, refren koji nadilazi vreme i prostor, i sa\u017eima na\u0161 istorijski put. Sintagma koja govori o istoriji na\u0161ih heroja, koji su se usudili da prkose okovima ugnjetavanja, ustali su protiv genocidnog re\u017eima Srbije i nepokolebljivom odlu\u010dno\u0161c\u0301u zapalili plamen slobode u najmra\u010dnijim no\u0107ima. Adem Jashari i porodica Jashari su plamen slobode koji se nikada ne gasi. Ve\u010dna slava legendarnom komandantu Ademu Jashariju i celoj porodici Jashari! Neka je ve\u010dno se\u0107anje i \u010dast svima koji su pali za slobodu! &nbsp;<\/p>\n","protected":false},"author":11,"featured_media":101626,"comment_status":"open","ping_status":"closed","sticky":false,"template":"","format":"standard","meta":{"_eb_attr":"","footnotes":""},"categories":[106,101],"tags":[],"class_list":["post-101701","post","type-post","status-publish","format-standard","has-post-thumbnail","hentry","category-govori","category-vesti"],"yoast_head":"<!-- This site is optimized with the Yoast SEO plugin v23.5 - https:\/\/yoast.com\/wordpress\/plugins\/seo\/ -->\n<title>Govor predsednice Osmani na sve\u010danosti Manifestacije \u201eEpopeja OVK-a i Dan kasarne \u201eAdem Jashari\u201c, u Pri\u0161tini - Predsednik Republike Kosovo - DR. VJOSA OSMANI - SADRIU<\/title>\n<meta name=\"description\" content=\"Govor predsednice Osmani na sve\u010danosti Manifestacije \u201eEpopeja OVK-a i Dan kasarne \u201eAdem Jashari\u201c, u Pri\u0161tini - Predsednik Republike Kosovo - DR. VJOSA OSMANI - SADRIU -\" \/>\n<meta name=\"robots\" content=\"index, follow, max-snippet:-1, max-image-preview:large, max-video-preview:-1\" \/>\n<link rel=\"canonical\" href=\"https:\/\/president-ksgov.net\/sr\/govor-predsednice-osmani-na-svecanosti-manifestacije-epopeja-ovk-a-i-dan-kasarne-adem-jashari-u-pristini\/\" \/>\n<meta property=\"og:locale\" content=\"sr_RS\" \/>\n<meta property=\"og:type\" content=\"article\" \/>\n<meta property=\"og:title\" content=\"Govor predsednice Osmani na sve\u010danosti Manifestacije \u201eEpopeja OVK-a i Dan kasarne \u201eAdem Jashari\u201c, u Pri\u0161tini - Predsednik Republike Kosovo - DR. VJOSA OSMANI - SADRIU\" \/>\n<meta property=\"og:description\" content=\"Govor predsednice Osmani na sve\u010danosti Manifestacije \u201eEpopeja OVK-a i Dan kasarne \u201eAdem Jashari\u201c, u Pri\u0161tini - Predsednik Republike Kosovo - DR. VJOSA OSMANI - SADRIU -\" \/>\n<meta property=\"og:url\" content=\"https:\/\/president-ksgov.net\/sr\/govor-predsednice-osmani-na-svecanosti-manifestacije-epopeja-ovk-a-i-dan-kasarne-adem-jashari-u-pristini\/\" \/>\n<meta property=\"og:site_name\" content=\"Predsednik Republike Kosovo - DR. VJOSA OSMANI - SADRIU\" \/>\n<meta property=\"article:published_time\" content=\"2024-03-05T12:00:44+00:00\" \/>\n<meta property=\"article:modified_time\" content=\"2024-03-11T12:06:48+00:00\" \/>\n<meta property=\"og:image\" content=\"https:\/\/president-ksgov.net\/wp-content\/uploads\/0-12.jpg\" \/>\n\t<meta property=\"og:image:width\" content=\"2000\" \/>\n\t<meta property=\"og:image:height\" content=\"1333\" \/>\n\t<meta property=\"og:image:type\" content=\"image\/jpeg\" \/>\n<meta name=\"author\" content=\"presidentlogin\" \/>\n<meta name=\"twitter:card\" content=\"summary_large_image\" \/>\n<meta name=\"twitter:label1\" content=\"\u041d\u0430\u043f\u0438\u0441\u0430\u043d\u043e \u043e\u0434\" \/>\n\t<meta name=\"twitter:data1\" content=\"presidentlogin\" \/>\n\t<meta name=\"twitter:label2\" content=\"\u041f\u0440\u043e\u0446\u0435\u045a\u0435\u043d\u043e \u0432\u0440\u0435\u043c\u0435 \u0447\u0438\u0442\u0430\u045a\u0430\" \/>\n\t<meta name=\"twitter:data2\" content=\"5 \u043c\u0438\u043d\u0443\u0442\u0430\" \/>\n<script type=\"application\/ld+json\" class=\"yoast-schema-graph\">{\"@context\":\"https:\/\/schema.org\",\"@graph\":[{\"@type\":\"WebPage\",\"@id\":\"https:\/\/president-ksgov.net\/sr\/govor-predsednice-osmani-na-svecanosti-manifestacije-epopeja-ovk-a-i-dan-kasarne-adem-jashari-u-pristini\/\",\"url\":\"https:\/\/president-ksgov.net\/sr\/govor-predsednice-osmani-na-svecanosti-manifestacije-epopeja-ovk-a-i-dan-kasarne-adem-jashari-u-pristini\/\",\"name\":\"Govor predsednice Osmani na sve\u010danosti Manifestacije \u201eEpopeja OVK-a i Dan kasarne \u201eAdem Jashari\u201c, u Pri\u0161tini - Predsednik Republike Kosovo - DR. VJOSA OSMANI - SADRIU\",\"isPartOf\":{\"@id\":\"https:\/\/president-ksgov.net\/#website\"},\"primaryImageOfPage\":{\"@id\":\"https:\/\/president-ksgov.net\/sr\/govor-predsednice-osmani-na-svecanosti-manifestacije-epopeja-ovk-a-i-dan-kasarne-adem-jashari-u-pristini\/#primaryimage\"},\"image\":{\"@id\":\"https:\/\/president-ksgov.net\/sr\/govor-predsednice-osmani-na-svecanosti-manifestacije-epopeja-ovk-a-i-dan-kasarne-adem-jashari-u-pristini\/#primaryimage\"},\"thumbnailUrl\":\"https:\/\/president-ksgov.net\/wp-content\/uploads\/0-12.jpg\",\"datePublished\":\"2024-03-05T12:00:44+00:00\",\"dateModified\":\"2024-03-11T12:06:48+00:00\",\"author\":{\"@id\":\"https:\/\/president-ksgov.net\/#\/schema\/person\/1a2c014cffc81ec60d5a452a36d08d92\"},\"description\":\"Govor predsednice Osmani na sve\u010danosti Manifestacije \u201eEpopeja OVK-a i Dan kasarne \u201eAdem Jashari\u201c, u Pri\u0161tini - Predsednik Republike Kosovo - DR. VJOSA OSMANI - SADRIU -\",\"breadcrumb\":{\"@id\":\"https:\/\/president-ksgov.net\/sr\/govor-predsednice-osmani-na-svecanosti-manifestacije-epopeja-ovk-a-i-dan-kasarne-adem-jashari-u-pristini\/#breadcrumb\"},\"inLanguage\":\"sr-RS\",\"potentialAction\":[{\"@type\":\"ReadAction\",\"target\":[\"https:\/\/president-ksgov.net\/sr\/govor-predsednice-osmani-na-svecanosti-manifestacije-epopeja-ovk-a-i-dan-kasarne-adem-jashari-u-pristini\/\"]}]},{\"@type\":\"ImageObject\",\"inLanguage\":\"sr-RS\",\"@id\":\"https:\/\/president-ksgov.net\/sr\/govor-predsednice-osmani-na-svecanosti-manifestacije-epopeja-ovk-a-i-dan-kasarne-adem-jashari-u-pristini\/#primaryimage\",\"url\":\"https:\/\/president-ksgov.net\/wp-content\/uploads\/0-12.jpg\",\"contentUrl\":\"https:\/\/president-ksgov.net\/wp-content\/uploads\/0-12.jpg\",\"width\":2000,\"height\":1333},{\"@type\":\"BreadcrumbList\",\"@id\":\"https:\/\/president-ksgov.net\/sr\/govor-predsednice-osmani-na-svecanosti-manifestacije-epopeja-ovk-a-i-dan-kasarne-adem-jashari-u-pristini\/#breadcrumb\",\"itemListElement\":[{\"@type\":\"ListItem\",\"position\":1,\"name\":\"Home\",\"item\":\"https:\/\/president-ksgov.net\/sr\/\"},{\"@type\":\"ListItem\",\"position\":2,\"name\":\"Govor predsednice Osmani na sve\u010danosti Manifestacije \u201eEpopeja OVK-a i Dan kasarne \u201eAdem Jashari\u201c, u Pri\u0161tini\"}]},{\"@type\":\"WebSite\",\"@id\":\"https:\/\/president-ksgov.net\/#website\",\"url\":\"https:\/\/president-ksgov.net\/\",\"name\":\"Presidente e Republik\u00ebs s\u00eb Kosov\u00ebs\",\"description\":\"Presidente e Republik\u00ebs s\u00eb Kosov\u00ebs\",\"alternateName\":\"DR. VJOSA OSMANI - SADRIU\",\"potentialAction\":[{\"@type\":\"SearchAction\",\"target\":{\"@type\":\"EntryPoint\",\"urlTemplate\":\"https:\/\/president-ksgov.net\/?s={search_term_string}\"},\"query-input\":{\"@type\":\"PropertyValueSpecification\",\"valueRequired\":true,\"valueName\":\"search_term_string\"}}],\"inLanguage\":\"sr-RS\"},{\"@type\":\"Person\",\"@id\":\"https:\/\/president-ksgov.net\/#\/schema\/person\/1a2c014cffc81ec60d5a452a36d08d92\",\"name\":\"presidentlogin\",\"image\":{\"@type\":\"ImageObject\",\"inLanguage\":\"sr-RS\",\"@id\":\"https:\/\/president-ksgov.net\/#\/schema\/person\/image\/\",\"url\":\"https:\/\/secure.gravatar.com\/avatar\/339f00ab0a8a0d5ce1ecff10aa2b4a1f51f58bbd5a57793f8cd6ad624080d807?s=96&d=mm&r=g\",\"contentUrl\":\"https:\/\/secure.gravatar.com\/avatar\/339f00ab0a8a0d5ce1ecff10aa2b4a1f51f58bbd5a57793f8cd6ad624080d807?s=96&d=mm&r=g\",\"caption\":\"presidentlogin\"}}]}<\/script>\n<!-- \/ Yoast SEO plugin. -->","yoast_head_json":{"title":"Govor predsednice Osmani na sve\u010danosti Manifestacije \u201eEpopeja OVK-a i Dan kasarne \u201eAdem Jashari\u201c, u Pri\u0161tini - Predsednik Republike Kosovo - DR. VJOSA OSMANI - SADRIU","description":"Govor predsednice Osmani na sve\u010danosti Manifestacije \u201eEpopeja OVK-a i Dan kasarne \u201eAdem Jashari\u201c, u Pri\u0161tini - Predsednik Republike Kosovo - DR. VJOSA OSMANI - SADRIU -","robots":{"index":"index","follow":"follow","max-snippet":"max-snippet:-1","max-image-preview":"max-image-preview:large","max-video-preview":"max-video-preview:-1"},"canonical":"https:\/\/president-ksgov.net\/sr\/govor-predsednice-osmani-na-svecanosti-manifestacije-epopeja-ovk-a-i-dan-kasarne-adem-jashari-u-pristini\/","og_locale":"sr_RS","og_type":"article","og_title":"Govor predsednice Osmani na sve\u010danosti Manifestacije \u201eEpopeja OVK-a i Dan kasarne \u201eAdem Jashari\u201c, u Pri\u0161tini - Predsednik Republike Kosovo - DR. VJOSA OSMANI - SADRIU","og_description":"Govor predsednice Osmani na sve\u010danosti Manifestacije \u201eEpopeja OVK-a i Dan kasarne \u201eAdem Jashari\u201c, u Pri\u0161tini - Predsednik Republike Kosovo - DR. VJOSA OSMANI - SADRIU -","og_url":"https:\/\/president-ksgov.net\/sr\/govor-predsednice-osmani-na-svecanosti-manifestacije-epopeja-ovk-a-i-dan-kasarne-adem-jashari-u-pristini\/","og_site_name":"Predsednik Republike Kosovo - DR. VJOSA OSMANI - SADRIU","article_published_time":"2024-03-05T12:00:44+00:00","article_modified_time":"2024-03-11T12:06:48+00:00","og_image":[{"width":2000,"height":1333,"url":"https:\/\/president-ksgov.net\/wp-content\/uploads\/0-12.jpg","type":"image\/jpeg"}],"author":"presidentlogin","twitter_card":"summary_large_image","twitter_misc":{"\u041d\u0430\u043f\u0438\u0441\u0430\u043d\u043e \u043e\u0434":"presidentlogin","\u041f\u0440\u043e\u0446\u0435\u045a\u0435\u043d\u043e \u0432\u0440\u0435\u043c\u0435 \u0447\u0438\u0442\u0430\u045a\u0430":"5 \u043c\u0438\u043d\u0443\u0442\u0430"},"schema":{"@context":"https:\/\/schema.org","@graph":[{"@type":"WebPage","@id":"https:\/\/president-ksgov.net\/sr\/govor-predsednice-osmani-na-svecanosti-manifestacije-epopeja-ovk-a-i-dan-kasarne-adem-jashari-u-pristini\/","url":"https:\/\/president-ksgov.net\/sr\/govor-predsednice-osmani-na-svecanosti-manifestacije-epopeja-ovk-a-i-dan-kasarne-adem-jashari-u-pristini\/","name":"Govor predsednice Osmani na sve\u010danosti Manifestacije \u201eEpopeja OVK-a i Dan kasarne \u201eAdem Jashari\u201c, u Pri\u0161tini - Predsednik Republike Kosovo - DR. VJOSA OSMANI - SADRIU","isPartOf":{"@id":"https:\/\/president-ksgov.net\/#website"},"primaryImageOfPage":{"@id":"https:\/\/president-ksgov.net\/sr\/govor-predsednice-osmani-na-svecanosti-manifestacije-epopeja-ovk-a-i-dan-kasarne-adem-jashari-u-pristini\/#primaryimage"},"image":{"@id":"https:\/\/president-ksgov.net\/sr\/govor-predsednice-osmani-na-svecanosti-manifestacije-epopeja-ovk-a-i-dan-kasarne-adem-jashari-u-pristini\/#primaryimage"},"thumbnailUrl":"https:\/\/president-ksgov.net\/wp-content\/uploads\/0-12.jpg","datePublished":"2024-03-05T12:00:44+00:00","dateModified":"2024-03-11T12:06:48+00:00","author":{"@id":"https:\/\/president-ksgov.net\/#\/schema\/person\/1a2c014cffc81ec60d5a452a36d08d92"},"description":"Govor predsednice Osmani na sve\u010danosti Manifestacije \u201eEpopeja OVK-a i Dan kasarne \u201eAdem Jashari\u201c, u Pri\u0161tini - Predsednik Republike Kosovo - DR. VJOSA OSMANI - SADRIU -","breadcrumb":{"@id":"https:\/\/president-ksgov.net\/sr\/govor-predsednice-osmani-na-svecanosti-manifestacije-epopeja-ovk-a-i-dan-kasarne-adem-jashari-u-pristini\/#breadcrumb"},"inLanguage":"sr-RS","potentialAction":[{"@type":"ReadAction","target":["https:\/\/president-ksgov.net\/sr\/govor-predsednice-osmani-na-svecanosti-manifestacije-epopeja-ovk-a-i-dan-kasarne-adem-jashari-u-pristini\/"]}]},{"@type":"ImageObject","inLanguage":"sr-RS","@id":"https:\/\/president-ksgov.net\/sr\/govor-predsednice-osmani-na-svecanosti-manifestacije-epopeja-ovk-a-i-dan-kasarne-adem-jashari-u-pristini\/#primaryimage","url":"https:\/\/president-ksgov.net\/wp-content\/uploads\/0-12.jpg","contentUrl":"https:\/\/president-ksgov.net\/wp-content\/uploads\/0-12.jpg","width":2000,"height":1333},{"@type":"BreadcrumbList","@id":"https:\/\/president-ksgov.net\/sr\/govor-predsednice-osmani-na-svecanosti-manifestacije-epopeja-ovk-a-i-dan-kasarne-adem-jashari-u-pristini\/#breadcrumb","itemListElement":[{"@type":"ListItem","position":1,"name":"Home","item":"https:\/\/president-ksgov.net\/sr\/"},{"@type":"ListItem","position":2,"name":"Govor predsednice Osmani na sve\u010danosti Manifestacije \u201eEpopeja OVK-a i Dan kasarne \u201eAdem Jashari\u201c, u Pri\u0161tini"}]},{"@type":"WebSite","@id":"https:\/\/president-ksgov.net\/#website","url":"https:\/\/president-ksgov.net\/","name":"Presidente e Republik\u00ebs s\u00eb Kosov\u00ebs","description":"Presidente e Republik\u00ebs s\u00eb Kosov\u00ebs","alternateName":"DR. VJOSA OSMANI - SADRIU","potentialAction":[{"@type":"SearchAction","target":{"@type":"EntryPoint","urlTemplate":"https:\/\/president-ksgov.net\/?s={search_term_string}"},"query-input":{"@type":"PropertyValueSpecification","valueRequired":true,"valueName":"search_term_string"}}],"inLanguage":"sr-RS"},{"@type":"Person","@id":"https:\/\/president-ksgov.net\/#\/schema\/person\/1a2c014cffc81ec60d5a452a36d08d92","name":"presidentlogin","image":{"@type":"ImageObject","inLanguage":"sr-RS","@id":"https:\/\/president-ksgov.net\/#\/schema\/person\/image\/","url":"https:\/\/secure.gravatar.com\/avatar\/339f00ab0a8a0d5ce1ecff10aa2b4a1f51f58bbd5a57793f8cd6ad624080d807?s=96&d=mm&r=g","contentUrl":"https:\/\/secure.gravatar.com\/avatar\/339f00ab0a8a0d5ce1ecff10aa2b4a1f51f58bbd5a57793f8cd6ad624080d807?s=96&d=mm&r=g","caption":"presidentlogin"}}]}},"_links":{"self":[{"href":"https:\/\/president-ksgov.net\/sr\/wp-json\/wp\/v2\/posts\/101701","targetHints":{"allow":["GET"]}}],"collection":[{"href":"https:\/\/president-ksgov.net\/sr\/wp-json\/wp\/v2\/posts"}],"about":[{"href":"https:\/\/president-ksgov.net\/sr\/wp-json\/wp\/v2\/types\/post"}],"author":[{"embeddable":true,"href":"https:\/\/president-ksgov.net\/sr\/wp-json\/wp\/v2\/users\/11"}],"replies":[{"embeddable":true,"href":"https:\/\/president-ksgov.net\/sr\/wp-json\/wp\/v2\/comments?post=101701"}],"version-history":[{"count":2,"href":"https:\/\/president-ksgov.net\/sr\/wp-json\/wp\/v2\/posts\/101701\/revisions"}],"predecessor-version":[{"id":101703,"href":"https:\/\/president-ksgov.net\/sr\/wp-json\/wp\/v2\/posts\/101701\/revisions\/101703"}],"wp:featuredmedia":[{"embeddable":true,"href":"https:\/\/president-ksgov.net\/sr\/wp-json\/wp\/v2\/media\/101626"}],"wp:attachment":[{"href":"https:\/\/president-ksgov.net\/sr\/wp-json\/wp\/v2\/media?parent=101701"}],"wp:term":[{"taxonomy":"category","embeddable":true,"href":"https:\/\/president-ksgov.net\/sr\/wp-json\/wp\/v2\/categories?post=101701"},{"taxonomy":"post_tag","embeddable":true,"href":"https:\/\/president-ksgov.net\/sr\/wp-json\/wp\/v2\/tags?post=101701"}],"curies":[{"name":"wp","href":"https:\/\/api.w.org\/{rel}","templated":true}]}}