{"id":101472,"date":"2024-03-01T22:00:41","date_gmt":"2024-03-01T21:00:41","guid":{"rendered":"https:\/\/president-ksgov.net\/?p=101472"},"modified":"2024-03-07T10:24:54","modified_gmt":"2024-03-07T09:24:54","slug":"predsednica-vjosa-osmani-i-prvi-gospodin-prindon-sadriu-ucestvovali-su-na-trecoj-ediciji-antalijskog-diplomatskog-foruma","status":"publish","type":"post","link":"https:\/\/president-ksgov.net\/sr\/predsednica-vjosa-osmani-i-prvi-gospodin-prindon-sadriu-ucestvovali-su-na-trecoj-ediciji-antalijskog-diplomatskog-foruma\/","title":{"rendered":"Predsednica Vjosa Osmani i prvi gospodin Prindon Sadriu u\u010destvovali su na tre\u0107oj ediciji Antalijskog diplomatskog foruma"},"content":{"rendered":"<p>Na poziv predsednika Republike Turske Recepa Tayyipa Erdo\u011fana, predsednica Republike Kosovo Vjosa Osmani i prvi gospodin Republike Kosovo Prindon Sadriu u\u010destvovali su na tre\u0107oj ediciji Antalijskog diplomatskog foruma.<\/p>\n<p>Tokom boravka u Turskoj, predsednica Osmani i prvi gospodin bili su deo ceremonije otvaranja Diplomatskog foruma u Antaliji i ve\u010dere ove edicije \u010diji je doma\u0107in bio predsednik Erdo\u011fan, gde su imali priliku da se sastanu sa \u0161efovima delegacija i nekoliko prvih dama dr\u017eava u\u010desnica.<\/p>\n<p>Drugog dana Diplomatskog foruma u Antaliji, prvi gospodin je, na poziv Prve dame Republike Turske Emine Erdo\u011fan, prisustvovao ru\u010dku koji je ona priredila sa autenti\u010dnim turskim motivima. Pored razgovora sa prvom damom Erdo\u011fan, prvi gospodin je obavio bliske razgovore o raznim pitanjima sa ministrom inostranih poslova Mozambika, biv\u0161om predsednicom Republike Hrvatske Kolindom Grabar-Kitarovi\u0107, prvom damom Bosne i Hercegovine, kao i sa prvim damama i drugim predstavnicima iz razli\u010ditih zemalja.<\/p>\n<p>&nbsp;<\/p>\n","protected":false},"excerpt":{"rendered":"<p>Na poziv predsednika Republike Turske Recepa Tayyipa Erdo\u011fana, predsednica Republike Kosovo Vjosa Osmani i prvi gospodin Republike Kosovo Prindon Sadriu u\u010destvovali su na tre\u0107oj ediciji Antalijskog diplomatskog foruma. Tokom boravka u Turskoj, predsednica Osmani i prvi gospodin bili su deo ceremonije otvaranja Diplomatskog foruma u Antaliji i ve\u010dere ove edicije \u010diji je doma\u0107in bio predsednik Erdo\u011fan, gde su imali priliku da se sastanu sa \u0161efovima delegacija i nekoliko prvih dama dr\u017eava u\u010desnica. Drugog dana Diplomatskog foruma u Antaliji, prvi gospodin je, na poziv Prve dame Republike Turske Emine Erdo\u011fan, prisustvovao ru\u010dku koji je ona priredila sa autenti\u010dnim turskim motivima. Pored razgovora sa prvom damom Erdo\u011fan, prvi gospodin je obavio bliske razgovore o raznim pitanjima sa ministrom inostranih poslova Mozambika, biv\u0161om predsednicom Republike Hrvatske Kolindom Grabar-Kitarovi\u0107, prvom damom Bosne i Hercegovine, kao i sa prvim damama i drugim predstavnicima iz razli\u010ditih zemalja. &nbsp;<\/p>\n","protected":false},"author":11,"featured_media":101453,"comment_status":"open","ping_status":"closed","sticky":false,"template":"","format":"standard","meta":{"_eb_attr":"","footnotes":""},"categories":[114,101],"tags":[],"class_list":["post-101472","post","type-post","status-publish","format-standard","has-post-thumbnail","hentry","category-medunarodne-posete","category-vesti"],"yoast_head":"<!-- This site is optimized with the Yoast SEO plugin v23.5 - https:\/\/yoast.com\/wordpress\/plugins\/seo\/ -->\n<title>Predsednica Vjosa Osmani i prvi gospodin Prindon Sadriu u\u010destvovali su na tre\u0107oj ediciji Antalijskog diplomatskog foruma - Predsednik Republike Kosovo - DR. VJOSA OSMANI - SADRIU<\/title>\n<meta name=\"description\" content=\"Predsednica Vjosa Osmani i prvi gospodin Prindon Sadriu u\u010destvovali su na tre\u0107oj ediciji Antalijskog diplomatskog foruma - Predsednik Republike Kosovo - DR. VJOSA OSMANI - SADRIU -\" \/>\n<meta name=\"robots\" content=\"index, follow, max-snippet:-1, max-image-preview:large, max-video-preview:-1\" \/>\n<link rel=\"canonical\" href=\"https:\/\/president-ksgov.net\/sr\/predsednica-vjosa-osmani-i-prvi-gospodin-prindon-sadriu-ucestvovali-su-na-trecoj-ediciji-antalijskog-diplomatskog-foruma\/\" \/>\n<meta property=\"og:locale\" content=\"sr_RS\" \/>\n<meta property=\"og:type\" content=\"article\" \/>\n<meta property=\"og:title\" content=\"Predsednica Vjosa Osmani i prvi gospodin Prindon Sadriu u\u010destvovali su na tre\u0107oj ediciji Antalijskog diplomatskog foruma - Predsednik Republike Kosovo - DR. VJOSA OSMANI - SADRIU\" \/>\n<meta property=\"og:description\" content=\"Predsednica Vjosa Osmani i prvi gospodin Prindon Sadriu u\u010destvovali su na tre\u0107oj ediciji Antalijskog diplomatskog foruma - Predsednik Republike Kosovo - DR. VJOSA OSMANI - SADRIU -\" \/>\n<meta property=\"og:url\" content=\"https:\/\/president-ksgov.net\/sr\/predsednica-vjosa-osmani-i-prvi-gospodin-prindon-sadriu-ucestvovali-su-na-trecoj-ediciji-antalijskog-diplomatskog-foruma\/\" \/>\n<meta property=\"og:site_name\" content=\"Predsednik Republike Kosovo - DR. VJOSA OSMANI - SADRIU\" \/>\n<meta property=\"article:published_time\" content=\"2024-03-01T21:00:41+00:00\" \/>\n<meta property=\"article:modified_time\" content=\"2024-03-07T09:24:54+00:00\" \/>\n<meta property=\"og:image\" content=\"https:\/\/president-ksgov.net\/wp-content\/uploads\/ZP-1.jpg\" \/>\n\t<meta property=\"og:image:width\" content=\"1280\" \/>\n\t<meta property=\"og:image:height\" content=\"949\" \/>\n\t<meta property=\"og:image:type\" content=\"image\/jpeg\" \/>\n<meta name=\"author\" content=\"presidentlogin\" \/>\n<meta name=\"twitter:card\" content=\"summary_large_image\" \/>\n<meta name=\"twitter:label1\" content=\"\u041d\u0430\u043f\u0438\u0441\u0430\u043d\u043e \u043e\u0434\" \/>\n\t<meta name=\"twitter:data1\" content=\"presidentlogin\" \/>\n\t<meta name=\"twitter:label2\" content=\"\u041f\u0440\u043e\u0446\u0435\u045a\u0435\u043d\u043e \u0432\u0440\u0435\u043c\u0435 \u0447\u0438\u0442\u0430\u045a\u0430\" \/>\n\t<meta name=\"twitter:data2\" content=\"1 \u043c\u0438\u043d\u0443\u0442\" \/>\n<script type=\"application\/ld+json\" class=\"yoast-schema-graph\">{\"@context\":\"https:\/\/schema.org\",\"@graph\":[{\"@type\":\"WebPage\",\"@id\":\"https:\/\/president-ksgov.net\/sr\/predsednica-vjosa-osmani-i-prvi-gospodin-prindon-sadriu-ucestvovali-su-na-trecoj-ediciji-antalijskog-diplomatskog-foruma\/\",\"url\":\"https:\/\/president-ksgov.net\/sr\/predsednica-vjosa-osmani-i-prvi-gospodin-prindon-sadriu-ucestvovali-su-na-trecoj-ediciji-antalijskog-diplomatskog-foruma\/\",\"name\":\"Predsednica Vjosa Osmani i prvi gospodin Prindon Sadriu u\u010destvovali su na tre\u0107oj ediciji Antalijskog diplomatskog foruma - Predsednik Republike Kosovo - DR. VJOSA OSMANI - SADRIU\",\"isPartOf\":{\"@id\":\"https:\/\/president-ksgov.net\/#website\"},\"primaryImageOfPage\":{\"@id\":\"https:\/\/president-ksgov.net\/sr\/predsednica-vjosa-osmani-i-prvi-gospodin-prindon-sadriu-ucestvovali-su-na-trecoj-ediciji-antalijskog-diplomatskog-foruma\/#primaryimage\"},\"image\":{\"@id\":\"https:\/\/president-ksgov.net\/sr\/predsednica-vjosa-osmani-i-prvi-gospodin-prindon-sadriu-ucestvovali-su-na-trecoj-ediciji-antalijskog-diplomatskog-foruma\/#primaryimage\"},\"thumbnailUrl\":\"https:\/\/president-ksgov.net\/wp-content\/uploads\/ZP-1.jpg\",\"datePublished\":\"2024-03-01T21:00:41+00:00\",\"dateModified\":\"2024-03-07T09:24:54+00:00\",\"author\":{\"@id\":\"https:\/\/president-ksgov.net\/#\/schema\/person\/1a2c014cffc81ec60d5a452a36d08d92\"},\"description\":\"Predsednica Vjosa Osmani i prvi gospodin Prindon Sadriu u\u010destvovali su na tre\u0107oj ediciji Antalijskog diplomatskog foruma - Predsednik Republike Kosovo - DR. VJOSA OSMANI - SADRIU -\",\"breadcrumb\":{\"@id\":\"https:\/\/president-ksgov.net\/sr\/predsednica-vjosa-osmani-i-prvi-gospodin-prindon-sadriu-ucestvovali-su-na-trecoj-ediciji-antalijskog-diplomatskog-foruma\/#breadcrumb\"},\"inLanguage\":\"sr-RS\",\"potentialAction\":[{\"@type\":\"ReadAction\",\"target\":[\"https:\/\/president-ksgov.net\/sr\/predsednica-vjosa-osmani-i-prvi-gospodin-prindon-sadriu-ucestvovali-su-na-trecoj-ediciji-antalijskog-diplomatskog-foruma\/\"]}]},{\"@type\":\"ImageObject\",\"inLanguage\":\"sr-RS\",\"@id\":\"https:\/\/president-ksgov.net\/sr\/predsednica-vjosa-osmani-i-prvi-gospodin-prindon-sadriu-ucestvovali-su-na-trecoj-ediciji-antalijskog-diplomatskog-foruma\/#primaryimage\",\"url\":\"https:\/\/president-ksgov.net\/wp-content\/uploads\/ZP-1.jpg\",\"contentUrl\":\"https:\/\/president-ksgov.net\/wp-content\/uploads\/ZP-1.jpg\",\"width\":1280,\"height\":949},{\"@type\":\"BreadcrumbList\",\"@id\":\"https:\/\/president-ksgov.net\/sr\/predsednica-vjosa-osmani-i-prvi-gospodin-prindon-sadriu-ucestvovali-su-na-trecoj-ediciji-antalijskog-diplomatskog-foruma\/#breadcrumb\",\"itemListElement\":[{\"@type\":\"ListItem\",\"position\":1,\"name\":\"Home\",\"item\":\"https:\/\/president-ksgov.net\/sr\/\"},{\"@type\":\"ListItem\",\"position\":2,\"name\":\"Predsednica Vjosa Osmani i prvi gospodin Prindon Sadriu u\u010destvovali su na tre\u0107oj ediciji Antalijskog diplomatskog foruma\"}]},{\"@type\":\"WebSite\",\"@id\":\"https:\/\/president-ksgov.net\/#website\",\"url\":\"https:\/\/president-ksgov.net\/\",\"name\":\"Presidente e Republik\u00ebs s\u00eb Kosov\u00ebs\",\"description\":\"Presidente e Republik\u00ebs s\u00eb Kosov\u00ebs\",\"alternateName\":\"DR. VJOSA OSMANI - SADRIU\",\"potentialAction\":[{\"@type\":\"SearchAction\",\"target\":{\"@type\":\"EntryPoint\",\"urlTemplate\":\"https:\/\/president-ksgov.net\/?s={search_term_string}\"},\"query-input\":{\"@type\":\"PropertyValueSpecification\",\"valueRequired\":true,\"valueName\":\"search_term_string\"}}],\"inLanguage\":\"sr-RS\"},{\"@type\":\"Person\",\"@id\":\"https:\/\/president-ksgov.net\/#\/schema\/person\/1a2c014cffc81ec60d5a452a36d08d92\",\"name\":\"presidentlogin\",\"image\":{\"@type\":\"ImageObject\",\"inLanguage\":\"sr-RS\",\"@id\":\"https:\/\/president-ksgov.net\/#\/schema\/person\/image\/\",\"url\":\"https:\/\/secure.gravatar.com\/avatar\/339f00ab0a8a0d5ce1ecff10aa2b4a1f51f58bbd5a57793f8cd6ad624080d807?s=96&d=mm&r=g\",\"contentUrl\":\"https:\/\/secure.gravatar.com\/avatar\/339f00ab0a8a0d5ce1ecff10aa2b4a1f51f58bbd5a57793f8cd6ad624080d807?s=96&d=mm&r=g\",\"caption\":\"presidentlogin\"}}]}<\/script>\n<!-- \/ Yoast SEO plugin. -->","yoast_head_json":{"title":"Predsednica Vjosa Osmani i prvi gospodin Prindon Sadriu u\u010destvovali su na tre\u0107oj ediciji Antalijskog diplomatskog foruma - Predsednik Republike Kosovo - DR. VJOSA OSMANI - SADRIU","description":"Predsednica Vjosa Osmani i prvi gospodin Prindon Sadriu u\u010destvovali su na tre\u0107oj ediciji Antalijskog diplomatskog foruma - Predsednik Republike Kosovo - DR. VJOSA OSMANI - SADRIU -","robots":{"index":"index","follow":"follow","max-snippet":"max-snippet:-1","max-image-preview":"max-image-preview:large","max-video-preview":"max-video-preview:-1"},"canonical":"https:\/\/president-ksgov.net\/sr\/predsednica-vjosa-osmani-i-prvi-gospodin-prindon-sadriu-ucestvovali-su-na-trecoj-ediciji-antalijskog-diplomatskog-foruma\/","og_locale":"sr_RS","og_type":"article","og_title":"Predsednica Vjosa Osmani i prvi gospodin Prindon Sadriu u\u010destvovali su na tre\u0107oj ediciji Antalijskog diplomatskog foruma - Predsednik Republike Kosovo - DR. VJOSA OSMANI - SADRIU","og_description":"Predsednica Vjosa Osmani i prvi gospodin Prindon Sadriu u\u010destvovali su na tre\u0107oj ediciji Antalijskog diplomatskog foruma - Predsednik Republike Kosovo - DR. VJOSA OSMANI - SADRIU -","og_url":"https:\/\/president-ksgov.net\/sr\/predsednica-vjosa-osmani-i-prvi-gospodin-prindon-sadriu-ucestvovali-su-na-trecoj-ediciji-antalijskog-diplomatskog-foruma\/","og_site_name":"Predsednik Republike Kosovo - DR. VJOSA OSMANI - SADRIU","article_published_time":"2024-03-01T21:00:41+00:00","article_modified_time":"2024-03-07T09:24:54+00:00","og_image":[{"width":1280,"height":949,"url":"https:\/\/president-ksgov.net\/wp-content\/uploads\/ZP-1.jpg","type":"image\/jpeg"}],"author":"presidentlogin","twitter_card":"summary_large_image","twitter_misc":{"\u041d\u0430\u043f\u0438\u0441\u0430\u043d\u043e \u043e\u0434":"presidentlogin","\u041f\u0440\u043e\u0446\u0435\u045a\u0435\u043d\u043e \u0432\u0440\u0435\u043c\u0435 \u0447\u0438\u0442\u0430\u045a\u0430":"1 \u043c\u0438\u043d\u0443\u0442"},"schema":{"@context":"https:\/\/schema.org","@graph":[{"@type":"WebPage","@id":"https:\/\/president-ksgov.net\/sr\/predsednica-vjosa-osmani-i-prvi-gospodin-prindon-sadriu-ucestvovali-su-na-trecoj-ediciji-antalijskog-diplomatskog-foruma\/","url":"https:\/\/president-ksgov.net\/sr\/predsednica-vjosa-osmani-i-prvi-gospodin-prindon-sadriu-ucestvovali-su-na-trecoj-ediciji-antalijskog-diplomatskog-foruma\/","name":"Predsednica Vjosa Osmani i prvi gospodin Prindon Sadriu u\u010destvovali su na tre\u0107oj ediciji Antalijskog diplomatskog foruma - Predsednik Republike Kosovo - DR. VJOSA OSMANI - SADRIU","isPartOf":{"@id":"https:\/\/president-ksgov.net\/#website"},"primaryImageOfPage":{"@id":"https:\/\/president-ksgov.net\/sr\/predsednica-vjosa-osmani-i-prvi-gospodin-prindon-sadriu-ucestvovali-su-na-trecoj-ediciji-antalijskog-diplomatskog-foruma\/#primaryimage"},"image":{"@id":"https:\/\/president-ksgov.net\/sr\/predsednica-vjosa-osmani-i-prvi-gospodin-prindon-sadriu-ucestvovali-su-na-trecoj-ediciji-antalijskog-diplomatskog-foruma\/#primaryimage"},"thumbnailUrl":"https:\/\/president-ksgov.net\/wp-content\/uploads\/ZP-1.jpg","datePublished":"2024-03-01T21:00:41+00:00","dateModified":"2024-03-07T09:24:54+00:00","author":{"@id":"https:\/\/president-ksgov.net\/#\/schema\/person\/1a2c014cffc81ec60d5a452a36d08d92"},"description":"Predsednica Vjosa Osmani i prvi gospodin Prindon Sadriu u\u010destvovali su na tre\u0107oj ediciji Antalijskog diplomatskog foruma - Predsednik Republike Kosovo - DR. VJOSA OSMANI - SADRIU -","breadcrumb":{"@id":"https:\/\/president-ksgov.net\/sr\/predsednica-vjosa-osmani-i-prvi-gospodin-prindon-sadriu-ucestvovali-su-na-trecoj-ediciji-antalijskog-diplomatskog-foruma\/#breadcrumb"},"inLanguage":"sr-RS","potentialAction":[{"@type":"ReadAction","target":["https:\/\/president-ksgov.net\/sr\/predsednica-vjosa-osmani-i-prvi-gospodin-prindon-sadriu-ucestvovali-su-na-trecoj-ediciji-antalijskog-diplomatskog-foruma\/"]}]},{"@type":"ImageObject","inLanguage":"sr-RS","@id":"https:\/\/president-ksgov.net\/sr\/predsednica-vjosa-osmani-i-prvi-gospodin-prindon-sadriu-ucestvovali-su-na-trecoj-ediciji-antalijskog-diplomatskog-foruma\/#primaryimage","url":"https:\/\/president-ksgov.net\/wp-content\/uploads\/ZP-1.jpg","contentUrl":"https:\/\/president-ksgov.net\/wp-content\/uploads\/ZP-1.jpg","width":1280,"height":949},{"@type":"BreadcrumbList","@id":"https:\/\/president-ksgov.net\/sr\/predsednica-vjosa-osmani-i-prvi-gospodin-prindon-sadriu-ucestvovali-su-na-trecoj-ediciji-antalijskog-diplomatskog-foruma\/#breadcrumb","itemListElement":[{"@type":"ListItem","position":1,"name":"Home","item":"https:\/\/president-ksgov.net\/sr\/"},{"@type":"ListItem","position":2,"name":"Predsednica Vjosa Osmani i prvi gospodin Prindon Sadriu u\u010destvovali su na tre\u0107oj ediciji Antalijskog diplomatskog foruma"}]},{"@type":"WebSite","@id":"https:\/\/president-ksgov.net\/#website","url":"https:\/\/president-ksgov.net\/","name":"Presidente e Republik\u00ebs s\u00eb Kosov\u00ebs","description":"Presidente e Republik\u00ebs s\u00eb Kosov\u00ebs","alternateName":"DR. VJOSA OSMANI - SADRIU","potentialAction":[{"@type":"SearchAction","target":{"@type":"EntryPoint","urlTemplate":"https:\/\/president-ksgov.net\/?s={search_term_string}"},"query-input":{"@type":"PropertyValueSpecification","valueRequired":true,"valueName":"search_term_string"}}],"inLanguage":"sr-RS"},{"@type":"Person","@id":"https:\/\/president-ksgov.net\/#\/schema\/person\/1a2c014cffc81ec60d5a452a36d08d92","name":"presidentlogin","image":{"@type":"ImageObject","inLanguage":"sr-RS","@id":"https:\/\/president-ksgov.net\/#\/schema\/person\/image\/","url":"https:\/\/secure.gravatar.com\/avatar\/339f00ab0a8a0d5ce1ecff10aa2b4a1f51f58bbd5a57793f8cd6ad624080d807?s=96&d=mm&r=g","contentUrl":"https:\/\/secure.gravatar.com\/avatar\/339f00ab0a8a0d5ce1ecff10aa2b4a1f51f58bbd5a57793f8cd6ad624080d807?s=96&d=mm&r=g","caption":"presidentlogin"}}]}},"_links":{"self":[{"href":"https:\/\/president-ksgov.net\/sr\/wp-json\/wp\/v2\/posts\/101472","targetHints":{"allow":["GET"]}}],"collection":[{"href":"https:\/\/president-ksgov.net\/sr\/wp-json\/wp\/v2\/posts"}],"about":[{"href":"https:\/\/president-ksgov.net\/sr\/wp-json\/wp\/v2\/types\/post"}],"author":[{"embeddable":true,"href":"https:\/\/president-ksgov.net\/sr\/wp-json\/wp\/v2\/users\/11"}],"replies":[{"embeddable":true,"href":"https:\/\/president-ksgov.net\/sr\/wp-json\/wp\/v2\/comments?post=101472"}],"version-history":[{"count":1,"href":"https:\/\/president-ksgov.net\/sr\/wp-json\/wp\/v2\/posts\/101472\/revisions"}],"predecessor-version":[{"id":101473,"href":"https:\/\/president-ksgov.net\/sr\/wp-json\/wp\/v2\/posts\/101472\/revisions\/101473"}],"wp:featuredmedia":[{"embeddable":true,"href":"https:\/\/president-ksgov.net\/sr\/wp-json\/wp\/v2\/media\/101453"}],"wp:attachment":[{"href":"https:\/\/president-ksgov.net\/sr\/wp-json\/wp\/v2\/media?parent=101472"}],"wp:term":[{"taxonomy":"category","embeddable":true,"href":"https:\/\/president-ksgov.net\/sr\/wp-json\/wp\/v2\/categories?post=101472"},{"taxonomy":"post_tag","embeddable":true,"href":"https:\/\/president-ksgov.net\/sr\/wp-json\/wp\/v2\/tags?post=101472"}],"curies":[{"name":"wp","href":"https:\/\/api.w.org\/{rel}","templated":true}]}}