{"id":101058,"date":"2024-02-16T17:00:54","date_gmt":"2024-02-16T16:00:54","guid":{"rendered":"https:\/\/president-ksgov.net\/?p=101058"},"modified":"2024-02-20T10:06:00","modified_gmt":"2024-02-20T09:06:00","slug":"predsednica-osmani-odlikovala-predsednickom-medaljom-sveta-tereza-dr-wolfganga-schwingera-i-dr-emira-haxhijaja","status":"publish","type":"post","link":"https:\/\/president-ksgov.net\/sr\/predsednica-osmani-odlikovala-predsednickom-medaljom-sveta-tereza-dr-wolfganga-schwingera-i-dr-emira-haxhijaja\/","title":{"rendered":"Predsednica Osmani odlikovala  Predsedni\u010dkom medaljom \u201eSveta Tereza\u201c, dr Wolfganga Schwingera i dr Emira Haxhijaja"},"content":{"rendered":"<p>Predsednica Republike Kosovo Vjosa Osmani odlikovala je Predsedni\u010dkom medaljom \u201eSveta Tereza\u201c, uz motivaciju za nepokolebljivu posve\u0107enost u funkciji zdravlja pacijenata, ljudskog duha i za istaknuti profesionalni doprinos u oblasti pedijatrije i pedijatrijske hemato-onkologije, lekare iz Austrije, dr Wolfganga Schwingera i dr Emira Haxhijaja.<\/p>\n<p>Prema re\u010dima predsednice Osmani, posve\u0107enost ovih zdravstvenih radnika uticala je na \u017eivote dece koja se bore protiv raka i leukemije.<\/p>\n<p>\u201eKao onkolozi i hematolozi, ne samo da su pokazali izuzetan medicinski profesionalizam, ve\u0107 pre svega humanost bez premca prema pacijentima. Ovi lekari su dali vredan doprinos njihovim kosovskim kolegama, koji su pro\u0161li obuku u Gracu, u Austriji\u201c, istakla je predsednica Osmani.<\/p>\n<p>A dr Schwinger i dr Haxhija zahvalili su predsednici Osmani na odlikovanju i istakli su da je ova \u010dast dodatna motivacija za nastavak daljeg anga\u017eovanja u profesionalnoj i humanoj sferi.<\/p>\n","protected":false},"excerpt":{"rendered":"<p>Predsednica Republike Kosovo Vjosa Osmani odlikovala je Predsedni\u010dkom medaljom \u201eSveta Tereza\u201c, uz motivaciju za nepokolebljivu posve\u0107enost u funkciji zdravlja pacijenata, ljudskog duha i za istaknuti profesionalni doprinos u oblasti pedijatrije i pedijatrijske hemato-onkologije, lekare iz Austrije, dr Wolfganga Schwingera i dr Emira Haxhijaja. Prema re\u010dima predsednice Osmani, posve\u0107enost ovih zdravstvenih radnika uticala je na \u017eivote dece koja se bore protiv raka i leukemije. \u201eKao onkolozi i hematolozi, ne samo da su pokazali izuzetan medicinski profesionalizam, ve\u0107 pre svega humanost bez premca prema pacijentima. Ovi lekari su dali vredan doprinos njihovim kosovskim kolegama, koji su pro\u0161li obuku u Gracu, u Austriji\u201c, istakla je predsednica Osmani. A dr Schwinger i dr Haxhija zahvalili su predsednici Osmani na odlikovanju i istakli su da je ova \u010dast dodatna motivacija za nastavak daljeg anga\u017eovanja u profesionalnoj i humanoj sferi.<\/p>\n","protected":false},"author":11,"featured_media":100943,"comment_status":"open","ping_status":"closed","sticky":false,"template":"","format":"standard","meta":{"_eb_attr":"","footnotes":""},"categories":[101],"tags":[],"class_list":["post-101058","post","type-post","status-publish","format-standard","has-post-thumbnail","hentry","category-vesti"],"yoast_head":"<!-- This site is optimized with the Yoast SEO plugin v23.5 - https:\/\/yoast.com\/wordpress\/plugins\/seo\/ -->\n<title>Predsednica Osmani odlikovala Predsedni\u010dkom medaljom \u201eSveta Tereza\u201c, dr Wolfganga Schwingera i dr Emira Haxhijaja - Predsednik Republike Kosovo - DR. VJOSA OSMANI - SADRIU<\/title>\n<meta name=\"description\" content=\"Predsednica Osmani odlikovala Predsedni\u010dkom medaljom \u201eSveta Tereza\u201c, dr Wolfganga Schwingera i dr Emira Haxhijaja - Predsednik Republike Kosovo - DR. VJOSA OSMANI - SADRIU -\" \/>\n<meta name=\"robots\" content=\"index, follow, max-snippet:-1, max-image-preview:large, max-video-preview:-1\" \/>\n<link rel=\"canonical\" href=\"https:\/\/president-ksgov.net\/sr\/predsednica-osmani-odlikovala-predsednickom-medaljom-sveta-tereza-dr-wolfganga-schwingera-i-dr-emira-haxhijaja\/\" \/>\n<meta property=\"og:locale\" content=\"sr_RS\" \/>\n<meta property=\"og:type\" content=\"article\" \/>\n<meta property=\"og:title\" content=\"Predsednica Osmani odlikovala Predsedni\u010dkom medaljom \u201eSveta Tereza\u201c, dr Wolfganga Schwingera i dr Emira Haxhijaja - Predsednik Republike Kosovo - DR. VJOSA OSMANI - SADRIU\" \/>\n<meta property=\"og:description\" content=\"Predsednica Osmani odlikovala Predsedni\u010dkom medaljom \u201eSveta Tereza\u201c, dr Wolfganga Schwingera i dr Emira Haxhijaja - Predsednik Republike Kosovo - DR. VJOSA OSMANI - SADRIU -\" \/>\n<meta property=\"og:url\" content=\"https:\/\/president-ksgov.net\/sr\/predsednica-osmani-odlikovala-predsednickom-medaljom-sveta-tereza-dr-wolfganga-schwingera-i-dr-emira-haxhijaja\/\" \/>\n<meta property=\"og:site_name\" content=\"Predsednik Republike Kosovo - DR. VJOSA OSMANI - SADRIU\" \/>\n<meta property=\"article:published_time\" content=\"2024-02-16T16:00:54+00:00\" \/>\n<meta property=\"article:modified_time\" content=\"2024-02-20T09:06:00+00:00\" \/>\n<meta property=\"og:image\" content=\"https:\/\/president-ksgov.net\/wp-content\/uploads\/dekorate0.jpg\" \/>\n\t<meta property=\"og:image:width\" content=\"2000\" \/>\n\t<meta property=\"og:image:height\" content=\"1331\" \/>\n\t<meta property=\"og:image:type\" content=\"image\/jpeg\" \/>\n<meta name=\"author\" content=\"presidentlogin\" \/>\n<meta name=\"twitter:card\" content=\"summary_large_image\" \/>\n<meta name=\"twitter:label1\" content=\"\u041d\u0430\u043f\u0438\u0441\u0430\u043d\u043e \u043e\u0434\" \/>\n\t<meta name=\"twitter:data1\" content=\"presidentlogin\" \/>\n\t<meta name=\"twitter:label2\" content=\"\u041f\u0440\u043e\u0446\u0435\u045a\u0435\u043d\u043e \u0432\u0440\u0435\u043c\u0435 \u0447\u0438\u0442\u0430\u045a\u0430\" \/>\n\t<meta name=\"twitter:data2\" content=\"1 \u043c\u0438\u043d\u0443\u0442\" \/>\n<script type=\"application\/ld+json\" class=\"yoast-schema-graph\">{\"@context\":\"https:\/\/schema.org\",\"@graph\":[{\"@type\":\"WebPage\",\"@id\":\"https:\/\/president-ksgov.net\/sr\/predsednica-osmani-odlikovala-predsednickom-medaljom-sveta-tereza-dr-wolfganga-schwingera-i-dr-emira-haxhijaja\/\",\"url\":\"https:\/\/president-ksgov.net\/sr\/predsednica-osmani-odlikovala-predsednickom-medaljom-sveta-tereza-dr-wolfganga-schwingera-i-dr-emira-haxhijaja\/\",\"name\":\"Predsednica Osmani odlikovala Predsedni\u010dkom medaljom \u201eSveta Tereza\u201c, dr Wolfganga Schwingera i dr Emira Haxhijaja - Predsednik Republike Kosovo - DR. VJOSA OSMANI - SADRIU\",\"isPartOf\":{\"@id\":\"https:\/\/president-ksgov.net\/#website\"},\"primaryImageOfPage\":{\"@id\":\"https:\/\/president-ksgov.net\/sr\/predsednica-osmani-odlikovala-predsednickom-medaljom-sveta-tereza-dr-wolfganga-schwingera-i-dr-emira-haxhijaja\/#primaryimage\"},\"image\":{\"@id\":\"https:\/\/president-ksgov.net\/sr\/predsednica-osmani-odlikovala-predsednickom-medaljom-sveta-tereza-dr-wolfganga-schwingera-i-dr-emira-haxhijaja\/#primaryimage\"},\"thumbnailUrl\":\"https:\/\/president-ksgov.net\/wp-content\/uploads\/dekorate0.jpg\",\"datePublished\":\"2024-02-16T16:00:54+00:00\",\"dateModified\":\"2024-02-20T09:06:00+00:00\",\"author\":{\"@id\":\"https:\/\/president-ksgov.net\/#\/schema\/person\/1a2c014cffc81ec60d5a452a36d08d92\"},\"description\":\"Predsednica Osmani odlikovala Predsedni\u010dkom medaljom \u201eSveta Tereza\u201c, dr Wolfganga Schwingera i dr Emira Haxhijaja - Predsednik Republike Kosovo - DR. VJOSA OSMANI - SADRIU -\",\"breadcrumb\":{\"@id\":\"https:\/\/president-ksgov.net\/sr\/predsednica-osmani-odlikovala-predsednickom-medaljom-sveta-tereza-dr-wolfganga-schwingera-i-dr-emira-haxhijaja\/#breadcrumb\"},\"inLanguage\":\"sr-RS\",\"potentialAction\":[{\"@type\":\"ReadAction\",\"target\":[\"https:\/\/president-ksgov.net\/sr\/predsednica-osmani-odlikovala-predsednickom-medaljom-sveta-tereza-dr-wolfganga-schwingera-i-dr-emira-haxhijaja\/\"]}]},{\"@type\":\"ImageObject\",\"inLanguage\":\"sr-RS\",\"@id\":\"https:\/\/president-ksgov.net\/sr\/predsednica-osmani-odlikovala-predsednickom-medaljom-sveta-tereza-dr-wolfganga-schwingera-i-dr-emira-haxhijaja\/#primaryimage\",\"url\":\"https:\/\/president-ksgov.net\/wp-content\/uploads\/dekorate0.jpg\",\"contentUrl\":\"https:\/\/president-ksgov.net\/wp-content\/uploads\/dekorate0.jpg\",\"width\":2000,\"height\":1331},{\"@type\":\"BreadcrumbList\",\"@id\":\"https:\/\/president-ksgov.net\/sr\/predsednica-osmani-odlikovala-predsednickom-medaljom-sveta-tereza-dr-wolfganga-schwingera-i-dr-emira-haxhijaja\/#breadcrumb\",\"itemListElement\":[{\"@type\":\"ListItem\",\"position\":1,\"name\":\"Home\",\"item\":\"https:\/\/president-ksgov.net\/sr\/\"},{\"@type\":\"ListItem\",\"position\":2,\"name\":\"Predsednica Osmani odlikovala Predsedni\u010dkom medaljom \u201eSveta Tereza\u201c, dr Wolfganga Schwingera i dr Emira Haxhijaja\"}]},{\"@type\":\"WebSite\",\"@id\":\"https:\/\/president-ksgov.net\/#website\",\"url\":\"https:\/\/president-ksgov.net\/\",\"name\":\"Presidente e Republik\u00ebs s\u00eb Kosov\u00ebs\",\"description\":\"Presidente e Republik\u00ebs s\u00eb Kosov\u00ebs\",\"alternateName\":\"DR. VJOSA OSMANI - SADRIU\",\"potentialAction\":[{\"@type\":\"SearchAction\",\"target\":{\"@type\":\"EntryPoint\",\"urlTemplate\":\"https:\/\/president-ksgov.net\/?s={search_term_string}\"},\"query-input\":{\"@type\":\"PropertyValueSpecification\",\"valueRequired\":true,\"valueName\":\"search_term_string\"}}],\"inLanguage\":\"sr-RS\"},{\"@type\":\"Person\",\"@id\":\"https:\/\/president-ksgov.net\/#\/schema\/person\/1a2c014cffc81ec60d5a452a36d08d92\",\"name\":\"presidentlogin\",\"image\":{\"@type\":\"ImageObject\",\"inLanguage\":\"sr-RS\",\"@id\":\"https:\/\/president-ksgov.net\/#\/schema\/person\/image\/\",\"url\":\"https:\/\/secure.gravatar.com\/avatar\/339f00ab0a8a0d5ce1ecff10aa2b4a1f51f58bbd5a57793f8cd6ad624080d807?s=96&d=mm&r=g\",\"contentUrl\":\"https:\/\/secure.gravatar.com\/avatar\/339f00ab0a8a0d5ce1ecff10aa2b4a1f51f58bbd5a57793f8cd6ad624080d807?s=96&d=mm&r=g\",\"caption\":\"presidentlogin\"}}]}<\/script>\n<!-- \/ Yoast SEO plugin. -->","yoast_head_json":{"title":"Predsednica Osmani odlikovala Predsedni\u010dkom medaljom \u201eSveta Tereza\u201c, dr Wolfganga Schwingera i dr Emira Haxhijaja - Predsednik Republike Kosovo - DR. VJOSA OSMANI - SADRIU","description":"Predsednica Osmani odlikovala Predsedni\u010dkom medaljom \u201eSveta Tereza\u201c, dr Wolfganga Schwingera i dr Emira Haxhijaja - Predsednik Republike Kosovo - DR. VJOSA OSMANI - SADRIU -","robots":{"index":"index","follow":"follow","max-snippet":"max-snippet:-1","max-image-preview":"max-image-preview:large","max-video-preview":"max-video-preview:-1"},"canonical":"https:\/\/president-ksgov.net\/sr\/predsednica-osmani-odlikovala-predsednickom-medaljom-sveta-tereza-dr-wolfganga-schwingera-i-dr-emira-haxhijaja\/","og_locale":"sr_RS","og_type":"article","og_title":"Predsednica Osmani odlikovala Predsedni\u010dkom medaljom \u201eSveta Tereza\u201c, dr Wolfganga Schwingera i dr Emira Haxhijaja - Predsednik Republike Kosovo - DR. VJOSA OSMANI - SADRIU","og_description":"Predsednica Osmani odlikovala Predsedni\u010dkom medaljom \u201eSveta Tereza\u201c, dr Wolfganga Schwingera i dr Emira Haxhijaja - Predsednik Republike Kosovo - DR. VJOSA OSMANI - SADRIU -","og_url":"https:\/\/president-ksgov.net\/sr\/predsednica-osmani-odlikovala-predsednickom-medaljom-sveta-tereza-dr-wolfganga-schwingera-i-dr-emira-haxhijaja\/","og_site_name":"Predsednik Republike Kosovo - DR. VJOSA OSMANI - SADRIU","article_published_time":"2024-02-16T16:00:54+00:00","article_modified_time":"2024-02-20T09:06:00+00:00","og_image":[{"width":2000,"height":1331,"url":"https:\/\/president-ksgov.net\/wp-content\/uploads\/dekorate0.jpg","type":"image\/jpeg"}],"author":"presidentlogin","twitter_card":"summary_large_image","twitter_misc":{"\u041d\u0430\u043f\u0438\u0441\u0430\u043d\u043e \u043e\u0434":"presidentlogin","\u041f\u0440\u043e\u0446\u0435\u045a\u0435\u043d\u043e \u0432\u0440\u0435\u043c\u0435 \u0447\u0438\u0442\u0430\u045a\u0430":"1 \u043c\u0438\u043d\u0443\u0442"},"schema":{"@context":"https:\/\/schema.org","@graph":[{"@type":"WebPage","@id":"https:\/\/president-ksgov.net\/sr\/predsednica-osmani-odlikovala-predsednickom-medaljom-sveta-tereza-dr-wolfganga-schwingera-i-dr-emira-haxhijaja\/","url":"https:\/\/president-ksgov.net\/sr\/predsednica-osmani-odlikovala-predsednickom-medaljom-sveta-tereza-dr-wolfganga-schwingera-i-dr-emira-haxhijaja\/","name":"Predsednica Osmani odlikovala Predsedni\u010dkom medaljom \u201eSveta Tereza\u201c, dr Wolfganga Schwingera i dr Emira Haxhijaja - Predsednik Republike Kosovo - DR. VJOSA OSMANI - SADRIU","isPartOf":{"@id":"https:\/\/president-ksgov.net\/#website"},"primaryImageOfPage":{"@id":"https:\/\/president-ksgov.net\/sr\/predsednica-osmani-odlikovala-predsednickom-medaljom-sveta-tereza-dr-wolfganga-schwingera-i-dr-emira-haxhijaja\/#primaryimage"},"image":{"@id":"https:\/\/president-ksgov.net\/sr\/predsednica-osmani-odlikovala-predsednickom-medaljom-sveta-tereza-dr-wolfganga-schwingera-i-dr-emira-haxhijaja\/#primaryimage"},"thumbnailUrl":"https:\/\/president-ksgov.net\/wp-content\/uploads\/dekorate0.jpg","datePublished":"2024-02-16T16:00:54+00:00","dateModified":"2024-02-20T09:06:00+00:00","author":{"@id":"https:\/\/president-ksgov.net\/#\/schema\/person\/1a2c014cffc81ec60d5a452a36d08d92"},"description":"Predsednica Osmani odlikovala Predsedni\u010dkom medaljom \u201eSveta Tereza\u201c, dr Wolfganga Schwingera i dr Emira Haxhijaja - Predsednik Republike Kosovo - DR. VJOSA OSMANI - SADRIU -","breadcrumb":{"@id":"https:\/\/president-ksgov.net\/sr\/predsednica-osmani-odlikovala-predsednickom-medaljom-sveta-tereza-dr-wolfganga-schwingera-i-dr-emira-haxhijaja\/#breadcrumb"},"inLanguage":"sr-RS","potentialAction":[{"@type":"ReadAction","target":["https:\/\/president-ksgov.net\/sr\/predsednica-osmani-odlikovala-predsednickom-medaljom-sveta-tereza-dr-wolfganga-schwingera-i-dr-emira-haxhijaja\/"]}]},{"@type":"ImageObject","inLanguage":"sr-RS","@id":"https:\/\/president-ksgov.net\/sr\/predsednica-osmani-odlikovala-predsednickom-medaljom-sveta-tereza-dr-wolfganga-schwingera-i-dr-emira-haxhijaja\/#primaryimage","url":"https:\/\/president-ksgov.net\/wp-content\/uploads\/dekorate0.jpg","contentUrl":"https:\/\/president-ksgov.net\/wp-content\/uploads\/dekorate0.jpg","width":2000,"height":1331},{"@type":"BreadcrumbList","@id":"https:\/\/president-ksgov.net\/sr\/predsednica-osmani-odlikovala-predsednickom-medaljom-sveta-tereza-dr-wolfganga-schwingera-i-dr-emira-haxhijaja\/#breadcrumb","itemListElement":[{"@type":"ListItem","position":1,"name":"Home","item":"https:\/\/president-ksgov.net\/sr\/"},{"@type":"ListItem","position":2,"name":"Predsednica Osmani odlikovala Predsedni\u010dkom medaljom \u201eSveta Tereza\u201c, dr Wolfganga Schwingera i dr Emira Haxhijaja"}]},{"@type":"WebSite","@id":"https:\/\/president-ksgov.net\/#website","url":"https:\/\/president-ksgov.net\/","name":"Presidente e Republik\u00ebs s\u00eb Kosov\u00ebs","description":"Presidente e Republik\u00ebs s\u00eb Kosov\u00ebs","alternateName":"DR. VJOSA OSMANI - SADRIU","potentialAction":[{"@type":"SearchAction","target":{"@type":"EntryPoint","urlTemplate":"https:\/\/president-ksgov.net\/?s={search_term_string}"},"query-input":{"@type":"PropertyValueSpecification","valueRequired":true,"valueName":"search_term_string"}}],"inLanguage":"sr-RS"},{"@type":"Person","@id":"https:\/\/president-ksgov.net\/#\/schema\/person\/1a2c014cffc81ec60d5a452a36d08d92","name":"presidentlogin","image":{"@type":"ImageObject","inLanguage":"sr-RS","@id":"https:\/\/president-ksgov.net\/#\/schema\/person\/image\/","url":"https:\/\/secure.gravatar.com\/avatar\/339f00ab0a8a0d5ce1ecff10aa2b4a1f51f58bbd5a57793f8cd6ad624080d807?s=96&d=mm&r=g","contentUrl":"https:\/\/secure.gravatar.com\/avatar\/339f00ab0a8a0d5ce1ecff10aa2b4a1f51f58bbd5a57793f8cd6ad624080d807?s=96&d=mm&r=g","caption":"presidentlogin"}}]}},"_links":{"self":[{"href":"https:\/\/president-ksgov.net\/sr\/wp-json\/wp\/v2\/posts\/101058","targetHints":{"allow":["GET"]}}],"collection":[{"href":"https:\/\/president-ksgov.net\/sr\/wp-json\/wp\/v2\/posts"}],"about":[{"href":"https:\/\/president-ksgov.net\/sr\/wp-json\/wp\/v2\/types\/post"}],"author":[{"embeddable":true,"href":"https:\/\/president-ksgov.net\/sr\/wp-json\/wp\/v2\/users\/11"}],"replies":[{"embeddable":true,"href":"https:\/\/president-ksgov.net\/sr\/wp-json\/wp\/v2\/comments?post=101058"}],"version-history":[{"count":1,"href":"https:\/\/president-ksgov.net\/sr\/wp-json\/wp\/v2\/posts\/101058\/revisions"}],"predecessor-version":[{"id":101059,"href":"https:\/\/president-ksgov.net\/sr\/wp-json\/wp\/v2\/posts\/101058\/revisions\/101059"}],"wp:featuredmedia":[{"embeddable":true,"href":"https:\/\/president-ksgov.net\/sr\/wp-json\/wp\/v2\/media\/100943"}],"wp:attachment":[{"href":"https:\/\/president-ksgov.net\/sr\/wp-json\/wp\/v2\/media?parent=101058"}],"wp:term":[{"taxonomy":"category","embeddable":true,"href":"https:\/\/president-ksgov.net\/sr\/wp-json\/wp\/v2\/categories?post=101058"},{"taxonomy":"post_tag","embeddable":true,"href":"https:\/\/president-ksgov.net\/sr\/wp-json\/wp\/v2\/tags?post=101058"}],"curies":[{"name":"wp","href":"https:\/\/api.w.org\/{rel}","templated":true}]}}