{"id":101056,"date":"2024-02-17T18:00:27","date_gmt":"2024-02-17T17:00:27","guid":{"rendered":"https:\/\/president-ksgov.net\/?p=101056"},"modified":"2025-02-06T16:54:06","modified_gmt":"2025-02-06T15:54:06","slug":"govor-predsednice-osmani-na-drzavnom-prijemu-povodom-17-godisnjice-nezavisnosti","status":"publish","type":"post","link":"https:\/\/president-ksgov.net\/sr\/govor-predsednice-osmani-na-drzavnom-prijemu-povodom-17-godisnjice-nezavisnosti\/","title":{"rendered":"Govor predsednice Osmani na dr\u017eavnom prijemu povodom 16. godi\u0161njice nezavisnosti"},"content":{"rendered":"<p><strong><em>Po\u0161tovani predsedni\u010de Begaj,<\/em><\/strong><\/p>\n<p><strong><em>Po\u0161tovana prva damo, Armanda Begaj,<\/em><\/strong><\/p>\n<p><strong><em>Po\u0161tovani predsedni\u010de Skup\u0161tine, g. Konjufca<\/em><\/strong><\/p>\n<p><strong><em>Po\u0161tovani premijeru Kurti i \u010dlanovi vladinog kabineta,<\/em><\/strong><\/p>\n<p><strong><em>Po\u0161tovani zameni\u010de premijera Gjeloshaj,<\/em><\/strong><\/p>\n<p><strong><em>Po\u0161tovani ambasadori, predstavnici prijateljskih zemalja,<\/em><\/strong><\/p>\n<p><strong><em>Po\u0161tovani biv\u0161i predsedni\u010de Sejdiu,<\/em><\/strong><\/p>\n<p><strong><em>Po\u0161tovani predstavnici sa celog Kosova, uklju\u010duju\u0107i i predstavnike lokalne samouprave,<\/em><\/strong><\/p>\n<p><strong><em>Draga bra\u0107o i sestre iz Albanije, iz Pre\u0161eva, Medve\u0111e i Bujanovca, iz Severne Makedonije, iz Crne Gore i \u0161ire,<\/em><\/strong><\/p>\n<p><strong><em>Dame i gospodo,<\/em><\/strong><\/p>\n<p>&nbsp;<\/p>\n<p>Posebno je zadovoljstvo videti vas u ovako veli\u010danstvenom prisustvu povodom proslave 16. godi\u0161njice nezavisnosti na\u0161e Republike!<\/p>\n<p>Zaista sam sre\u0107na \u0161to stojim pred vama na ovoj prazni\u010dnoj ceremoniji u danu i trenutku kada su na\u0161a srca ispunjena ponosom i zahvalno\u0161\u0107u.<\/p>\n<p>Pre \u0161esnaest godina napravili smo istorijski korak ka ja\u010danju na\u0161e slobode, otvaraju\u0107i novo poglavlje koje je krunisano progla\u0161enjem Republike Kosovo.<\/p>\n<p>17.februar osta\u0107e zauvek upam\u0107en kao istorijska prekretnica i poglavlje radosti u savremenoj istoriji na\u0161e zemlje, ali je i godi\u0161nji podsetnik na te\u017eak teret odgovornosti koji le\u017ei na na\u0161im ple\u0107ima, odgovornosti da gradimo i negujemo dr\u017eavu zasnovanu na principima slobode, demokratije i pravde.<\/p>\n<p>Na\u0161 dosada\u0161nji put je bio mnogo \u0161ta, ali nikako lak. Mirni otpor tokom godina koji je vodio arhitekta na\u0161e dr\u017eave, istorijski predsednik Ibrahim Rugova, pra\u0107en oru\u017eanim otporom vrhovnog komandanta Adema Jasharija i njegove porodice, a Oslobodila\u010dka vojska Kosova rezultat je otpora nasle\u0111ivanog generacijama, ali i visoke svesti da je cena slobode najskuplja, ali i najdragocenija.<\/p>\n<p>Zato danas odajemo po\u010dast uspomeni, delu i nasle\u0111u na\u0161ih heroina i heroja, jer je njihovom uzvi\u0161enom \u017ertvom o\u017eivelo Kosovo na\u0161ih dana.<\/p>\n<p>Tako\u0111e smo ponosni \u0161to smo na ovom na\u0161em putu ka nezavisnoj dr\u017eavi imali konstantnu podr\u0161ku na\u0161ih me\u0111unarodnih saveznika, posebno Sjedinjenih Ameri\u010dkih Dr\u017eava i evropskih zemalja. Kao u na\u0161im najmra\u010dnijim danima, stajali su uz nas \u010dak i na izazovnom putu izgradnje dr\u017eave.<\/p>\n<p>Uspeh Kosova je i uspeh na\u0161ih partnera i saveznika. Stoga, sve dok idemo napred sa jasnom vizijom o evroatlantskoj budu\u0107nosti, savezi ostaju klju\u010dni, partnerstva duboko va\u017ena, a saradnja je klju\u010d koji nas pribli\u017eava dostojanstvenijoj i vi\u0161e obe\u0107avaju\u0107oj budu\u0107nosti.<\/p>\n<p>Hvala Sjedinjenim Ameri\u010dkim Dr\u017eavama, hvala NATO-u i hvala svim prijateljskim dr\u017eavama koje su 1999. godine bile na na\u0161oj strani, na pravoj strani istorije, \u010duvaju\u0107i nas od istrebljenja, od genocidnog re\u017eima Srbije!<\/p>\n<p>Koliko su saveznici bili va\u017eni kada smo ostvarili san o slobodi i dr\u017eavi, toliko su va\u017eni i danas dok se mi zala\u017eemo i sna\u017eno radimo da za\u0161titimo na\u0161u slobodu, na\u0161u dr\u017eavu i na\u0161u budu\u0107nost.<\/p>\n<p>U ovim izazovnim vremenima za Evropu i ceo svet, samo zajedno mo\u017eemo da se suo\u010dimo sa svim izazovima.<\/p>\n<p><strong>Dame i gospodo,<\/strong><\/p>\n<p><strong>Po\u0161tovani prijatelji,<\/strong><\/p>\n<p>Temelji Republike Kosovo po\u010divaju na posve\u0107enosti demokratskim principima i pravnoj dr\u017eavi. Naporno i marljivo smo radili na izgradnji institucija koje odra\u017eavaju ove vrednosti, institucija koje su odgovorne pred gra\u0111anima bez razlike i koje slu\u017ee, pre svega, njihovim interesima.<\/p>\n<p>Uprkos izazovima, na\u0161e uverenje je nepokolebljivo: Kosovo je dostojno i zaslu\u017euje svoje mesto u srcu evroatlantske porodice. Iako se to ne mo\u017ee uvek jasno sagledati, svaki na\u0161 dan je korak bli\u017ee ka ostvarenju ovog davnog sna na\u0161eg naroda.<\/p>\n<p>Na\u0161a dr\u017eava oli\u010dava na\u0161e zajedni\u010dke te\u017enje, borbe i trijumf. To je svedo\u010danstvo o herojstvu onih koji su se usudili da izazovu tiraniju i utiraju put za na\u0161e slobodno danas i na\u0161e svetlije sutra.<\/p>\n<p>Proslavimo ovaj dan s ponosom, s uverenjem da je na\u0161 put ka nezavisnosti svedo\u010danstvo otpornosti duha na\u0161ih gra\u0111ana. Dok nam je te\u017enja da za\u0161titimo slobodu po svaku cenu, da dr\u017eavu u\u010dinimo jo\u0161 mo\u0107nijom i integrisanijom u evroatlantske strukture, u\u010dinimo to sa besprimernom posve\u0107eno\u0161\u0107u i rame uz rame sa na\u0161im prijateljima i saveznicima.<\/p>\n<p>Kosovo je iznad svega!<\/p>\n<p><strong><em>Sre\u0107na 16. godi\u0161njica, dr\u017eavo na\u0161a!<\/em><\/strong><\/p>\n<p><strong><em>Bog blagoslovio na\u0161u Republiku i njene prijatelje!<\/em><\/strong><\/p>\n<p>&nbsp;<\/p>\n<p><iframe style=\"border: none; overflow: hidden;\" src=\"https:\/\/www.facebook.com\/plugins\/video.php?height=314&amp;href=https%3A%2F%2Fwww.facebook.com%2FPresidencaRKS%2Fvideos%2F909445347289989%2F&amp;show_text=false&amp;width=560&amp;t=0\" width=\"560\" height=\"560\" frameborder=\"0\" scrolling=\"no\" allowfullscreen=\"allowfullscreen\"><span data-mce-type=\"bookmark\" style=\"display: inline-block; width: 0px; overflow: hidden; line-height: 0;\" class=\"mce_SELRES_start\">\ufeff<\/span><\/iframe><\/p>\n","protected":false},"excerpt":{"rendered":"<p>Po\u0161tovani predsedni\u010de Begaj, Po\u0161tovana prva damo, Armanda Begaj, Po\u0161tovani predsedni\u010de Skup\u0161tine, g. Konjufca Po\u0161tovani premijeru Kurti i \u010dlanovi vladinog kabineta, Po\u0161tovani zameni\u010de premijera Gjeloshaj, Po\u0161tovani ambasadori, predstavnici prijateljskih zemalja, Po\u0161tovani biv\u0161i predsedni\u010de Sejdiu, Po\u0161tovani predstavnici sa celog Kosova, uklju\u010duju\u0107i i predstavnike lokalne samouprave, Draga bra\u0107o i sestre iz Albanije, iz Pre\u0161eva, Medve\u0111e i Bujanovca, iz Severne Makedonije, iz Crne Gore i \u0161ire, Dame i gospodo, &nbsp; Posebno je zadovoljstvo videti vas u ovako veli\u010danstvenom prisustvu povodom proslave 16. godi\u0161njice nezavisnosti na\u0161e Republike! Zaista sam sre\u0107na \u0161to stojim pred vama na ovoj prazni\u010dnoj ceremoniji u danu i trenutku kada su na\u0161a srca ispunjena ponosom i zahvalno\u0161\u0107u. Pre \u0161esnaest godina napravili smo istorijski korak ka ja\u010danju na\u0161e slobode, otvaraju\u0107i novo poglavlje koje je krunisano progla\u0161enjem Republike Kosovo. 17.februar osta\u0107e zauvek upam\u0107en kao istorijska prekretnica i poglavlje radosti u savremenoj istoriji na\u0161e zemlje, ali je i godi\u0161nji podsetnik na te\u017eak teret odgovornosti koji le\u017ei na na\u0161im ple\u0107ima, odgovornosti da gradimo i negujemo dr\u017eavu zasnovanu na principima slobode, demokratije i pravde. Na\u0161 dosada\u0161nji put je bio mnogo \u0161ta, ali nikako lak. Mirni otpor tokom godina koji je vodio arhitekta na\u0161e dr\u017eave, istorijski predsednik Ibrahim Rugova, pra\u0107en oru\u017eanim otporom vrhovnog komandanta Adema Jasharija i njegove porodice, a Oslobodila\u010dka vojska Kosova rezultat je otpora nasle\u0111ivanog generacijama, ali i visoke svesti da je cena slobode najskuplja, ali i najdragocenija. Zato danas odajemo po\u010dast uspomeni, delu i nasle\u0111u na\u0161ih heroina i heroja, jer je njihovom uzvi\u0161enom \u017ertvom o\u017eivelo Kosovo na\u0161ih dana. Tako\u0111e smo ponosni \u0161to smo na ovom na\u0161em putu ka nezavisnoj dr\u017eavi imali konstantnu podr\u0161ku na\u0161ih me\u0111unarodnih saveznika, posebno Sjedinjenih Ameri\u010dkih Dr\u017eava i evropskih zemalja. Kao u na\u0161im najmra\u010dnijim danima, stajali su uz nas \u010dak i na izazovnom putu izgradnje dr\u017eave. Uspeh Kosova je i uspeh na\u0161ih partnera i saveznika. Stoga, sve dok idemo napred sa jasnom vizijom o evroatlantskoj budu\u0107nosti, savezi ostaju klju\u010dni, partnerstva duboko va\u017ena, a saradnja je klju\u010d koji nas pribli\u017eava dostojanstvenijoj i vi\u0161e obe\u0107avaju\u0107oj budu\u0107nosti. Hvala Sjedinjenim Ameri\u010dkim Dr\u017eavama, hvala NATO-u i hvala svim prijateljskim dr\u017eavama koje su 1999. godine bile na na\u0161oj strani, na pravoj strani istorije, \u010duvaju\u0107i nas od istrebljenja, od genocidnog re\u017eima Srbije! Koliko su saveznici bili va\u017eni kada smo ostvarili san o slobodi i dr\u017eavi, toliko su va\u017eni i danas dok se mi zala\u017eemo i sna\u017eno radimo da za\u0161titimo na\u0161u slobodu, na\u0161u dr\u017eavu i na\u0161u budu\u0107nost. U ovim izazovnim vremenima za Evropu i ceo svet, samo zajedno mo\u017eemo da se suo\u010dimo sa svim izazovima. Dame i gospodo, Po\u0161tovani prijatelji, Temelji Republike Kosovo po\u010divaju na posve\u0107enosti demokratskim principima i pravnoj dr\u017eavi. Naporno i marljivo smo radili na izgradnji institucija koje odra\u017eavaju ove vrednosti, institucija koje su odgovorne pred gra\u0111anima bez razlike i koje slu\u017ee, pre svega, njihovim interesima. Uprkos izazovima, na\u0161e uverenje je nepokolebljivo: Kosovo je dostojno i zaslu\u017euje svoje mesto u srcu evroatlantske porodice. Iako se to ne mo\u017ee uvek jasno sagledati, svaki na\u0161 dan je korak bli\u017ee ka ostvarenju ovog davnog sna na\u0161eg naroda. Na\u0161a dr\u017eava oli\u010dava na\u0161e zajedni\u010dke te\u017enje, borbe i trijumf. To je svedo\u010danstvo o herojstvu onih koji su se usudili da izazovu tiraniju i utiraju put za na\u0161e slobodno danas i na\u0161e svetlije sutra. Proslavimo ovaj dan s ponosom, s uverenjem da je na\u0161 put ka nezavisnosti svedo\u010danstvo otpornosti duha na\u0161ih gra\u0111ana. Dok nam je te\u017enja da za\u0161titimo slobodu po svaku cenu, da dr\u017eavu u\u010dinimo jo\u0161 mo\u0107nijom i integrisanijom u evroatlantske strukture, u\u010dinimo to sa besprimernom posve\u0107eno\u0161\u0107u i rame uz rame sa na\u0161im prijateljima i saveznicima. Kosovo je iznad svega! Sre\u0107na 16. godi\u0161njica, dr\u017eavo na\u0161a! Bog blagoslovio na\u0161u Republiku i njene prijatelje! &nbsp; \ufeff<\/p>\n","protected":false},"author":11,"featured_media":100929,"comment_status":"closed","ping_status":"closed","sticky":false,"template":"","format":"standard","meta":{"_eb_attr":"","footnotes":""},"categories":[106,101],"tags":[],"class_list":["post-101056","post","type-post","status-publish","format-standard","has-post-thumbnail","hentry","category-govori","category-vesti"],"yoast_head":"<!-- This site is optimized with the Yoast SEO plugin v23.5 - https:\/\/yoast.com\/wordpress\/plugins\/seo\/ -->\n<title>Govor predsednice Osmani na dr\u017eavnom prijemu povodom 16. godi\u0161njice nezavisnosti - Predsednik Republike Kosovo - DR. VJOSA OSMANI - SADRIU<\/title>\n<meta name=\"description\" content=\"Govor predsednice Osmani na dr\u017eavnom prijemu povodom 16. godi\u0161njice nezavisnosti - Predsednik Republike Kosovo - DR. VJOSA OSMANI - SADRIU -\" \/>\n<meta name=\"robots\" content=\"index, follow, max-snippet:-1, max-image-preview:large, max-video-preview:-1\" \/>\n<link rel=\"canonical\" href=\"https:\/\/president-ksgov.net\/sr\/govor-predsednice-osmani-na-drzavnom-prijemu-povodom-17-godisnjice-nezavisnosti\/\" \/>\n<meta property=\"og:locale\" content=\"sr_RS\" \/>\n<meta property=\"og:type\" content=\"article\" \/>\n<meta property=\"og:title\" content=\"Govor predsednice Osmani na dr\u017eavnom prijemu povodom 16. godi\u0161njice nezavisnosti - Predsednik Republike Kosovo - DR. VJOSA OSMANI - SADRIU\" \/>\n<meta property=\"og:description\" content=\"Govor predsednice Osmani na dr\u017eavnom prijemu povodom 16. godi\u0161njice nezavisnosti - Predsednik Republike Kosovo - DR. VJOSA OSMANI - SADRIU -\" \/>\n<meta property=\"og:url\" content=\"https:\/\/president-ksgov.net\/sr\/govor-predsednice-osmani-na-drzavnom-prijemu-povodom-17-godisnjice-nezavisnosti\/\" \/>\n<meta property=\"og:site_name\" content=\"Predsednik Republike Kosovo - DR. VJOSA OSMANI - SADRIU\" \/>\n<meta property=\"article:published_time\" content=\"2024-02-17T17:00:27+00:00\" \/>\n<meta property=\"article:modified_time\" content=\"2025-02-06T15:54:06+00:00\" \/>\n<meta property=\"og:image\" content=\"https:\/\/president-ksgov.net\/wp-content\/uploads\/1-1-6.jpg\" \/>\n\t<meta property=\"og:image:width\" content=\"960\" \/>\n\t<meta property=\"og:image:height\" content=\"640\" \/>\n\t<meta property=\"og:image:type\" content=\"image\/jpeg\" \/>\n<meta name=\"author\" content=\"presidentlogin\" \/>\n<meta name=\"twitter:card\" content=\"summary_large_image\" \/>\n<meta name=\"twitter:label1\" content=\"\u041d\u0430\u043f\u0438\u0441\u0430\u043d\u043e \u043e\u0434\" \/>\n\t<meta name=\"twitter:data1\" content=\"presidentlogin\" \/>\n\t<meta name=\"twitter:label2\" content=\"\u041f\u0440\u043e\u0446\u0435\u045a\u0435\u043d\u043e \u0432\u0440\u0435\u043c\u0435 \u0447\u0438\u0442\u0430\u045a\u0430\" \/>\n\t<meta name=\"twitter:data2\" content=\"4 \u043c\u0438\u043d\u0443\u0442\u0430\" \/>\n<script type=\"application\/ld+json\" class=\"yoast-schema-graph\">{\"@context\":\"https:\/\/schema.org\",\"@graph\":[{\"@type\":\"WebPage\",\"@id\":\"https:\/\/president-ksgov.net\/sr\/govor-predsednice-osmani-na-drzavnom-prijemu-povodom-17-godisnjice-nezavisnosti\/\",\"url\":\"https:\/\/president-ksgov.net\/sr\/govor-predsednice-osmani-na-drzavnom-prijemu-povodom-17-godisnjice-nezavisnosti\/\",\"name\":\"Govor predsednice Osmani na dr\u017eavnom prijemu povodom 16. godi\u0161njice nezavisnosti - Predsednik Republike Kosovo - DR. VJOSA OSMANI - SADRIU\",\"isPartOf\":{\"@id\":\"https:\/\/president-ksgov.net\/#website\"},\"primaryImageOfPage\":{\"@id\":\"https:\/\/president-ksgov.net\/sr\/govor-predsednice-osmani-na-drzavnom-prijemu-povodom-17-godisnjice-nezavisnosti\/#primaryimage\"},\"image\":{\"@id\":\"https:\/\/president-ksgov.net\/sr\/govor-predsednice-osmani-na-drzavnom-prijemu-povodom-17-godisnjice-nezavisnosti\/#primaryimage\"},\"thumbnailUrl\":\"https:\/\/president-ksgov.net\/wp-content\/uploads\/1-1-6.jpg\",\"datePublished\":\"2024-02-17T17:00:27+00:00\",\"dateModified\":\"2025-02-06T15:54:06+00:00\",\"author\":{\"@id\":\"https:\/\/president-ksgov.net\/#\/schema\/person\/1a2c014cffc81ec60d5a452a36d08d92\"},\"description\":\"Govor predsednice Osmani na dr\u017eavnom prijemu povodom 16. godi\u0161njice nezavisnosti - Predsednik Republike Kosovo - DR. VJOSA OSMANI - SADRIU -\",\"breadcrumb\":{\"@id\":\"https:\/\/president-ksgov.net\/sr\/govor-predsednice-osmani-na-drzavnom-prijemu-povodom-17-godisnjice-nezavisnosti\/#breadcrumb\"},\"inLanguage\":\"sr-RS\",\"potentialAction\":[{\"@type\":\"ReadAction\",\"target\":[\"https:\/\/president-ksgov.net\/sr\/govor-predsednice-osmani-na-drzavnom-prijemu-povodom-17-godisnjice-nezavisnosti\/\"]}]},{\"@type\":\"ImageObject\",\"inLanguage\":\"sr-RS\",\"@id\":\"https:\/\/president-ksgov.net\/sr\/govor-predsednice-osmani-na-drzavnom-prijemu-povodom-17-godisnjice-nezavisnosti\/#primaryimage\",\"url\":\"https:\/\/president-ksgov.net\/wp-content\/uploads\/1-1-6.jpg\",\"contentUrl\":\"https:\/\/president-ksgov.net\/wp-content\/uploads\/1-1-6.jpg\",\"width\":960,\"height\":640},{\"@type\":\"BreadcrumbList\",\"@id\":\"https:\/\/president-ksgov.net\/sr\/govor-predsednice-osmani-na-drzavnom-prijemu-povodom-17-godisnjice-nezavisnosti\/#breadcrumb\",\"itemListElement\":[{\"@type\":\"ListItem\",\"position\":1,\"name\":\"Home\",\"item\":\"https:\/\/president-ksgov.net\/sr\/\"},{\"@type\":\"ListItem\",\"position\":2,\"name\":\"Govor predsednice Osmani na dr\u017eavnom prijemu povodom 16. godi\u0161njice nezavisnosti\"}]},{\"@type\":\"WebSite\",\"@id\":\"https:\/\/president-ksgov.net\/#website\",\"url\":\"https:\/\/president-ksgov.net\/\",\"name\":\"Presidente e Republik\u00ebs s\u00eb Kosov\u00ebs\",\"description\":\"Presidente e Republik\u00ebs s\u00eb Kosov\u00ebs\",\"alternateName\":\"DR. VJOSA OSMANI - SADRIU\",\"potentialAction\":[{\"@type\":\"SearchAction\",\"target\":{\"@type\":\"EntryPoint\",\"urlTemplate\":\"https:\/\/president-ksgov.net\/?s={search_term_string}\"},\"query-input\":{\"@type\":\"PropertyValueSpecification\",\"valueRequired\":true,\"valueName\":\"search_term_string\"}}],\"inLanguage\":\"sr-RS\"},{\"@type\":\"Person\",\"@id\":\"https:\/\/president-ksgov.net\/#\/schema\/person\/1a2c014cffc81ec60d5a452a36d08d92\",\"name\":\"presidentlogin\",\"image\":{\"@type\":\"ImageObject\",\"inLanguage\":\"sr-RS\",\"@id\":\"https:\/\/president-ksgov.net\/#\/schema\/person\/image\/\",\"url\":\"https:\/\/secure.gravatar.com\/avatar\/339f00ab0a8a0d5ce1ecff10aa2b4a1f51f58bbd5a57793f8cd6ad624080d807?s=96&d=mm&r=g\",\"contentUrl\":\"https:\/\/secure.gravatar.com\/avatar\/339f00ab0a8a0d5ce1ecff10aa2b4a1f51f58bbd5a57793f8cd6ad624080d807?s=96&d=mm&r=g\",\"caption\":\"presidentlogin\"}}]}<\/script>\n<!-- \/ Yoast SEO plugin. -->","yoast_head_json":{"title":"Govor predsednice Osmani na dr\u017eavnom prijemu povodom 16. godi\u0161njice nezavisnosti - Predsednik Republike Kosovo - DR. VJOSA OSMANI - SADRIU","description":"Govor predsednice Osmani na dr\u017eavnom prijemu povodom 16. godi\u0161njice nezavisnosti - Predsednik Republike Kosovo - DR. VJOSA OSMANI - SADRIU -","robots":{"index":"index","follow":"follow","max-snippet":"max-snippet:-1","max-image-preview":"max-image-preview:large","max-video-preview":"max-video-preview:-1"},"canonical":"https:\/\/president-ksgov.net\/sr\/govor-predsednice-osmani-na-drzavnom-prijemu-povodom-17-godisnjice-nezavisnosti\/","og_locale":"sr_RS","og_type":"article","og_title":"Govor predsednice Osmani na dr\u017eavnom prijemu povodom 16. godi\u0161njice nezavisnosti - Predsednik Republike Kosovo - DR. VJOSA OSMANI - SADRIU","og_description":"Govor predsednice Osmani na dr\u017eavnom prijemu povodom 16. godi\u0161njice nezavisnosti - Predsednik Republike Kosovo - DR. VJOSA OSMANI - SADRIU -","og_url":"https:\/\/president-ksgov.net\/sr\/govor-predsednice-osmani-na-drzavnom-prijemu-povodom-17-godisnjice-nezavisnosti\/","og_site_name":"Predsednik Republike Kosovo - DR. VJOSA OSMANI - SADRIU","article_published_time":"2024-02-17T17:00:27+00:00","article_modified_time":"2025-02-06T15:54:06+00:00","og_image":[{"width":960,"height":640,"url":"https:\/\/president-ksgov.net\/wp-content\/uploads\/1-1-6.jpg","type":"image\/jpeg"}],"author":"presidentlogin","twitter_card":"summary_large_image","twitter_misc":{"\u041d\u0430\u043f\u0438\u0441\u0430\u043d\u043e \u043e\u0434":"presidentlogin","\u041f\u0440\u043e\u0446\u0435\u045a\u0435\u043d\u043e \u0432\u0440\u0435\u043c\u0435 \u0447\u0438\u0442\u0430\u045a\u0430":"4 \u043c\u0438\u043d\u0443\u0442\u0430"},"schema":{"@context":"https:\/\/schema.org","@graph":[{"@type":"WebPage","@id":"https:\/\/president-ksgov.net\/sr\/govor-predsednice-osmani-na-drzavnom-prijemu-povodom-17-godisnjice-nezavisnosti\/","url":"https:\/\/president-ksgov.net\/sr\/govor-predsednice-osmani-na-drzavnom-prijemu-povodom-17-godisnjice-nezavisnosti\/","name":"Govor predsednice Osmani na dr\u017eavnom prijemu povodom 16. godi\u0161njice nezavisnosti - Predsednik Republike Kosovo - DR. VJOSA OSMANI - SADRIU","isPartOf":{"@id":"https:\/\/president-ksgov.net\/#website"},"primaryImageOfPage":{"@id":"https:\/\/president-ksgov.net\/sr\/govor-predsednice-osmani-na-drzavnom-prijemu-povodom-17-godisnjice-nezavisnosti\/#primaryimage"},"image":{"@id":"https:\/\/president-ksgov.net\/sr\/govor-predsednice-osmani-na-drzavnom-prijemu-povodom-17-godisnjice-nezavisnosti\/#primaryimage"},"thumbnailUrl":"https:\/\/president-ksgov.net\/wp-content\/uploads\/1-1-6.jpg","datePublished":"2024-02-17T17:00:27+00:00","dateModified":"2025-02-06T15:54:06+00:00","author":{"@id":"https:\/\/president-ksgov.net\/#\/schema\/person\/1a2c014cffc81ec60d5a452a36d08d92"},"description":"Govor predsednice Osmani na dr\u017eavnom prijemu povodom 16. godi\u0161njice nezavisnosti - Predsednik Republike Kosovo - DR. VJOSA OSMANI - SADRIU -","breadcrumb":{"@id":"https:\/\/president-ksgov.net\/sr\/govor-predsednice-osmani-na-drzavnom-prijemu-povodom-17-godisnjice-nezavisnosti\/#breadcrumb"},"inLanguage":"sr-RS","potentialAction":[{"@type":"ReadAction","target":["https:\/\/president-ksgov.net\/sr\/govor-predsednice-osmani-na-drzavnom-prijemu-povodom-17-godisnjice-nezavisnosti\/"]}]},{"@type":"ImageObject","inLanguage":"sr-RS","@id":"https:\/\/president-ksgov.net\/sr\/govor-predsednice-osmani-na-drzavnom-prijemu-povodom-17-godisnjice-nezavisnosti\/#primaryimage","url":"https:\/\/president-ksgov.net\/wp-content\/uploads\/1-1-6.jpg","contentUrl":"https:\/\/president-ksgov.net\/wp-content\/uploads\/1-1-6.jpg","width":960,"height":640},{"@type":"BreadcrumbList","@id":"https:\/\/president-ksgov.net\/sr\/govor-predsednice-osmani-na-drzavnom-prijemu-povodom-17-godisnjice-nezavisnosti\/#breadcrumb","itemListElement":[{"@type":"ListItem","position":1,"name":"Home","item":"https:\/\/president-ksgov.net\/sr\/"},{"@type":"ListItem","position":2,"name":"Govor predsednice Osmani na dr\u017eavnom prijemu povodom 16. godi\u0161njice nezavisnosti"}]},{"@type":"WebSite","@id":"https:\/\/president-ksgov.net\/#website","url":"https:\/\/president-ksgov.net\/","name":"Presidente e Republik\u00ebs s\u00eb Kosov\u00ebs","description":"Presidente e Republik\u00ebs s\u00eb Kosov\u00ebs","alternateName":"DR. VJOSA OSMANI - SADRIU","potentialAction":[{"@type":"SearchAction","target":{"@type":"EntryPoint","urlTemplate":"https:\/\/president-ksgov.net\/?s={search_term_string}"},"query-input":{"@type":"PropertyValueSpecification","valueRequired":true,"valueName":"search_term_string"}}],"inLanguage":"sr-RS"},{"@type":"Person","@id":"https:\/\/president-ksgov.net\/#\/schema\/person\/1a2c014cffc81ec60d5a452a36d08d92","name":"presidentlogin","image":{"@type":"ImageObject","inLanguage":"sr-RS","@id":"https:\/\/president-ksgov.net\/#\/schema\/person\/image\/","url":"https:\/\/secure.gravatar.com\/avatar\/339f00ab0a8a0d5ce1ecff10aa2b4a1f51f58bbd5a57793f8cd6ad624080d807?s=96&d=mm&r=g","contentUrl":"https:\/\/secure.gravatar.com\/avatar\/339f00ab0a8a0d5ce1ecff10aa2b4a1f51f58bbd5a57793f8cd6ad624080d807?s=96&d=mm&r=g","caption":"presidentlogin"}}]}},"_links":{"self":[{"href":"https:\/\/president-ksgov.net\/sr\/wp-json\/wp\/v2\/posts\/101056","targetHints":{"allow":["GET"]}}],"collection":[{"href":"https:\/\/president-ksgov.net\/sr\/wp-json\/wp\/v2\/posts"}],"about":[{"href":"https:\/\/president-ksgov.net\/sr\/wp-json\/wp\/v2\/types\/post"}],"author":[{"embeddable":true,"href":"https:\/\/president-ksgov.net\/sr\/wp-json\/wp\/v2\/users\/11"}],"replies":[{"embeddable":true,"href":"https:\/\/president-ksgov.net\/sr\/wp-json\/wp\/v2\/comments?post=101056"}],"version-history":[{"count":3,"href":"https:\/\/president-ksgov.net\/sr\/wp-json\/wp\/v2\/posts\/101056\/revisions"}],"predecessor-version":[{"id":152803,"href":"https:\/\/president-ksgov.net\/sr\/wp-json\/wp\/v2\/posts\/101056\/revisions\/152803"}],"wp:featuredmedia":[{"embeddable":true,"href":"https:\/\/president-ksgov.net\/sr\/wp-json\/wp\/v2\/media\/100929"}],"wp:attachment":[{"href":"https:\/\/president-ksgov.net\/sr\/wp-json\/wp\/v2\/media?parent=101056"}],"wp:term":[{"taxonomy":"category","embeddable":true,"href":"https:\/\/president-ksgov.net\/sr\/wp-json\/wp\/v2\/categories?post=101056"},{"taxonomy":"post_tag","embeddable":true,"href":"https:\/\/president-ksgov.net\/sr\/wp-json\/wp\/v2\/tags?post=101056"}],"curies":[{"name":"wp","href":"https:\/\/api.w.org\/{rel}","templated":true}]}}