{"id":101054,"date":"2024-02-17T12:30:36","date_gmt":"2024-02-17T11:30:36","guid":{"rendered":"https:\/\/president-ksgov.net\/?p=101054"},"modified":"2026-01-22T10:02:48","modified_gmt":"2026-01-22T09:02:48","slug":"govor-predsednice-vjose-osmani-na-svecanoj-sednici-skupstine-republike-kosovo-povodom-16-godisnjice-nezavisnosti","status":"publish","type":"post","link":"https:\/\/president-ksgov.net\/sr\/govor-predsednice-vjose-osmani-na-svecanoj-sednici-skupstine-republike-kosovo-povodom-16-godisnjice-nezavisnosti\/","title":{"rendered":"Govor predsednice Vjose Osmani na sve\u010danoj sednici Skup\u0161tine Republike Kosovo povodom 16. godi\u0161njice nezavisnosti"},"content":{"rendered":"<p><em>Po\u0161tovani predsedni\u010de Skup\u0161tine g. Konjufca<\/em><\/p>\n<p><em>Po\u0161tovani premijeru g. Kurti,<\/em><\/p>\n<p><em>Po\u0161tovani ministri,<\/em><\/p>\n<p><em>Po\u0161tovani poslanici Skup\u0161tine,<\/em><\/p>\n<p><em>Po\u0161tovani diplomatski predstavnici prijateljskih zemalja,<\/em><\/p>\n<p><em>Po\u0161tovani biv\u0161i predsednici i biv\u0161i premijeri,<\/em><\/p>\n<p><em>Draga porodico Rugova, porodico Jashari, porodice palih boraca,<\/em><\/p>\n<p><em>Predstavnici bezbednosnih institucija,<\/em><\/p>\n<p><em>Po\u0161tovani gra\u0111ani na\u0161e Republike,<\/em><\/p>\n<p>&nbsp;<\/p>\n<p><em>Sre\u0107na 16. godi\u0161njica nezavisnosti!<\/em><\/p>\n<p>Velika mi je \u010dast da vam se na ovaj \u0161esnaesti ro\u0111endan na\u0161e Republike obratim sa govornice hrama demokratije, Skup\u0161tine Republike Kosovo, i \u010destitam gra\u0111anima na\u0161e Republike, koji su danas sa ponos i rado\u0161\u0107u slave ro\u0111enje na\u0161eg voljenog Kosova.<\/p>\n<p>17.februar je na\u0161e najve\u0107e istorijsko dostignu\u0107e, odraz je na\u0161eg ideala, na\u0161ih dedova i pradedova, generacija kroz vekove, da izgradimo slobodnu i nezavisnu dr\u017eavu, u kojoj su sloboda i ljudska prava, mir i sloga su\u0161tinski za na\u0161 uspeh. Na\u0161a nova republika se svakog dana konsoliduje, odaju\u0107i po\u010dast svojim gra\u0111anima i njihovom imenu u svetu.<\/p>\n<p>Za gra\u0111ane Kosova, imati dr\u017eavu je uvek bila \u017ertva i ideal. Ovaj <em>ideal<\/em>\u00a0zaokupio je srca, a mnogo puta i \u017eivote \u010ditavih generacija, na\u0161ih o\u010deva, majki, sestara i bra\u0107e, na\u0161ih dedova i pradedova, koji su dali sve za ovu zemlju i \u010duvali plamen slobode do na\u0161e generacije.<\/p>\n<p>A mi \u0107emo ga dalje unapre\u0111ivati, jer sloboda za nas zna\u010di sam karakter ljudske egzistencije.<\/p>\n<p><em>Po\u0161tovani gra\u0111ani,<\/em><\/p>\n<p>februar, koliko je jedinstven datum po svojoj istorijskoj te\u017eini, toliko je poseban datum na emotivnom planu, isti\u010du\u0107i se kao dan koji nas spaja oko jednog cilja: ljubavi prema Republici i posve\u0107enosti podizanju njenog imena!<\/p>\n<p>Na\u0161e putovanje, obele\u017eeno izazovima i trijumfima, svedo\u010danstvo je otpornosti ljudskog duha i pri\u010da je koja se nastavlja sa svakim danom.<\/p>\n<p>Uprkos vekovnim te\u0161ko\u0107ama, odolevali smo i uzdignuli glave sa velikim ponosom i odlu\u010dno\u0161\u0107u, ne samo predstavljaju\u0107i se kao primer izgradnje dr\u017eave ukorenjene u demokratskim vrednostima, ve\u0107 i obe\u0107avaju\u0107i da \u0107e nam svaki novi dan biti bolji od prethodnog.<\/p>\n<p>Suvereno Kosovo je dokaz \u0161ta se mo\u017ee posti\u0107i kada se nepobediva volja gra\u0111ana ujedini oko zajedni\u010dkog cilja.<\/p>\n<p>Zato se radujmo sre\u0107i koju donosi \u010dinjenica da smo sada slobodan narod, me\u0111u slobodnim narodima, slobodni gra\u0111ani, u svojoj zemlji, na svojoj zemlji.<\/p>\n<p>Danas se prvo klanjamo generacijama koje su se posvetile slobodi. Prisetimo ih se danas. Ujedinimo svoju snagu, svoj duh, u znak se\u0107anja na o\u010deve osniva\u010de, \u017eene i mu\u0161karce, sinove i k\u0107eri ove zemlje, koji su sve \u017ertvovali; koji se nisu predali i pored toga \u0161to se istorija s njima izdajni\u010dki obra\u010dunala.<\/p>\n<p>Vreme je da se osvrnemo i pogledamo na\u0161 put, nepokolebljivi napor za slobodu i setimo se onih koji su o\u010duvali u \u017eivotu ideal o dr\u017eavi i borili se za njega, od velikog vizionara i arhitekte nezavisnosti, predsednika Ibrahima Rugove; do primera otpora i ljudske \u017ertve, legendarnog vrhovnog komandanta Adema Jasharija. Od delegata 2. jula do predstavnika naroda koji su 17. februara proglasili nezavisnost. Pre svega se\u0107amo se palih boraca i mu\u010denika slobode, \u010dija je krv naj\u010dvr\u0161\u0107i temelj na\u0161e dr\u017eave. Ovo je Kosovo, koje nikada nije pokleknulo, odr\u017ealo u \u017eivotu duh slobode i ljubavi prema zemlji.<\/p>\n<p><em>Po\u0161tovani poslanici,<\/em><\/p>\n<p>U srcu na\u0161eg putovanja le\u017ei snaga na\u0161ih saveza. Zato danas na poseban na\u010din \u017eelim da se zahvalim na\u0161im prijateljima &#8211; <em>prijateljima slobode!<\/em><\/p>\n<p>Bili ste sa nama tokom celog na\u0161eg putovanja; kada nam je bilo uskra\u0107eno svako pravo, kada smo bili surovo ugnjetavani i kada smo se borili za slobodu, kada smo bili oslobo\u0111eni i kada smo gradili na\u0161u dr\u017eavu i na\u0161e demokratske institucije i pored nas ste bez ikakve sumnje i danas u odbrani suvereniteta na\u0161ih granica i na\u0161e demokratije.<\/p>\n<p>Me\u0111u tim savezima, na\u0161 savez sa Sjedinjenim Ameri\u010dkim Dr\u017eavama stoji kao najsna\u017eniji stub na\u0161e dr\u017eavnosti, dok je na\u0161 put ka evroatlantskim institucijama nezamenljiv. Ova partnerstva, zasnovana na me\u0111usobnom po\u0161tovanju i zajedni\u010dkim vrednostima, bila su i ostala od vitalnog zna\u010daja za razvoj na\u0161e dr\u017eave. Ovi savezi nas podse\u0107aju da na\u0161u borbu za slobodu, obele\u017eenu krvlju svih onih koji su se \u017ertvovali na najuzvi\u0161eniji na\u010din, odlikuje i nepo\u0161tedna i sveta podr\u0161ka onih koji sa nama dele zajedni\u010dko opredeljenje za demokratiju, suverenitet i dostojanstvo. Nikada ne zaboravimo da je Kosovo pobedilo ne samo zato \u0161to je imalo sva prava, ne samo zato \u0161to je bilo na pravoj strani istorije, ve\u0107 je Kosovo pobedilo i zato \u0161to je delovalo mudro i izgradilo viziju i saveze\u00a0\u00a0zasnovane na vrednostima.<\/p>\n<p><em>Po\u0161tovani gra\u0111ani!<\/em><\/p>\n<p>U \u017eivotu dr\u017eava 16 godina nije mnogo. Me\u0111utim, tokom ovih godina Kosovo se razvilo i ja\u010dalo kao nova dr\u017eava i dokazalo je demokratsku kulturu u organizaciji politi\u010dkog \u017eivota i funkcionisanju demokratskih institucija.<\/p>\n<p>Na\u0161e anga\u017eovanje na regionalnom miru i saradnji ostaje nepokolebljivo. U svetu koji je sve vi\u0161e pogo\u0111en podelama, sukobima i polarizacijama, moramo razmi\u0161ljati kako da se izdignemo iznad zlonamernih sila i kako da radimo zajedno na pobolj\u0161anju \u017eivota na\u0161ih gra\u0111ana svakog dana.<\/p>\n<p>Na\u0161a nezavisnost nije samo simbol na\u0161eg suvereniteta, ve\u0107 i odgovornost da kontinuirano doprinosimo promociji demokratskih vrednosti, mira i bezbednosti u regionu i \u0161ire. \u017delim da na\u0161i napori da izgradimo i negujemo partnerstva uvek budu zasnovani na uverenju da bezbednost i trajni mir ne dolaze sami, ve\u0107 uvek kao rezultat zajedni\u010dkih napora sa prijateljima i saveznicima.<\/p>\n<p>Stoga, marljivo \u010duvajmo duh demokratije i saradnje na kojima je izgra\u0111ena na\u0161a Republika; anga\u017eujmo se po svaku cenu za o\u010duvanje suvereniteta koji svakodnevno ja\u010damo; postupajmo mudro u pravcu promovisanja vrednosti koje le\u017ee u temeljima na\u0161e dr\u017eavnosti iz dana u dan.<\/p>\n<p><em>Po\u0161tovani gra\u0111ani!<\/em><\/p>\n<p>Sva ova dostignu\u0107a ostvarena su zahvaljuju\u0107i nepokolebljivoj veri na\u0161eg naroda. Ali, kao i demokratija, mir i bezbednost zahtevaju svakodnevnu i trajnu posve\u0107enost.<\/p>\n<p>U rano jutro 24. septembra pro\u0161le godine, Kosovo je ponovo bilo izazvano hegemonijom preko severne granice. Agresija na na\u0161u zemlju i paravojni teroristi\u010dki napad, koji je organizovala i podr\u017eala Srbija, pokazao je da hegemonisti\u010dki oblak i dalje prekriva nebo nad Srbijom \u2013 dr\u017ei politi\u010dki re\u017eim u toj zemlji uronjen u mrak pro\u0161losti. Na\u0161a reakcija na srpsku dr\u017eavnu agresiju bila je odlu\u010dna i uveravam vas da \u0107e takva uvek biti. Neka bude jasno: vojno i policijsko prisustvo Srbije na Kosovu prekinuto je jednom zauvek u junu 1999. godine kada se duh slobode nadvio nad nebom Kosova.<\/p>\n<p>Ujutro 24. septembra, na\u0161i momci i devojke u uniformama pokazali su posve\u0107enost i \u017ertvu da za\u0161tite i sa\u010duvaju svoju zemlju slobodnom; dokazali su da je patriotizam vrlina i da vrlina tako\u0111e zahteva \u017ertvu; svojom \u017ertvom i posve\u0107eno\u0161\u0107u otad\u017ebini dokazali su da Kosovo jeste i da \u0107e ostati slobodno, suvereno i u stanju da, zajedno sa svojim saveznicima, odr\u017ei nepokolebljivim mir u regionu. Oni su dali puni smisao motu ovogodi\u0161nje proslave: <em>Kosovo, brani\u0107emo te!<\/em>\u00a0Heroj Afrim Bunjaku, \u010diju porodicu danas pozdravljamo, dao je \u017eivot da bi odjeknuo moto: <em>Kosovo, brani\u0107emo te;<\/em>\u00a0<u>danas i zauvek!<\/u>\u00a0Neka je ve\u010dna uspomena na njega i sve na\u0161e heroje!<\/p>\n<p><em>Po\u0161tovani poslanici!<\/em><\/p>\n<p><em>Po\u0161tovani gra\u0111ani<\/em><\/p>\n<p>Nezavisnost nije samo privilegija koju nam je istorijska sudbina sa\u010duvala, ve\u0107 je obaveza da \u010duvamo i negujemo na\u0161e vrednosti i tradicije, da gradimo pravedno dru\u0161tvo i da svoje vrednosti dostojno predstavljamo na me\u0111unarodnoj sceni.<\/p>\n<p>Srce na\u0161e zemlje sna\u017eno kuca u ritmu plemenite i besprimerne ambicije na\u0161e omladine. Na\u0161a zemlja je primer dinami\u010dnog civilnog dru\u0161tva i zemlja koja potvr\u0111uje transformativnu ulogu uklju\u010divanja devojaka i \u017eena na pozicije odlu\u010divanja i ne samo to. Svedoci smo kako su osna\u017eivanje \u017eena i anga\u017eovanje mladih, kao i za\u0161tita i unapre\u0111enje prava svih zajednica koje \u017eive na Kosovu, katalizatori pozitivnih promena. Na\u0161a posve\u0107enost ovim principima mora i dalje da ostane nepokolebljiva, jer znamo da je dru\u0161tvo koje ceni sve svoje \u010dlanove bez razlike, koje daje glas onima bez glasa, dru\u0161tvo sa najboljom i najperspektivnijom budu\u0107no\u0161\u0107u.<\/p>\n<p>Gledaju\u0107i napred, na\u0161e o\u010di su \u010dvrsto uprte u horizont, ka na\u0161oj budu\u0107nosti u evroatlantskoj porodici. Ova vizija za na\u0161u zemlju nije samo san, vec\u0301 istorijski cilj, koji c\u0301emo zajedno ostvariti.<\/p>\n<p>Na ovaj dan proslave, obnovimo na\u0161u posve\u0107enost vrednostima koje nas defini\u0161u, savezima koji nas ja\u010daju i budu\u0107nosti koja nas \u010deka.<\/p>\n<p>Blagosloven narod tvoj Kosovo, drevna Dardanijo!<\/p>\n<p>Sre\u0107an Dan Nezavisnosti!<\/p>\n<p>&nbsp;<\/p>\n<p>Hvala!<\/p>\n<p><iframe width=\"1396\" height=\"785\" src=\"https:\/\/www.youtube.com\/embed\/OvO1sHNwRFY\" title=\"Fjalimi n\u00eb seanc\u00ebn solemne t\u00eb Kuvendit t\u00eb Kosov\u00ebs me rastin e 16 vjetorit t\u00eb Pavarsis\u00eb - 17.02.2024\" frameborder=\"0\" allow=\"accelerometer; autoplay; clipboard-write; encrypted-media; gyroscope; picture-in-picture; web-share\" referrerpolicy=\"strict-origin-when-cross-origin\" allowfullscreen><\/iframe><\/p>\n","protected":false},"excerpt":{"rendered":"<p>Po\u0161tovani predsedni\u010de Skup\u0161tine g. Konjufca Po\u0161tovani premijeru g. Kurti, Po\u0161tovani ministri, Po\u0161tovani poslanici Skup\u0161tine, Po\u0161tovani diplomatski predstavnici prijateljskih zemalja, Po\u0161tovani biv\u0161i predsednici i biv\u0161i premijeri, Draga porodico Rugova, porodico Jashari, porodice palih boraca, Predstavnici bezbednosnih institucija, Po\u0161tovani gra\u0111ani na\u0161e Republike, &nbsp; Sre\u0107na 16. godi\u0161njica nezavisnosti! Velika mi je \u010dast da vam se na ovaj \u0161esnaesti ro\u0111endan na\u0161e Republike obratim sa govornice hrama demokratije, Skup\u0161tine Republike Kosovo, i \u010destitam gra\u0111anima na\u0161e Republike, koji su danas sa ponos i rado\u0161\u0107u slave ro\u0111enje na\u0161eg voljenog Kosova. 17.februar je na\u0161e najve\u0107e istorijsko dostignu\u0107e, odraz je na\u0161eg ideala, na\u0161ih dedova i pradedova, generacija kroz vekove, da izgradimo slobodnu i nezavisnu dr\u017eavu, u kojoj su sloboda i ljudska prava, mir i sloga su\u0161tinski za na\u0161 uspeh. Na\u0161a nova republika se svakog dana konsoliduje, odaju\u0107i po\u010dast svojim gra\u0111anima i njihovom imenu u svetu. Za gra\u0111ane Kosova, imati dr\u017eavu je uvek bila \u017ertva i ideal. Ovaj ideal\u00a0zaokupio je srca, a mnogo puta i \u017eivote \u010ditavih generacija, na\u0161ih o\u010deva, majki, sestara i bra\u0107e, na\u0161ih dedova i pradedova, koji su dali sve za ovu zemlju i \u010duvali plamen slobode do na\u0161e generacije. A mi \u0107emo ga dalje unapre\u0111ivati, jer sloboda za nas zna\u010di sam karakter ljudske egzistencije. Po\u0161tovani gra\u0111ani, februar, koliko je jedinstven datum po svojoj istorijskoj te\u017eini, toliko je poseban datum na emotivnom planu, isti\u010du\u0107i se kao dan koji nas spaja oko jednog cilja: ljubavi prema Republici i posve\u0107enosti podizanju njenog imena! Na\u0161e putovanje, obele\u017eeno izazovima i trijumfima, svedo\u010danstvo je otpornosti ljudskog duha i pri\u010da je koja se nastavlja sa svakim danom. Uprkos vekovnim te\u0161ko\u0107ama, odolevali smo i uzdignuli glave sa velikim ponosom i odlu\u010dno\u0161\u0107u, ne samo predstavljaju\u0107i se kao primer izgradnje dr\u017eave ukorenjene u demokratskim vrednostima, ve\u0107 i obe\u0107avaju\u0107i da \u0107e nam svaki novi dan biti bolji od prethodnog. Suvereno Kosovo je dokaz \u0161ta se mo\u017ee posti\u0107i kada se nepobediva volja gra\u0111ana ujedini oko zajedni\u010dkog cilja. Zato se radujmo sre\u0107i koju donosi \u010dinjenica da smo sada slobodan narod, me\u0111u slobodnim narodima, slobodni gra\u0111ani, u svojoj zemlji, na svojoj zemlji. Danas se prvo klanjamo generacijama koje su se posvetile slobodi. Prisetimo ih se danas. Ujedinimo svoju snagu, svoj duh, u znak se\u0107anja na o\u010deve osniva\u010de, \u017eene i mu\u0161karce, sinove i k\u0107eri ove zemlje, koji su sve \u017ertvovali; koji se nisu predali i pored toga \u0161to se istorija s njima izdajni\u010dki obra\u010dunala. Vreme je da se osvrnemo i pogledamo na\u0161 put, nepokolebljivi napor za slobodu i setimo se onih koji su o\u010duvali u \u017eivotu ideal o dr\u017eavi i borili se za njega, od velikog vizionara i arhitekte nezavisnosti, predsednika Ibrahima Rugove; do primera otpora i ljudske \u017ertve, legendarnog vrhovnog komandanta Adema Jasharija. Od delegata 2. jula do predstavnika naroda koji su 17. februara proglasili nezavisnost. Pre svega se\u0107amo se palih boraca i mu\u010denika slobode, \u010dija je krv naj\u010dvr\u0161\u0107i temelj na\u0161e dr\u017eave. Ovo je Kosovo, koje nikada nije pokleknulo, odr\u017ealo u \u017eivotu duh slobode i ljubavi prema zemlji. Po\u0161tovani poslanici, U srcu na\u0161eg putovanja le\u017ei snaga na\u0161ih saveza. Zato danas na poseban na\u010din \u017eelim da se zahvalim na\u0161im prijateljima &#8211; prijateljima slobode! Bili ste sa nama tokom celog na\u0161eg putovanja; kada nam je bilo uskra\u0107eno svako pravo, kada smo bili surovo ugnjetavani i kada smo se borili za slobodu, kada smo bili oslobo\u0111eni i kada smo gradili na\u0161u dr\u017eavu i na\u0161e demokratske institucije i pored nas ste bez ikakve sumnje i danas u odbrani suvereniteta na\u0161ih granica i na\u0161e demokratije. Me\u0111u tim savezima, na\u0161 savez sa Sjedinjenim Ameri\u010dkim Dr\u017eavama stoji kao najsna\u017eniji stub na\u0161e dr\u017eavnosti, dok je na\u0161 put ka evroatlantskim institucijama nezamenljiv. Ova partnerstva, zasnovana na me\u0111usobnom po\u0161tovanju i zajedni\u010dkim vrednostima, bila su i ostala od vitalnog zna\u010daja za razvoj na\u0161e dr\u017eave. Ovi savezi nas podse\u0107aju da na\u0161u borbu za slobodu, obele\u017eenu krvlju svih onih koji su se \u017ertvovali na najuzvi\u0161eniji na\u010din, odlikuje i nepo\u0161tedna i sveta podr\u0161ka onih koji sa nama dele zajedni\u010dko opredeljenje za demokratiju, suverenitet i dostojanstvo. Nikada ne zaboravimo da je Kosovo pobedilo ne samo zato \u0161to je imalo sva prava, ne samo zato \u0161to je bilo na pravoj strani istorije, ve\u0107 je Kosovo pobedilo i zato \u0161to je delovalo mudro i izgradilo viziju i saveze\u00a0\u00a0zasnovane na vrednostima. Po\u0161tovani gra\u0111ani! U \u017eivotu dr\u017eava 16 godina nije mnogo. Me\u0111utim, tokom ovih godina Kosovo se razvilo i ja\u010dalo kao nova dr\u017eava i dokazalo je demokratsku kulturu u organizaciji politi\u010dkog \u017eivota i funkcionisanju demokratskih institucija. Na\u0161e anga\u017eovanje na regionalnom miru i saradnji ostaje nepokolebljivo. U svetu koji je sve vi\u0161e pogo\u0111en podelama, sukobima i polarizacijama, moramo razmi\u0161ljati kako da se izdignemo iznad zlonamernih sila i kako da radimo zajedno na pobolj\u0161anju \u017eivota na\u0161ih gra\u0111ana svakog dana. Na\u0161a nezavisnost nije samo simbol na\u0161eg suvereniteta, ve\u0107 i odgovornost da kontinuirano doprinosimo promociji demokratskih vrednosti, mira i bezbednosti u regionu i \u0161ire. \u017delim da na\u0161i napori da izgradimo i negujemo partnerstva uvek budu zasnovani na uverenju da bezbednost i trajni mir ne dolaze sami, ve\u0107 uvek kao rezultat zajedni\u010dkih napora sa prijateljima i saveznicima. Stoga, marljivo \u010duvajmo duh demokratije i saradnje na kojima je izgra\u0111ena na\u0161a Republika; anga\u017eujmo se po svaku cenu za o\u010duvanje suvereniteta koji svakodnevno ja\u010damo; postupajmo mudro u pravcu promovisanja vrednosti koje le\u017ee u temeljima na\u0161e dr\u017eavnosti iz dana u dan. Po\u0161tovani gra\u0111ani! Sva ova dostignu\u0107a ostvarena su zahvaljuju\u0107i nepokolebljivoj veri na\u0161eg naroda. Ali, kao i demokratija, mir i bezbednost zahtevaju svakodnevnu i trajnu posve\u0107enost. U rano jutro 24. septembra pro\u0161le godine, Kosovo je ponovo bilo izazvano hegemonijom preko severne granice. Agresija na na\u0161u zemlju i paravojni teroristi\u010dki napad, koji je organizovala i podr\u017eala Srbija, pokazao je da hegemonisti\u010dki oblak i dalje prekriva nebo nad Srbijom \u2013 dr\u017ei politi\u010dki re\u017eim u toj zemlji uronjen u mrak pro\u0161losti. Na\u0161a reakcija na srpsku dr\u017eavnu agresiju bila je odlu\u010dna i uveravam vas da \u0107e takva uvek biti. Neka bude jasno: vojno i policijsko prisustvo Srbije na Kosovu prekinuto je jednom zauvek u junu 1999. godine kada se duh slobode nadvio nad nebom Kosova. Ujutro 24. septembra, na\u0161i momci i devojke u uniformama pokazali su posve\u0107enost i \u017ertvu da za\u0161tite i sa\u010duvaju svoju zemlju slobodnom; dokazali su da je patriotizam vrlina i<\/p>\n","protected":false},"author":11,"featured_media":100923,"comment_status":"closed","ping_status":"closed","sticky":false,"template":"","format":"standard","meta":{"_eb_attr":"","footnotes":""},"categories":[106,101],"tags":[],"class_list":["post-101054","post","type-post","status-publish","format-standard","has-post-thumbnail","hentry","category-govori","category-vesti"],"yoast_head":"<!-- This site is optimized with the Yoast SEO plugin v23.5 - https:\/\/yoast.com\/wordpress\/plugins\/seo\/ -->\n<title>Govor predsednice Vjose Osmani na sve\u010danoj sednici Skup\u0161tine Republike Kosovo povodom 16. godi\u0161njice nezavisnosti - Predsednik Republike Kosovo - DR. VJOSA OSMANI - SADRIU<\/title>\n<meta name=\"description\" content=\"Govor predsednice Vjose Osmani na sve\u010danoj sednici Skup\u0161tine Republike Kosovo povodom 16. godi\u0161njice nezavisnosti - Predsednik Republike Kosovo - DR. VJOSA OSMANI - SADRIU -\" \/>\n<meta name=\"robots\" content=\"index, follow, max-snippet:-1, max-image-preview:large, max-video-preview:-1\" \/>\n<link rel=\"canonical\" href=\"https:\/\/president-ksgov.net\/sr\/govor-predsednice-vjose-osmani-na-svecanoj-sednici-skupstine-republike-kosovo-povodom-16-godisnjice-nezavisnosti\/\" \/>\n<meta property=\"og:locale\" content=\"sr_RS\" \/>\n<meta property=\"og:type\" content=\"article\" \/>\n<meta property=\"og:title\" content=\"Govor predsednice Vjose Osmani na sve\u010danoj sednici Skup\u0161tine Republike Kosovo povodom 16. godi\u0161njice nezavisnosti - Predsednik Republike Kosovo - DR. VJOSA OSMANI - SADRIU\" \/>\n<meta property=\"og:description\" content=\"Govor predsednice Vjose Osmani na sve\u010danoj sednici Skup\u0161tine Republike Kosovo povodom 16. godi\u0161njice nezavisnosti - Predsednik Republike Kosovo - DR. VJOSA OSMANI - SADRIU -\" \/>\n<meta property=\"og:url\" content=\"https:\/\/president-ksgov.net\/sr\/govor-predsednice-vjose-osmani-na-svecanoj-sednici-skupstine-republike-kosovo-povodom-16-godisnjice-nezavisnosti\/\" \/>\n<meta property=\"og:site_name\" content=\"Predsednik Republike Kosovo - DR. VJOSA OSMANI - SADRIU\" \/>\n<meta property=\"article:published_time\" content=\"2024-02-17T11:30:36+00:00\" \/>\n<meta property=\"article:modified_time\" content=\"2026-01-22T09:02:48+00:00\" \/>\n<meta property=\"og:image\" content=\"https:\/\/president-ksgov.net\/wp-content\/uploads\/1-215.jpg\" \/>\n\t<meta property=\"og:image:width\" content=\"960\" \/>\n\t<meta property=\"og:image:height\" content=\"640\" \/>\n\t<meta property=\"og:image:type\" content=\"image\/jpeg\" \/>\n<meta name=\"author\" content=\"presidentlogin\" \/>\n<meta name=\"twitter:card\" content=\"summary_large_image\" \/>\n<meta name=\"twitter:label1\" content=\"\u041d\u0430\u043f\u0438\u0441\u0430\u043d\u043e \u043e\u0434\" \/>\n\t<meta name=\"twitter:data1\" content=\"presidentlogin\" \/>\n\t<meta name=\"twitter:label2\" content=\"\u041f\u0440\u043e\u0446\u0435\u045a\u0435\u043d\u043e \u0432\u0440\u0435\u043c\u0435 \u0447\u0438\u0442\u0430\u045a\u0430\" \/>\n\t<meta name=\"twitter:data2\" content=\"8 \u043c\u0438\u043d\u0443\u0442\u0430\" \/>\n<script type=\"application\/ld+json\" class=\"yoast-schema-graph\">{\"@context\":\"https:\/\/schema.org\",\"@graph\":[{\"@type\":\"WebPage\",\"@id\":\"https:\/\/president-ksgov.net\/sr\/govor-predsednice-vjose-osmani-na-svecanoj-sednici-skupstine-republike-kosovo-povodom-16-godisnjice-nezavisnosti\/\",\"url\":\"https:\/\/president-ksgov.net\/sr\/govor-predsednice-vjose-osmani-na-svecanoj-sednici-skupstine-republike-kosovo-povodom-16-godisnjice-nezavisnosti\/\",\"name\":\"Govor predsednice Vjose Osmani na sve\u010danoj sednici Skup\u0161tine Republike Kosovo povodom 16. godi\u0161njice nezavisnosti - Predsednik Republike Kosovo - DR. VJOSA OSMANI - SADRIU\",\"isPartOf\":{\"@id\":\"https:\/\/president-ksgov.net\/#website\"},\"primaryImageOfPage\":{\"@id\":\"https:\/\/president-ksgov.net\/sr\/govor-predsednice-vjose-osmani-na-svecanoj-sednici-skupstine-republike-kosovo-povodom-16-godisnjice-nezavisnosti\/#primaryimage\"},\"image\":{\"@id\":\"https:\/\/president-ksgov.net\/sr\/govor-predsednice-vjose-osmani-na-svecanoj-sednici-skupstine-republike-kosovo-povodom-16-godisnjice-nezavisnosti\/#primaryimage\"},\"thumbnailUrl\":\"https:\/\/president-ksgov.net\/wp-content\/uploads\/1-215.jpg\",\"datePublished\":\"2024-02-17T11:30:36+00:00\",\"dateModified\":\"2026-01-22T09:02:48+00:00\",\"author\":{\"@id\":\"https:\/\/president-ksgov.net\/#\/schema\/person\/1a2c014cffc81ec60d5a452a36d08d92\"},\"description\":\"Govor predsednice Vjose Osmani na sve\u010danoj sednici Skup\u0161tine Republike Kosovo povodom 16. godi\u0161njice nezavisnosti - Predsednik Republike Kosovo - DR. VJOSA OSMANI - SADRIU -\",\"breadcrumb\":{\"@id\":\"https:\/\/president-ksgov.net\/sr\/govor-predsednice-vjose-osmani-na-svecanoj-sednici-skupstine-republike-kosovo-povodom-16-godisnjice-nezavisnosti\/#breadcrumb\"},\"inLanguage\":\"sr-RS\",\"potentialAction\":[{\"@type\":\"ReadAction\",\"target\":[\"https:\/\/president-ksgov.net\/sr\/govor-predsednice-vjose-osmani-na-svecanoj-sednici-skupstine-republike-kosovo-povodom-16-godisnjice-nezavisnosti\/\"]}]},{\"@type\":\"ImageObject\",\"inLanguage\":\"sr-RS\",\"@id\":\"https:\/\/president-ksgov.net\/sr\/govor-predsednice-vjose-osmani-na-svecanoj-sednici-skupstine-republike-kosovo-povodom-16-godisnjice-nezavisnosti\/#primaryimage\",\"url\":\"https:\/\/president-ksgov.net\/wp-content\/uploads\/1-215.jpg\",\"contentUrl\":\"https:\/\/president-ksgov.net\/wp-content\/uploads\/1-215.jpg\",\"width\":960,\"height\":640},{\"@type\":\"BreadcrumbList\",\"@id\":\"https:\/\/president-ksgov.net\/sr\/govor-predsednice-vjose-osmani-na-svecanoj-sednici-skupstine-republike-kosovo-povodom-16-godisnjice-nezavisnosti\/#breadcrumb\",\"itemListElement\":[{\"@type\":\"ListItem\",\"position\":1,\"name\":\"Home\",\"item\":\"https:\/\/president-ksgov.net\/sr\/\"},{\"@type\":\"ListItem\",\"position\":2,\"name\":\"Govor predsednice Vjose Osmani na sve\u010danoj sednici Skup\u0161tine Republike Kosovo povodom 16. godi\u0161njice nezavisnosti\"}]},{\"@type\":\"WebSite\",\"@id\":\"https:\/\/president-ksgov.net\/#website\",\"url\":\"https:\/\/president-ksgov.net\/\",\"name\":\"Presidente e Republik\u00ebs s\u00eb Kosov\u00ebs\",\"description\":\"Presidente e Republik\u00ebs s\u00eb Kosov\u00ebs\",\"alternateName\":\"DR. VJOSA OSMANI - SADRIU\",\"potentialAction\":[{\"@type\":\"SearchAction\",\"target\":{\"@type\":\"EntryPoint\",\"urlTemplate\":\"https:\/\/president-ksgov.net\/?s={search_term_string}\"},\"query-input\":{\"@type\":\"PropertyValueSpecification\",\"valueRequired\":true,\"valueName\":\"search_term_string\"}}],\"inLanguage\":\"sr-RS\"},{\"@type\":\"Person\",\"@id\":\"https:\/\/president-ksgov.net\/#\/schema\/person\/1a2c014cffc81ec60d5a452a36d08d92\",\"name\":\"presidentlogin\",\"image\":{\"@type\":\"ImageObject\",\"inLanguage\":\"sr-RS\",\"@id\":\"https:\/\/president-ksgov.net\/#\/schema\/person\/image\/\",\"url\":\"https:\/\/secure.gravatar.com\/avatar\/339f00ab0a8a0d5ce1ecff10aa2b4a1f51f58bbd5a57793f8cd6ad624080d807?s=96&d=mm&r=g\",\"contentUrl\":\"https:\/\/secure.gravatar.com\/avatar\/339f00ab0a8a0d5ce1ecff10aa2b4a1f51f58bbd5a57793f8cd6ad624080d807?s=96&d=mm&r=g\",\"caption\":\"presidentlogin\"}}]}<\/script>\n<!-- \/ Yoast SEO plugin. -->","yoast_head_json":{"title":"Govor predsednice Vjose Osmani na sve\u010danoj sednici Skup\u0161tine Republike Kosovo povodom 16. godi\u0161njice nezavisnosti - Predsednik Republike Kosovo - DR. VJOSA OSMANI - SADRIU","description":"Govor predsednice Vjose Osmani na sve\u010danoj sednici Skup\u0161tine Republike Kosovo povodom 16. godi\u0161njice nezavisnosti - Predsednik Republike Kosovo - DR. VJOSA OSMANI - SADRIU -","robots":{"index":"index","follow":"follow","max-snippet":"max-snippet:-1","max-image-preview":"max-image-preview:large","max-video-preview":"max-video-preview:-1"},"canonical":"https:\/\/president-ksgov.net\/sr\/govor-predsednice-vjose-osmani-na-svecanoj-sednici-skupstine-republike-kosovo-povodom-16-godisnjice-nezavisnosti\/","og_locale":"sr_RS","og_type":"article","og_title":"Govor predsednice Vjose Osmani na sve\u010danoj sednici Skup\u0161tine Republike Kosovo povodom 16. godi\u0161njice nezavisnosti - Predsednik Republike Kosovo - DR. VJOSA OSMANI - SADRIU","og_description":"Govor predsednice Vjose Osmani na sve\u010danoj sednici Skup\u0161tine Republike Kosovo povodom 16. godi\u0161njice nezavisnosti - Predsednik Republike Kosovo - DR. VJOSA OSMANI - SADRIU -","og_url":"https:\/\/president-ksgov.net\/sr\/govor-predsednice-vjose-osmani-na-svecanoj-sednici-skupstine-republike-kosovo-povodom-16-godisnjice-nezavisnosti\/","og_site_name":"Predsednik Republike Kosovo - DR. VJOSA OSMANI - SADRIU","article_published_time":"2024-02-17T11:30:36+00:00","article_modified_time":"2026-01-22T09:02:48+00:00","og_image":[{"width":960,"height":640,"url":"https:\/\/president-ksgov.net\/wp-content\/uploads\/1-215.jpg","type":"image\/jpeg"}],"author":"presidentlogin","twitter_card":"summary_large_image","twitter_misc":{"\u041d\u0430\u043f\u0438\u0441\u0430\u043d\u043e \u043e\u0434":"presidentlogin","\u041f\u0440\u043e\u0446\u0435\u045a\u0435\u043d\u043e \u0432\u0440\u0435\u043c\u0435 \u0447\u0438\u0442\u0430\u045a\u0430":"8 \u043c\u0438\u043d\u0443\u0442\u0430"},"schema":{"@context":"https:\/\/schema.org","@graph":[{"@type":"WebPage","@id":"https:\/\/president-ksgov.net\/sr\/govor-predsednice-vjose-osmani-na-svecanoj-sednici-skupstine-republike-kosovo-povodom-16-godisnjice-nezavisnosti\/","url":"https:\/\/president-ksgov.net\/sr\/govor-predsednice-vjose-osmani-na-svecanoj-sednici-skupstine-republike-kosovo-povodom-16-godisnjice-nezavisnosti\/","name":"Govor predsednice Vjose Osmani na sve\u010danoj sednici Skup\u0161tine Republike Kosovo povodom 16. godi\u0161njice nezavisnosti - Predsednik Republike Kosovo - DR. VJOSA OSMANI - SADRIU","isPartOf":{"@id":"https:\/\/president-ksgov.net\/#website"},"primaryImageOfPage":{"@id":"https:\/\/president-ksgov.net\/sr\/govor-predsednice-vjose-osmani-na-svecanoj-sednici-skupstine-republike-kosovo-povodom-16-godisnjice-nezavisnosti\/#primaryimage"},"image":{"@id":"https:\/\/president-ksgov.net\/sr\/govor-predsednice-vjose-osmani-na-svecanoj-sednici-skupstine-republike-kosovo-povodom-16-godisnjice-nezavisnosti\/#primaryimage"},"thumbnailUrl":"https:\/\/president-ksgov.net\/wp-content\/uploads\/1-215.jpg","datePublished":"2024-02-17T11:30:36+00:00","dateModified":"2026-01-22T09:02:48+00:00","author":{"@id":"https:\/\/president-ksgov.net\/#\/schema\/person\/1a2c014cffc81ec60d5a452a36d08d92"},"description":"Govor predsednice Vjose Osmani na sve\u010danoj sednici Skup\u0161tine Republike Kosovo povodom 16. godi\u0161njice nezavisnosti - Predsednik Republike Kosovo - DR. VJOSA OSMANI - SADRIU -","breadcrumb":{"@id":"https:\/\/president-ksgov.net\/sr\/govor-predsednice-vjose-osmani-na-svecanoj-sednici-skupstine-republike-kosovo-povodom-16-godisnjice-nezavisnosti\/#breadcrumb"},"inLanguage":"sr-RS","potentialAction":[{"@type":"ReadAction","target":["https:\/\/president-ksgov.net\/sr\/govor-predsednice-vjose-osmani-na-svecanoj-sednici-skupstine-republike-kosovo-povodom-16-godisnjice-nezavisnosti\/"]}]},{"@type":"ImageObject","inLanguage":"sr-RS","@id":"https:\/\/president-ksgov.net\/sr\/govor-predsednice-vjose-osmani-na-svecanoj-sednici-skupstine-republike-kosovo-povodom-16-godisnjice-nezavisnosti\/#primaryimage","url":"https:\/\/president-ksgov.net\/wp-content\/uploads\/1-215.jpg","contentUrl":"https:\/\/president-ksgov.net\/wp-content\/uploads\/1-215.jpg","width":960,"height":640},{"@type":"BreadcrumbList","@id":"https:\/\/president-ksgov.net\/sr\/govor-predsednice-vjose-osmani-na-svecanoj-sednici-skupstine-republike-kosovo-povodom-16-godisnjice-nezavisnosti\/#breadcrumb","itemListElement":[{"@type":"ListItem","position":1,"name":"Home","item":"https:\/\/president-ksgov.net\/sr\/"},{"@type":"ListItem","position":2,"name":"Govor predsednice Vjose Osmani na sve\u010danoj sednici Skup\u0161tine Republike Kosovo povodom 16. godi\u0161njice nezavisnosti"}]},{"@type":"WebSite","@id":"https:\/\/president-ksgov.net\/#website","url":"https:\/\/president-ksgov.net\/","name":"Presidente e Republik\u00ebs s\u00eb Kosov\u00ebs","description":"Presidente e Republik\u00ebs s\u00eb Kosov\u00ebs","alternateName":"DR. VJOSA OSMANI - SADRIU","potentialAction":[{"@type":"SearchAction","target":{"@type":"EntryPoint","urlTemplate":"https:\/\/president-ksgov.net\/?s={search_term_string}"},"query-input":{"@type":"PropertyValueSpecification","valueRequired":true,"valueName":"search_term_string"}}],"inLanguage":"sr-RS"},{"@type":"Person","@id":"https:\/\/president-ksgov.net\/#\/schema\/person\/1a2c014cffc81ec60d5a452a36d08d92","name":"presidentlogin","image":{"@type":"ImageObject","inLanguage":"sr-RS","@id":"https:\/\/president-ksgov.net\/#\/schema\/person\/image\/","url":"https:\/\/secure.gravatar.com\/avatar\/339f00ab0a8a0d5ce1ecff10aa2b4a1f51f58bbd5a57793f8cd6ad624080d807?s=96&d=mm&r=g","contentUrl":"https:\/\/secure.gravatar.com\/avatar\/339f00ab0a8a0d5ce1ecff10aa2b4a1f51f58bbd5a57793f8cd6ad624080d807?s=96&d=mm&r=g","caption":"presidentlogin"}}]}},"_links":{"self":[{"href":"https:\/\/president-ksgov.net\/sr\/wp-json\/wp\/v2\/posts\/101054","targetHints":{"allow":["GET"]}}],"collection":[{"href":"https:\/\/president-ksgov.net\/sr\/wp-json\/wp\/v2\/posts"}],"about":[{"href":"https:\/\/president-ksgov.net\/sr\/wp-json\/wp\/v2\/types\/post"}],"author":[{"embeddable":true,"href":"https:\/\/president-ksgov.net\/sr\/wp-json\/wp\/v2\/users\/11"}],"replies":[{"embeddable":true,"href":"https:\/\/president-ksgov.net\/sr\/wp-json\/wp\/v2\/comments?post=101054"}],"version-history":[{"count":4,"href":"https:\/\/president-ksgov.net\/sr\/wp-json\/wp\/v2\/posts\/101054\/revisions"}],"predecessor-version":[{"id":180468,"href":"https:\/\/president-ksgov.net\/sr\/wp-json\/wp\/v2\/posts\/101054\/revisions\/180468"}],"wp:featuredmedia":[{"embeddable":true,"href":"https:\/\/president-ksgov.net\/sr\/wp-json\/wp\/v2\/media\/100923"}],"wp:attachment":[{"href":"https:\/\/president-ksgov.net\/sr\/wp-json\/wp\/v2\/media?parent=101054"}],"wp:term":[{"taxonomy":"category","embeddable":true,"href":"https:\/\/president-ksgov.net\/sr\/wp-json\/wp\/v2\/categories?post=101054"},{"taxonomy":"post_tag","embeddable":true,"href":"https:\/\/president-ksgov.net\/sr\/wp-json\/wp\/v2\/tags?post=101054"}],"curies":[{"name":"wp","href":"https:\/\/api.w.org\/{rel}","templated":true}]}}