{"id":100399,"date":"2024-01-25T12:32:30","date_gmt":"2024-01-25T11:32:30","guid":{"rendered":"https:\/\/president-ksgov.net\/?p=100399"},"modified":"2024-01-25T12:52:50","modified_gmt":"2024-01-25T11:52:50","slug":"predsednica-osmani-docekala-na-sastanku-predsednika-severne-makedonije-stevu-pendarovskog","status":"publish","type":"post","link":"https:\/\/president-ksgov.net\/sr\/predsednica-osmani-docekala-na-sastanku-predsednika-severne-makedonije-stevu-pendarovskog\/","title":{"rendered":"Predsednica Osmani do\u010dekala na sastanku predsednika Severne Makedonije Stevu Pendarovskog"},"content":{"rendered":"<p>Predsednica Republike Kosovo Vjosa Osmani do\u010dekala je danas u radnoj poseti predsednika Republike Severne Makedonije Stevu Pendarovskog.<\/p>\n<p>Na sastanku sa svojim kolegom, predsednica Osmani je ponovo potvrdila posve\u0107enost nastavku odli\u010dnih odnosa sa Severnom Makedonijom.<\/p>\n<p>Albanci u Severnoj Makedoniji, prema re\u010dima predsednice Osmani, predstavljaju most koji povezuje dve dr\u017eave i stub stabilnosti, ali i procesa evropskih integracija Severne Makedonije.<\/p>\n<p>Predsednica Osmani je zahvalila predsedniku Pendarovskom na njegovoj li\u010dnoj posve\u0107enosti odli\u010dnim odnosima izme\u0111u Kosova i Severne Makedonije.<\/p>\n<p>Prema re\u010dima predsednice Osmani, obe zemlje imaju zajedni\u010dku viziju za stabilan i Zapadni Balkan integrisan u EU.<\/p>\n<p>Tako\u0111e, predsednica Osmani je izrazila zahvalnost na podr\u0161ci i saradnji Severne Makedonije, isti\u010du\u0107i zna\u010daj zajedni\u010dkih napora za regionalnu stabilnost.<\/p>\n<p>Predsednica Osmani je rekla da uz podr\u0161ku prijateljskih zemalja kao \u0161to je Severna Makedonija, Kosovo mo\u017ee da napreduje na putu evropskih integracija. U tom kontekstu, predsednica Osmani je rekla da je \u010dlanstvo u Savetu Evrope u funkciji za\u0161tite ljudskih prava svih gra\u0111ana Kosova bez razlike.<\/p>\n<p>Prema re\u010dima predsednice Osmani, Kosovo je pokazalo ozbiljnu posve\u0107enost procesu reformi iz korena, tako da zaslu\u017euje da dobije status zemlje kandidata u EU.<\/p>\n<p>Predsednica Osmani je istakla da Severna Makedonija nije samo sused Kosova, ve\u0107 i partner u mnogim procesima.<\/p>\n<p>\u201eProces evropskih integracija je prioritet koji nas ujedinjuje i na ovom putu \u0107emo nastaviti da poma\u017eemo jedni drugima\u201c, istakla je predsednica.<\/p>\n<p>U tom kontekstu, prema re\u010dima predsednice Osmani, uklju\u010divanje Kosova u Partnerstvo za mir, a potom i u NATO, ima strate\u0161ki zna\u010daj i tako\u0111e je garancija stabilnosti ne samo Kosova, ve\u0107 i regiona.<\/p>\n<p>Oboje lidera su potvrdila da postoji potencijal za produbljivanje saradnje u oblasti trgovine, kulturne razmene, zdravstva, obrazovanja, poljoprivrede, turizma, informacionih tehnologija i drugim oblastima od zajedni\u010dkog interesa.<\/p>\n","protected":false},"excerpt":{"rendered":"<p>Predsednica Republike Kosovo Vjosa Osmani do\u010dekala je danas u radnoj poseti predsednika Republike Severne Makedonije Stevu Pendarovskog. Na sastanku sa svojim kolegom, predsednica Osmani je ponovo potvrdila posve\u0107enost nastavku odli\u010dnih odnosa sa Severnom Makedonijom. Albanci u Severnoj Makedoniji, prema re\u010dima predsednice Osmani, predstavljaju most koji povezuje dve dr\u017eave i stub stabilnosti, ali i procesa evropskih integracija Severne Makedonije. Predsednica Osmani je zahvalila predsedniku Pendarovskom na njegovoj li\u010dnoj posve\u0107enosti odli\u010dnim odnosima izme\u0111u Kosova i Severne Makedonije. Prema re\u010dima predsednice Osmani, obe zemlje imaju zajedni\u010dku viziju za stabilan i Zapadni Balkan integrisan u EU. Tako\u0111e, predsednica Osmani je izrazila zahvalnost na podr\u0161ci i saradnji Severne Makedonije, isti\u010du\u0107i zna\u010daj zajedni\u010dkih napora za regionalnu stabilnost. Predsednica Osmani je rekla da uz podr\u0161ku prijateljskih zemalja kao \u0161to je Severna Makedonija, Kosovo mo\u017ee da napreduje na putu evropskih integracija. U tom kontekstu, predsednica Osmani je rekla da je \u010dlanstvo u Savetu Evrope u funkciji za\u0161tite ljudskih prava svih gra\u0111ana Kosova bez razlike. Prema re\u010dima predsednice Osmani, Kosovo je pokazalo ozbiljnu posve\u0107enost procesu reformi iz korena, tako da zaslu\u017euje da dobije status zemlje kandidata u EU. Predsednica Osmani je istakla da Severna Makedonija nije samo sused Kosova, ve\u0107 i partner u mnogim procesima. \u201eProces evropskih integracija je prioritet koji nas ujedinjuje i na ovom putu \u0107emo nastaviti da poma\u017eemo jedni drugima\u201c, istakla je predsednica. U tom kontekstu, prema re\u010dima predsednice Osmani, uklju\u010divanje Kosova u Partnerstvo za mir, a potom i u NATO, ima strate\u0161ki zna\u010daj i tako\u0111e je garancija stabilnosti ne samo Kosova, ve\u0107 i regiona. Oboje lidera su potvrdila da postoji potencijal za produbljivanje saradnje u oblasti trgovine, kulturne razmene, zdravstva, obrazovanja, poljoprivrede, turizma, informacionih tehnologija i drugim oblastima od zajedni\u010dkog interesa.<\/p>\n","protected":false},"author":9,"featured_media":100391,"comment_status":"open","ping_status":"closed","sticky":false,"template":"","format":"standard","meta":{"_eb_attr":"","footnotes":""},"categories":[101],"tags":[],"class_list":["post-100399","post","type-post","status-publish","format-standard","has-post-thumbnail","hentry","category-vesti"],"yoast_head":"<!-- This site is optimized with the Yoast SEO plugin v23.5 - https:\/\/yoast.com\/wordpress\/plugins\/seo\/ -->\n<title>Predsednica Osmani do\u010dekala na sastanku predsednika Severne Makedonije Stevu Pendarovskog - Predsednik Republike Kosovo - DR. VJOSA OSMANI - SADRIU<\/title>\n<meta name=\"description\" content=\"Predsednica Osmani do\u010dekala na sastanku predsednika Severne Makedonije Stevu Pendarovskog - Predsednik Republike Kosovo - DR. VJOSA OSMANI - SADRIU -\" \/>\n<meta name=\"robots\" content=\"index, follow, max-snippet:-1, max-image-preview:large, max-video-preview:-1\" \/>\n<link rel=\"canonical\" href=\"https:\/\/president-ksgov.net\/sr\/predsednica-osmani-docekala-na-sastanku-predsednika-severne-makedonije-stevu-pendarovskog\/\" \/>\n<meta property=\"og:locale\" content=\"sr_RS\" \/>\n<meta property=\"og:type\" content=\"article\" \/>\n<meta property=\"og:title\" content=\"Predsednica Osmani do\u010dekala na sastanku predsednika Severne Makedonije Stevu Pendarovskog - Predsednik Republike Kosovo - DR. VJOSA OSMANI - SADRIU\" \/>\n<meta property=\"og:description\" content=\"Predsednica Osmani do\u010dekala na sastanku predsednika Severne Makedonije Stevu Pendarovskog - Predsednik Republike Kosovo - DR. VJOSA OSMANI - SADRIU -\" \/>\n<meta property=\"og:url\" content=\"https:\/\/president-ksgov.net\/sr\/predsednica-osmani-docekala-na-sastanku-predsednika-severne-makedonije-stevu-pendarovskog\/\" \/>\n<meta property=\"og:site_name\" content=\"Predsednik Republike Kosovo - DR. VJOSA OSMANI - SADRIU\" \/>\n<meta property=\"article:published_time\" content=\"2024-01-25T11:32:30+00:00\" \/>\n<meta property=\"article:modified_time\" content=\"2024-01-25T11:52:50+00:00\" \/>\n<meta property=\"og:image\" content=\"https:\/\/president-ksgov.net\/wp-content\/uploads\/ZPRK-253.jpg\" \/>\n\t<meta property=\"og:image:width\" content=\"2000\" \/>\n\t<meta property=\"og:image:height\" content=\"1333\" \/>\n\t<meta property=\"og:image:type\" content=\"image\/jpeg\" \/>\n<meta name=\"author\" content=\"Florent Rrahmani\" \/>\n<meta name=\"twitter:card\" content=\"summary_large_image\" \/>\n<meta name=\"twitter:label1\" content=\"\u041d\u0430\u043f\u0438\u0441\u0430\u043d\u043e \u043e\u0434\" \/>\n\t<meta name=\"twitter:data1\" content=\"Florent Rrahmani\" \/>\n\t<meta name=\"twitter:label2\" content=\"\u041f\u0440\u043e\u0446\u0435\u045a\u0435\u043d\u043e \u0432\u0440\u0435\u043c\u0435 \u0447\u0438\u0442\u0430\u045a\u0430\" \/>\n\t<meta name=\"twitter:data2\" content=\"2 \u043c\u0438\u043d\u0443\u0442\u0430\" \/>\n<script type=\"application\/ld+json\" class=\"yoast-schema-graph\">{\"@context\":\"https:\/\/schema.org\",\"@graph\":[{\"@type\":\"WebPage\",\"@id\":\"https:\/\/president-ksgov.net\/sr\/predsednica-osmani-docekala-na-sastanku-predsednika-severne-makedonije-stevu-pendarovskog\/\",\"url\":\"https:\/\/president-ksgov.net\/sr\/predsednica-osmani-docekala-na-sastanku-predsednika-severne-makedonije-stevu-pendarovskog\/\",\"name\":\"Predsednica Osmani do\u010dekala na sastanku predsednika Severne Makedonije Stevu Pendarovskog - Predsednik Republike Kosovo - DR. VJOSA OSMANI - SADRIU\",\"isPartOf\":{\"@id\":\"https:\/\/president-ksgov.net\/#website\"},\"primaryImageOfPage\":{\"@id\":\"https:\/\/president-ksgov.net\/sr\/predsednica-osmani-docekala-na-sastanku-predsednika-severne-makedonije-stevu-pendarovskog\/#primaryimage\"},\"image\":{\"@id\":\"https:\/\/president-ksgov.net\/sr\/predsednica-osmani-docekala-na-sastanku-predsednika-severne-makedonije-stevu-pendarovskog\/#primaryimage\"},\"thumbnailUrl\":\"https:\/\/president-ksgov.net\/wp-content\/uploads\/ZPRK-253.jpg\",\"datePublished\":\"2024-01-25T11:32:30+00:00\",\"dateModified\":\"2024-01-25T11:52:50+00:00\",\"author\":{\"@id\":\"https:\/\/president-ksgov.net\/#\/schema\/person\/7c46f744a99d3f1616b92658282aa934\"},\"description\":\"Predsednica Osmani do\u010dekala na sastanku predsednika Severne Makedonije Stevu Pendarovskog - Predsednik Republike Kosovo - DR. VJOSA OSMANI - SADRIU -\",\"breadcrumb\":{\"@id\":\"https:\/\/president-ksgov.net\/sr\/predsednica-osmani-docekala-na-sastanku-predsednika-severne-makedonije-stevu-pendarovskog\/#breadcrumb\"},\"inLanguage\":\"sr-RS\",\"potentialAction\":[{\"@type\":\"ReadAction\",\"target\":[\"https:\/\/president-ksgov.net\/sr\/predsednica-osmani-docekala-na-sastanku-predsednika-severne-makedonije-stevu-pendarovskog\/\"]}]},{\"@type\":\"ImageObject\",\"inLanguage\":\"sr-RS\",\"@id\":\"https:\/\/president-ksgov.net\/sr\/predsednica-osmani-docekala-na-sastanku-predsednika-severne-makedonije-stevu-pendarovskog\/#primaryimage\",\"url\":\"https:\/\/president-ksgov.net\/wp-content\/uploads\/ZPRK-253.jpg\",\"contentUrl\":\"https:\/\/president-ksgov.net\/wp-content\/uploads\/ZPRK-253.jpg\",\"width\":2000,\"height\":1333},{\"@type\":\"BreadcrumbList\",\"@id\":\"https:\/\/president-ksgov.net\/sr\/predsednica-osmani-docekala-na-sastanku-predsednika-severne-makedonije-stevu-pendarovskog\/#breadcrumb\",\"itemListElement\":[{\"@type\":\"ListItem\",\"position\":1,\"name\":\"Home\",\"item\":\"https:\/\/president-ksgov.net\/sr\/\"},{\"@type\":\"ListItem\",\"position\":2,\"name\":\"Predsednica Osmani do\u010dekala na sastanku predsednika Severne Makedonije Stevu Pendarovskog\"}]},{\"@type\":\"WebSite\",\"@id\":\"https:\/\/president-ksgov.net\/#website\",\"url\":\"https:\/\/president-ksgov.net\/\",\"name\":\"Presidente e Republik\u00ebs s\u00eb Kosov\u00ebs\",\"description\":\"Presidente e Republik\u00ebs s\u00eb Kosov\u00ebs\",\"alternateName\":\"DR. VJOSA OSMANI - SADRIU\",\"potentialAction\":[{\"@type\":\"SearchAction\",\"target\":{\"@type\":\"EntryPoint\",\"urlTemplate\":\"https:\/\/president-ksgov.net\/?s={search_term_string}\"},\"query-input\":{\"@type\":\"PropertyValueSpecification\",\"valueRequired\":true,\"valueName\":\"search_term_string\"}}],\"inLanguage\":\"sr-RS\"},{\"@type\":\"Person\",\"@id\":\"https:\/\/president-ksgov.net\/#\/schema\/person\/7c46f744a99d3f1616b92658282aa934\",\"name\":\"Florent Rrahmani\",\"image\":{\"@type\":\"ImageObject\",\"inLanguage\":\"sr-RS\",\"@id\":\"https:\/\/president-ksgov.net\/#\/schema\/person\/image\/\",\"url\":\"https:\/\/secure.gravatar.com\/avatar\/2545924aa250de68ac8368367a79b663e59571cd131611f54c89b0613a94e230?s=96&d=mm&r=g\",\"contentUrl\":\"https:\/\/secure.gravatar.com\/avatar\/2545924aa250de68ac8368367a79b663e59571cd131611f54c89b0613a94e230?s=96&d=mm&r=g\",\"caption\":\"Florent Rrahmani\"}}]}<\/script>\n<!-- \/ Yoast SEO plugin. -->","yoast_head_json":{"title":"Predsednica Osmani do\u010dekala na sastanku predsednika Severne Makedonije Stevu Pendarovskog - Predsednik Republike Kosovo - DR. VJOSA OSMANI - SADRIU","description":"Predsednica Osmani do\u010dekala na sastanku predsednika Severne Makedonije Stevu Pendarovskog - Predsednik Republike Kosovo - DR. VJOSA OSMANI - SADRIU -","robots":{"index":"index","follow":"follow","max-snippet":"max-snippet:-1","max-image-preview":"max-image-preview:large","max-video-preview":"max-video-preview:-1"},"canonical":"https:\/\/president-ksgov.net\/sr\/predsednica-osmani-docekala-na-sastanku-predsednika-severne-makedonije-stevu-pendarovskog\/","og_locale":"sr_RS","og_type":"article","og_title":"Predsednica Osmani do\u010dekala na sastanku predsednika Severne Makedonije Stevu Pendarovskog - Predsednik Republike Kosovo - DR. VJOSA OSMANI - SADRIU","og_description":"Predsednica Osmani do\u010dekala na sastanku predsednika Severne Makedonije Stevu Pendarovskog - Predsednik Republike Kosovo - DR. VJOSA OSMANI - SADRIU -","og_url":"https:\/\/president-ksgov.net\/sr\/predsednica-osmani-docekala-na-sastanku-predsednika-severne-makedonije-stevu-pendarovskog\/","og_site_name":"Predsednik Republike Kosovo - DR. VJOSA OSMANI - SADRIU","article_published_time":"2024-01-25T11:32:30+00:00","article_modified_time":"2024-01-25T11:52:50+00:00","og_image":[{"width":2000,"height":1333,"url":"https:\/\/president-ksgov.net\/wp-content\/uploads\/ZPRK-253.jpg","type":"image\/jpeg"}],"author":"Florent Rrahmani","twitter_card":"summary_large_image","twitter_misc":{"\u041d\u0430\u043f\u0438\u0441\u0430\u043d\u043e \u043e\u0434":"Florent Rrahmani","\u041f\u0440\u043e\u0446\u0435\u045a\u0435\u043d\u043e \u0432\u0440\u0435\u043c\u0435 \u0447\u0438\u0442\u0430\u045a\u0430":"2 \u043c\u0438\u043d\u0443\u0442\u0430"},"schema":{"@context":"https:\/\/schema.org","@graph":[{"@type":"WebPage","@id":"https:\/\/president-ksgov.net\/sr\/predsednica-osmani-docekala-na-sastanku-predsednika-severne-makedonije-stevu-pendarovskog\/","url":"https:\/\/president-ksgov.net\/sr\/predsednica-osmani-docekala-na-sastanku-predsednika-severne-makedonije-stevu-pendarovskog\/","name":"Predsednica Osmani do\u010dekala na sastanku predsednika Severne Makedonije Stevu Pendarovskog - Predsednik Republike Kosovo - DR. VJOSA OSMANI - SADRIU","isPartOf":{"@id":"https:\/\/president-ksgov.net\/#website"},"primaryImageOfPage":{"@id":"https:\/\/president-ksgov.net\/sr\/predsednica-osmani-docekala-na-sastanku-predsednika-severne-makedonije-stevu-pendarovskog\/#primaryimage"},"image":{"@id":"https:\/\/president-ksgov.net\/sr\/predsednica-osmani-docekala-na-sastanku-predsednika-severne-makedonije-stevu-pendarovskog\/#primaryimage"},"thumbnailUrl":"https:\/\/president-ksgov.net\/wp-content\/uploads\/ZPRK-253.jpg","datePublished":"2024-01-25T11:32:30+00:00","dateModified":"2024-01-25T11:52:50+00:00","author":{"@id":"https:\/\/president-ksgov.net\/#\/schema\/person\/7c46f744a99d3f1616b92658282aa934"},"description":"Predsednica Osmani do\u010dekala na sastanku predsednika Severne Makedonije Stevu Pendarovskog - Predsednik Republike Kosovo - DR. VJOSA OSMANI - SADRIU -","breadcrumb":{"@id":"https:\/\/president-ksgov.net\/sr\/predsednica-osmani-docekala-na-sastanku-predsednika-severne-makedonije-stevu-pendarovskog\/#breadcrumb"},"inLanguage":"sr-RS","potentialAction":[{"@type":"ReadAction","target":["https:\/\/president-ksgov.net\/sr\/predsednica-osmani-docekala-na-sastanku-predsednika-severne-makedonije-stevu-pendarovskog\/"]}]},{"@type":"ImageObject","inLanguage":"sr-RS","@id":"https:\/\/president-ksgov.net\/sr\/predsednica-osmani-docekala-na-sastanku-predsednika-severne-makedonije-stevu-pendarovskog\/#primaryimage","url":"https:\/\/president-ksgov.net\/wp-content\/uploads\/ZPRK-253.jpg","contentUrl":"https:\/\/president-ksgov.net\/wp-content\/uploads\/ZPRK-253.jpg","width":2000,"height":1333},{"@type":"BreadcrumbList","@id":"https:\/\/president-ksgov.net\/sr\/predsednica-osmani-docekala-na-sastanku-predsednika-severne-makedonije-stevu-pendarovskog\/#breadcrumb","itemListElement":[{"@type":"ListItem","position":1,"name":"Home","item":"https:\/\/president-ksgov.net\/sr\/"},{"@type":"ListItem","position":2,"name":"Predsednica Osmani do\u010dekala na sastanku predsednika Severne Makedonije Stevu Pendarovskog"}]},{"@type":"WebSite","@id":"https:\/\/president-ksgov.net\/#website","url":"https:\/\/president-ksgov.net\/","name":"Presidente e Republik\u00ebs s\u00eb Kosov\u00ebs","description":"Presidente e Republik\u00ebs s\u00eb Kosov\u00ebs","alternateName":"DR. VJOSA OSMANI - SADRIU","potentialAction":[{"@type":"SearchAction","target":{"@type":"EntryPoint","urlTemplate":"https:\/\/president-ksgov.net\/?s={search_term_string}"},"query-input":{"@type":"PropertyValueSpecification","valueRequired":true,"valueName":"search_term_string"}}],"inLanguage":"sr-RS"},{"@type":"Person","@id":"https:\/\/president-ksgov.net\/#\/schema\/person\/7c46f744a99d3f1616b92658282aa934","name":"Florent Rrahmani","image":{"@type":"ImageObject","inLanguage":"sr-RS","@id":"https:\/\/president-ksgov.net\/#\/schema\/person\/image\/","url":"https:\/\/secure.gravatar.com\/avatar\/2545924aa250de68ac8368367a79b663e59571cd131611f54c89b0613a94e230?s=96&d=mm&r=g","contentUrl":"https:\/\/secure.gravatar.com\/avatar\/2545924aa250de68ac8368367a79b663e59571cd131611f54c89b0613a94e230?s=96&d=mm&r=g","caption":"Florent Rrahmani"}}]}},"_links":{"self":[{"href":"https:\/\/president-ksgov.net\/sr\/wp-json\/wp\/v2\/posts\/100399","targetHints":{"allow":["GET"]}}],"collection":[{"href":"https:\/\/president-ksgov.net\/sr\/wp-json\/wp\/v2\/posts"}],"about":[{"href":"https:\/\/president-ksgov.net\/sr\/wp-json\/wp\/v2\/types\/post"}],"author":[{"embeddable":true,"href":"https:\/\/president-ksgov.net\/sr\/wp-json\/wp\/v2\/users\/9"}],"replies":[{"embeddable":true,"href":"https:\/\/president-ksgov.net\/sr\/wp-json\/wp\/v2\/comments?post=100399"}],"version-history":[{"count":1,"href":"https:\/\/president-ksgov.net\/sr\/wp-json\/wp\/v2\/posts\/100399\/revisions"}],"predecessor-version":[{"id":100400,"href":"https:\/\/president-ksgov.net\/sr\/wp-json\/wp\/v2\/posts\/100399\/revisions\/100400"}],"wp:featuredmedia":[{"embeddable":true,"href":"https:\/\/president-ksgov.net\/sr\/wp-json\/wp\/v2\/media\/100391"}],"wp:attachment":[{"href":"https:\/\/president-ksgov.net\/sr\/wp-json\/wp\/v2\/media?parent=100399"}],"wp:term":[{"taxonomy":"category","embeddable":true,"href":"https:\/\/president-ksgov.net\/sr\/wp-json\/wp\/v2\/categories?post=100399"},{"taxonomy":"post_tag","embeddable":true,"href":"https:\/\/president-ksgov.net\/sr\/wp-json\/wp\/v2\/tags?post=100399"}],"curies":[{"name":"wp","href":"https:\/\/api.w.org\/{rel}","templated":true}]}}