{"id":100199,"date":"2024-01-18T19:10:31","date_gmt":"2024-01-18T18:10:31","guid":{"rendered":"https:\/\/president-ksgov.net\/?p=100199"},"modified":"2024-01-19T19:32:54","modified_gmt":"2024-01-19T18:32:54","slug":"predsednica-osmani-se-sastala-sa-mladima-iz-dijaspore-koji-ucestvuju-u-programu-gradanske-diplomatije-na-kosovu","status":"publish","type":"post","link":"https:\/\/president-ksgov.net\/sr\/predsednica-osmani-se-sastala-sa-mladima-iz-dijaspore-koji-ucestvuju-u-programu-gradanske-diplomatije-na-kosovu\/","title":{"rendered":"Predsednica Osmani se sastala sa mladima iz dijaspore koji u\u010destvuju u Programu gra\u0111anske diplomatije na Kosovu"},"content":{"rendered":"<p>Predsednica Republike Kosovo Vjosa Osmani sastala se sa mladima iz dijaspore koji su deo Programa gra\u0111anske diplomatije.<\/p>\n<p>Predsednica im je po\u017eelela dobrodo\u0161licu na Kosovo, \u010destitaju\u0107i im na njihovoj posve\u0107enosti ja\u010danju veze sa svojom domovinom, kao i na vrednom anga\u017eovanju u narednim mesecima u doma\u0107im institucijama.<\/p>\n<p>Dalje, predsednica je istakla da su, mimo diplomatije, koristi od njihovog anga\u017eovanja vi\u0161edimenzionalne, posebno u dono\u0161enju novih ideja i perspektiva. Predsednica je navela anga\u017eovanje prethodnih grupa ovog Programa sa Kancelarijom predsednice, uklju\u010duju\u0107i Forum za \u017eene, mir i bezbednost, kao i inicijativu za sadnju drve\u0107a.<\/p>\n<p>Predsednica je govorio i o zna\u010daju i vitalnom doprinosu na\u0161e dijaspore u ekonomskom, diplomatskom i kulturnom ja\u010danju Kosova.<\/p>\n<p>&nbsp;<\/p>\n","protected":false},"excerpt":{"rendered":"<p>Predsednica Republike Kosovo Vjosa Osmani sastala se sa mladima iz dijaspore koji su deo Programa gra\u0111anske diplomatije. Predsednica im je po\u017eelela dobrodo\u0161licu na Kosovo, \u010destitaju\u0107i im na njihovoj posve\u0107enosti ja\u010danju veze sa svojom domovinom, kao i na vrednom anga\u017eovanju u narednim mesecima u doma\u0107im institucijama. Dalje, predsednica je istakla da su, mimo diplomatije, koristi od njihovog anga\u017eovanja vi\u0161edimenzionalne, posebno u dono\u0161enju novih ideja i perspektiva. Predsednica je navela anga\u017eovanje prethodnih grupa ovog Programa sa Kancelarijom predsednice, uklju\u010duju\u0107i Forum za \u017eene, mir i bezbednost, kao i inicijativu za sadnju drve\u0107a. Predsednica je govorio i o zna\u010daju i vitalnom doprinosu na\u0161e dijaspore u ekonomskom, diplomatskom i kulturnom ja\u010danju Kosova. &nbsp;<\/p>\n","protected":false},"author":9,"featured_media":100087,"comment_status":"open","ping_status":"closed","sticky":false,"template":"","format":"standard","meta":{"_eb_attr":"","footnotes":""},"categories":[101],"tags":[],"class_list":["post-100199","post","type-post","status-publish","format-standard","has-post-thumbnail","hentry","category-vesti"],"yoast_head":"<!-- This site is optimized with the Yoast SEO plugin v23.5 - https:\/\/yoast.com\/wordpress\/plugins\/seo\/ -->\n<title>Predsednica Osmani se sastala sa mladima iz dijaspore koji u\u010destvuju u Programu gra\u0111anske diplomatije na Kosovu - Predsednik Republike Kosovo - DR. VJOSA OSMANI - SADRIU<\/title>\n<meta name=\"description\" content=\"Predsednica Osmani se sastala sa mladima iz dijaspore koji u\u010destvuju u Programu gra\u0111anske diplomatije na Kosovu - Predsednik Republike Kosovo - DR. VJOSA OSMANI - SADRIU -\" \/>\n<meta name=\"robots\" content=\"index, follow, max-snippet:-1, max-image-preview:large, max-video-preview:-1\" \/>\n<link rel=\"canonical\" href=\"https:\/\/president-ksgov.net\/sr\/predsednica-osmani-se-sastala-sa-mladima-iz-dijaspore-koji-ucestvuju-u-programu-gradanske-diplomatije-na-kosovu\/\" \/>\n<meta property=\"og:locale\" content=\"sr_RS\" \/>\n<meta property=\"og:type\" content=\"article\" \/>\n<meta property=\"og:title\" content=\"Predsednica Osmani se sastala sa mladima iz dijaspore koji u\u010destvuju u Programu gra\u0111anske diplomatije na Kosovu - Predsednik Republike Kosovo - DR. VJOSA OSMANI - SADRIU\" \/>\n<meta property=\"og:description\" content=\"Predsednica Osmani se sastala sa mladima iz dijaspore koji u\u010destvuju u Programu gra\u0111anske diplomatije na Kosovu - Predsednik Republike Kosovo - DR. VJOSA OSMANI - SADRIU -\" \/>\n<meta property=\"og:url\" content=\"https:\/\/president-ksgov.net\/sr\/predsednica-osmani-se-sastala-sa-mladima-iz-dijaspore-koji-ucestvuju-u-programu-gradanske-diplomatije-na-kosovu\/\" \/>\n<meta property=\"og:site_name\" content=\"Predsednik Republike Kosovo - DR. VJOSA OSMANI - SADRIU\" \/>\n<meta property=\"article:published_time\" content=\"2024-01-18T18:10:31+00:00\" \/>\n<meta property=\"article:modified_time\" content=\"2024-01-19T18:32:54+00:00\" \/>\n<meta property=\"og:image\" content=\"https:\/\/president-ksgov.net\/wp-content\/uploads\/1-191.jpg\" \/>\n\t<meta property=\"og:image:width\" content=\"2000\" \/>\n\t<meta property=\"og:image:height\" content=\"1331\" \/>\n\t<meta property=\"og:image:type\" content=\"image\/jpeg\" \/>\n<meta name=\"author\" content=\"Florent Rrahmani\" \/>\n<meta name=\"twitter:card\" content=\"summary_large_image\" \/>\n<meta name=\"twitter:label1\" content=\"\u041d\u0430\u043f\u0438\u0441\u0430\u043d\u043e \u043e\u0434\" \/>\n\t<meta name=\"twitter:data1\" content=\"Florent Rrahmani\" \/>\n\t<meta name=\"twitter:label2\" content=\"\u041f\u0440\u043e\u0446\u0435\u045a\u0435\u043d\u043e \u0432\u0440\u0435\u043c\u0435 \u0447\u0438\u0442\u0430\u045a\u0430\" \/>\n\t<meta name=\"twitter:data2\" content=\"1 \u043c\u0438\u043d\u0443\u0442\" \/>\n<script type=\"application\/ld+json\" class=\"yoast-schema-graph\">{\"@context\":\"https:\/\/schema.org\",\"@graph\":[{\"@type\":\"WebPage\",\"@id\":\"https:\/\/president-ksgov.net\/sr\/predsednica-osmani-se-sastala-sa-mladima-iz-dijaspore-koji-ucestvuju-u-programu-gradanske-diplomatije-na-kosovu\/\",\"url\":\"https:\/\/president-ksgov.net\/sr\/predsednica-osmani-se-sastala-sa-mladima-iz-dijaspore-koji-ucestvuju-u-programu-gradanske-diplomatije-na-kosovu\/\",\"name\":\"Predsednica Osmani se sastala sa mladima iz dijaspore koji u\u010destvuju u Programu gra\u0111anske diplomatije na Kosovu - Predsednik Republike Kosovo - DR. VJOSA OSMANI - SADRIU\",\"isPartOf\":{\"@id\":\"https:\/\/president-ksgov.net\/#website\"},\"primaryImageOfPage\":{\"@id\":\"https:\/\/president-ksgov.net\/sr\/predsednica-osmani-se-sastala-sa-mladima-iz-dijaspore-koji-ucestvuju-u-programu-gradanske-diplomatije-na-kosovu\/#primaryimage\"},\"image\":{\"@id\":\"https:\/\/president-ksgov.net\/sr\/predsednica-osmani-se-sastala-sa-mladima-iz-dijaspore-koji-ucestvuju-u-programu-gradanske-diplomatije-na-kosovu\/#primaryimage\"},\"thumbnailUrl\":\"https:\/\/president-ksgov.net\/wp-content\/uploads\/1-191.jpg\",\"datePublished\":\"2024-01-18T18:10:31+00:00\",\"dateModified\":\"2024-01-19T18:32:54+00:00\",\"author\":{\"@id\":\"https:\/\/president-ksgov.net\/#\/schema\/person\/7c46f744a99d3f1616b92658282aa934\"},\"description\":\"Predsednica Osmani se sastala sa mladima iz dijaspore koji u\u010destvuju u Programu gra\u0111anske diplomatije na Kosovu - Predsednik Republike Kosovo - DR. VJOSA OSMANI - SADRIU -\",\"breadcrumb\":{\"@id\":\"https:\/\/president-ksgov.net\/sr\/predsednica-osmani-se-sastala-sa-mladima-iz-dijaspore-koji-ucestvuju-u-programu-gradanske-diplomatije-na-kosovu\/#breadcrumb\"},\"inLanguage\":\"sr-RS\",\"potentialAction\":[{\"@type\":\"ReadAction\",\"target\":[\"https:\/\/president-ksgov.net\/sr\/predsednica-osmani-se-sastala-sa-mladima-iz-dijaspore-koji-ucestvuju-u-programu-gradanske-diplomatije-na-kosovu\/\"]}]},{\"@type\":\"ImageObject\",\"inLanguage\":\"sr-RS\",\"@id\":\"https:\/\/president-ksgov.net\/sr\/predsednica-osmani-se-sastala-sa-mladima-iz-dijaspore-koji-ucestvuju-u-programu-gradanske-diplomatije-na-kosovu\/#primaryimage\",\"url\":\"https:\/\/president-ksgov.net\/wp-content\/uploads\/1-191.jpg\",\"contentUrl\":\"https:\/\/president-ksgov.net\/wp-content\/uploads\/1-191.jpg\",\"width\":2000,\"height\":1331},{\"@type\":\"BreadcrumbList\",\"@id\":\"https:\/\/president-ksgov.net\/sr\/predsednica-osmani-se-sastala-sa-mladima-iz-dijaspore-koji-ucestvuju-u-programu-gradanske-diplomatije-na-kosovu\/#breadcrumb\",\"itemListElement\":[{\"@type\":\"ListItem\",\"position\":1,\"name\":\"Home\",\"item\":\"https:\/\/president-ksgov.net\/sr\/\"},{\"@type\":\"ListItem\",\"position\":2,\"name\":\"Predsednica Osmani se sastala sa mladima iz dijaspore koji u\u010destvuju u Programu gra\u0111anske diplomatije na Kosovu\"}]},{\"@type\":\"WebSite\",\"@id\":\"https:\/\/president-ksgov.net\/#website\",\"url\":\"https:\/\/president-ksgov.net\/\",\"name\":\"Presidente e Republik\u00ebs s\u00eb Kosov\u00ebs\",\"description\":\"Presidente e Republik\u00ebs s\u00eb Kosov\u00ebs\",\"alternateName\":\"DR. VJOSA OSMANI - SADRIU\",\"potentialAction\":[{\"@type\":\"SearchAction\",\"target\":{\"@type\":\"EntryPoint\",\"urlTemplate\":\"https:\/\/president-ksgov.net\/?s={search_term_string}\"},\"query-input\":{\"@type\":\"PropertyValueSpecification\",\"valueRequired\":true,\"valueName\":\"search_term_string\"}}],\"inLanguage\":\"sr-RS\"},{\"@type\":\"Person\",\"@id\":\"https:\/\/president-ksgov.net\/#\/schema\/person\/7c46f744a99d3f1616b92658282aa934\",\"name\":\"Florent Rrahmani\",\"image\":{\"@type\":\"ImageObject\",\"inLanguage\":\"sr-RS\",\"@id\":\"https:\/\/president-ksgov.net\/#\/schema\/person\/image\/\",\"url\":\"https:\/\/secure.gravatar.com\/avatar\/2545924aa250de68ac8368367a79b663e59571cd131611f54c89b0613a94e230?s=96&d=mm&r=g\",\"contentUrl\":\"https:\/\/secure.gravatar.com\/avatar\/2545924aa250de68ac8368367a79b663e59571cd131611f54c89b0613a94e230?s=96&d=mm&r=g\",\"caption\":\"Florent Rrahmani\"}}]}<\/script>\n<!-- \/ Yoast SEO plugin. -->","yoast_head_json":{"title":"Predsednica Osmani se sastala sa mladima iz dijaspore koji u\u010destvuju u Programu gra\u0111anske diplomatije na Kosovu - Predsednik Republike Kosovo - DR. VJOSA OSMANI - SADRIU","description":"Predsednica Osmani se sastala sa mladima iz dijaspore koji u\u010destvuju u Programu gra\u0111anske diplomatije na Kosovu - Predsednik Republike Kosovo - DR. VJOSA OSMANI - SADRIU -","robots":{"index":"index","follow":"follow","max-snippet":"max-snippet:-1","max-image-preview":"max-image-preview:large","max-video-preview":"max-video-preview:-1"},"canonical":"https:\/\/president-ksgov.net\/sr\/predsednica-osmani-se-sastala-sa-mladima-iz-dijaspore-koji-ucestvuju-u-programu-gradanske-diplomatije-na-kosovu\/","og_locale":"sr_RS","og_type":"article","og_title":"Predsednica Osmani se sastala sa mladima iz dijaspore koji u\u010destvuju u Programu gra\u0111anske diplomatije na Kosovu - Predsednik Republike Kosovo - DR. VJOSA OSMANI - SADRIU","og_description":"Predsednica Osmani se sastala sa mladima iz dijaspore koji u\u010destvuju u Programu gra\u0111anske diplomatije na Kosovu - Predsednik Republike Kosovo - DR. VJOSA OSMANI - SADRIU -","og_url":"https:\/\/president-ksgov.net\/sr\/predsednica-osmani-se-sastala-sa-mladima-iz-dijaspore-koji-ucestvuju-u-programu-gradanske-diplomatije-na-kosovu\/","og_site_name":"Predsednik Republike Kosovo - DR. VJOSA OSMANI - SADRIU","article_published_time":"2024-01-18T18:10:31+00:00","article_modified_time":"2024-01-19T18:32:54+00:00","og_image":[{"width":2000,"height":1331,"url":"https:\/\/president-ksgov.net\/wp-content\/uploads\/1-191.jpg","type":"image\/jpeg"}],"author":"Florent Rrahmani","twitter_card":"summary_large_image","twitter_misc":{"\u041d\u0430\u043f\u0438\u0441\u0430\u043d\u043e \u043e\u0434":"Florent Rrahmani","\u041f\u0440\u043e\u0446\u0435\u045a\u0435\u043d\u043e \u0432\u0440\u0435\u043c\u0435 \u0447\u0438\u0442\u0430\u045a\u0430":"1 \u043c\u0438\u043d\u0443\u0442"},"schema":{"@context":"https:\/\/schema.org","@graph":[{"@type":"WebPage","@id":"https:\/\/president-ksgov.net\/sr\/predsednica-osmani-se-sastala-sa-mladima-iz-dijaspore-koji-ucestvuju-u-programu-gradanske-diplomatije-na-kosovu\/","url":"https:\/\/president-ksgov.net\/sr\/predsednica-osmani-se-sastala-sa-mladima-iz-dijaspore-koji-ucestvuju-u-programu-gradanske-diplomatije-na-kosovu\/","name":"Predsednica Osmani se sastala sa mladima iz dijaspore koji u\u010destvuju u Programu gra\u0111anske diplomatije na Kosovu - Predsednik Republike Kosovo - DR. VJOSA OSMANI - SADRIU","isPartOf":{"@id":"https:\/\/president-ksgov.net\/#website"},"primaryImageOfPage":{"@id":"https:\/\/president-ksgov.net\/sr\/predsednica-osmani-se-sastala-sa-mladima-iz-dijaspore-koji-ucestvuju-u-programu-gradanske-diplomatije-na-kosovu\/#primaryimage"},"image":{"@id":"https:\/\/president-ksgov.net\/sr\/predsednica-osmani-se-sastala-sa-mladima-iz-dijaspore-koji-ucestvuju-u-programu-gradanske-diplomatije-na-kosovu\/#primaryimage"},"thumbnailUrl":"https:\/\/president-ksgov.net\/wp-content\/uploads\/1-191.jpg","datePublished":"2024-01-18T18:10:31+00:00","dateModified":"2024-01-19T18:32:54+00:00","author":{"@id":"https:\/\/president-ksgov.net\/#\/schema\/person\/7c46f744a99d3f1616b92658282aa934"},"description":"Predsednica Osmani se sastala sa mladima iz dijaspore koji u\u010destvuju u Programu gra\u0111anske diplomatije na Kosovu - Predsednik Republike Kosovo - DR. VJOSA OSMANI - SADRIU -","breadcrumb":{"@id":"https:\/\/president-ksgov.net\/sr\/predsednica-osmani-se-sastala-sa-mladima-iz-dijaspore-koji-ucestvuju-u-programu-gradanske-diplomatije-na-kosovu\/#breadcrumb"},"inLanguage":"sr-RS","potentialAction":[{"@type":"ReadAction","target":["https:\/\/president-ksgov.net\/sr\/predsednica-osmani-se-sastala-sa-mladima-iz-dijaspore-koji-ucestvuju-u-programu-gradanske-diplomatije-na-kosovu\/"]}]},{"@type":"ImageObject","inLanguage":"sr-RS","@id":"https:\/\/president-ksgov.net\/sr\/predsednica-osmani-se-sastala-sa-mladima-iz-dijaspore-koji-ucestvuju-u-programu-gradanske-diplomatije-na-kosovu\/#primaryimage","url":"https:\/\/president-ksgov.net\/wp-content\/uploads\/1-191.jpg","contentUrl":"https:\/\/president-ksgov.net\/wp-content\/uploads\/1-191.jpg","width":2000,"height":1331},{"@type":"BreadcrumbList","@id":"https:\/\/president-ksgov.net\/sr\/predsednica-osmani-se-sastala-sa-mladima-iz-dijaspore-koji-ucestvuju-u-programu-gradanske-diplomatije-na-kosovu\/#breadcrumb","itemListElement":[{"@type":"ListItem","position":1,"name":"Home","item":"https:\/\/president-ksgov.net\/sr\/"},{"@type":"ListItem","position":2,"name":"Predsednica Osmani se sastala sa mladima iz dijaspore koji u\u010destvuju u Programu gra\u0111anske diplomatije na Kosovu"}]},{"@type":"WebSite","@id":"https:\/\/president-ksgov.net\/#website","url":"https:\/\/president-ksgov.net\/","name":"Presidente e Republik\u00ebs s\u00eb Kosov\u00ebs","description":"Presidente e Republik\u00ebs s\u00eb Kosov\u00ebs","alternateName":"DR. VJOSA OSMANI - SADRIU","potentialAction":[{"@type":"SearchAction","target":{"@type":"EntryPoint","urlTemplate":"https:\/\/president-ksgov.net\/?s={search_term_string}"},"query-input":{"@type":"PropertyValueSpecification","valueRequired":true,"valueName":"search_term_string"}}],"inLanguage":"sr-RS"},{"@type":"Person","@id":"https:\/\/president-ksgov.net\/#\/schema\/person\/7c46f744a99d3f1616b92658282aa934","name":"Florent Rrahmani","image":{"@type":"ImageObject","inLanguage":"sr-RS","@id":"https:\/\/president-ksgov.net\/#\/schema\/person\/image\/","url":"https:\/\/secure.gravatar.com\/avatar\/2545924aa250de68ac8368367a79b663e59571cd131611f54c89b0613a94e230?s=96&d=mm&r=g","contentUrl":"https:\/\/secure.gravatar.com\/avatar\/2545924aa250de68ac8368367a79b663e59571cd131611f54c89b0613a94e230?s=96&d=mm&r=g","caption":"Florent Rrahmani"}}]}},"_links":{"self":[{"href":"https:\/\/president-ksgov.net\/sr\/wp-json\/wp\/v2\/posts\/100199","targetHints":{"allow":["GET"]}}],"collection":[{"href":"https:\/\/president-ksgov.net\/sr\/wp-json\/wp\/v2\/posts"}],"about":[{"href":"https:\/\/president-ksgov.net\/sr\/wp-json\/wp\/v2\/types\/post"}],"author":[{"embeddable":true,"href":"https:\/\/president-ksgov.net\/sr\/wp-json\/wp\/v2\/users\/9"}],"replies":[{"embeddable":true,"href":"https:\/\/president-ksgov.net\/sr\/wp-json\/wp\/v2\/comments?post=100199"}],"version-history":[{"count":1,"href":"https:\/\/president-ksgov.net\/sr\/wp-json\/wp\/v2\/posts\/100199\/revisions"}],"predecessor-version":[{"id":100200,"href":"https:\/\/president-ksgov.net\/sr\/wp-json\/wp\/v2\/posts\/100199\/revisions\/100200"}],"wp:featuredmedia":[{"embeddable":true,"href":"https:\/\/president-ksgov.net\/sr\/wp-json\/wp\/v2\/media\/100087"}],"wp:attachment":[{"href":"https:\/\/president-ksgov.net\/sr\/wp-json\/wp\/v2\/media?parent=100199"}],"wp:term":[{"taxonomy":"category","embeddable":true,"href":"https:\/\/president-ksgov.net\/sr\/wp-json\/wp\/v2\/categories?post=100199"},{"taxonomy":"post_tag","embeddable":true,"href":"https:\/\/president-ksgov.net\/sr\/wp-json\/wp\/v2\/tags?post=100199"}],"curies":[{"name":"wp","href":"https:\/\/api.w.org\/{rel}","templated":true}]}}