{"id":100077,"date":"2024-01-18T17:24:20","date_gmt":"2024-01-18T16:24:20","guid":{"rendered":"https:\/\/president-ksgov.net\/?p=100077"},"modified":"2024-01-18T17:41:03","modified_gmt":"2024-01-18T16:41:03","slug":"predsednica-osmani-se-sastala-sa-komandantom-kfor-a-general-majorom-ozkanom-ulutasom","status":"publish","type":"post","link":"https:\/\/president-ksgov.net\/sr\/predsednica-osmani-se-sastala-sa-komandantom-kfor-a-general-majorom-ozkanom-ulutasom\/","title":{"rendered":"Predsednica Osmani se sastala sa komandantom KFOR-a, general-majorom \u00d6zkanom Uluta\u015fom"},"content":{"rendered":"<p>Predsednica Republike Kosovo Vjosa Osmani sastala se danas sa komandantom KFOR-a general-majorom \u00d6zkanom Uluta\u015fom, sa kojim je razgovarala o bezbednosnoj situaciji u zemlji.<\/p>\n<p>Ona je zahvalila KFOR-u na kontinuiranom anga\u017eovanju ovih snaga kao tre\u0107e odgovorne strane za garantovanje bezbednosti na celoj teritoriji Republike Kosovo. Ona je posebno izrazila zahvalnost KFOR-u koji je pove\u0107ao broj trupa koje podr\u017eavaju kosovske institucije u patroliranju du\u017e granice sa Srbijom, posebno nakon \u010dina agresije Srbije 24. septembra.<\/p>\n<p>Predsednica Osmani je na sastanku sa komandantom Uluta\u015fom istakla zna\u010daj kontinuirane koordinacije izme\u0111u KFOR-a i njegovog primarnog bezbednosnog partnera, Policije Kosova, kao i koordinacije sa svim bezbednosnim institucijama na Kosovu, u korist stabilnosti i bezbednosti svih gra\u0111ana Kosova, bez obzira na etni\u010dku pripadnost.<\/p>\n<p>Predsednica je obave\u0161tena i o stanju vojnika multinacionalnih snaga povre\u0111enih na severu Kosova u maju. Ona je istakla da su srpske kriminalne grupe, koje su napale NATO, na\u017ealost i dalje slobodne i da je neka\u017enjivost onih koji su napali FOR u maju lo\u0161a poruka i ohrabrenje za Srbiju da ponovo napadne.<\/p>\n<p>Predsednica je izrazila puno uverenje da \u0107e institucije Kosova, u saradnji sa savezni\u010dkim snagama, spre\u010diti svaki mogu\u0107i napad Srbije i na taj na\u010din sa\u010duvati mir i stabilnost u zemlji i regionu.<\/p>\n","protected":false},"excerpt":{"rendered":"<p>Predsednica Republike Kosovo Vjosa Osmani sastala se danas sa komandantom KFOR-a general-majorom \u00d6zkanom Uluta\u015fom, sa kojim je razgovarala o bezbednosnoj situaciji u zemlji. Ona je zahvalila KFOR-u na kontinuiranom anga\u017eovanju ovih snaga kao tre\u0107e odgovorne strane za garantovanje bezbednosti na celoj teritoriji Republike Kosovo. Ona je posebno izrazila zahvalnost KFOR-u koji je pove\u0107ao broj trupa koje podr\u017eavaju kosovske institucije u patroliranju du\u017e granice sa Srbijom, posebno nakon \u010dina agresije Srbije 24. septembra. Predsednica Osmani je na sastanku sa komandantom Uluta\u015fom istakla zna\u010daj kontinuirane koordinacije izme\u0111u KFOR-a i njegovog primarnog bezbednosnog partnera, Policije Kosova, kao i koordinacije sa svim bezbednosnim institucijama na Kosovu, u korist stabilnosti i bezbednosti svih gra\u0111ana Kosova, bez obzira na etni\u010dku pripadnost. Predsednica je obave\u0161tena i o stanju vojnika multinacionalnih snaga povre\u0111enih na severu Kosova u maju. Ona je istakla da su srpske kriminalne grupe, koje su napale NATO, na\u017ealost i dalje slobodne i da je neka\u017enjivost onih koji su napali FOR u maju lo\u0161a poruka i ohrabrenje za Srbiju da ponovo napadne. Predsednica je izrazila puno uverenje da \u0107e institucije Kosova, u saradnji sa savezni\u010dkim snagama, spre\u010diti svaki mogu\u0107i napad Srbije i na taj na\u010din sa\u010duvati mir i stabilnost u zemlji i regionu.<\/p>\n","protected":false},"author":9,"featured_media":100064,"comment_status":"open","ping_status":"closed","sticky":false,"template":"","format":"standard","meta":{"_eb_attr":"","footnotes":""},"categories":[101],"tags":[],"class_list":["post-100077","post","type-post","status-publish","format-standard","has-post-thumbnail","hentry","category-vesti"],"yoast_head":"<!-- This site is optimized with the Yoast SEO plugin v23.5 - https:\/\/yoast.com\/wordpress\/plugins\/seo\/ -->\n<title>Predsednica Osmani se sastala sa komandantom KFOR-a, general-majorom \u00d6zkanom Uluta\u015fom - Predsednik Republike Kosovo - DR. VJOSA OSMANI - SADRIU<\/title>\n<meta name=\"description\" content=\"Predsednica Osmani se sastala sa komandantom KFOR-a, general-majorom \u00d6zkanom Uluta\u015fom - Predsednik Republike Kosovo - DR. VJOSA OSMANI - SADRIU -\" \/>\n<meta name=\"robots\" content=\"index, follow, max-snippet:-1, max-image-preview:large, max-video-preview:-1\" \/>\n<link rel=\"canonical\" href=\"https:\/\/president-ksgov.net\/sr\/predsednica-osmani-se-sastala-sa-komandantom-kfor-a-general-majorom-ozkanom-ulutasom\/\" \/>\n<meta property=\"og:locale\" content=\"sr_RS\" \/>\n<meta property=\"og:type\" content=\"article\" \/>\n<meta property=\"og:title\" content=\"Predsednica Osmani se sastala sa komandantom KFOR-a, general-majorom \u00d6zkanom Uluta\u015fom - Predsednik Republike Kosovo - DR. VJOSA OSMANI - SADRIU\" \/>\n<meta property=\"og:description\" content=\"Predsednica Osmani se sastala sa komandantom KFOR-a, general-majorom \u00d6zkanom Uluta\u015fom - Predsednik Republike Kosovo - DR. VJOSA OSMANI - SADRIU -\" \/>\n<meta property=\"og:url\" content=\"https:\/\/president-ksgov.net\/sr\/predsednica-osmani-se-sastala-sa-komandantom-kfor-a-general-majorom-ozkanom-ulutasom\/\" \/>\n<meta property=\"og:site_name\" content=\"Predsednik Republike Kosovo - DR. VJOSA OSMANI - SADRIU\" \/>\n<meta property=\"article:published_time\" content=\"2024-01-18T16:24:20+00:00\" \/>\n<meta property=\"article:modified_time\" content=\"2024-01-18T16:41:03+00:00\" \/>\n<meta property=\"og:image\" content=\"https:\/\/president-ksgov.net\/wp-content\/uploads\/1-190-scaled.jpg\" \/>\n\t<meta property=\"og:image:width\" content=\"2560\" \/>\n\t<meta property=\"og:image:height\" content=\"1704\" \/>\n\t<meta property=\"og:image:type\" content=\"image\/jpeg\" \/>\n<meta name=\"author\" content=\"Florent Rrahmani\" \/>\n<meta name=\"twitter:card\" content=\"summary_large_image\" \/>\n<meta name=\"twitter:label1\" content=\"\u041d\u0430\u043f\u0438\u0441\u0430\u043d\u043e \u043e\u0434\" \/>\n\t<meta name=\"twitter:data1\" content=\"Florent Rrahmani\" \/>\n\t<meta name=\"twitter:label2\" content=\"\u041f\u0440\u043e\u0446\u0435\u045a\u0435\u043d\u043e \u0432\u0440\u0435\u043c\u0435 \u0447\u0438\u0442\u0430\u045a\u0430\" \/>\n\t<meta name=\"twitter:data2\" content=\"2 \u043c\u0438\u043d\u0443\u0442\u0430\" \/>\n<script type=\"application\/ld+json\" class=\"yoast-schema-graph\">{\"@context\":\"https:\/\/schema.org\",\"@graph\":[{\"@type\":\"WebPage\",\"@id\":\"https:\/\/president-ksgov.net\/sr\/predsednica-osmani-se-sastala-sa-komandantom-kfor-a-general-majorom-ozkanom-ulutasom\/\",\"url\":\"https:\/\/president-ksgov.net\/sr\/predsednica-osmani-se-sastala-sa-komandantom-kfor-a-general-majorom-ozkanom-ulutasom\/\",\"name\":\"Predsednica Osmani se sastala sa komandantom KFOR-a, general-majorom \u00d6zkanom Uluta\u015fom - Predsednik Republike Kosovo - DR. VJOSA OSMANI - SADRIU\",\"isPartOf\":{\"@id\":\"https:\/\/president-ksgov.net\/#website\"},\"primaryImageOfPage\":{\"@id\":\"https:\/\/president-ksgov.net\/sr\/predsednica-osmani-se-sastala-sa-komandantom-kfor-a-general-majorom-ozkanom-ulutasom\/#primaryimage\"},\"image\":{\"@id\":\"https:\/\/president-ksgov.net\/sr\/predsednica-osmani-se-sastala-sa-komandantom-kfor-a-general-majorom-ozkanom-ulutasom\/#primaryimage\"},\"thumbnailUrl\":\"https:\/\/president-ksgov.net\/wp-content\/uploads\/1-190-scaled.jpg\",\"datePublished\":\"2024-01-18T16:24:20+00:00\",\"dateModified\":\"2024-01-18T16:41:03+00:00\",\"author\":{\"@id\":\"https:\/\/president-ksgov.net\/#\/schema\/person\/7c46f744a99d3f1616b92658282aa934\"},\"description\":\"Predsednica Osmani se sastala sa komandantom KFOR-a, general-majorom \u00d6zkanom Uluta\u015fom - Predsednik Republike Kosovo - DR. VJOSA OSMANI - SADRIU -\",\"breadcrumb\":{\"@id\":\"https:\/\/president-ksgov.net\/sr\/predsednica-osmani-se-sastala-sa-komandantom-kfor-a-general-majorom-ozkanom-ulutasom\/#breadcrumb\"},\"inLanguage\":\"sr-RS\",\"potentialAction\":[{\"@type\":\"ReadAction\",\"target\":[\"https:\/\/president-ksgov.net\/sr\/predsednica-osmani-se-sastala-sa-komandantom-kfor-a-general-majorom-ozkanom-ulutasom\/\"]}]},{\"@type\":\"ImageObject\",\"inLanguage\":\"sr-RS\",\"@id\":\"https:\/\/president-ksgov.net\/sr\/predsednica-osmani-se-sastala-sa-komandantom-kfor-a-general-majorom-ozkanom-ulutasom\/#primaryimage\",\"url\":\"https:\/\/president-ksgov.net\/wp-content\/uploads\/1-190-scaled.jpg\",\"contentUrl\":\"https:\/\/president-ksgov.net\/wp-content\/uploads\/1-190-scaled.jpg\",\"width\":2560,\"height\":1704},{\"@type\":\"BreadcrumbList\",\"@id\":\"https:\/\/president-ksgov.net\/sr\/predsednica-osmani-se-sastala-sa-komandantom-kfor-a-general-majorom-ozkanom-ulutasom\/#breadcrumb\",\"itemListElement\":[{\"@type\":\"ListItem\",\"position\":1,\"name\":\"Home\",\"item\":\"https:\/\/president-ksgov.net\/sr\/\"},{\"@type\":\"ListItem\",\"position\":2,\"name\":\"Predsednica Osmani se sastala sa komandantom KFOR-a, general-majorom \u00d6zkanom Uluta\u015fom\"}]},{\"@type\":\"WebSite\",\"@id\":\"https:\/\/president-ksgov.net\/#website\",\"url\":\"https:\/\/president-ksgov.net\/\",\"name\":\"Presidente e Republik\u00ebs s\u00eb Kosov\u00ebs\",\"description\":\"Presidente e Republik\u00ebs s\u00eb Kosov\u00ebs\",\"alternateName\":\"DR. VJOSA OSMANI - SADRIU\",\"potentialAction\":[{\"@type\":\"SearchAction\",\"target\":{\"@type\":\"EntryPoint\",\"urlTemplate\":\"https:\/\/president-ksgov.net\/?s={search_term_string}\"},\"query-input\":{\"@type\":\"PropertyValueSpecification\",\"valueRequired\":true,\"valueName\":\"search_term_string\"}}],\"inLanguage\":\"sr-RS\"},{\"@type\":\"Person\",\"@id\":\"https:\/\/president-ksgov.net\/#\/schema\/person\/7c46f744a99d3f1616b92658282aa934\",\"name\":\"Florent Rrahmani\",\"image\":{\"@type\":\"ImageObject\",\"inLanguage\":\"sr-RS\",\"@id\":\"https:\/\/president-ksgov.net\/#\/schema\/person\/image\/\",\"url\":\"https:\/\/secure.gravatar.com\/avatar\/2545924aa250de68ac8368367a79b663e59571cd131611f54c89b0613a94e230?s=96&d=mm&r=g\",\"contentUrl\":\"https:\/\/secure.gravatar.com\/avatar\/2545924aa250de68ac8368367a79b663e59571cd131611f54c89b0613a94e230?s=96&d=mm&r=g\",\"caption\":\"Florent Rrahmani\"}}]}<\/script>\n<!-- \/ Yoast SEO plugin. -->","yoast_head_json":{"title":"Predsednica Osmani se sastala sa komandantom KFOR-a, general-majorom \u00d6zkanom Uluta\u015fom - Predsednik Republike Kosovo - DR. VJOSA OSMANI - SADRIU","description":"Predsednica Osmani se sastala sa komandantom KFOR-a, general-majorom \u00d6zkanom Uluta\u015fom - Predsednik Republike Kosovo - DR. VJOSA OSMANI - SADRIU -","robots":{"index":"index","follow":"follow","max-snippet":"max-snippet:-1","max-image-preview":"max-image-preview:large","max-video-preview":"max-video-preview:-1"},"canonical":"https:\/\/president-ksgov.net\/sr\/predsednica-osmani-se-sastala-sa-komandantom-kfor-a-general-majorom-ozkanom-ulutasom\/","og_locale":"sr_RS","og_type":"article","og_title":"Predsednica Osmani se sastala sa komandantom KFOR-a, general-majorom \u00d6zkanom Uluta\u015fom - Predsednik Republike Kosovo - DR. VJOSA OSMANI - SADRIU","og_description":"Predsednica Osmani se sastala sa komandantom KFOR-a, general-majorom \u00d6zkanom Uluta\u015fom - Predsednik Republike Kosovo - DR. VJOSA OSMANI - SADRIU -","og_url":"https:\/\/president-ksgov.net\/sr\/predsednica-osmani-se-sastala-sa-komandantom-kfor-a-general-majorom-ozkanom-ulutasom\/","og_site_name":"Predsednik Republike Kosovo - DR. VJOSA OSMANI - SADRIU","article_published_time":"2024-01-18T16:24:20+00:00","article_modified_time":"2024-01-18T16:41:03+00:00","og_image":[{"width":2560,"height":1704,"url":"https:\/\/president-ksgov.net\/wp-content\/uploads\/1-190-scaled.jpg","type":"image\/jpeg"}],"author":"Florent Rrahmani","twitter_card":"summary_large_image","twitter_misc":{"\u041d\u0430\u043f\u0438\u0441\u0430\u043d\u043e \u043e\u0434":"Florent Rrahmani","\u041f\u0440\u043e\u0446\u0435\u045a\u0435\u043d\u043e \u0432\u0440\u0435\u043c\u0435 \u0447\u0438\u0442\u0430\u045a\u0430":"2 \u043c\u0438\u043d\u0443\u0442\u0430"},"schema":{"@context":"https:\/\/schema.org","@graph":[{"@type":"WebPage","@id":"https:\/\/president-ksgov.net\/sr\/predsednica-osmani-se-sastala-sa-komandantom-kfor-a-general-majorom-ozkanom-ulutasom\/","url":"https:\/\/president-ksgov.net\/sr\/predsednica-osmani-se-sastala-sa-komandantom-kfor-a-general-majorom-ozkanom-ulutasom\/","name":"Predsednica Osmani se sastala sa komandantom KFOR-a, general-majorom \u00d6zkanom Uluta\u015fom - Predsednik Republike Kosovo - DR. VJOSA OSMANI - SADRIU","isPartOf":{"@id":"https:\/\/president-ksgov.net\/#website"},"primaryImageOfPage":{"@id":"https:\/\/president-ksgov.net\/sr\/predsednica-osmani-se-sastala-sa-komandantom-kfor-a-general-majorom-ozkanom-ulutasom\/#primaryimage"},"image":{"@id":"https:\/\/president-ksgov.net\/sr\/predsednica-osmani-se-sastala-sa-komandantom-kfor-a-general-majorom-ozkanom-ulutasom\/#primaryimage"},"thumbnailUrl":"https:\/\/president-ksgov.net\/wp-content\/uploads\/1-190-scaled.jpg","datePublished":"2024-01-18T16:24:20+00:00","dateModified":"2024-01-18T16:41:03+00:00","author":{"@id":"https:\/\/president-ksgov.net\/#\/schema\/person\/7c46f744a99d3f1616b92658282aa934"},"description":"Predsednica Osmani se sastala sa komandantom KFOR-a, general-majorom \u00d6zkanom Uluta\u015fom - Predsednik Republike Kosovo - DR. VJOSA OSMANI - SADRIU -","breadcrumb":{"@id":"https:\/\/president-ksgov.net\/sr\/predsednica-osmani-se-sastala-sa-komandantom-kfor-a-general-majorom-ozkanom-ulutasom\/#breadcrumb"},"inLanguage":"sr-RS","potentialAction":[{"@type":"ReadAction","target":["https:\/\/president-ksgov.net\/sr\/predsednica-osmani-se-sastala-sa-komandantom-kfor-a-general-majorom-ozkanom-ulutasom\/"]}]},{"@type":"ImageObject","inLanguage":"sr-RS","@id":"https:\/\/president-ksgov.net\/sr\/predsednica-osmani-se-sastala-sa-komandantom-kfor-a-general-majorom-ozkanom-ulutasom\/#primaryimage","url":"https:\/\/president-ksgov.net\/wp-content\/uploads\/1-190-scaled.jpg","contentUrl":"https:\/\/president-ksgov.net\/wp-content\/uploads\/1-190-scaled.jpg","width":2560,"height":1704},{"@type":"BreadcrumbList","@id":"https:\/\/president-ksgov.net\/sr\/predsednica-osmani-se-sastala-sa-komandantom-kfor-a-general-majorom-ozkanom-ulutasom\/#breadcrumb","itemListElement":[{"@type":"ListItem","position":1,"name":"Home","item":"https:\/\/president-ksgov.net\/sr\/"},{"@type":"ListItem","position":2,"name":"Predsednica Osmani se sastala sa komandantom KFOR-a, general-majorom \u00d6zkanom Uluta\u015fom"}]},{"@type":"WebSite","@id":"https:\/\/president-ksgov.net\/#website","url":"https:\/\/president-ksgov.net\/","name":"Presidente e Republik\u00ebs s\u00eb Kosov\u00ebs","description":"Presidente e Republik\u00ebs s\u00eb Kosov\u00ebs","alternateName":"DR. VJOSA OSMANI - SADRIU","potentialAction":[{"@type":"SearchAction","target":{"@type":"EntryPoint","urlTemplate":"https:\/\/president-ksgov.net\/?s={search_term_string}"},"query-input":{"@type":"PropertyValueSpecification","valueRequired":true,"valueName":"search_term_string"}}],"inLanguage":"sr-RS"},{"@type":"Person","@id":"https:\/\/president-ksgov.net\/#\/schema\/person\/7c46f744a99d3f1616b92658282aa934","name":"Florent Rrahmani","image":{"@type":"ImageObject","inLanguage":"sr-RS","@id":"https:\/\/president-ksgov.net\/#\/schema\/person\/image\/","url":"https:\/\/secure.gravatar.com\/avatar\/2545924aa250de68ac8368367a79b663e59571cd131611f54c89b0613a94e230?s=96&d=mm&r=g","contentUrl":"https:\/\/secure.gravatar.com\/avatar\/2545924aa250de68ac8368367a79b663e59571cd131611f54c89b0613a94e230?s=96&d=mm&r=g","caption":"Florent Rrahmani"}}]}},"_links":{"self":[{"href":"https:\/\/president-ksgov.net\/sr\/wp-json\/wp\/v2\/posts\/100077","targetHints":{"allow":["GET"]}}],"collection":[{"href":"https:\/\/president-ksgov.net\/sr\/wp-json\/wp\/v2\/posts"}],"about":[{"href":"https:\/\/president-ksgov.net\/sr\/wp-json\/wp\/v2\/types\/post"}],"author":[{"embeddable":true,"href":"https:\/\/president-ksgov.net\/sr\/wp-json\/wp\/v2\/users\/9"}],"replies":[{"embeddable":true,"href":"https:\/\/president-ksgov.net\/sr\/wp-json\/wp\/v2\/comments?post=100077"}],"version-history":[{"count":1,"href":"https:\/\/president-ksgov.net\/sr\/wp-json\/wp\/v2\/posts\/100077\/revisions"}],"predecessor-version":[{"id":100078,"href":"https:\/\/president-ksgov.net\/sr\/wp-json\/wp\/v2\/posts\/100077\/revisions\/100078"}],"wp:featuredmedia":[{"embeddable":true,"href":"https:\/\/president-ksgov.net\/sr\/wp-json\/wp\/v2\/media\/100064"}],"wp:attachment":[{"href":"https:\/\/president-ksgov.net\/sr\/wp-json\/wp\/v2\/media?parent=100077"}],"wp:term":[{"taxonomy":"category","embeddable":true,"href":"https:\/\/president-ksgov.net\/sr\/wp-json\/wp\/v2\/categories?post=100077"},{"taxonomy":"post_tag","embeddable":true,"href":"https:\/\/president-ksgov.net\/sr\/wp-json\/wp\/v2\/tags?post=100077"}],"curies":[{"name":"wp","href":"https:\/\/api.w.org\/{rel}","templated":true}]}}