{"id":99765,"date":"2024-01-11T19:33:34","date_gmt":"2024-01-11T18:33:34","guid":{"rendered":"https:\/\/president-ksgov.net\/?p=99765"},"modified":"2024-01-12T13:50:35","modified_gmt":"2024-01-12T12:50:35","slug":"president-osmani-received-the-charge-d-affaires-of-the-us-mission-to-kosovo-alyson-grunder","status":"publish","type":"post","link":"https:\/\/president-ksgov.net\/en\/president-osmani-received-the-charge-d-affaires-of-the-us-mission-to-kosovo-alyson-grunder\/","title":{"rendered":"President Osmani received the Charg\u00e9 d&#8217; Affaires of the US mission to Kosovo, Alyson Grunder"},"content":{"rendered":"<p>The President of the Republic of Kosovo Vjosa Osmani, received today in the Charg\u00e9 d&#8217; Affaires at the Embassy of the United States of America to Kosovo, Ms. Alyson Grunder.<\/p>\n<p>The intensification of cooperation with the USA in the field of security and defense, as well as the latest developments in the country were discussed at the meeting.<\/p>\n<p>President Osmani informed Ms. Grunder on the President&#8217;s priorities during the following months, and also discussed the importance of continuing regular communication with the US, in order to achieve mutual objectives.<\/p>\n<p>The latest developments in various strategic sectors were also discussed.<\/p>\n<p>On this occasion, President Osmani announced the second edition of the International Forum for Women, Peace and Security, on which she highly appreciated the close cooperation and support received from the USA and the Office of Secretary Antony Blinken in particular.<\/p>\n","protected":false},"excerpt":{"rendered":"<p>The President of the Republic of Kosovo Vjosa Osmani, received today in the Charg\u00e9 d&#8217; Affaires at the Embassy of the United States of America to Kosovo, Ms. Alyson Grunder. The intensification of cooperation with the USA in the field of security and defense, as well as the latest developments in the country were discussed at the meeting. President Osmani informed Ms. Grunder on the President&#8217;s priorities during the following months, and also discussed the importance of continuing regular communication with the US, in order to achieve mutual objectives. The latest developments in various strategic sectors were also discussed. On this occasion, President Osmani announced the second edition of the International Forum for Women, Peace and Security, on which she highly appreciated the close cooperation and support received from the USA and the Office of Secretary Antony Blinken in particular.<\/p>\n","protected":false},"author":9,"featured_media":99756,"comment_status":"open","ping_status":"closed","sticky":false,"template":"","format":"standard","meta":{"_eb_attr":"","footnotes":""},"categories":[111],"tags":[],"class_list":["post-99765","post","type-post","status-publish","format-standard","has-post-thumbnail","hentry","category-news"],"yoast_head":"<!-- This site is optimized with the Yoast SEO plugin v23.5 - https:\/\/yoast.com\/wordpress\/plugins\/seo\/ -->\n<title>President Osmani received the Charg\u00e9 d&#039; Affaires of the US mission to Kosovo, Alyson Grunder - President of the Republic of Kosovo - DR. VJOSA OSMANI - SADRIU<\/title>\n<meta name=\"description\" content=\"President Osmani received the Charg\u00e9 d&#039; Affaires of the US mission to Kosovo, Alyson Grunder - President of the Republic of Kosovo - DR. VJOSA OSMANI - SADRIU -\" \/>\n<meta name=\"robots\" content=\"index, follow, max-snippet:-1, max-image-preview:large, max-video-preview:-1\" \/>\n<link rel=\"canonical\" href=\"https:\/\/president-ksgov.net\/en\/president-osmani-received-the-charge-d-affaires-of-the-us-mission-to-kosovo-alyson-grunder\/\" \/>\n<meta property=\"og:locale\" content=\"en_US\" \/>\n<meta property=\"og:type\" content=\"article\" \/>\n<meta property=\"og:title\" content=\"President Osmani received the Charg\u00e9 d&#039; Affaires of the US mission to Kosovo, Alyson Grunder - President of the Republic of Kosovo - DR. VJOSA OSMANI - SADRIU\" \/>\n<meta property=\"og:description\" content=\"President Osmani received the Charg\u00e9 d&#039; Affaires of the US mission to Kosovo, Alyson Grunder - President of the Republic of Kosovo - DR. VJOSA OSMANI - SADRIU -\" \/>\n<meta property=\"og:url\" content=\"https:\/\/president-ksgov.net\/en\/president-osmani-received-the-charge-d-affaires-of-the-us-mission-to-kosovo-alyson-grunder\/\" \/>\n<meta property=\"og:site_name\" content=\"President of the Republic of Kosovo - DR. VJOSA OSMANI - SADRIU\" \/>\n<meta property=\"article:published_time\" content=\"2024-01-11T18:33:34+00:00\" \/>\n<meta property=\"article:modified_time\" content=\"2024-01-12T12:50:35+00:00\" \/>\n<meta property=\"og:image\" content=\"https:\/\/president-ksgov.net\/wp-content\/uploads\/1-184.jpg\" \/>\n\t<meta property=\"og:image:width\" content=\"1600\" \/>\n\t<meta property=\"og:image:height\" content=\"1068\" \/>\n\t<meta property=\"og:image:type\" content=\"image\/jpeg\" \/>\n<meta name=\"author\" content=\"Florent Rrahmani\" \/>\n<meta name=\"twitter:card\" content=\"summary_large_image\" \/>\n<meta name=\"twitter:label1\" content=\"Written by\" \/>\n\t<meta name=\"twitter:data1\" content=\"Florent Rrahmani\" \/>\n\t<meta name=\"twitter:label2\" content=\"Est. reading time\" \/>\n\t<meta name=\"twitter:data2\" content=\"1 minute\" \/>\n<script type=\"application\/ld+json\" class=\"yoast-schema-graph\">{\"@context\":\"https:\/\/schema.org\",\"@graph\":[{\"@type\":\"WebPage\",\"@id\":\"https:\/\/president-ksgov.net\/en\/president-osmani-received-the-charge-d-affaires-of-the-us-mission-to-kosovo-alyson-grunder\/\",\"url\":\"https:\/\/president-ksgov.net\/en\/president-osmani-received-the-charge-d-affaires-of-the-us-mission-to-kosovo-alyson-grunder\/\",\"name\":\"President Osmani received the Charg\u00e9 d' Affaires of the US mission to Kosovo, Alyson Grunder - President of the Republic of Kosovo - DR. VJOSA OSMANI - SADRIU\",\"isPartOf\":{\"@id\":\"https:\/\/president-ksgov.net\/#website\"},\"primaryImageOfPage\":{\"@id\":\"https:\/\/president-ksgov.net\/en\/president-osmani-received-the-charge-d-affaires-of-the-us-mission-to-kosovo-alyson-grunder\/#primaryimage\"},\"image\":{\"@id\":\"https:\/\/president-ksgov.net\/en\/president-osmani-received-the-charge-d-affaires-of-the-us-mission-to-kosovo-alyson-grunder\/#primaryimage\"},\"thumbnailUrl\":\"https:\/\/president-ksgov.net\/wp-content\/uploads\/1-184.jpg\",\"datePublished\":\"2024-01-11T18:33:34+00:00\",\"dateModified\":\"2024-01-12T12:50:35+00:00\",\"author\":{\"@id\":\"https:\/\/president-ksgov.net\/#\/schema\/person\/7c46f744a99d3f1616b92658282aa934\"},\"description\":\"President Osmani received the Charg\u00e9 d' Affaires of the US mission to Kosovo, Alyson Grunder - President of the Republic of Kosovo - DR. VJOSA OSMANI - SADRIU -\",\"breadcrumb\":{\"@id\":\"https:\/\/president-ksgov.net\/en\/president-osmani-received-the-charge-d-affaires-of-the-us-mission-to-kosovo-alyson-grunder\/#breadcrumb\"},\"inLanguage\":\"en-US\",\"potentialAction\":[{\"@type\":\"ReadAction\",\"target\":[\"https:\/\/president-ksgov.net\/en\/president-osmani-received-the-charge-d-affaires-of-the-us-mission-to-kosovo-alyson-grunder\/\"]}]},{\"@type\":\"ImageObject\",\"inLanguage\":\"en-US\",\"@id\":\"https:\/\/president-ksgov.net\/en\/president-osmani-received-the-charge-d-affaires-of-the-us-mission-to-kosovo-alyson-grunder\/#primaryimage\",\"url\":\"https:\/\/president-ksgov.net\/wp-content\/uploads\/1-184.jpg\",\"contentUrl\":\"https:\/\/president-ksgov.net\/wp-content\/uploads\/1-184.jpg\",\"width\":1600,\"height\":1068},{\"@type\":\"BreadcrumbList\",\"@id\":\"https:\/\/president-ksgov.net\/en\/president-osmani-received-the-charge-d-affaires-of-the-us-mission-to-kosovo-alyson-grunder\/#breadcrumb\",\"itemListElement\":[{\"@type\":\"ListItem\",\"position\":1,\"name\":\"Home\",\"item\":\"https:\/\/president-ksgov.net\/en\/\"},{\"@type\":\"ListItem\",\"position\":2,\"name\":\"President Osmani received the Charg\u00e9 d&#8217; Affaires of the US mission to Kosovo, Alyson Grunder\"}]},{\"@type\":\"WebSite\",\"@id\":\"https:\/\/president-ksgov.net\/#website\",\"url\":\"https:\/\/president-ksgov.net\/\",\"name\":\"Presidente e Republik\u00ebs s\u00eb Kosov\u00ebs\",\"description\":\"Presidente e Republik\u00ebs s\u00eb Kosov\u00ebs\",\"alternateName\":\"DR. VJOSA OSMANI - SADRIU\",\"potentialAction\":[{\"@type\":\"SearchAction\",\"target\":{\"@type\":\"EntryPoint\",\"urlTemplate\":\"https:\/\/president-ksgov.net\/?s={search_term_string}\"},\"query-input\":{\"@type\":\"PropertyValueSpecification\",\"valueRequired\":true,\"valueName\":\"search_term_string\"}}],\"inLanguage\":\"en-US\"},{\"@type\":\"Person\",\"@id\":\"https:\/\/president-ksgov.net\/#\/schema\/person\/7c46f744a99d3f1616b92658282aa934\",\"name\":\"Florent Rrahmani\",\"image\":{\"@type\":\"ImageObject\",\"inLanguage\":\"en-US\",\"@id\":\"https:\/\/president-ksgov.net\/#\/schema\/person\/image\/\",\"url\":\"https:\/\/secure.gravatar.com\/avatar\/2545924aa250de68ac8368367a79b663e59571cd131611f54c89b0613a94e230?s=96&d=mm&r=g\",\"contentUrl\":\"https:\/\/secure.gravatar.com\/avatar\/2545924aa250de68ac8368367a79b663e59571cd131611f54c89b0613a94e230?s=96&d=mm&r=g\",\"caption\":\"Florent Rrahmani\"}}]}<\/script>\n<!-- \/ Yoast SEO plugin. -->","yoast_head_json":{"title":"President Osmani received the Charg\u00e9 d' Affaires of the US mission to Kosovo, Alyson Grunder - President of the Republic of Kosovo - DR. VJOSA OSMANI - SADRIU","description":"President Osmani received the Charg\u00e9 d' Affaires of the US mission to Kosovo, Alyson Grunder - President of the Republic of Kosovo - DR. VJOSA OSMANI - SADRIU -","robots":{"index":"index","follow":"follow","max-snippet":"max-snippet:-1","max-image-preview":"max-image-preview:large","max-video-preview":"max-video-preview:-1"},"canonical":"https:\/\/president-ksgov.net\/en\/president-osmani-received-the-charge-d-affaires-of-the-us-mission-to-kosovo-alyson-grunder\/","og_locale":"en_US","og_type":"article","og_title":"President Osmani received the Charg\u00e9 d' Affaires of the US mission to Kosovo, Alyson Grunder - President of the Republic of Kosovo - DR. VJOSA OSMANI - SADRIU","og_description":"President Osmani received the Charg\u00e9 d' Affaires of the US mission to Kosovo, Alyson Grunder - President of the Republic of Kosovo - DR. VJOSA OSMANI - SADRIU -","og_url":"https:\/\/president-ksgov.net\/en\/president-osmani-received-the-charge-d-affaires-of-the-us-mission-to-kosovo-alyson-grunder\/","og_site_name":"President of the Republic of Kosovo - DR. VJOSA OSMANI - SADRIU","article_published_time":"2024-01-11T18:33:34+00:00","article_modified_time":"2024-01-12T12:50:35+00:00","og_image":[{"width":1600,"height":1068,"url":"https:\/\/president-ksgov.net\/wp-content\/uploads\/1-184.jpg","type":"image\/jpeg"}],"author":"Florent Rrahmani","twitter_card":"summary_large_image","twitter_misc":{"Written by":"Florent Rrahmani","Est. reading time":"1 minute"},"schema":{"@context":"https:\/\/schema.org","@graph":[{"@type":"WebPage","@id":"https:\/\/president-ksgov.net\/en\/president-osmani-received-the-charge-d-affaires-of-the-us-mission-to-kosovo-alyson-grunder\/","url":"https:\/\/president-ksgov.net\/en\/president-osmani-received-the-charge-d-affaires-of-the-us-mission-to-kosovo-alyson-grunder\/","name":"President Osmani received the Charg\u00e9 d' Affaires of the US mission to Kosovo, Alyson Grunder - President of the Republic of Kosovo - DR. VJOSA OSMANI - SADRIU","isPartOf":{"@id":"https:\/\/president-ksgov.net\/#website"},"primaryImageOfPage":{"@id":"https:\/\/president-ksgov.net\/en\/president-osmani-received-the-charge-d-affaires-of-the-us-mission-to-kosovo-alyson-grunder\/#primaryimage"},"image":{"@id":"https:\/\/president-ksgov.net\/en\/president-osmani-received-the-charge-d-affaires-of-the-us-mission-to-kosovo-alyson-grunder\/#primaryimage"},"thumbnailUrl":"https:\/\/president-ksgov.net\/wp-content\/uploads\/1-184.jpg","datePublished":"2024-01-11T18:33:34+00:00","dateModified":"2024-01-12T12:50:35+00:00","author":{"@id":"https:\/\/president-ksgov.net\/#\/schema\/person\/7c46f744a99d3f1616b92658282aa934"},"description":"President Osmani received the Charg\u00e9 d' Affaires of the US mission to Kosovo, Alyson Grunder - President of the Republic of Kosovo - DR. VJOSA OSMANI - SADRIU -","breadcrumb":{"@id":"https:\/\/president-ksgov.net\/en\/president-osmani-received-the-charge-d-affaires-of-the-us-mission-to-kosovo-alyson-grunder\/#breadcrumb"},"inLanguage":"en-US","potentialAction":[{"@type":"ReadAction","target":["https:\/\/president-ksgov.net\/en\/president-osmani-received-the-charge-d-affaires-of-the-us-mission-to-kosovo-alyson-grunder\/"]}]},{"@type":"ImageObject","inLanguage":"en-US","@id":"https:\/\/president-ksgov.net\/en\/president-osmani-received-the-charge-d-affaires-of-the-us-mission-to-kosovo-alyson-grunder\/#primaryimage","url":"https:\/\/president-ksgov.net\/wp-content\/uploads\/1-184.jpg","contentUrl":"https:\/\/president-ksgov.net\/wp-content\/uploads\/1-184.jpg","width":1600,"height":1068},{"@type":"BreadcrumbList","@id":"https:\/\/president-ksgov.net\/en\/president-osmani-received-the-charge-d-affaires-of-the-us-mission-to-kosovo-alyson-grunder\/#breadcrumb","itemListElement":[{"@type":"ListItem","position":1,"name":"Home","item":"https:\/\/president-ksgov.net\/en\/"},{"@type":"ListItem","position":2,"name":"President Osmani received the Charg\u00e9 d&#8217; Affaires of the US mission to Kosovo, Alyson Grunder"}]},{"@type":"WebSite","@id":"https:\/\/president-ksgov.net\/#website","url":"https:\/\/president-ksgov.net\/","name":"Presidente e Republik\u00ebs s\u00eb Kosov\u00ebs","description":"Presidente e Republik\u00ebs s\u00eb Kosov\u00ebs","alternateName":"DR. VJOSA OSMANI - SADRIU","potentialAction":[{"@type":"SearchAction","target":{"@type":"EntryPoint","urlTemplate":"https:\/\/president-ksgov.net\/?s={search_term_string}"},"query-input":{"@type":"PropertyValueSpecification","valueRequired":true,"valueName":"search_term_string"}}],"inLanguage":"en-US"},{"@type":"Person","@id":"https:\/\/president-ksgov.net\/#\/schema\/person\/7c46f744a99d3f1616b92658282aa934","name":"Florent Rrahmani","image":{"@type":"ImageObject","inLanguage":"en-US","@id":"https:\/\/president-ksgov.net\/#\/schema\/person\/image\/","url":"https:\/\/secure.gravatar.com\/avatar\/2545924aa250de68ac8368367a79b663e59571cd131611f54c89b0613a94e230?s=96&d=mm&r=g","contentUrl":"https:\/\/secure.gravatar.com\/avatar\/2545924aa250de68ac8368367a79b663e59571cd131611f54c89b0613a94e230?s=96&d=mm&r=g","caption":"Florent Rrahmani"}}]}},"_links":{"self":[{"href":"https:\/\/president-ksgov.net\/en\/wp-json\/wp\/v2\/posts\/99765","targetHints":{"allow":["GET"]}}],"collection":[{"href":"https:\/\/president-ksgov.net\/en\/wp-json\/wp\/v2\/posts"}],"about":[{"href":"https:\/\/president-ksgov.net\/en\/wp-json\/wp\/v2\/types\/post"}],"author":[{"embeddable":true,"href":"https:\/\/president-ksgov.net\/en\/wp-json\/wp\/v2\/users\/9"}],"replies":[{"embeddable":true,"href":"https:\/\/president-ksgov.net\/en\/wp-json\/wp\/v2\/comments?post=99765"}],"version-history":[{"count":1,"href":"https:\/\/president-ksgov.net\/en\/wp-json\/wp\/v2\/posts\/99765\/revisions"}],"predecessor-version":[{"id":99766,"href":"https:\/\/president-ksgov.net\/en\/wp-json\/wp\/v2\/posts\/99765\/revisions\/99766"}],"wp:featuredmedia":[{"embeddable":true,"href":"https:\/\/president-ksgov.net\/en\/wp-json\/wp\/v2\/media\/99756"}],"wp:attachment":[{"href":"https:\/\/president-ksgov.net\/en\/wp-json\/wp\/v2\/media?parent=99765"}],"wp:term":[{"taxonomy":"category","embeddable":true,"href":"https:\/\/president-ksgov.net\/en\/wp-json\/wp\/v2\/categories?post=99765"},{"taxonomy":"post_tag","embeddable":true,"href":"https:\/\/president-ksgov.net\/en\/wp-json\/wp\/v2\/tags?post=99765"}],"curies":[{"name":"wp","href":"https:\/\/api.w.org\/{rel}","templated":true}]}}