{"id":99711,"date":"2024-01-04T13:21:54","date_gmt":"2024-01-04T12:21:54","guid":{"rendered":"https:\/\/president-ksgov.net\/?p=99711"},"modified":"2024-01-11T09:41:43","modified_gmt":"2024-01-11T08:41:43","slug":"president-osmani-commemorated-colonel-tahir-zemaj-his-son-enis-and-cousin-hasan-on-the-twenty-first-anniversary-of-their-assassination","status":"publish","type":"post","link":"https:\/\/president-ksgov.net\/en\/president-osmani-commemorated-colonel-tahir-zemaj-his-son-enis-and-cousin-hasan-on-the-twenty-first-anniversary-of-their-assassination\/","title":{"rendered":"President Osmani commemorated Colonel Tahir Zemaj, his son, Enis and cousin Hasan, on the twenty-first anniversary of their assassination"},"content":{"rendered":"<p>The President of the Republic of Kosovo Vjosa Osmani commemorated today Colonel Tahir Zemaj, his son Enis and cousin, Hasan, on the twenty-first anniversary of their assassination.<\/p>\n<p>Below is President Osmani&#8217;s full post:<\/p>\n<p>Twenty-one years ago, Colonel Tahir Zemaj was treacherously killed, together with with his son Enis and his cousin Hasan.<\/p>\n<p>Their murder was one of the most grievous post-war events in Kosovo. By depriving us of his outstanding activities towards the national cause, professional soldier and the man who stood up for his country in its most difficult hour, an attack was made not only upon him and his family, but also on the freedom of our country, on the ideals for which entire generations had sacrificed and for the future of Kosovo.<\/p>\n<p>The glorious battle of Loxha, which Colonel Zemaj led with unparalleled professionalism and selflessness, remains one of the most powerful battles against the Serbian army.<\/p>\n<p>On this anniversary, we once again call on the justice bodies to work intensively towards solving the murder of Colonel Zemaj and of all his brothers in arms.<\/p>\n","protected":false},"excerpt":{"rendered":"<p>The President of the Republic of Kosovo Vjosa Osmani commemorated today Colonel Tahir Zemaj, his son Enis and cousin, Hasan, on the twenty-first anniversary of their assassination. Below is President Osmani&#8217;s full post: Twenty-one years ago, Colonel Tahir Zemaj was treacherously killed, together with with his son Enis and his cousin Hasan. Their murder was one of the most grievous post-war events in Kosovo. By depriving us of his outstanding activities towards the national cause, professional soldier and the man who stood up for his country in its most difficult hour, an attack was made not only upon him and his family, but also on the freedom of our country, on the ideals for which entire generations had sacrificed and for the future of Kosovo. The glorious battle of Loxha, which Colonel Zemaj led with unparalleled professionalism and selflessness, remains one of the most powerful battles against the Serbian army. On this anniversary, we once again call on the justice bodies to work intensively towards solving the murder of Colonel Zemaj and of all his brothers in arms.<\/p>\n","protected":false},"author":9,"featured_media":99653,"comment_status":"open","ping_status":"closed","sticky":false,"template":"","format":"standard","meta":{"_eb_attr":"","footnotes":""},"categories":[111],"tags":[],"class_list":["post-99711","post","type-post","status-publish","format-standard","has-post-thumbnail","hentry","category-news"],"yoast_head":"<!-- This site is optimized with the Yoast SEO plugin v23.5 - https:\/\/yoast.com\/wordpress\/plugins\/seo\/ -->\n<title>President Osmani commemorated Colonel Tahir Zemaj, his son, Enis and cousin Hasan, on the twenty-first anniversary of their assassination - President of the Republic of Kosovo - DR. VJOSA OSMANI - SADRIU<\/title>\n<meta name=\"description\" content=\"President Osmani commemorated Colonel Tahir Zemaj, his son, Enis and cousin Hasan, on the twenty-first anniversary of their assassination - President of the Republic of Kosovo - DR. VJOSA OSMANI - SADRIU -\" \/>\n<meta name=\"robots\" content=\"index, follow, max-snippet:-1, max-image-preview:large, max-video-preview:-1\" \/>\n<link rel=\"canonical\" href=\"https:\/\/president-ksgov.net\/en\/president-osmani-commemorated-colonel-tahir-zemaj-his-son-enis-and-cousin-hasan-on-the-twenty-first-anniversary-of-their-assassination\/\" \/>\n<meta property=\"og:locale\" content=\"en_US\" \/>\n<meta property=\"og:type\" content=\"article\" \/>\n<meta property=\"og:title\" content=\"President Osmani commemorated Colonel Tahir Zemaj, his son, Enis and cousin Hasan, on the twenty-first anniversary of their assassination - President of the Republic of Kosovo - DR. VJOSA OSMANI - SADRIU\" \/>\n<meta property=\"og:description\" content=\"President Osmani commemorated Colonel Tahir Zemaj, his son, Enis and cousin Hasan, on the twenty-first anniversary of their assassination - President of the Republic of Kosovo - DR. VJOSA OSMANI - SADRIU -\" \/>\n<meta property=\"og:url\" content=\"https:\/\/president-ksgov.net\/en\/president-osmani-commemorated-colonel-tahir-zemaj-his-son-enis-and-cousin-hasan-on-the-twenty-first-anniversary-of-their-assassination\/\" \/>\n<meta property=\"og:site_name\" content=\"President of the Republic of Kosovo - DR. VJOSA OSMANI - SADRIU\" \/>\n<meta property=\"article:published_time\" content=\"2024-01-04T12:21:54+00:00\" \/>\n<meta property=\"article:modified_time\" content=\"2024-01-11T08:41:43+00:00\" \/>\n<meta property=\"og:image\" content=\"https:\/\/president-ksgov.net\/wp-content\/uploads\/414482905_392849483403713_3119020804029775040_n.jpg\" \/>\n\t<meta property=\"og:image:width\" content=\"1200\" \/>\n\t<meta property=\"og:image:height\" content=\"630\" \/>\n\t<meta property=\"og:image:type\" content=\"image\/jpeg\" \/>\n<meta name=\"author\" content=\"Florent Rrahmani\" \/>\n<meta name=\"twitter:card\" content=\"summary_large_image\" \/>\n<meta name=\"twitter:label1\" content=\"Written by\" \/>\n\t<meta name=\"twitter:data1\" content=\"Florent Rrahmani\" \/>\n\t<meta name=\"twitter:label2\" content=\"Est. reading time\" \/>\n\t<meta name=\"twitter:data2\" content=\"2 minutes\" \/>\n<script type=\"application\/ld+json\" class=\"yoast-schema-graph\">{\"@context\":\"https:\/\/schema.org\",\"@graph\":[{\"@type\":\"WebPage\",\"@id\":\"https:\/\/president-ksgov.net\/en\/president-osmani-commemorated-colonel-tahir-zemaj-his-son-enis-and-cousin-hasan-on-the-twenty-first-anniversary-of-their-assassination\/\",\"url\":\"https:\/\/president-ksgov.net\/en\/president-osmani-commemorated-colonel-tahir-zemaj-his-son-enis-and-cousin-hasan-on-the-twenty-first-anniversary-of-their-assassination\/\",\"name\":\"President Osmani commemorated Colonel Tahir Zemaj, his son, Enis and cousin Hasan, on the twenty-first anniversary of their assassination - President of the Republic of Kosovo - DR. VJOSA OSMANI - SADRIU\",\"isPartOf\":{\"@id\":\"https:\/\/president-ksgov.net\/#website\"},\"primaryImageOfPage\":{\"@id\":\"https:\/\/president-ksgov.net\/en\/president-osmani-commemorated-colonel-tahir-zemaj-his-son-enis-and-cousin-hasan-on-the-twenty-first-anniversary-of-their-assassination\/#primaryimage\"},\"image\":{\"@id\":\"https:\/\/president-ksgov.net\/en\/president-osmani-commemorated-colonel-tahir-zemaj-his-son-enis-and-cousin-hasan-on-the-twenty-first-anniversary-of-their-assassination\/#primaryimage\"},\"thumbnailUrl\":\"https:\/\/president-ksgov.net\/wp-content\/uploads\/414482905_392849483403713_3119020804029775040_n.jpg\",\"datePublished\":\"2024-01-04T12:21:54+00:00\",\"dateModified\":\"2024-01-11T08:41:43+00:00\",\"author\":{\"@id\":\"https:\/\/president-ksgov.net\/#\/schema\/person\/7c46f744a99d3f1616b92658282aa934\"},\"description\":\"President Osmani commemorated Colonel Tahir Zemaj, his son, Enis and cousin Hasan, on the twenty-first anniversary of their assassination - President of the Republic of Kosovo - DR. VJOSA OSMANI - SADRIU -\",\"breadcrumb\":{\"@id\":\"https:\/\/president-ksgov.net\/en\/president-osmani-commemorated-colonel-tahir-zemaj-his-son-enis-and-cousin-hasan-on-the-twenty-first-anniversary-of-their-assassination\/#breadcrumb\"},\"inLanguage\":\"en-US\",\"potentialAction\":[{\"@type\":\"ReadAction\",\"target\":[\"https:\/\/president-ksgov.net\/en\/president-osmani-commemorated-colonel-tahir-zemaj-his-son-enis-and-cousin-hasan-on-the-twenty-first-anniversary-of-their-assassination\/\"]}]},{\"@type\":\"ImageObject\",\"inLanguage\":\"en-US\",\"@id\":\"https:\/\/president-ksgov.net\/en\/president-osmani-commemorated-colonel-tahir-zemaj-his-son-enis-and-cousin-hasan-on-the-twenty-first-anniversary-of-their-assassination\/#primaryimage\",\"url\":\"https:\/\/president-ksgov.net\/wp-content\/uploads\/414482905_392849483403713_3119020804029775040_n.jpg\",\"contentUrl\":\"https:\/\/president-ksgov.net\/wp-content\/uploads\/414482905_392849483403713_3119020804029775040_n.jpg\",\"width\":1200,\"height\":630},{\"@type\":\"BreadcrumbList\",\"@id\":\"https:\/\/president-ksgov.net\/en\/president-osmani-commemorated-colonel-tahir-zemaj-his-son-enis-and-cousin-hasan-on-the-twenty-first-anniversary-of-their-assassination\/#breadcrumb\",\"itemListElement\":[{\"@type\":\"ListItem\",\"position\":1,\"name\":\"Home\",\"item\":\"https:\/\/president-ksgov.net\/en\/\"},{\"@type\":\"ListItem\",\"position\":2,\"name\":\"President Osmani commemorated Colonel Tahir Zemaj, his son, Enis and cousin Hasan, on the twenty-first anniversary of their assassination\"}]},{\"@type\":\"WebSite\",\"@id\":\"https:\/\/president-ksgov.net\/#website\",\"url\":\"https:\/\/president-ksgov.net\/\",\"name\":\"Presidente e Republik\u00ebs s\u00eb Kosov\u00ebs\",\"description\":\"Presidente e Republik\u00ebs s\u00eb Kosov\u00ebs\",\"alternateName\":\"DR. VJOSA OSMANI - SADRIU\",\"potentialAction\":[{\"@type\":\"SearchAction\",\"target\":{\"@type\":\"EntryPoint\",\"urlTemplate\":\"https:\/\/president-ksgov.net\/?s={search_term_string}\"},\"query-input\":{\"@type\":\"PropertyValueSpecification\",\"valueRequired\":true,\"valueName\":\"search_term_string\"}}],\"inLanguage\":\"en-US\"},{\"@type\":\"Person\",\"@id\":\"https:\/\/president-ksgov.net\/#\/schema\/person\/7c46f744a99d3f1616b92658282aa934\",\"name\":\"Florent Rrahmani\",\"image\":{\"@type\":\"ImageObject\",\"inLanguage\":\"en-US\",\"@id\":\"https:\/\/president-ksgov.net\/#\/schema\/person\/image\/\",\"url\":\"https:\/\/secure.gravatar.com\/avatar\/2545924aa250de68ac8368367a79b663e59571cd131611f54c89b0613a94e230?s=96&d=mm&r=g\",\"contentUrl\":\"https:\/\/secure.gravatar.com\/avatar\/2545924aa250de68ac8368367a79b663e59571cd131611f54c89b0613a94e230?s=96&d=mm&r=g\",\"caption\":\"Florent Rrahmani\"}}]}<\/script>\n<!-- \/ Yoast SEO plugin. -->","yoast_head_json":{"title":"President Osmani commemorated Colonel Tahir Zemaj, his son, Enis and cousin Hasan, on the twenty-first anniversary of their assassination - President of the Republic of Kosovo - DR. VJOSA OSMANI - SADRIU","description":"President Osmani commemorated Colonel Tahir Zemaj, his son, Enis and cousin Hasan, on the twenty-first anniversary of their assassination - President of the Republic of Kosovo - DR. VJOSA OSMANI - SADRIU -","robots":{"index":"index","follow":"follow","max-snippet":"max-snippet:-1","max-image-preview":"max-image-preview:large","max-video-preview":"max-video-preview:-1"},"canonical":"https:\/\/president-ksgov.net\/en\/president-osmani-commemorated-colonel-tahir-zemaj-his-son-enis-and-cousin-hasan-on-the-twenty-first-anniversary-of-their-assassination\/","og_locale":"en_US","og_type":"article","og_title":"President Osmani commemorated Colonel Tahir Zemaj, his son, Enis and cousin Hasan, on the twenty-first anniversary of their assassination - President of the Republic of Kosovo - DR. VJOSA OSMANI - SADRIU","og_description":"President Osmani commemorated Colonel Tahir Zemaj, his son, Enis and cousin Hasan, on the twenty-first anniversary of their assassination - President of the Republic of Kosovo - DR. VJOSA OSMANI - SADRIU -","og_url":"https:\/\/president-ksgov.net\/en\/president-osmani-commemorated-colonel-tahir-zemaj-his-son-enis-and-cousin-hasan-on-the-twenty-first-anniversary-of-their-assassination\/","og_site_name":"President of the Republic of Kosovo - DR. VJOSA OSMANI - SADRIU","article_published_time":"2024-01-04T12:21:54+00:00","article_modified_time":"2024-01-11T08:41:43+00:00","og_image":[{"width":1200,"height":630,"url":"https:\/\/president-ksgov.net\/wp-content\/uploads\/414482905_392849483403713_3119020804029775040_n.jpg","type":"image\/jpeg"}],"author":"Florent Rrahmani","twitter_card":"summary_large_image","twitter_misc":{"Written by":"Florent Rrahmani","Est. reading time":"2 minutes"},"schema":{"@context":"https:\/\/schema.org","@graph":[{"@type":"WebPage","@id":"https:\/\/president-ksgov.net\/en\/president-osmani-commemorated-colonel-tahir-zemaj-his-son-enis-and-cousin-hasan-on-the-twenty-first-anniversary-of-their-assassination\/","url":"https:\/\/president-ksgov.net\/en\/president-osmani-commemorated-colonel-tahir-zemaj-his-son-enis-and-cousin-hasan-on-the-twenty-first-anniversary-of-their-assassination\/","name":"President Osmani commemorated Colonel Tahir Zemaj, his son, Enis and cousin Hasan, on the twenty-first anniversary of their assassination - President of the Republic of Kosovo - DR. VJOSA OSMANI - SADRIU","isPartOf":{"@id":"https:\/\/president-ksgov.net\/#website"},"primaryImageOfPage":{"@id":"https:\/\/president-ksgov.net\/en\/president-osmani-commemorated-colonel-tahir-zemaj-his-son-enis-and-cousin-hasan-on-the-twenty-first-anniversary-of-their-assassination\/#primaryimage"},"image":{"@id":"https:\/\/president-ksgov.net\/en\/president-osmani-commemorated-colonel-tahir-zemaj-his-son-enis-and-cousin-hasan-on-the-twenty-first-anniversary-of-their-assassination\/#primaryimage"},"thumbnailUrl":"https:\/\/president-ksgov.net\/wp-content\/uploads\/414482905_392849483403713_3119020804029775040_n.jpg","datePublished":"2024-01-04T12:21:54+00:00","dateModified":"2024-01-11T08:41:43+00:00","author":{"@id":"https:\/\/president-ksgov.net\/#\/schema\/person\/7c46f744a99d3f1616b92658282aa934"},"description":"President Osmani commemorated Colonel Tahir Zemaj, his son, Enis and cousin Hasan, on the twenty-first anniversary of their assassination - President of the Republic of Kosovo - DR. VJOSA OSMANI - SADRIU -","breadcrumb":{"@id":"https:\/\/president-ksgov.net\/en\/president-osmani-commemorated-colonel-tahir-zemaj-his-son-enis-and-cousin-hasan-on-the-twenty-first-anniversary-of-their-assassination\/#breadcrumb"},"inLanguage":"en-US","potentialAction":[{"@type":"ReadAction","target":["https:\/\/president-ksgov.net\/en\/president-osmani-commemorated-colonel-tahir-zemaj-his-son-enis-and-cousin-hasan-on-the-twenty-first-anniversary-of-their-assassination\/"]}]},{"@type":"ImageObject","inLanguage":"en-US","@id":"https:\/\/president-ksgov.net\/en\/president-osmani-commemorated-colonel-tahir-zemaj-his-son-enis-and-cousin-hasan-on-the-twenty-first-anniversary-of-their-assassination\/#primaryimage","url":"https:\/\/president-ksgov.net\/wp-content\/uploads\/414482905_392849483403713_3119020804029775040_n.jpg","contentUrl":"https:\/\/president-ksgov.net\/wp-content\/uploads\/414482905_392849483403713_3119020804029775040_n.jpg","width":1200,"height":630},{"@type":"BreadcrumbList","@id":"https:\/\/president-ksgov.net\/en\/president-osmani-commemorated-colonel-tahir-zemaj-his-son-enis-and-cousin-hasan-on-the-twenty-first-anniversary-of-their-assassination\/#breadcrumb","itemListElement":[{"@type":"ListItem","position":1,"name":"Home","item":"https:\/\/president-ksgov.net\/en\/"},{"@type":"ListItem","position":2,"name":"President Osmani commemorated Colonel Tahir Zemaj, his son, Enis and cousin Hasan, on the twenty-first anniversary of their assassination"}]},{"@type":"WebSite","@id":"https:\/\/president-ksgov.net\/#website","url":"https:\/\/president-ksgov.net\/","name":"Presidente e Republik\u00ebs s\u00eb Kosov\u00ebs","description":"Presidente e Republik\u00ebs s\u00eb Kosov\u00ebs","alternateName":"DR. VJOSA OSMANI - SADRIU","potentialAction":[{"@type":"SearchAction","target":{"@type":"EntryPoint","urlTemplate":"https:\/\/president-ksgov.net\/?s={search_term_string}"},"query-input":{"@type":"PropertyValueSpecification","valueRequired":true,"valueName":"search_term_string"}}],"inLanguage":"en-US"},{"@type":"Person","@id":"https:\/\/president-ksgov.net\/#\/schema\/person\/7c46f744a99d3f1616b92658282aa934","name":"Florent Rrahmani","image":{"@type":"ImageObject","inLanguage":"en-US","@id":"https:\/\/president-ksgov.net\/#\/schema\/person\/image\/","url":"https:\/\/secure.gravatar.com\/avatar\/2545924aa250de68ac8368367a79b663e59571cd131611f54c89b0613a94e230?s=96&d=mm&r=g","contentUrl":"https:\/\/secure.gravatar.com\/avatar\/2545924aa250de68ac8368367a79b663e59571cd131611f54c89b0613a94e230?s=96&d=mm&r=g","caption":"Florent Rrahmani"}}]}},"_links":{"self":[{"href":"https:\/\/president-ksgov.net\/en\/wp-json\/wp\/v2\/posts\/99711","targetHints":{"allow":["GET"]}}],"collection":[{"href":"https:\/\/president-ksgov.net\/en\/wp-json\/wp\/v2\/posts"}],"about":[{"href":"https:\/\/president-ksgov.net\/en\/wp-json\/wp\/v2\/types\/post"}],"author":[{"embeddable":true,"href":"https:\/\/president-ksgov.net\/en\/wp-json\/wp\/v2\/users\/9"}],"replies":[{"embeddable":true,"href":"https:\/\/president-ksgov.net\/en\/wp-json\/wp\/v2\/comments?post=99711"}],"version-history":[{"count":1,"href":"https:\/\/president-ksgov.net\/en\/wp-json\/wp\/v2\/posts\/99711\/revisions"}],"predecessor-version":[{"id":99712,"href":"https:\/\/president-ksgov.net\/en\/wp-json\/wp\/v2\/posts\/99711\/revisions\/99712"}],"wp:featuredmedia":[{"embeddable":true,"href":"https:\/\/president-ksgov.net\/en\/wp-json\/wp\/v2\/media\/99653"}],"wp:attachment":[{"href":"https:\/\/president-ksgov.net\/en\/wp-json\/wp\/v2\/media?parent=99711"}],"wp:term":[{"taxonomy":"category","embeddable":true,"href":"https:\/\/president-ksgov.net\/en\/wp-json\/wp\/v2\/categories?post=99711"},{"taxonomy":"post_tag","embeddable":true,"href":"https:\/\/president-ksgov.net\/en\/wp-json\/wp\/v2\/tags?post=99711"}],"curies":[{"name":"wp","href":"https:\/\/api.w.org\/{rel}","templated":true}]}}