{"id":99544,"date":"2023-12-30T09:47:06","date_gmt":"2023-12-30T08:47:06","guid":{"rendered":"https:\/\/president-ksgov.net\/?p=99544"},"modified":"2023-12-31T15:25:20","modified_gmt":"2023-12-31T14:25:20","slug":"president-osmani-held-the-end-of-the-year-meeting-with-the-minister-of-health-arben-vitia","status":"publish","type":"post","link":"https:\/\/president-ksgov.net\/en\/president-osmani-held-the-end-of-the-year-meeting-with-the-minister-of-health-arben-vitia\/","title":{"rendered":"President Osmani held the end-of-the-year meeting with the Minister of Health, Arben Vitia"},"content":{"rendered":"<p>The President of the Republic of Kosovo, Vjosa Osmani, received the Minister of Health Arben Vitia this week.<\/p>\n<p>The developments and achievements in the field of healthcare throughout the year, as well as the main challenges in this sector, were discussed at the meeting.<\/p>\n<p>Within the Council for Democracy and Human Rights, led by the President, several issues involving the healthcare sector have been identified, and as a consequence, the reforms that have been implemented as well as concrete plans for the following year were discussed, to prevent and combat gender-based violence.<\/p>\n<p>President Osmani also spoke about the regular engagement in the direction of building new partnerships that aim to support different sectors in the country, in which case she singled out regular communications and close cooperation with many international partners to support and advance the services provided in the field of healthcare.<\/p>\n","protected":false},"excerpt":{"rendered":"<p>The President of the Republic of Kosovo, Vjosa Osmani, received the Minister of Health Arben Vitia this week. The developments and achievements in the field of healthcare throughout the year, as well as the main challenges in this sector, were discussed at the meeting. Within the Council for Democracy and Human Rights, led by the President, several issues involving the healthcare sector have been identified, and as a consequence, the reforms that have been implemented as well as concrete plans for the following year were discussed, to prevent and combat gender-based violence. President Osmani also spoke about the regular engagement in the direction of building new partnerships that aim to support different sectors in the country, in which case she singled out regular communications and close cooperation with many international partners to support and advance the services provided in the field of healthcare.<\/p>\n","protected":false},"author":9,"featured_media":99234,"comment_status":"open","ping_status":"closed","sticky":false,"template":"","format":"standard","meta":{"_eb_attr":"","footnotes":""},"categories":[111],"tags":[],"class_list":["post-99544","post","type-post","status-publish","format-standard","has-post-thumbnail","hentry","category-news"],"yoast_head":"<!-- This site is optimized with the Yoast SEO plugin v23.5 - https:\/\/yoast.com\/wordpress\/plugins\/seo\/ -->\n<title>President Osmani held the end-of-the-year meeting with the Minister of Health, Arben Vitia - President of the Republic of Kosovo - DR. VJOSA OSMANI - SADRIU<\/title>\n<meta name=\"description\" content=\"President Osmani held the end-of-the-year meeting with the Minister of Health, Arben Vitia - President of the Republic of Kosovo - DR. VJOSA OSMANI - SADRIU -\" \/>\n<meta name=\"robots\" content=\"index, follow, max-snippet:-1, max-image-preview:large, max-video-preview:-1\" \/>\n<link rel=\"canonical\" href=\"https:\/\/president-ksgov.net\/en\/president-osmani-held-the-end-of-the-year-meeting-with-the-minister-of-health-arben-vitia\/\" \/>\n<meta property=\"og:locale\" content=\"en_US\" \/>\n<meta property=\"og:type\" content=\"article\" \/>\n<meta property=\"og:title\" content=\"President Osmani held the end-of-the-year meeting with the Minister of Health, Arben Vitia - President of the Republic of Kosovo - DR. VJOSA OSMANI - SADRIU\" \/>\n<meta property=\"og:description\" content=\"President Osmani held the end-of-the-year meeting with the Minister of Health, Arben Vitia - President of the Republic of Kosovo - DR. VJOSA OSMANI - SADRIU -\" \/>\n<meta property=\"og:url\" content=\"https:\/\/president-ksgov.net\/en\/president-osmani-held-the-end-of-the-year-meeting-with-the-minister-of-health-arben-vitia\/\" \/>\n<meta property=\"og:site_name\" content=\"President of the Republic of Kosovo - DR. VJOSA OSMANI - SADRIU\" \/>\n<meta property=\"article:published_time\" content=\"2023-12-30T08:47:06+00:00\" \/>\n<meta property=\"article:modified_time\" content=\"2023-12-31T14:25:20+00:00\" \/>\n<meta property=\"og:image\" content=\"https:\/\/president-ksgov.net\/wp-content\/uploads\/vitia_1.jpg\" \/>\n\t<meta property=\"og:image:width\" content=\"2000\" \/>\n\t<meta property=\"og:image:height\" content=\"1331\" \/>\n\t<meta property=\"og:image:type\" content=\"image\/jpeg\" \/>\n<meta name=\"author\" content=\"Florent Rrahmani\" \/>\n<meta name=\"twitter:card\" content=\"summary_large_image\" \/>\n<meta name=\"twitter:label1\" content=\"Written by\" \/>\n\t<meta name=\"twitter:data1\" content=\"Florent Rrahmani\" \/>\n\t<meta name=\"twitter:label2\" content=\"Est. reading time\" \/>\n\t<meta name=\"twitter:data2\" content=\"1 minute\" \/>\n<script type=\"application\/ld+json\" class=\"yoast-schema-graph\">{\"@context\":\"https:\/\/schema.org\",\"@graph\":[{\"@type\":\"WebPage\",\"@id\":\"https:\/\/president-ksgov.net\/en\/president-osmani-held-the-end-of-the-year-meeting-with-the-minister-of-health-arben-vitia\/\",\"url\":\"https:\/\/president-ksgov.net\/en\/president-osmani-held-the-end-of-the-year-meeting-with-the-minister-of-health-arben-vitia\/\",\"name\":\"President Osmani held the end-of-the-year meeting with the Minister of Health, Arben Vitia - President of the Republic of Kosovo - DR. VJOSA OSMANI - SADRIU\",\"isPartOf\":{\"@id\":\"https:\/\/president-ksgov.net\/#website\"},\"primaryImageOfPage\":{\"@id\":\"https:\/\/president-ksgov.net\/en\/president-osmani-held-the-end-of-the-year-meeting-with-the-minister-of-health-arben-vitia\/#primaryimage\"},\"image\":{\"@id\":\"https:\/\/president-ksgov.net\/en\/president-osmani-held-the-end-of-the-year-meeting-with-the-minister-of-health-arben-vitia\/#primaryimage\"},\"thumbnailUrl\":\"https:\/\/president-ksgov.net\/wp-content\/uploads\/vitia_1.jpg\",\"datePublished\":\"2023-12-30T08:47:06+00:00\",\"dateModified\":\"2023-12-31T14:25:20+00:00\",\"author\":{\"@id\":\"https:\/\/president-ksgov.net\/#\/schema\/person\/7c46f744a99d3f1616b92658282aa934\"},\"description\":\"President Osmani held the end-of-the-year meeting with the Minister of Health, Arben Vitia - President of the Republic of Kosovo - DR. VJOSA OSMANI - SADRIU -\",\"breadcrumb\":{\"@id\":\"https:\/\/president-ksgov.net\/en\/president-osmani-held-the-end-of-the-year-meeting-with-the-minister-of-health-arben-vitia\/#breadcrumb\"},\"inLanguage\":\"en-US\",\"potentialAction\":[{\"@type\":\"ReadAction\",\"target\":[\"https:\/\/president-ksgov.net\/en\/president-osmani-held-the-end-of-the-year-meeting-with-the-minister-of-health-arben-vitia\/\"]}]},{\"@type\":\"ImageObject\",\"inLanguage\":\"en-US\",\"@id\":\"https:\/\/president-ksgov.net\/en\/president-osmani-held-the-end-of-the-year-meeting-with-the-minister-of-health-arben-vitia\/#primaryimage\",\"url\":\"https:\/\/president-ksgov.net\/wp-content\/uploads\/vitia_1.jpg\",\"contentUrl\":\"https:\/\/president-ksgov.net\/wp-content\/uploads\/vitia_1.jpg\",\"width\":2000,\"height\":1331},{\"@type\":\"BreadcrumbList\",\"@id\":\"https:\/\/president-ksgov.net\/en\/president-osmani-held-the-end-of-the-year-meeting-with-the-minister-of-health-arben-vitia\/#breadcrumb\",\"itemListElement\":[{\"@type\":\"ListItem\",\"position\":1,\"name\":\"Home\",\"item\":\"https:\/\/president-ksgov.net\/en\/\"},{\"@type\":\"ListItem\",\"position\":2,\"name\":\"President Osmani held the end-of-the-year meeting with the Minister of Health, Arben Vitia\"}]},{\"@type\":\"WebSite\",\"@id\":\"https:\/\/president-ksgov.net\/#website\",\"url\":\"https:\/\/president-ksgov.net\/\",\"name\":\"Presidente e Republik\u00ebs s\u00eb Kosov\u00ebs\",\"description\":\"Presidente e Republik\u00ebs s\u00eb Kosov\u00ebs\",\"alternateName\":\"DR. VJOSA OSMANI - SADRIU\",\"potentialAction\":[{\"@type\":\"SearchAction\",\"target\":{\"@type\":\"EntryPoint\",\"urlTemplate\":\"https:\/\/president-ksgov.net\/?s={search_term_string}\"},\"query-input\":{\"@type\":\"PropertyValueSpecification\",\"valueRequired\":true,\"valueName\":\"search_term_string\"}}],\"inLanguage\":\"en-US\"},{\"@type\":\"Person\",\"@id\":\"https:\/\/president-ksgov.net\/#\/schema\/person\/7c46f744a99d3f1616b92658282aa934\",\"name\":\"Florent Rrahmani\",\"image\":{\"@type\":\"ImageObject\",\"inLanguage\":\"en-US\",\"@id\":\"https:\/\/president-ksgov.net\/#\/schema\/person\/image\/\",\"url\":\"https:\/\/secure.gravatar.com\/avatar\/2545924aa250de68ac8368367a79b663e59571cd131611f54c89b0613a94e230?s=96&d=mm&r=g\",\"contentUrl\":\"https:\/\/secure.gravatar.com\/avatar\/2545924aa250de68ac8368367a79b663e59571cd131611f54c89b0613a94e230?s=96&d=mm&r=g\",\"caption\":\"Florent Rrahmani\"}}]}<\/script>\n<!-- \/ Yoast SEO plugin. -->","yoast_head_json":{"title":"President Osmani held the end-of-the-year meeting with the Minister of Health, Arben Vitia - President of the Republic of Kosovo - DR. VJOSA OSMANI - SADRIU","description":"President Osmani held the end-of-the-year meeting with the Minister of Health, Arben Vitia - President of the Republic of Kosovo - DR. VJOSA OSMANI - SADRIU -","robots":{"index":"index","follow":"follow","max-snippet":"max-snippet:-1","max-image-preview":"max-image-preview:large","max-video-preview":"max-video-preview:-1"},"canonical":"https:\/\/president-ksgov.net\/en\/president-osmani-held-the-end-of-the-year-meeting-with-the-minister-of-health-arben-vitia\/","og_locale":"en_US","og_type":"article","og_title":"President Osmani held the end-of-the-year meeting with the Minister of Health, Arben Vitia - President of the Republic of Kosovo - DR. VJOSA OSMANI - SADRIU","og_description":"President Osmani held the end-of-the-year meeting with the Minister of Health, Arben Vitia - President of the Republic of Kosovo - DR. VJOSA OSMANI - SADRIU -","og_url":"https:\/\/president-ksgov.net\/en\/president-osmani-held-the-end-of-the-year-meeting-with-the-minister-of-health-arben-vitia\/","og_site_name":"President of the Republic of Kosovo - DR. VJOSA OSMANI - SADRIU","article_published_time":"2023-12-30T08:47:06+00:00","article_modified_time":"2023-12-31T14:25:20+00:00","og_image":[{"width":2000,"height":1331,"url":"https:\/\/president-ksgov.net\/wp-content\/uploads\/vitia_1.jpg","type":"image\/jpeg"}],"author":"Florent Rrahmani","twitter_card":"summary_large_image","twitter_misc":{"Written by":"Florent Rrahmani","Est. reading time":"1 minute"},"schema":{"@context":"https:\/\/schema.org","@graph":[{"@type":"WebPage","@id":"https:\/\/president-ksgov.net\/en\/president-osmani-held-the-end-of-the-year-meeting-with-the-minister-of-health-arben-vitia\/","url":"https:\/\/president-ksgov.net\/en\/president-osmani-held-the-end-of-the-year-meeting-with-the-minister-of-health-arben-vitia\/","name":"President Osmani held the end-of-the-year meeting with the Minister of Health, Arben Vitia - President of the Republic of Kosovo - DR. VJOSA OSMANI - SADRIU","isPartOf":{"@id":"https:\/\/president-ksgov.net\/#website"},"primaryImageOfPage":{"@id":"https:\/\/president-ksgov.net\/en\/president-osmani-held-the-end-of-the-year-meeting-with-the-minister-of-health-arben-vitia\/#primaryimage"},"image":{"@id":"https:\/\/president-ksgov.net\/en\/president-osmani-held-the-end-of-the-year-meeting-with-the-minister-of-health-arben-vitia\/#primaryimage"},"thumbnailUrl":"https:\/\/president-ksgov.net\/wp-content\/uploads\/vitia_1.jpg","datePublished":"2023-12-30T08:47:06+00:00","dateModified":"2023-12-31T14:25:20+00:00","author":{"@id":"https:\/\/president-ksgov.net\/#\/schema\/person\/7c46f744a99d3f1616b92658282aa934"},"description":"President Osmani held the end-of-the-year meeting with the Minister of Health, Arben Vitia - President of the Republic of Kosovo - DR. VJOSA OSMANI - SADRIU -","breadcrumb":{"@id":"https:\/\/president-ksgov.net\/en\/president-osmani-held-the-end-of-the-year-meeting-with-the-minister-of-health-arben-vitia\/#breadcrumb"},"inLanguage":"en-US","potentialAction":[{"@type":"ReadAction","target":["https:\/\/president-ksgov.net\/en\/president-osmani-held-the-end-of-the-year-meeting-with-the-minister-of-health-arben-vitia\/"]}]},{"@type":"ImageObject","inLanguage":"en-US","@id":"https:\/\/president-ksgov.net\/en\/president-osmani-held-the-end-of-the-year-meeting-with-the-minister-of-health-arben-vitia\/#primaryimage","url":"https:\/\/president-ksgov.net\/wp-content\/uploads\/vitia_1.jpg","contentUrl":"https:\/\/president-ksgov.net\/wp-content\/uploads\/vitia_1.jpg","width":2000,"height":1331},{"@type":"BreadcrumbList","@id":"https:\/\/president-ksgov.net\/en\/president-osmani-held-the-end-of-the-year-meeting-with-the-minister-of-health-arben-vitia\/#breadcrumb","itemListElement":[{"@type":"ListItem","position":1,"name":"Home","item":"https:\/\/president-ksgov.net\/en\/"},{"@type":"ListItem","position":2,"name":"President Osmani held the end-of-the-year meeting with the Minister of Health, Arben Vitia"}]},{"@type":"WebSite","@id":"https:\/\/president-ksgov.net\/#website","url":"https:\/\/president-ksgov.net\/","name":"Presidente e Republik\u00ebs s\u00eb Kosov\u00ebs","description":"Presidente e Republik\u00ebs s\u00eb Kosov\u00ebs","alternateName":"DR. VJOSA OSMANI - SADRIU","potentialAction":[{"@type":"SearchAction","target":{"@type":"EntryPoint","urlTemplate":"https:\/\/president-ksgov.net\/?s={search_term_string}"},"query-input":{"@type":"PropertyValueSpecification","valueRequired":true,"valueName":"search_term_string"}}],"inLanguage":"en-US"},{"@type":"Person","@id":"https:\/\/president-ksgov.net\/#\/schema\/person\/7c46f744a99d3f1616b92658282aa934","name":"Florent Rrahmani","image":{"@type":"ImageObject","inLanguage":"en-US","@id":"https:\/\/president-ksgov.net\/#\/schema\/person\/image\/","url":"https:\/\/secure.gravatar.com\/avatar\/2545924aa250de68ac8368367a79b663e59571cd131611f54c89b0613a94e230?s=96&d=mm&r=g","contentUrl":"https:\/\/secure.gravatar.com\/avatar\/2545924aa250de68ac8368367a79b663e59571cd131611f54c89b0613a94e230?s=96&d=mm&r=g","caption":"Florent Rrahmani"}}]}},"_links":{"self":[{"href":"https:\/\/president-ksgov.net\/en\/wp-json\/wp\/v2\/posts\/99544","targetHints":{"allow":["GET"]}}],"collection":[{"href":"https:\/\/president-ksgov.net\/en\/wp-json\/wp\/v2\/posts"}],"about":[{"href":"https:\/\/president-ksgov.net\/en\/wp-json\/wp\/v2\/types\/post"}],"author":[{"embeddable":true,"href":"https:\/\/president-ksgov.net\/en\/wp-json\/wp\/v2\/users\/9"}],"replies":[{"embeddable":true,"href":"https:\/\/president-ksgov.net\/en\/wp-json\/wp\/v2\/comments?post=99544"}],"version-history":[{"count":1,"href":"https:\/\/president-ksgov.net\/en\/wp-json\/wp\/v2\/posts\/99544\/revisions"}],"predecessor-version":[{"id":99545,"href":"https:\/\/president-ksgov.net\/en\/wp-json\/wp\/v2\/posts\/99544\/revisions\/99545"}],"wp:featuredmedia":[{"embeddable":true,"href":"https:\/\/president-ksgov.net\/en\/wp-json\/wp\/v2\/media\/99234"}],"wp:attachment":[{"href":"https:\/\/president-ksgov.net\/en\/wp-json\/wp\/v2\/media?parent=99544"}],"wp:term":[{"taxonomy":"category","embeddable":true,"href":"https:\/\/president-ksgov.net\/en\/wp-json\/wp\/v2\/categories?post=99544"},{"taxonomy":"post_tag","embeddable":true,"href":"https:\/\/president-ksgov.net\/en\/wp-json\/wp\/v2\/tags?post=99544"}],"curies":[{"name":"wp","href":"https:\/\/api.w.org\/{rel}","templated":true}]}}