{"id":96777,"date":"2023-10-13T12:01:51","date_gmt":"2023-10-13T10:01:51","guid":{"rendered":"https:\/\/president-ksgov.net\/?p=96777"},"modified":"2023-10-13T15:32:19","modified_gmt":"2023-10-13T13:32:19","slug":"the-president-america-stands-with-kosovo-was-the-message-brought-by-senators-shaheen-and-welch-today","status":"publish","type":"post","link":"https:\/\/president-ksgov.net\/en\/the-president-america-stands-with-kosovo-was-the-message-brought-by-senators-shaheen-and-welch-today\/","title":{"rendered":"The President: &#8220;America stands with Kosovo&#8221; was the message brought by Senators Shaheen and Welch today"},"content":{"rendered":"<p>The President of the Republic of Kosovo Vjosa Osmani met today with Senators Jeanne Shaheen and Peter Welch.<\/p>\n<p>Below is President Osmani&#8217;s full post:<\/p>\n<p>&#8220;America stands with Kosovo&#8221; was the message that Senators Shaheen and Welch brought today, at this time of challenges for our country.<br \/>\nThe people of Kosovo are eternally grateful to the United States of America for their unwavering support in the defense of independent, sovereign, multi-ethnic Kosovo integrated into the Euro-Atlantic structures.<\/p>\n","protected":false},"excerpt":{"rendered":"<p>The President of the Republic of Kosovo Vjosa Osmani met today with Senators Jeanne Shaheen and Peter Welch. Below is President Osmani&#8217;s full post: &#8220;America stands with Kosovo&#8221; was the message that Senators Shaheen and Welch brought today, at this time of challenges for our country. The people of Kosovo are eternally grateful to the United States of America for their unwavering support in the defense of independent, sovereign, multi-ethnic Kosovo integrated into the Euro-Atlantic structures.<\/p>\n","protected":false},"author":9,"featured_media":96705,"comment_status":"open","ping_status":"closed","sticky":false,"template":"","format":"standard","meta":{"_eb_attr":"","footnotes":""},"categories":[111],"tags":[],"class_list":["post-96777","post","type-post","status-publish","format-standard","has-post-thumbnail","hentry","category-news"],"yoast_head":"<!-- This site is optimized with the Yoast SEO plugin v23.5 - https:\/\/yoast.com\/wordpress\/plugins\/seo\/ -->\n<title>The President: &quot;America stands with Kosovo&quot; was the message brought by Senators Shaheen and Welch today - President of the Republic of Kosovo - DR. VJOSA OSMANI - SADRIU<\/title>\n<meta name=\"description\" content=\"The President: &quot;America stands with Kosovo&quot; was the message brought by Senators Shaheen and Welch today - President of the Republic of Kosovo - DR. VJOSA OSMANI - SADRIU -\" \/>\n<meta name=\"robots\" content=\"index, follow, max-snippet:-1, max-image-preview:large, max-video-preview:-1\" \/>\n<link rel=\"canonical\" href=\"https:\/\/president-ksgov.net\/en\/the-president-america-stands-with-kosovo-was-the-message-brought-by-senators-shaheen-and-welch-today\/\" \/>\n<meta property=\"og:locale\" content=\"en_US\" \/>\n<meta property=\"og:type\" content=\"article\" \/>\n<meta property=\"og:title\" content=\"The President: &quot;America stands with Kosovo&quot; was the message brought by Senators Shaheen and Welch today - President of the Republic of Kosovo - DR. VJOSA OSMANI - SADRIU\" \/>\n<meta property=\"og:description\" content=\"The President: &quot;America stands with Kosovo&quot; was the message brought by Senators Shaheen and Welch today - President of the Republic of Kosovo - DR. VJOSA OSMANI - SADRIU -\" \/>\n<meta property=\"og:url\" content=\"https:\/\/president-ksgov.net\/en\/the-president-america-stands-with-kosovo-was-the-message-brought-by-senators-shaheen-and-welch-today\/\" \/>\n<meta property=\"og:site_name\" content=\"President of the Republic of Kosovo - DR. VJOSA OSMANI - SADRIU\" \/>\n<meta property=\"article:published_time\" content=\"2023-10-13T10:01:51+00:00\" \/>\n<meta property=\"article:modified_time\" content=\"2023-10-13T13:32:19+00:00\" \/>\n<meta property=\"og:image\" content=\"https:\/\/president-ksgov.net\/wp-content\/uploads\/1-118.jpg\" \/>\n\t<meta property=\"og:image:width\" content=\"2000\" \/>\n\t<meta property=\"og:image:height\" content=\"1331\" \/>\n\t<meta property=\"og:image:type\" content=\"image\/jpeg\" \/>\n<meta name=\"author\" content=\"Florent Rrahmani\" \/>\n<meta name=\"twitter:card\" content=\"summary_large_image\" \/>\n<meta name=\"twitter:label1\" content=\"Written by\" \/>\n\t<meta name=\"twitter:data1\" content=\"Florent Rrahmani\" \/>\n\t<meta name=\"twitter:label2\" content=\"Est. reading time\" \/>\n\t<meta name=\"twitter:data2\" content=\"1 minute\" \/>\n<script type=\"application\/ld+json\" class=\"yoast-schema-graph\">{\"@context\":\"https:\/\/schema.org\",\"@graph\":[{\"@type\":\"WebPage\",\"@id\":\"https:\/\/president-ksgov.net\/en\/the-president-america-stands-with-kosovo-was-the-message-brought-by-senators-shaheen-and-welch-today\/\",\"url\":\"https:\/\/president-ksgov.net\/en\/the-president-america-stands-with-kosovo-was-the-message-brought-by-senators-shaheen-and-welch-today\/\",\"name\":\"The President: \\\"America stands with Kosovo\\\" was the message brought by Senators Shaheen and Welch today - President of the Republic of Kosovo - DR. VJOSA OSMANI - SADRIU\",\"isPartOf\":{\"@id\":\"https:\/\/president-ksgov.net\/#website\"},\"primaryImageOfPage\":{\"@id\":\"https:\/\/president-ksgov.net\/en\/the-president-america-stands-with-kosovo-was-the-message-brought-by-senators-shaheen-and-welch-today\/#primaryimage\"},\"image\":{\"@id\":\"https:\/\/president-ksgov.net\/en\/the-president-america-stands-with-kosovo-was-the-message-brought-by-senators-shaheen-and-welch-today\/#primaryimage\"},\"thumbnailUrl\":\"https:\/\/president-ksgov.net\/wp-content\/uploads\/1-118.jpg\",\"datePublished\":\"2023-10-13T10:01:51+00:00\",\"dateModified\":\"2023-10-13T13:32:19+00:00\",\"author\":{\"@id\":\"https:\/\/president-ksgov.net\/#\/schema\/person\/7c46f744a99d3f1616b92658282aa934\"},\"description\":\"The President: \\\"America stands with Kosovo\\\" was the message brought by Senators Shaheen and Welch today - President of the Republic of Kosovo - DR. VJOSA OSMANI - SADRIU -\",\"breadcrumb\":{\"@id\":\"https:\/\/president-ksgov.net\/en\/the-president-america-stands-with-kosovo-was-the-message-brought-by-senators-shaheen-and-welch-today\/#breadcrumb\"},\"inLanguage\":\"en-US\",\"potentialAction\":[{\"@type\":\"ReadAction\",\"target\":[\"https:\/\/president-ksgov.net\/en\/the-president-america-stands-with-kosovo-was-the-message-brought-by-senators-shaheen-and-welch-today\/\"]}]},{\"@type\":\"ImageObject\",\"inLanguage\":\"en-US\",\"@id\":\"https:\/\/president-ksgov.net\/en\/the-president-america-stands-with-kosovo-was-the-message-brought-by-senators-shaheen-and-welch-today\/#primaryimage\",\"url\":\"https:\/\/president-ksgov.net\/wp-content\/uploads\/1-118.jpg\",\"contentUrl\":\"https:\/\/president-ksgov.net\/wp-content\/uploads\/1-118.jpg\",\"width\":2000,\"height\":1331},{\"@type\":\"BreadcrumbList\",\"@id\":\"https:\/\/president-ksgov.net\/en\/the-president-america-stands-with-kosovo-was-the-message-brought-by-senators-shaheen-and-welch-today\/#breadcrumb\",\"itemListElement\":[{\"@type\":\"ListItem\",\"position\":1,\"name\":\"Home\",\"item\":\"https:\/\/president-ksgov.net\/en\/\"},{\"@type\":\"ListItem\",\"position\":2,\"name\":\"The President: &#8220;America stands with Kosovo&#8221; was the message brought by Senators Shaheen and Welch today\"}]},{\"@type\":\"WebSite\",\"@id\":\"https:\/\/president-ksgov.net\/#website\",\"url\":\"https:\/\/president-ksgov.net\/\",\"name\":\"Presidente e Republik\u00ebs s\u00eb Kosov\u00ebs\",\"description\":\"Presidente e Republik\u00ebs s\u00eb Kosov\u00ebs\",\"alternateName\":\"DR. VJOSA OSMANI - SADRIU\",\"potentialAction\":[{\"@type\":\"SearchAction\",\"target\":{\"@type\":\"EntryPoint\",\"urlTemplate\":\"https:\/\/president-ksgov.net\/?s={search_term_string}\"},\"query-input\":{\"@type\":\"PropertyValueSpecification\",\"valueRequired\":true,\"valueName\":\"search_term_string\"}}],\"inLanguage\":\"en-US\"},{\"@type\":\"Person\",\"@id\":\"https:\/\/president-ksgov.net\/#\/schema\/person\/7c46f744a99d3f1616b92658282aa934\",\"name\":\"Florent Rrahmani\",\"image\":{\"@type\":\"ImageObject\",\"inLanguage\":\"en-US\",\"@id\":\"https:\/\/president-ksgov.net\/#\/schema\/person\/image\/\",\"url\":\"https:\/\/secure.gravatar.com\/avatar\/2545924aa250de68ac8368367a79b663e59571cd131611f54c89b0613a94e230?s=96&d=mm&r=g\",\"contentUrl\":\"https:\/\/secure.gravatar.com\/avatar\/2545924aa250de68ac8368367a79b663e59571cd131611f54c89b0613a94e230?s=96&d=mm&r=g\",\"caption\":\"Florent Rrahmani\"}}]}<\/script>\n<!-- \/ Yoast SEO plugin. -->","yoast_head_json":{"title":"The President: \"America stands with Kosovo\" was the message brought by Senators Shaheen and Welch today - President of the Republic of Kosovo - DR. VJOSA OSMANI - SADRIU","description":"The President: \"America stands with Kosovo\" was the message brought by Senators Shaheen and Welch today - President of the Republic of Kosovo - DR. VJOSA OSMANI - SADRIU -","robots":{"index":"index","follow":"follow","max-snippet":"max-snippet:-1","max-image-preview":"max-image-preview:large","max-video-preview":"max-video-preview:-1"},"canonical":"https:\/\/president-ksgov.net\/en\/the-president-america-stands-with-kosovo-was-the-message-brought-by-senators-shaheen-and-welch-today\/","og_locale":"en_US","og_type":"article","og_title":"The President: \"America stands with Kosovo\" was the message brought by Senators Shaheen and Welch today - President of the Republic of Kosovo - DR. VJOSA OSMANI - SADRIU","og_description":"The President: \"America stands with Kosovo\" was the message brought by Senators Shaheen and Welch today - President of the Republic of Kosovo - DR. VJOSA OSMANI - SADRIU -","og_url":"https:\/\/president-ksgov.net\/en\/the-president-america-stands-with-kosovo-was-the-message-brought-by-senators-shaheen-and-welch-today\/","og_site_name":"President of the Republic of Kosovo - DR. VJOSA OSMANI - SADRIU","article_published_time":"2023-10-13T10:01:51+00:00","article_modified_time":"2023-10-13T13:32:19+00:00","og_image":[{"width":2000,"height":1331,"url":"https:\/\/president-ksgov.net\/wp-content\/uploads\/1-118.jpg","type":"image\/jpeg"}],"author":"Florent Rrahmani","twitter_card":"summary_large_image","twitter_misc":{"Written by":"Florent Rrahmani","Est. reading time":"1 minute"},"schema":{"@context":"https:\/\/schema.org","@graph":[{"@type":"WebPage","@id":"https:\/\/president-ksgov.net\/en\/the-president-america-stands-with-kosovo-was-the-message-brought-by-senators-shaheen-and-welch-today\/","url":"https:\/\/president-ksgov.net\/en\/the-president-america-stands-with-kosovo-was-the-message-brought-by-senators-shaheen-and-welch-today\/","name":"The President: \"America stands with Kosovo\" was the message brought by Senators Shaheen and Welch today - President of the Republic of Kosovo - DR. VJOSA OSMANI - SADRIU","isPartOf":{"@id":"https:\/\/president-ksgov.net\/#website"},"primaryImageOfPage":{"@id":"https:\/\/president-ksgov.net\/en\/the-president-america-stands-with-kosovo-was-the-message-brought-by-senators-shaheen-and-welch-today\/#primaryimage"},"image":{"@id":"https:\/\/president-ksgov.net\/en\/the-president-america-stands-with-kosovo-was-the-message-brought-by-senators-shaheen-and-welch-today\/#primaryimage"},"thumbnailUrl":"https:\/\/president-ksgov.net\/wp-content\/uploads\/1-118.jpg","datePublished":"2023-10-13T10:01:51+00:00","dateModified":"2023-10-13T13:32:19+00:00","author":{"@id":"https:\/\/president-ksgov.net\/#\/schema\/person\/7c46f744a99d3f1616b92658282aa934"},"description":"The President: \"America stands with Kosovo\" was the message brought by Senators Shaheen and Welch today - President of the Republic of Kosovo - DR. VJOSA OSMANI - SADRIU -","breadcrumb":{"@id":"https:\/\/president-ksgov.net\/en\/the-president-america-stands-with-kosovo-was-the-message-brought-by-senators-shaheen-and-welch-today\/#breadcrumb"},"inLanguage":"en-US","potentialAction":[{"@type":"ReadAction","target":["https:\/\/president-ksgov.net\/en\/the-president-america-stands-with-kosovo-was-the-message-brought-by-senators-shaheen-and-welch-today\/"]}]},{"@type":"ImageObject","inLanguage":"en-US","@id":"https:\/\/president-ksgov.net\/en\/the-president-america-stands-with-kosovo-was-the-message-brought-by-senators-shaheen-and-welch-today\/#primaryimage","url":"https:\/\/president-ksgov.net\/wp-content\/uploads\/1-118.jpg","contentUrl":"https:\/\/president-ksgov.net\/wp-content\/uploads\/1-118.jpg","width":2000,"height":1331},{"@type":"BreadcrumbList","@id":"https:\/\/president-ksgov.net\/en\/the-president-america-stands-with-kosovo-was-the-message-brought-by-senators-shaheen-and-welch-today\/#breadcrumb","itemListElement":[{"@type":"ListItem","position":1,"name":"Home","item":"https:\/\/president-ksgov.net\/en\/"},{"@type":"ListItem","position":2,"name":"The President: &#8220;America stands with Kosovo&#8221; was the message brought by Senators Shaheen and Welch today"}]},{"@type":"WebSite","@id":"https:\/\/president-ksgov.net\/#website","url":"https:\/\/president-ksgov.net\/","name":"Presidente e Republik\u00ebs s\u00eb Kosov\u00ebs","description":"Presidente e Republik\u00ebs s\u00eb Kosov\u00ebs","alternateName":"DR. VJOSA OSMANI - SADRIU","potentialAction":[{"@type":"SearchAction","target":{"@type":"EntryPoint","urlTemplate":"https:\/\/president-ksgov.net\/?s={search_term_string}"},"query-input":{"@type":"PropertyValueSpecification","valueRequired":true,"valueName":"search_term_string"}}],"inLanguage":"en-US"},{"@type":"Person","@id":"https:\/\/president-ksgov.net\/#\/schema\/person\/7c46f744a99d3f1616b92658282aa934","name":"Florent Rrahmani","image":{"@type":"ImageObject","inLanguage":"en-US","@id":"https:\/\/president-ksgov.net\/#\/schema\/person\/image\/","url":"https:\/\/secure.gravatar.com\/avatar\/2545924aa250de68ac8368367a79b663e59571cd131611f54c89b0613a94e230?s=96&d=mm&r=g","contentUrl":"https:\/\/secure.gravatar.com\/avatar\/2545924aa250de68ac8368367a79b663e59571cd131611f54c89b0613a94e230?s=96&d=mm&r=g","caption":"Florent Rrahmani"}}]}},"_links":{"self":[{"href":"https:\/\/president-ksgov.net\/en\/wp-json\/wp\/v2\/posts\/96777","targetHints":{"allow":["GET"]}}],"collection":[{"href":"https:\/\/president-ksgov.net\/en\/wp-json\/wp\/v2\/posts"}],"about":[{"href":"https:\/\/president-ksgov.net\/en\/wp-json\/wp\/v2\/types\/post"}],"author":[{"embeddable":true,"href":"https:\/\/president-ksgov.net\/en\/wp-json\/wp\/v2\/users\/9"}],"replies":[{"embeddable":true,"href":"https:\/\/president-ksgov.net\/en\/wp-json\/wp\/v2\/comments?post=96777"}],"version-history":[{"count":1,"href":"https:\/\/president-ksgov.net\/en\/wp-json\/wp\/v2\/posts\/96777\/revisions"}],"predecessor-version":[{"id":96778,"href":"https:\/\/president-ksgov.net\/en\/wp-json\/wp\/v2\/posts\/96777\/revisions\/96778"}],"wp:featuredmedia":[{"embeddable":true,"href":"https:\/\/president-ksgov.net\/en\/wp-json\/wp\/v2\/media\/96705"}],"wp:attachment":[{"href":"https:\/\/president-ksgov.net\/en\/wp-json\/wp\/v2\/media?parent=96777"}],"wp:term":[{"taxonomy":"category","embeddable":true,"href":"https:\/\/president-ksgov.net\/en\/wp-json\/wp\/v2\/categories?post=96777"},{"taxonomy":"post_tag","embeddable":true,"href":"https:\/\/president-ksgov.net\/en\/wp-json\/wp\/v2\/tags?post=96777"}],"curies":[{"name":"wp","href":"https:\/\/api.w.org\/{rel}","templated":true}]}}