{"id":96502,"date":"2023-10-09T17:48:25","date_gmt":"2023-10-09T15:48:25","guid":{"rendered":"https:\/\/president-ksgov.net\/?p=96502"},"modified":"2023-10-09T17:56:15","modified_gmt":"2023-10-09T15:56:15","slug":"president-osmani-met-with-the-commander-of-natos-allied-joint-forces-command-admiral-stuart-b-munsch","status":"publish","type":"post","link":"https:\/\/president-ksgov.net\/en\/president-osmani-met-with-the-commander-of-natos-allied-joint-forces-command-admiral-stuart-b-munsch\/","title":{"rendered":"President Osmani met with the Commander of NATO&#8217;s Allied Joint Forces Command, Admiral Stuart B. Munsch"},"content":{"rendered":"<p>The President of the Republic of Kosovo Vjosa Osmani, received today Admiral Stuart B. Munsch, Commander of NATO&#8217;s Allied Joint Forces Command based in Naples. She thanked him for NATO&#8217;s continued support in maintaining stability and peace in Kosovo and the region, following Serbia&#8217;s act of aggression and terrorist attack on Kosovo on September 24th.<\/p>\n<p>President Osmani emphasized the necessity for concrete measures to be taken against Serbia following the act of aggression and terrorist attack by paramilitary and criminal groups led on the ground by Milan Radoj\u010di\u0107 and politically by Aleksandar Vu\u010di\u0107. She underlined that Serbia should withdraw its military troops from the border with Kosovo as they pose a danger to peace and stability in the region.<\/p>\n<p>She praised KFOR and NATO&#8217;s increased commitment in boosting of the security along the Kosovo-Serbia border and considered it as a necessary action to prevent the repetition of the act that occurred on September 24th.<\/p>\n<p>The importance of close cooperation between the security institutions of Kosovo and those of NATO, in dealing with security challenges in the country and the region, was also stressed at the meeting.<\/p>\n","protected":false},"excerpt":{"rendered":"<p>The President of the Republic of Kosovo Vjosa Osmani, received today Admiral Stuart B. Munsch, Commander of NATO&#8217;s Allied Joint Forces Command based in Naples. She thanked him for NATO&#8217;s continued support in maintaining stability and peace in Kosovo and the region, following Serbia&#8217;s act of aggression and terrorist attack on Kosovo on September 24th. President Osmani emphasized the necessity for concrete measures to be taken against Serbia following the act of aggression and terrorist attack by paramilitary and criminal groups led on the ground by Milan Radoj\u010di\u0107 and politically by Aleksandar Vu\u010di\u0107. She underlined that Serbia should withdraw its military troops from the border with Kosovo as they pose a danger to peace and stability in the region. She praised KFOR and NATO&#8217;s increased commitment in boosting of the security along the Kosovo-Serbia border and considered it as a necessary action to prevent the repetition of the act that occurred on September 24th. The importance of close cooperation between the security institutions of Kosovo and those of NATO, in dealing with security challenges in the country and the region, was also stressed at the meeting.<\/p>\n","protected":false},"author":9,"featured_media":96486,"comment_status":"open","ping_status":"closed","sticky":false,"template":"","format":"standard","meta":{"_eb_attr":"","footnotes":""},"categories":[111],"tags":[],"class_list":["post-96502","post","type-post","status-publish","format-standard","has-post-thumbnail","hentry","category-news"],"yoast_head":"<!-- This site is optimized with the Yoast SEO plugin v23.5 - https:\/\/yoast.com\/wordpress\/plugins\/seo\/ -->\n<title>President Osmani met with the Commander of NATO&#039;s Allied Joint Forces Command, Admiral Stuart B. Munsch - President of the Republic of Kosovo - DR. VJOSA OSMANI - SADRIU<\/title>\n<meta name=\"description\" content=\"President Osmani met with the Commander of NATO&#039;s Allied Joint Forces Command, Admiral Stuart B. Munsch - President of the Republic of Kosovo - DR. VJOSA OSMANI - SADRIU -\" \/>\n<meta name=\"robots\" content=\"index, follow, max-snippet:-1, max-image-preview:large, max-video-preview:-1\" \/>\n<link rel=\"canonical\" href=\"https:\/\/president-ksgov.net\/en\/president-osmani-met-with-the-commander-of-natos-allied-joint-forces-command-admiral-stuart-b-munsch\/\" \/>\n<meta property=\"og:locale\" content=\"en_US\" \/>\n<meta property=\"og:type\" content=\"article\" \/>\n<meta property=\"og:title\" content=\"President Osmani met with the Commander of NATO&#039;s Allied Joint Forces Command, Admiral Stuart B. Munsch - President of the Republic of Kosovo - DR. VJOSA OSMANI - SADRIU\" \/>\n<meta property=\"og:description\" content=\"President Osmani met with the Commander of NATO&#039;s Allied Joint Forces Command, Admiral Stuart B. Munsch - President of the Republic of Kosovo - DR. VJOSA OSMANI - SADRIU -\" \/>\n<meta property=\"og:url\" content=\"https:\/\/president-ksgov.net\/en\/president-osmani-met-with-the-commander-of-natos-allied-joint-forces-command-admiral-stuart-b-munsch\/\" \/>\n<meta property=\"og:site_name\" content=\"President of the Republic of Kosovo - DR. VJOSA OSMANI - SADRIU\" \/>\n<meta property=\"article:published_time\" content=\"2023-10-09T15:48:25+00:00\" \/>\n<meta property=\"article:modified_time\" content=\"2023-10-09T15:56:15+00:00\" \/>\n<meta property=\"og:image\" content=\"https:\/\/president-ksgov.net\/wp-content\/uploads\/1-112-scaled.jpg\" \/>\n\t<meta property=\"og:image:width\" content=\"2560\" \/>\n\t<meta property=\"og:image:height\" content=\"1703\" \/>\n\t<meta property=\"og:image:type\" content=\"image\/jpeg\" \/>\n<meta name=\"author\" content=\"Florent Rrahmani\" \/>\n<meta name=\"twitter:card\" content=\"summary_large_image\" \/>\n<meta name=\"twitter:label1\" content=\"Written by\" \/>\n\t<meta name=\"twitter:data1\" content=\"Florent Rrahmani\" \/>\n\t<meta name=\"twitter:label2\" content=\"Est. reading time\" \/>\n\t<meta name=\"twitter:data2\" content=\"2 minutes\" \/>\n<script type=\"application\/ld+json\" class=\"yoast-schema-graph\">{\"@context\":\"https:\/\/schema.org\",\"@graph\":[{\"@type\":\"WebPage\",\"@id\":\"https:\/\/president-ksgov.net\/en\/president-osmani-met-with-the-commander-of-natos-allied-joint-forces-command-admiral-stuart-b-munsch\/\",\"url\":\"https:\/\/president-ksgov.net\/en\/president-osmani-met-with-the-commander-of-natos-allied-joint-forces-command-admiral-stuart-b-munsch\/\",\"name\":\"President Osmani met with the Commander of NATO's Allied Joint Forces Command, Admiral Stuart B. Munsch - President of the Republic of Kosovo - DR. VJOSA OSMANI - SADRIU\",\"isPartOf\":{\"@id\":\"https:\/\/president-ksgov.net\/#website\"},\"primaryImageOfPage\":{\"@id\":\"https:\/\/president-ksgov.net\/en\/president-osmani-met-with-the-commander-of-natos-allied-joint-forces-command-admiral-stuart-b-munsch\/#primaryimage\"},\"image\":{\"@id\":\"https:\/\/president-ksgov.net\/en\/president-osmani-met-with-the-commander-of-natos-allied-joint-forces-command-admiral-stuart-b-munsch\/#primaryimage\"},\"thumbnailUrl\":\"https:\/\/president-ksgov.net\/wp-content\/uploads\/1-112-scaled.jpg\",\"datePublished\":\"2023-10-09T15:48:25+00:00\",\"dateModified\":\"2023-10-09T15:56:15+00:00\",\"author\":{\"@id\":\"https:\/\/president-ksgov.net\/#\/schema\/person\/7c46f744a99d3f1616b92658282aa934\"},\"description\":\"President Osmani met with the Commander of NATO's Allied Joint Forces Command, Admiral Stuart B. Munsch - President of the Republic of Kosovo - DR. VJOSA OSMANI - SADRIU -\",\"breadcrumb\":{\"@id\":\"https:\/\/president-ksgov.net\/en\/president-osmani-met-with-the-commander-of-natos-allied-joint-forces-command-admiral-stuart-b-munsch\/#breadcrumb\"},\"inLanguage\":\"en-US\",\"potentialAction\":[{\"@type\":\"ReadAction\",\"target\":[\"https:\/\/president-ksgov.net\/en\/president-osmani-met-with-the-commander-of-natos-allied-joint-forces-command-admiral-stuart-b-munsch\/\"]}]},{\"@type\":\"ImageObject\",\"inLanguage\":\"en-US\",\"@id\":\"https:\/\/president-ksgov.net\/en\/president-osmani-met-with-the-commander-of-natos-allied-joint-forces-command-admiral-stuart-b-munsch\/#primaryimage\",\"url\":\"https:\/\/president-ksgov.net\/wp-content\/uploads\/1-112-scaled.jpg\",\"contentUrl\":\"https:\/\/president-ksgov.net\/wp-content\/uploads\/1-112-scaled.jpg\",\"width\":2560,\"height\":1703},{\"@type\":\"BreadcrumbList\",\"@id\":\"https:\/\/president-ksgov.net\/en\/president-osmani-met-with-the-commander-of-natos-allied-joint-forces-command-admiral-stuart-b-munsch\/#breadcrumb\",\"itemListElement\":[{\"@type\":\"ListItem\",\"position\":1,\"name\":\"Home\",\"item\":\"https:\/\/president-ksgov.net\/en\/\"},{\"@type\":\"ListItem\",\"position\":2,\"name\":\"President Osmani met with the Commander of NATO&#8217;s Allied Joint Forces Command, Admiral Stuart B. Munsch\"}]},{\"@type\":\"WebSite\",\"@id\":\"https:\/\/president-ksgov.net\/#website\",\"url\":\"https:\/\/president-ksgov.net\/\",\"name\":\"Presidente e Republik\u00ebs s\u00eb Kosov\u00ebs\",\"description\":\"Presidente e Republik\u00ebs s\u00eb Kosov\u00ebs\",\"alternateName\":\"DR. VJOSA OSMANI - SADRIU\",\"potentialAction\":[{\"@type\":\"SearchAction\",\"target\":{\"@type\":\"EntryPoint\",\"urlTemplate\":\"https:\/\/president-ksgov.net\/?s={search_term_string}\"},\"query-input\":{\"@type\":\"PropertyValueSpecification\",\"valueRequired\":true,\"valueName\":\"search_term_string\"}}],\"inLanguage\":\"en-US\"},{\"@type\":\"Person\",\"@id\":\"https:\/\/president-ksgov.net\/#\/schema\/person\/7c46f744a99d3f1616b92658282aa934\",\"name\":\"Florent Rrahmani\",\"image\":{\"@type\":\"ImageObject\",\"inLanguage\":\"en-US\",\"@id\":\"https:\/\/president-ksgov.net\/#\/schema\/person\/image\/\",\"url\":\"https:\/\/secure.gravatar.com\/avatar\/2545924aa250de68ac8368367a79b663e59571cd131611f54c89b0613a94e230?s=96&d=mm&r=g\",\"contentUrl\":\"https:\/\/secure.gravatar.com\/avatar\/2545924aa250de68ac8368367a79b663e59571cd131611f54c89b0613a94e230?s=96&d=mm&r=g\",\"caption\":\"Florent Rrahmani\"}}]}<\/script>\n<!-- \/ Yoast SEO plugin. -->","yoast_head_json":{"title":"President Osmani met with the Commander of NATO's Allied Joint Forces Command, Admiral Stuart B. Munsch - President of the Republic of Kosovo - DR. VJOSA OSMANI - SADRIU","description":"President Osmani met with the Commander of NATO's Allied Joint Forces Command, Admiral Stuart B. Munsch - President of the Republic of Kosovo - DR. VJOSA OSMANI - SADRIU -","robots":{"index":"index","follow":"follow","max-snippet":"max-snippet:-1","max-image-preview":"max-image-preview:large","max-video-preview":"max-video-preview:-1"},"canonical":"https:\/\/president-ksgov.net\/en\/president-osmani-met-with-the-commander-of-natos-allied-joint-forces-command-admiral-stuart-b-munsch\/","og_locale":"en_US","og_type":"article","og_title":"President Osmani met with the Commander of NATO's Allied Joint Forces Command, Admiral Stuart B. Munsch - President of the Republic of Kosovo - DR. VJOSA OSMANI - SADRIU","og_description":"President Osmani met with the Commander of NATO's Allied Joint Forces Command, Admiral Stuart B. Munsch - President of the Republic of Kosovo - DR. VJOSA OSMANI - SADRIU -","og_url":"https:\/\/president-ksgov.net\/en\/president-osmani-met-with-the-commander-of-natos-allied-joint-forces-command-admiral-stuart-b-munsch\/","og_site_name":"President of the Republic of Kosovo - DR. VJOSA OSMANI - SADRIU","article_published_time":"2023-10-09T15:48:25+00:00","article_modified_time":"2023-10-09T15:56:15+00:00","og_image":[{"width":2560,"height":1703,"url":"https:\/\/president-ksgov.net\/wp-content\/uploads\/1-112-scaled.jpg","type":"image\/jpeg"}],"author":"Florent Rrahmani","twitter_card":"summary_large_image","twitter_misc":{"Written by":"Florent Rrahmani","Est. reading time":"2 minutes"},"schema":{"@context":"https:\/\/schema.org","@graph":[{"@type":"WebPage","@id":"https:\/\/president-ksgov.net\/en\/president-osmani-met-with-the-commander-of-natos-allied-joint-forces-command-admiral-stuart-b-munsch\/","url":"https:\/\/president-ksgov.net\/en\/president-osmani-met-with-the-commander-of-natos-allied-joint-forces-command-admiral-stuart-b-munsch\/","name":"President Osmani met with the Commander of NATO's Allied Joint Forces Command, Admiral Stuart B. Munsch - President of the Republic of Kosovo - DR. VJOSA OSMANI - SADRIU","isPartOf":{"@id":"https:\/\/president-ksgov.net\/#website"},"primaryImageOfPage":{"@id":"https:\/\/president-ksgov.net\/en\/president-osmani-met-with-the-commander-of-natos-allied-joint-forces-command-admiral-stuart-b-munsch\/#primaryimage"},"image":{"@id":"https:\/\/president-ksgov.net\/en\/president-osmani-met-with-the-commander-of-natos-allied-joint-forces-command-admiral-stuart-b-munsch\/#primaryimage"},"thumbnailUrl":"https:\/\/president-ksgov.net\/wp-content\/uploads\/1-112-scaled.jpg","datePublished":"2023-10-09T15:48:25+00:00","dateModified":"2023-10-09T15:56:15+00:00","author":{"@id":"https:\/\/president-ksgov.net\/#\/schema\/person\/7c46f744a99d3f1616b92658282aa934"},"description":"President Osmani met with the Commander of NATO's Allied Joint Forces Command, Admiral Stuart B. Munsch - President of the Republic of Kosovo - DR. VJOSA OSMANI - SADRIU -","breadcrumb":{"@id":"https:\/\/president-ksgov.net\/en\/president-osmani-met-with-the-commander-of-natos-allied-joint-forces-command-admiral-stuart-b-munsch\/#breadcrumb"},"inLanguage":"en-US","potentialAction":[{"@type":"ReadAction","target":["https:\/\/president-ksgov.net\/en\/president-osmani-met-with-the-commander-of-natos-allied-joint-forces-command-admiral-stuart-b-munsch\/"]}]},{"@type":"ImageObject","inLanguage":"en-US","@id":"https:\/\/president-ksgov.net\/en\/president-osmani-met-with-the-commander-of-natos-allied-joint-forces-command-admiral-stuart-b-munsch\/#primaryimage","url":"https:\/\/president-ksgov.net\/wp-content\/uploads\/1-112-scaled.jpg","contentUrl":"https:\/\/president-ksgov.net\/wp-content\/uploads\/1-112-scaled.jpg","width":2560,"height":1703},{"@type":"BreadcrumbList","@id":"https:\/\/president-ksgov.net\/en\/president-osmani-met-with-the-commander-of-natos-allied-joint-forces-command-admiral-stuart-b-munsch\/#breadcrumb","itemListElement":[{"@type":"ListItem","position":1,"name":"Home","item":"https:\/\/president-ksgov.net\/en\/"},{"@type":"ListItem","position":2,"name":"President Osmani met with the Commander of NATO&#8217;s Allied Joint Forces Command, Admiral Stuart B. Munsch"}]},{"@type":"WebSite","@id":"https:\/\/president-ksgov.net\/#website","url":"https:\/\/president-ksgov.net\/","name":"Presidente e Republik\u00ebs s\u00eb Kosov\u00ebs","description":"Presidente e Republik\u00ebs s\u00eb Kosov\u00ebs","alternateName":"DR. VJOSA OSMANI - SADRIU","potentialAction":[{"@type":"SearchAction","target":{"@type":"EntryPoint","urlTemplate":"https:\/\/president-ksgov.net\/?s={search_term_string}"},"query-input":{"@type":"PropertyValueSpecification","valueRequired":true,"valueName":"search_term_string"}}],"inLanguage":"en-US"},{"@type":"Person","@id":"https:\/\/president-ksgov.net\/#\/schema\/person\/7c46f744a99d3f1616b92658282aa934","name":"Florent Rrahmani","image":{"@type":"ImageObject","inLanguage":"en-US","@id":"https:\/\/president-ksgov.net\/#\/schema\/person\/image\/","url":"https:\/\/secure.gravatar.com\/avatar\/2545924aa250de68ac8368367a79b663e59571cd131611f54c89b0613a94e230?s=96&d=mm&r=g","contentUrl":"https:\/\/secure.gravatar.com\/avatar\/2545924aa250de68ac8368367a79b663e59571cd131611f54c89b0613a94e230?s=96&d=mm&r=g","caption":"Florent Rrahmani"}}]}},"_links":{"self":[{"href":"https:\/\/president-ksgov.net\/en\/wp-json\/wp\/v2\/posts\/96502","targetHints":{"allow":["GET"]}}],"collection":[{"href":"https:\/\/president-ksgov.net\/en\/wp-json\/wp\/v2\/posts"}],"about":[{"href":"https:\/\/president-ksgov.net\/en\/wp-json\/wp\/v2\/types\/post"}],"author":[{"embeddable":true,"href":"https:\/\/president-ksgov.net\/en\/wp-json\/wp\/v2\/users\/9"}],"replies":[{"embeddable":true,"href":"https:\/\/president-ksgov.net\/en\/wp-json\/wp\/v2\/comments?post=96502"}],"version-history":[{"count":1,"href":"https:\/\/president-ksgov.net\/en\/wp-json\/wp\/v2\/posts\/96502\/revisions"}],"predecessor-version":[{"id":96503,"href":"https:\/\/president-ksgov.net\/en\/wp-json\/wp\/v2\/posts\/96502\/revisions\/96503"}],"wp:featuredmedia":[{"embeddable":true,"href":"https:\/\/president-ksgov.net\/en\/wp-json\/wp\/v2\/media\/96486"}],"wp:attachment":[{"href":"https:\/\/president-ksgov.net\/en\/wp-json\/wp\/v2\/media?parent=96502"}],"wp:term":[{"taxonomy":"category","embeddable":true,"href":"https:\/\/president-ksgov.net\/en\/wp-json\/wp\/v2\/categories?post=96502"},{"taxonomy":"post_tag","embeddable":true,"href":"https:\/\/president-ksgov.net\/en\/wp-json\/wp\/v2\/tags?post=96502"}],"curies":[{"name":"wp","href":"https:\/\/api.w.org\/{rel}","templated":true}]}}