{"id":95370,"date":"2023-09-09T14:05:58","date_gmt":"2023-09-09T12:05:58","guid":{"rendered":"https:\/\/president-ksgov.net\/?p=95370"},"modified":"2023-09-12T13:09:13","modified_gmt":"2023-09-12T11:09:13","slug":"the-president-the-people-of-kosovo-stand-in-solidarity-with-the-people-of-morocco-in-this-tragic-time","status":"publish","type":"post","link":"https:\/\/president-ksgov.net\/en\/the-president-the-people-of-kosovo-stand-in-solidarity-with-the-people-of-morocco-in-this-tragic-time\/","title":{"rendered":"The President: The people of Kosovo stand in solidarity with the people of Morocco in this tragic time"},"content":{"rendered":"<p>The President of the Republic of Kosovo Vjosa Osmani said that we wish strength, recovery and healing to all those affected by the devastating earthquake in Morocco.<\/p>\n<p>&nbsp;<\/p>\n<p>&#8220;We wish strength, recovery and healing to all those affected by the devastating earthquake in Morocco. We extend our heartfelt condolences to the families who lost their loved ones today. The people of Kosovo stand in solidarity with the people of Morocco in this tragic time,&#8221; wrote President Osmani.<\/p>\n","protected":false},"excerpt":{"rendered":"<p>The President of the Republic of Kosovo Vjosa Osmani said that we wish strength, recovery and healing to all those affected by the devastating earthquake in Morocco. &nbsp; &#8220;We wish strength, recovery and healing to all those affected by the devastating earthquake in Morocco. We extend our heartfelt condolences to the families who lost their loved ones today. The people of Kosovo stand in solidarity with the people of Morocco in this tragic time,&#8221; wrote President Osmani.<\/p>\n","protected":false},"author":9,"featured_media":93194,"comment_status":"open","ping_status":"closed","sticky":false,"template":"","format":"standard","meta":{"_eb_attr":"","footnotes":""},"categories":[111],"tags":[],"class_list":["post-95370","post","type-post","status-publish","format-standard","has-post-thumbnail","hentry","category-news"],"yoast_head":"<!-- This site is optimized with the Yoast SEO plugin v23.5 - https:\/\/yoast.com\/wordpress\/plugins\/seo\/ -->\n<title>The President: The people of Kosovo stand in solidarity with the people of Morocco in this tragic time - President of the Republic of Kosovo - DR. VJOSA OSMANI - SADRIU<\/title>\n<meta name=\"description\" content=\"The President: The people of Kosovo stand in solidarity with the people of Morocco in this tragic time - President of the Republic of Kosovo - DR. VJOSA OSMANI - SADRIU -\" \/>\n<meta name=\"robots\" content=\"index, follow, max-snippet:-1, max-image-preview:large, max-video-preview:-1\" \/>\n<link rel=\"canonical\" href=\"https:\/\/president-ksgov.net\/en\/the-president-the-people-of-kosovo-stand-in-solidarity-with-the-people-of-morocco-in-this-tragic-time\/\" \/>\n<meta property=\"og:locale\" content=\"en_US\" \/>\n<meta property=\"og:type\" content=\"article\" \/>\n<meta property=\"og:title\" content=\"The President: The people of Kosovo stand in solidarity with the people of Morocco in this tragic time - President of the Republic of Kosovo - DR. VJOSA OSMANI - SADRIU\" \/>\n<meta property=\"og:description\" content=\"The President: The people of Kosovo stand in solidarity with the people of Morocco in this tragic time - President of the Republic of Kosovo - DR. VJOSA OSMANI - SADRIU -\" \/>\n<meta property=\"og:url\" content=\"https:\/\/president-ksgov.net\/en\/the-president-the-people-of-kosovo-stand-in-solidarity-with-the-people-of-morocco-in-this-tragic-time\/\" \/>\n<meta property=\"og:site_name\" content=\"President of the Republic of Kosovo - DR. VJOSA OSMANI - SADRIU\" \/>\n<meta property=\"article:published_time\" content=\"2023-09-09T12:05:58+00:00\" \/>\n<meta property=\"article:modified_time\" content=\"2023-09-12T11:09:13+00:00\" \/>\n<meta property=\"og:image\" content=\"https:\/\/president-ksgov.net\/wp-content\/uploads\/ZPRK-4.jpg\" \/>\n\t<meta property=\"og:image:width\" content=\"2000\" \/>\n\t<meta property=\"og:image:height\" content=\"1000\" \/>\n\t<meta property=\"og:image:type\" content=\"image\/jpeg\" \/>\n<meta name=\"author\" content=\"Florent Rrahmani\" \/>\n<meta name=\"twitter:card\" content=\"summary_large_image\" \/>\n<meta name=\"twitter:label1\" content=\"Written by\" \/>\n\t<meta name=\"twitter:data1\" content=\"Florent Rrahmani\" \/>\n\t<meta name=\"twitter:label2\" content=\"Est. reading time\" \/>\n\t<meta name=\"twitter:data2\" content=\"1 minute\" \/>\n<script type=\"application\/ld+json\" class=\"yoast-schema-graph\">{\"@context\":\"https:\/\/schema.org\",\"@graph\":[{\"@type\":\"WebPage\",\"@id\":\"https:\/\/president-ksgov.net\/en\/the-president-the-people-of-kosovo-stand-in-solidarity-with-the-people-of-morocco-in-this-tragic-time\/\",\"url\":\"https:\/\/president-ksgov.net\/en\/the-president-the-people-of-kosovo-stand-in-solidarity-with-the-people-of-morocco-in-this-tragic-time\/\",\"name\":\"The President: The people of Kosovo stand in solidarity with the people of Morocco in this tragic time - President of the Republic of Kosovo - DR. VJOSA OSMANI - SADRIU\",\"isPartOf\":{\"@id\":\"https:\/\/president-ksgov.net\/#website\"},\"primaryImageOfPage\":{\"@id\":\"https:\/\/president-ksgov.net\/en\/the-president-the-people-of-kosovo-stand-in-solidarity-with-the-people-of-morocco-in-this-tragic-time\/#primaryimage\"},\"image\":{\"@id\":\"https:\/\/president-ksgov.net\/en\/the-president-the-people-of-kosovo-stand-in-solidarity-with-the-people-of-morocco-in-this-tragic-time\/#primaryimage\"},\"thumbnailUrl\":\"https:\/\/president-ksgov.net\/wp-content\/uploads\/ZPRK-4.jpg\",\"datePublished\":\"2023-09-09T12:05:58+00:00\",\"dateModified\":\"2023-09-12T11:09:13+00:00\",\"author\":{\"@id\":\"https:\/\/president-ksgov.net\/#\/schema\/person\/7c46f744a99d3f1616b92658282aa934\"},\"description\":\"The President: The people of Kosovo stand in solidarity with the people of Morocco in this tragic time - President of the Republic of Kosovo - DR. VJOSA OSMANI - SADRIU -\",\"breadcrumb\":{\"@id\":\"https:\/\/president-ksgov.net\/en\/the-president-the-people-of-kosovo-stand-in-solidarity-with-the-people-of-morocco-in-this-tragic-time\/#breadcrumb\"},\"inLanguage\":\"en-US\",\"potentialAction\":[{\"@type\":\"ReadAction\",\"target\":[\"https:\/\/president-ksgov.net\/en\/the-president-the-people-of-kosovo-stand-in-solidarity-with-the-people-of-morocco-in-this-tragic-time\/\"]}]},{\"@type\":\"ImageObject\",\"inLanguage\":\"en-US\",\"@id\":\"https:\/\/president-ksgov.net\/en\/the-president-the-people-of-kosovo-stand-in-solidarity-with-the-people-of-morocco-in-this-tragic-time\/#primaryimage\",\"url\":\"https:\/\/president-ksgov.net\/wp-content\/uploads\/ZPRK-4.jpg\",\"contentUrl\":\"https:\/\/president-ksgov.net\/wp-content\/uploads\/ZPRK-4.jpg\",\"width\":2000,\"height\":1000},{\"@type\":\"BreadcrumbList\",\"@id\":\"https:\/\/president-ksgov.net\/en\/the-president-the-people-of-kosovo-stand-in-solidarity-with-the-people-of-morocco-in-this-tragic-time\/#breadcrumb\",\"itemListElement\":[{\"@type\":\"ListItem\",\"position\":1,\"name\":\"Home\",\"item\":\"https:\/\/president-ksgov.net\/en\/\"},{\"@type\":\"ListItem\",\"position\":2,\"name\":\"The President: The people of Kosovo stand in solidarity with the people of Morocco in this tragic time\"}]},{\"@type\":\"WebSite\",\"@id\":\"https:\/\/president-ksgov.net\/#website\",\"url\":\"https:\/\/president-ksgov.net\/\",\"name\":\"Presidente e Republik\u00ebs s\u00eb Kosov\u00ebs\",\"description\":\"Presidente e Republik\u00ebs s\u00eb Kosov\u00ebs\",\"alternateName\":\"DR. VJOSA OSMANI - SADRIU\",\"potentialAction\":[{\"@type\":\"SearchAction\",\"target\":{\"@type\":\"EntryPoint\",\"urlTemplate\":\"https:\/\/president-ksgov.net\/?s={search_term_string}\"},\"query-input\":{\"@type\":\"PropertyValueSpecification\",\"valueRequired\":true,\"valueName\":\"search_term_string\"}}],\"inLanguage\":\"en-US\"},{\"@type\":\"Person\",\"@id\":\"https:\/\/president-ksgov.net\/#\/schema\/person\/7c46f744a99d3f1616b92658282aa934\",\"name\":\"Florent Rrahmani\",\"image\":{\"@type\":\"ImageObject\",\"inLanguage\":\"en-US\",\"@id\":\"https:\/\/president-ksgov.net\/#\/schema\/person\/image\/\",\"url\":\"https:\/\/secure.gravatar.com\/avatar\/2545924aa250de68ac8368367a79b663e59571cd131611f54c89b0613a94e230?s=96&d=mm&r=g\",\"contentUrl\":\"https:\/\/secure.gravatar.com\/avatar\/2545924aa250de68ac8368367a79b663e59571cd131611f54c89b0613a94e230?s=96&d=mm&r=g\",\"caption\":\"Florent Rrahmani\"}}]}<\/script>\n<!-- \/ Yoast SEO plugin. -->","yoast_head_json":{"title":"The President: The people of Kosovo stand in solidarity with the people of Morocco in this tragic time - President of the Republic of Kosovo - DR. VJOSA OSMANI - SADRIU","description":"The President: The people of Kosovo stand in solidarity with the people of Morocco in this tragic time - President of the Republic of Kosovo - DR. VJOSA OSMANI - SADRIU -","robots":{"index":"index","follow":"follow","max-snippet":"max-snippet:-1","max-image-preview":"max-image-preview:large","max-video-preview":"max-video-preview:-1"},"canonical":"https:\/\/president-ksgov.net\/en\/the-president-the-people-of-kosovo-stand-in-solidarity-with-the-people-of-morocco-in-this-tragic-time\/","og_locale":"en_US","og_type":"article","og_title":"The President: The people of Kosovo stand in solidarity with the people of Morocco in this tragic time - President of the Republic of Kosovo - DR. VJOSA OSMANI - SADRIU","og_description":"The President: The people of Kosovo stand in solidarity with the people of Morocco in this tragic time - President of the Republic of Kosovo - DR. VJOSA OSMANI - SADRIU -","og_url":"https:\/\/president-ksgov.net\/en\/the-president-the-people-of-kosovo-stand-in-solidarity-with-the-people-of-morocco-in-this-tragic-time\/","og_site_name":"President of the Republic of Kosovo - DR. VJOSA OSMANI - SADRIU","article_published_time":"2023-09-09T12:05:58+00:00","article_modified_time":"2023-09-12T11:09:13+00:00","og_image":[{"width":2000,"height":1000,"url":"https:\/\/president-ksgov.net\/wp-content\/uploads\/ZPRK-4.jpg","type":"image\/jpeg"}],"author":"Florent Rrahmani","twitter_card":"summary_large_image","twitter_misc":{"Written by":"Florent Rrahmani","Est. reading time":"1 minute"},"schema":{"@context":"https:\/\/schema.org","@graph":[{"@type":"WebPage","@id":"https:\/\/president-ksgov.net\/en\/the-president-the-people-of-kosovo-stand-in-solidarity-with-the-people-of-morocco-in-this-tragic-time\/","url":"https:\/\/president-ksgov.net\/en\/the-president-the-people-of-kosovo-stand-in-solidarity-with-the-people-of-morocco-in-this-tragic-time\/","name":"The President: The people of Kosovo stand in solidarity with the people of Morocco in this tragic time - President of the Republic of Kosovo - DR. VJOSA OSMANI - SADRIU","isPartOf":{"@id":"https:\/\/president-ksgov.net\/#website"},"primaryImageOfPage":{"@id":"https:\/\/president-ksgov.net\/en\/the-president-the-people-of-kosovo-stand-in-solidarity-with-the-people-of-morocco-in-this-tragic-time\/#primaryimage"},"image":{"@id":"https:\/\/president-ksgov.net\/en\/the-president-the-people-of-kosovo-stand-in-solidarity-with-the-people-of-morocco-in-this-tragic-time\/#primaryimage"},"thumbnailUrl":"https:\/\/president-ksgov.net\/wp-content\/uploads\/ZPRK-4.jpg","datePublished":"2023-09-09T12:05:58+00:00","dateModified":"2023-09-12T11:09:13+00:00","author":{"@id":"https:\/\/president-ksgov.net\/#\/schema\/person\/7c46f744a99d3f1616b92658282aa934"},"description":"The President: The people of Kosovo stand in solidarity with the people of Morocco in this tragic time - President of the Republic of Kosovo - DR. VJOSA OSMANI - SADRIU -","breadcrumb":{"@id":"https:\/\/president-ksgov.net\/en\/the-president-the-people-of-kosovo-stand-in-solidarity-with-the-people-of-morocco-in-this-tragic-time\/#breadcrumb"},"inLanguage":"en-US","potentialAction":[{"@type":"ReadAction","target":["https:\/\/president-ksgov.net\/en\/the-president-the-people-of-kosovo-stand-in-solidarity-with-the-people-of-morocco-in-this-tragic-time\/"]}]},{"@type":"ImageObject","inLanguage":"en-US","@id":"https:\/\/president-ksgov.net\/en\/the-president-the-people-of-kosovo-stand-in-solidarity-with-the-people-of-morocco-in-this-tragic-time\/#primaryimage","url":"https:\/\/president-ksgov.net\/wp-content\/uploads\/ZPRK-4.jpg","contentUrl":"https:\/\/president-ksgov.net\/wp-content\/uploads\/ZPRK-4.jpg","width":2000,"height":1000},{"@type":"BreadcrumbList","@id":"https:\/\/president-ksgov.net\/en\/the-president-the-people-of-kosovo-stand-in-solidarity-with-the-people-of-morocco-in-this-tragic-time\/#breadcrumb","itemListElement":[{"@type":"ListItem","position":1,"name":"Home","item":"https:\/\/president-ksgov.net\/en\/"},{"@type":"ListItem","position":2,"name":"The President: The people of Kosovo stand in solidarity with the people of Morocco in this tragic time"}]},{"@type":"WebSite","@id":"https:\/\/president-ksgov.net\/#website","url":"https:\/\/president-ksgov.net\/","name":"Presidente e Republik\u00ebs s\u00eb Kosov\u00ebs","description":"Presidente e Republik\u00ebs s\u00eb Kosov\u00ebs","alternateName":"DR. VJOSA OSMANI - SADRIU","potentialAction":[{"@type":"SearchAction","target":{"@type":"EntryPoint","urlTemplate":"https:\/\/president-ksgov.net\/?s={search_term_string}"},"query-input":{"@type":"PropertyValueSpecification","valueRequired":true,"valueName":"search_term_string"}}],"inLanguage":"en-US"},{"@type":"Person","@id":"https:\/\/president-ksgov.net\/#\/schema\/person\/7c46f744a99d3f1616b92658282aa934","name":"Florent Rrahmani","image":{"@type":"ImageObject","inLanguage":"en-US","@id":"https:\/\/president-ksgov.net\/#\/schema\/person\/image\/","url":"https:\/\/secure.gravatar.com\/avatar\/2545924aa250de68ac8368367a79b663e59571cd131611f54c89b0613a94e230?s=96&d=mm&r=g","contentUrl":"https:\/\/secure.gravatar.com\/avatar\/2545924aa250de68ac8368367a79b663e59571cd131611f54c89b0613a94e230?s=96&d=mm&r=g","caption":"Florent Rrahmani"}}]}},"_links":{"self":[{"href":"https:\/\/president-ksgov.net\/en\/wp-json\/wp\/v2\/posts\/95370","targetHints":{"allow":["GET"]}}],"collection":[{"href":"https:\/\/president-ksgov.net\/en\/wp-json\/wp\/v2\/posts"}],"about":[{"href":"https:\/\/president-ksgov.net\/en\/wp-json\/wp\/v2\/types\/post"}],"author":[{"embeddable":true,"href":"https:\/\/president-ksgov.net\/en\/wp-json\/wp\/v2\/users\/9"}],"replies":[{"embeddable":true,"href":"https:\/\/president-ksgov.net\/en\/wp-json\/wp\/v2\/comments?post=95370"}],"version-history":[{"count":1,"href":"https:\/\/president-ksgov.net\/en\/wp-json\/wp\/v2\/posts\/95370\/revisions"}],"predecessor-version":[{"id":95371,"href":"https:\/\/president-ksgov.net\/en\/wp-json\/wp\/v2\/posts\/95370\/revisions\/95371"}],"wp:featuredmedia":[{"embeddable":true,"href":"https:\/\/president-ksgov.net\/en\/wp-json\/wp\/v2\/media\/93194"}],"wp:attachment":[{"href":"https:\/\/president-ksgov.net\/en\/wp-json\/wp\/v2\/media?parent=95370"}],"wp:term":[{"taxonomy":"category","embeddable":true,"href":"https:\/\/president-ksgov.net\/en\/wp-json\/wp\/v2\/categories?post=95370"},{"taxonomy":"post_tag","embeddable":true,"href":"https:\/\/president-ksgov.net\/en\/wp-json\/wp\/v2\/tags?post=95370"}],"curies":[{"name":"wp","href":"https:\/\/api.w.org\/{rel}","templated":true}]}}