{"id":94062,"date":"2023-08-03T20:25:09","date_gmt":"2023-08-03T18:25:09","guid":{"rendered":"https:\/\/president-ksgov.net\/?p=94062"},"modified":"2023-08-07T10:00:09","modified_gmt":"2023-08-07T08:00:09","slug":"president-osmani-and-minister-aliu-meet-for-cop28-preparations","status":"publish","type":"post","link":"https:\/\/president-ksgov.net\/en\/president-osmani-and-minister-aliu-meet-for-cop28-preparations\/","title":{"rendered":"President Osmani and Minister Aliu meet for COP28 preparations"},"content":{"rendered":"<p style=\"font-weight: 400;\">President of the Republic of Kosovo Vjosa Osmani, received today the Minister of Environment, Spatial Planning and Infrastructure Liburn Aliu.<\/p>\n<p style=\"font-weight: 400;\">\n<p style=\"font-weight: 400;\">The focus of the meeting was the preparations for Kosovo&#8217;s participation in COP28, which this year is being held in the United Arab Emirates. The invitation to the Kosovo delegation, led by President Osmani, to participate in the high-level discussions within COP28 represents a historic and very important moment in terms of the country&#8217;s commitment to the implementation of the climate agenda.<\/p>\n<p style=\"font-weight: 400;\">\n<p style=\"font-weight: 400;\">The developments and achievements in the field of drafting and approval of important legislation in the field of climate change, but also the importance of inter-institutional coordination for a successful representation of the country at COP28 were discussed at the meeting.<\/p>\n<p style=\"font-weight: 400;\">\n<p style=\"font-weight: 400;\">President Osmani and Minister Aliu agreed to coordinate engagements and communication during the coming months, emphasizing the great importance of successfully and effectively addressing the challenges arising as a result of climate change in order to guarantee and advance the well-being of citizens.<\/p>\n<p style=\"font-weight: 400;\">\n<p style=\"font-weight: 400;\">Numerous projects and important initiatives in the field of environmental protection and infrastructure construction, which are important for the increase of local efforts towards the advancement of the Green Agenda and the improvement of the connecting infrastructure in the country and the region.<\/p>\n","protected":false},"excerpt":{"rendered":"<p>President of the Republic of Kosovo Vjosa Osmani, received today the Minister of Environment, Spatial Planning and Infrastructure Liburn Aliu. The focus of the meeting was the preparations for Kosovo&#8217;s participation in COP28, which this year is being held in the United Arab Emirates. The invitation to the Kosovo delegation, led by President Osmani, to participate in the high-level discussions within COP28 represents a historic and very important moment in terms of the country&#8217;s commitment to the implementation of the climate agenda. The developments and achievements in the field of drafting and approval of important legislation in the field of climate change, but also the importance of inter-institutional coordination for a successful representation of the country at COP28 were discussed at the meeting. President Osmani and Minister Aliu agreed to coordinate engagements and communication during the coming months, emphasizing the great importance of successfully and effectively addressing the challenges arising as a result of climate change in order to guarantee and advance the well-being of citizens. Numerous projects and important initiatives in the field of environmental protection and infrastructure construction, which are important for the increase of local efforts towards the advancement of the Green Agenda and the improvement of the connecting infrastructure in the country and the region.<\/p>\n","protected":false},"author":11,"featured_media":93814,"comment_status":"open","ping_status":"closed","sticky":false,"template":"","format":"standard","meta":{"_eb_attr":"","footnotes":""},"categories":[111],"tags":[],"class_list":["post-94062","post","type-post","status-publish","format-standard","has-post-thumbnail","hentry","category-news"],"yoast_head":"<!-- This site is optimized with the Yoast SEO plugin v23.5 - https:\/\/yoast.com\/wordpress\/plugins\/seo\/ -->\n<title>President Osmani and Minister Aliu meet for COP28 preparations - President of the Republic of Kosovo - DR. VJOSA OSMANI - SADRIU<\/title>\n<meta name=\"description\" content=\"President Osmani and Minister Aliu meet for COP28 preparations - President of the Republic of Kosovo - DR. VJOSA OSMANI - SADRIU -\" \/>\n<meta name=\"robots\" content=\"index, follow, max-snippet:-1, max-image-preview:large, max-video-preview:-1\" \/>\n<link rel=\"canonical\" href=\"https:\/\/president-ksgov.net\/en\/president-osmani-and-minister-aliu-meet-for-cop28-preparations\/\" \/>\n<meta property=\"og:locale\" content=\"en_US\" \/>\n<meta property=\"og:type\" content=\"article\" \/>\n<meta property=\"og:title\" content=\"President Osmani and Minister Aliu meet for COP28 preparations - President of the Republic of Kosovo - DR. VJOSA OSMANI - SADRIU\" \/>\n<meta property=\"og:description\" content=\"President Osmani and Minister Aliu meet for COP28 preparations - President of the Republic of Kosovo - DR. VJOSA OSMANI - SADRIU -\" \/>\n<meta property=\"og:url\" content=\"https:\/\/president-ksgov.net\/en\/president-osmani-and-minister-aliu-meet-for-cop28-preparations\/\" \/>\n<meta property=\"og:site_name\" content=\"President of the Republic of Kosovo - DR. VJOSA OSMANI - SADRIU\" \/>\n<meta property=\"article:published_time\" content=\"2023-08-03T18:25:09+00:00\" \/>\n<meta property=\"article:modified_time\" content=\"2023-08-07T08:00:09+00:00\" \/>\n<meta property=\"og:image\" content=\"https:\/\/president-ksgov.net\/wp-content\/uploads\/SDS_6548.jpg\" \/>\n\t<meta property=\"og:image:width\" content=\"2000\" \/>\n\t<meta property=\"og:image:height\" content=\"1331\" \/>\n\t<meta property=\"og:image:type\" content=\"image\/jpeg\" \/>\n<meta name=\"author\" content=\"presidentlogin\" \/>\n<meta name=\"twitter:card\" content=\"summary_large_image\" \/>\n<meta name=\"twitter:label1\" content=\"Written by\" \/>\n\t<meta name=\"twitter:data1\" content=\"presidentlogin\" \/>\n\t<meta name=\"twitter:label2\" content=\"Est. reading time\" \/>\n\t<meta name=\"twitter:data2\" content=\"1 minute\" \/>\n<script type=\"application\/ld+json\" class=\"yoast-schema-graph\">{\"@context\":\"https:\/\/schema.org\",\"@graph\":[{\"@type\":\"WebPage\",\"@id\":\"https:\/\/president-ksgov.net\/en\/president-osmani-and-minister-aliu-meet-for-cop28-preparations\/\",\"url\":\"https:\/\/president-ksgov.net\/en\/president-osmani-and-minister-aliu-meet-for-cop28-preparations\/\",\"name\":\"President Osmani and Minister Aliu meet for COP28 preparations - President of the Republic of Kosovo - DR. VJOSA OSMANI - SADRIU\",\"isPartOf\":{\"@id\":\"https:\/\/president-ksgov.net\/#website\"},\"primaryImageOfPage\":{\"@id\":\"https:\/\/president-ksgov.net\/en\/president-osmani-and-minister-aliu-meet-for-cop28-preparations\/#primaryimage\"},\"image\":{\"@id\":\"https:\/\/president-ksgov.net\/en\/president-osmani-and-minister-aliu-meet-for-cop28-preparations\/#primaryimage\"},\"thumbnailUrl\":\"https:\/\/president-ksgov.net\/wp-content\/uploads\/SDS_6548.jpg\",\"datePublished\":\"2023-08-03T18:25:09+00:00\",\"dateModified\":\"2023-08-07T08:00:09+00:00\",\"author\":{\"@id\":\"https:\/\/president-ksgov.net\/#\/schema\/person\/1a2c014cffc81ec60d5a452a36d08d92\"},\"description\":\"President Osmani and Minister Aliu meet for COP28 preparations - President of the Republic of Kosovo - DR. VJOSA OSMANI - SADRIU -\",\"breadcrumb\":{\"@id\":\"https:\/\/president-ksgov.net\/en\/president-osmani-and-minister-aliu-meet-for-cop28-preparations\/#breadcrumb\"},\"inLanguage\":\"en-US\",\"potentialAction\":[{\"@type\":\"ReadAction\",\"target\":[\"https:\/\/president-ksgov.net\/en\/president-osmani-and-minister-aliu-meet-for-cop28-preparations\/\"]}]},{\"@type\":\"ImageObject\",\"inLanguage\":\"en-US\",\"@id\":\"https:\/\/president-ksgov.net\/en\/president-osmani-and-minister-aliu-meet-for-cop28-preparations\/#primaryimage\",\"url\":\"https:\/\/president-ksgov.net\/wp-content\/uploads\/SDS_6548.jpg\",\"contentUrl\":\"https:\/\/president-ksgov.net\/wp-content\/uploads\/SDS_6548.jpg\",\"width\":2000,\"height\":1331},{\"@type\":\"BreadcrumbList\",\"@id\":\"https:\/\/president-ksgov.net\/en\/president-osmani-and-minister-aliu-meet-for-cop28-preparations\/#breadcrumb\",\"itemListElement\":[{\"@type\":\"ListItem\",\"position\":1,\"name\":\"Home\",\"item\":\"https:\/\/president-ksgov.net\/en\/\"},{\"@type\":\"ListItem\",\"position\":2,\"name\":\"President Osmani and Minister Aliu meet for COP28 preparations\"}]},{\"@type\":\"WebSite\",\"@id\":\"https:\/\/president-ksgov.net\/#website\",\"url\":\"https:\/\/president-ksgov.net\/\",\"name\":\"Presidente e Republik\u00ebs s\u00eb Kosov\u00ebs\",\"description\":\"Presidente e Republik\u00ebs s\u00eb Kosov\u00ebs\",\"alternateName\":\"DR. VJOSA OSMANI - SADRIU\",\"potentialAction\":[{\"@type\":\"SearchAction\",\"target\":{\"@type\":\"EntryPoint\",\"urlTemplate\":\"https:\/\/president-ksgov.net\/?s={search_term_string}\"},\"query-input\":{\"@type\":\"PropertyValueSpecification\",\"valueRequired\":true,\"valueName\":\"search_term_string\"}}],\"inLanguage\":\"en-US\"},{\"@type\":\"Person\",\"@id\":\"https:\/\/president-ksgov.net\/#\/schema\/person\/1a2c014cffc81ec60d5a452a36d08d92\",\"name\":\"presidentlogin\",\"image\":{\"@type\":\"ImageObject\",\"inLanguage\":\"en-US\",\"@id\":\"https:\/\/president-ksgov.net\/#\/schema\/person\/image\/\",\"url\":\"https:\/\/secure.gravatar.com\/avatar\/339f00ab0a8a0d5ce1ecff10aa2b4a1f51f58bbd5a57793f8cd6ad624080d807?s=96&d=mm&r=g\",\"contentUrl\":\"https:\/\/secure.gravatar.com\/avatar\/339f00ab0a8a0d5ce1ecff10aa2b4a1f51f58bbd5a57793f8cd6ad624080d807?s=96&d=mm&r=g\",\"caption\":\"presidentlogin\"}}]}<\/script>\n<!-- \/ Yoast SEO plugin. -->","yoast_head_json":{"title":"President Osmani and Minister Aliu meet for COP28 preparations - President of the Republic of Kosovo - DR. VJOSA OSMANI - SADRIU","description":"President Osmani and Minister Aliu meet for COP28 preparations - President of the Republic of Kosovo - DR. VJOSA OSMANI - SADRIU -","robots":{"index":"index","follow":"follow","max-snippet":"max-snippet:-1","max-image-preview":"max-image-preview:large","max-video-preview":"max-video-preview:-1"},"canonical":"https:\/\/president-ksgov.net\/en\/president-osmani-and-minister-aliu-meet-for-cop28-preparations\/","og_locale":"en_US","og_type":"article","og_title":"President Osmani and Minister Aliu meet for COP28 preparations - President of the Republic of Kosovo - DR. VJOSA OSMANI - SADRIU","og_description":"President Osmani and Minister Aliu meet for COP28 preparations - President of the Republic of Kosovo - DR. VJOSA OSMANI - SADRIU -","og_url":"https:\/\/president-ksgov.net\/en\/president-osmani-and-minister-aliu-meet-for-cop28-preparations\/","og_site_name":"President of the Republic of Kosovo - DR. VJOSA OSMANI - SADRIU","article_published_time":"2023-08-03T18:25:09+00:00","article_modified_time":"2023-08-07T08:00:09+00:00","og_image":[{"width":2000,"height":1331,"url":"https:\/\/president-ksgov.net\/wp-content\/uploads\/SDS_6548.jpg","type":"image\/jpeg"}],"author":"presidentlogin","twitter_card":"summary_large_image","twitter_misc":{"Written by":"presidentlogin","Est. reading time":"1 minute"},"schema":{"@context":"https:\/\/schema.org","@graph":[{"@type":"WebPage","@id":"https:\/\/president-ksgov.net\/en\/president-osmani-and-minister-aliu-meet-for-cop28-preparations\/","url":"https:\/\/president-ksgov.net\/en\/president-osmani-and-minister-aliu-meet-for-cop28-preparations\/","name":"President Osmani and Minister Aliu meet for COP28 preparations - President of the Republic of Kosovo - DR. VJOSA OSMANI - SADRIU","isPartOf":{"@id":"https:\/\/president-ksgov.net\/#website"},"primaryImageOfPage":{"@id":"https:\/\/president-ksgov.net\/en\/president-osmani-and-minister-aliu-meet-for-cop28-preparations\/#primaryimage"},"image":{"@id":"https:\/\/president-ksgov.net\/en\/president-osmani-and-minister-aliu-meet-for-cop28-preparations\/#primaryimage"},"thumbnailUrl":"https:\/\/president-ksgov.net\/wp-content\/uploads\/SDS_6548.jpg","datePublished":"2023-08-03T18:25:09+00:00","dateModified":"2023-08-07T08:00:09+00:00","author":{"@id":"https:\/\/president-ksgov.net\/#\/schema\/person\/1a2c014cffc81ec60d5a452a36d08d92"},"description":"President Osmani and Minister Aliu meet for COP28 preparations - President of the Republic of Kosovo - DR. VJOSA OSMANI - SADRIU -","breadcrumb":{"@id":"https:\/\/president-ksgov.net\/en\/president-osmani-and-minister-aliu-meet-for-cop28-preparations\/#breadcrumb"},"inLanguage":"en-US","potentialAction":[{"@type":"ReadAction","target":["https:\/\/president-ksgov.net\/en\/president-osmani-and-minister-aliu-meet-for-cop28-preparations\/"]}]},{"@type":"ImageObject","inLanguage":"en-US","@id":"https:\/\/president-ksgov.net\/en\/president-osmani-and-minister-aliu-meet-for-cop28-preparations\/#primaryimage","url":"https:\/\/president-ksgov.net\/wp-content\/uploads\/SDS_6548.jpg","contentUrl":"https:\/\/president-ksgov.net\/wp-content\/uploads\/SDS_6548.jpg","width":2000,"height":1331},{"@type":"BreadcrumbList","@id":"https:\/\/president-ksgov.net\/en\/president-osmani-and-minister-aliu-meet-for-cop28-preparations\/#breadcrumb","itemListElement":[{"@type":"ListItem","position":1,"name":"Home","item":"https:\/\/president-ksgov.net\/en\/"},{"@type":"ListItem","position":2,"name":"President Osmani and Minister Aliu meet for COP28 preparations"}]},{"@type":"WebSite","@id":"https:\/\/president-ksgov.net\/#website","url":"https:\/\/president-ksgov.net\/","name":"Presidente e Republik\u00ebs s\u00eb Kosov\u00ebs","description":"Presidente e Republik\u00ebs s\u00eb Kosov\u00ebs","alternateName":"DR. VJOSA OSMANI - SADRIU","potentialAction":[{"@type":"SearchAction","target":{"@type":"EntryPoint","urlTemplate":"https:\/\/president-ksgov.net\/?s={search_term_string}"},"query-input":{"@type":"PropertyValueSpecification","valueRequired":true,"valueName":"search_term_string"}}],"inLanguage":"en-US"},{"@type":"Person","@id":"https:\/\/president-ksgov.net\/#\/schema\/person\/1a2c014cffc81ec60d5a452a36d08d92","name":"presidentlogin","image":{"@type":"ImageObject","inLanguage":"en-US","@id":"https:\/\/president-ksgov.net\/#\/schema\/person\/image\/","url":"https:\/\/secure.gravatar.com\/avatar\/339f00ab0a8a0d5ce1ecff10aa2b4a1f51f58bbd5a57793f8cd6ad624080d807?s=96&d=mm&r=g","contentUrl":"https:\/\/secure.gravatar.com\/avatar\/339f00ab0a8a0d5ce1ecff10aa2b4a1f51f58bbd5a57793f8cd6ad624080d807?s=96&d=mm&r=g","caption":"presidentlogin"}}]}},"_links":{"self":[{"href":"https:\/\/president-ksgov.net\/en\/wp-json\/wp\/v2\/posts\/94062","targetHints":{"allow":["GET"]}}],"collection":[{"href":"https:\/\/president-ksgov.net\/en\/wp-json\/wp\/v2\/posts"}],"about":[{"href":"https:\/\/president-ksgov.net\/en\/wp-json\/wp\/v2\/types\/post"}],"author":[{"embeddable":true,"href":"https:\/\/president-ksgov.net\/en\/wp-json\/wp\/v2\/users\/11"}],"replies":[{"embeddable":true,"href":"https:\/\/president-ksgov.net\/en\/wp-json\/wp\/v2\/comments?post=94062"}],"version-history":[{"count":1,"href":"https:\/\/president-ksgov.net\/en\/wp-json\/wp\/v2\/posts\/94062\/revisions"}],"predecessor-version":[{"id":94063,"href":"https:\/\/president-ksgov.net\/en\/wp-json\/wp\/v2\/posts\/94062\/revisions\/94063"}],"wp:featuredmedia":[{"embeddable":true,"href":"https:\/\/president-ksgov.net\/en\/wp-json\/wp\/v2\/media\/93814"}],"wp:attachment":[{"href":"https:\/\/president-ksgov.net\/en\/wp-json\/wp\/v2\/media?parent=94062"}],"wp:term":[{"taxonomy":"category","embeddable":true,"href":"https:\/\/president-ksgov.net\/en\/wp-json\/wp\/v2\/categories?post=94062"},{"taxonomy":"post_tag","embeddable":true,"href":"https:\/\/president-ksgov.net\/en\/wp-json\/wp\/v2\/tags?post=94062"}],"curies":[{"name":"wp","href":"https:\/\/api.w.org\/{rel}","templated":true}]}}